{"id":21011,"date":"2025-07-20T20:47:26","date_gmt":"2025-07-20T20:47:26","guid":{"rendered":"https:\/\/www.press7.tv\/?p=21011"},"modified":"2025-07-20T20:47:26","modified_gmt":"2025-07-20T20:47:26","slug":"maqedonia-hyn-ne-nje-jave-me-vape-te-padurueshme-dhe-temperatura-te-larta","status":"publish","type":"post","link":"https:\/\/www.press7.tv\/?p=21011","title":{"rendered":"Maqedonia hyn n\u00eb nj\u00eb jav\u00eb me vap\u00eb t\u00eb padurueshme dhe temperatura t\u00eb larta"},"content":{"rendered":"\n    <div class=\"xs_social_share_widget xs_share_url before_content \t\tmain_content  wslu-style-2 wslu-share-box-shaped wslu-fill-colored wslu-share-m-5 wslu-none wslu-share-vertical wslu-theme-font-no wslu-main_content\">\n\n\t\t\n        <ul>\n\t\t\t        <\/ul>\n    <\/div> \n<p>Maqedonia po hyn n\u00eb nj\u00eb jav\u00eb me ekstreme meteorologjike. Vala e t\u00eb nxehtit afrikan q\u00eb tashm\u00eb ka hyr\u00eb n\u00eb Ballkan do ta ngroh\u00eb vendin n\u00eb vlera ekstreme \u2013 me temperatura q\u00eb arrijn\u00eb deri n\u00eb 43\u00b0 Celsius. Por pas ferrit t\u00eb shkurt\u00ebr t\u00eb shkret\u00ebtir\u00ebs, nj\u00eb ftohje e papritur, shira t\u00eb rr\u00ebmbyesh\u00ebm dhe nj\u00eb r\u00ebnie e temperatur\u00ebs prej mbi 10 grad\u00ebsh do t\u00eb pasojn\u00eb nga e enjtja.<\/p>\n<p>Sipas parashikimeve t\u00eb DH \u2013 Drejtoris\u00eb Hidrometeorologjike, n\u00ebn ndikimin e nj\u00eb mase ajri jasht\u00ebzakonisht t\u00eb ngroht\u00eb nga Afrika, deri t\u00eb enjten (24 korrik) moti do t\u00eb jet\u00eb me diell dhe shum\u00eb i ngroht\u00eb, me pak vran\u00ebsira lokale dhe er\u00eb t\u00eb fort\u00eb her\u00eb pas here nga per\u00ebndimi dhe jugper\u00ebndimi. P\u00ebrjashtim b\u00ebn vet\u00ebm sot (e diel, 20 korrik), kur jan\u00eb t\u00eb mundshme stuhi t\u00eb izoluara dhe er\u00ebra t\u00eb forta n\u00eb pasdite.<\/p>\n<p>NAUTUBONE<br \/>\n\u0421\u0430\u043c\u043e \u0435\u0434\u043d\u0430\u0448 \u043d\u0430\u043f\u0440\u0430\u0432\u0435\u0442\u0435 \u0433\u043e \u043e\u0432\u0430 \u2013 \u0431\u043e\u043b\u043a\u0430\u0442\u0430 \u0432\u043e \u0437\u0433\u043b\u043e\u0431\u043e\u0432\u0438\u0442\u0435 \u045c\u0435 \u0438\u0441\u0447\u0435\u0437\u043d\u0435!<br \/>\n\u00d7<br \/>\nN\u00eb Shkup priten temperatura deri n\u00eb 43\u00b0C, nd\u00ebrsa n\u00eb pjes\u00ebn tjet\u00ebr t\u00eb vendit do t\u00eb l\u00ebvizin midis 30 dhe 35\u00b0C. N\u00eb rajonin e Vardarit jan\u00eb t\u00eb mundshme temperatura mbi 42\u00b0C.<\/p>\n<p>Nga e enjtja pritet nj\u00eb ndryshim i motit. Temperaturat e m\u00ebngjesit do t\u00eb zbresin n\u00eb 18\u00b0C, nd\u00ebrsa temperaturat e dit\u00ebs do t\u00eb luhaten rreth 30\u00b0C. Kushte t\u00eb tilla do t\u00eb mbizot\u00ebrojn\u00eb deri n\u00eb fund t\u00eb muajit, me nj\u00eb tendenc\u00eb stabilizimi n\u00eb fillim t\u00eb gushtit, kur priten temperatura disa grad\u00eb m\u00eb t\u00eb ul\u00ebta dhe kushte m\u00eb t\u00eb k\u00ebndshme.<\/p>\n<p>Rekomandime sh\u00ebndet\u00ebsore: Kini kujdes gjat\u00eb or\u00ebve m\u00eb t\u00eb nxehta<\/p>\n<p>Ministria e Sh\u00ebndet\u00ebsis\u00eb rikujton masat themelore p\u00ebr mbrojtje nga vala e t\u00eb nxehtit. Qytetar\u00ebve u k\u00ebshillohet t\u00eb shmangin q\u00ebndrimin jasht\u00eb nga ora 11:00 deri n\u00eb 17:00, t\u00eb konsumojn\u00eb m\u00eb shum\u00eb l\u00ebngje dhe t\u00eb mos pin\u00eb pije alkoolike ose t\u00eb \u00ebmb\u00eblsuara. Rekomandohet t\u00eb veshin rroba t\u00eb lehta dhe t\u00eb ndritshme, kapel\u00eb dhe syze dielli.<\/p>\n<p>PARAZOL<br \/>\n\u041f\u0440\u0438\u0440\u043e\u0434\u043d\u0430 \u0431\u043e\u043c\u0431\u0430 \u043f\u0440\u043e\u0442\u0438\u0432 \u0446\u0440\u0432\u0438: \u041f\u0430\u0440\u0430\u0437\u0438\u0442\u0438\u0442\u0435 \u045c\u0435 \u0443\u043c\u0440\u0430\u0442 \u0437\u0430 2 \u0434\u0435\u043d\u0430<br \/>\n\u00d7<br \/>\nAktiviteti fizik gjat\u00eb or\u00ebve m\u00eb t\u00eb nxehta duhet t\u00eb shmanget, ve\u00e7an\u00ebrisht p\u00ebr kategorit\u00eb n\u00eb rrezik \u2013 f\u00ebmij\u00ebt, t\u00eb moshuarit, t\u00eb s\u00ebmur\u00ebt kronik\u00eb dhe grat\u00eb shtatz\u00ebna.<\/p>\n<p>N\u00ebse shfaqen simptoma t\u00eb tilla si marramendje, dhimbje koke, t\u00eb p\u00ebrziera ose rrahje t\u00eb shpejta t\u00eb zemr\u00ebs, duhet t\u00eb k\u00ebrkohet menj\u00ebher\u00eb ndihm\u00eb mjek\u00ebsore. Ministria rekomandon q\u00eb t\u00eb gjitha aktivitetet n\u00eb natyr\u00eb t\u00eb shtyhen gjat\u00eb pjes\u00ebs m\u00eb t\u00eb nxeht\u00eb t\u00eb dit\u00ebs dhe t\u00eb sigurohen kushte ftohjeje n\u00eb sht\u00ebpi dhe n\u00eb vendin e pun\u00ebs.<\/p>\n<p>Institucioni informon se do ta monitoroj\u00eb situat\u00ebn n\u00eb baza ditore dhe do t\u00eb veproj\u00eb sipas vler\u00ebsimeve dhe nevojave.<\/p>\n","protected":false},"excerpt":{"rendered":"<p>Maqedonia po hyn n\u00eb nj\u00eb jav\u00eb me ekstreme meteorologjike. Vala e t\u00eb nxehtit afrikan q\u00eb tashm\u00eb ka hyr\u00eb n\u00eb Ballkan do ta ngroh\u00eb vendin n\u00eb vlera ekstreme \u2013 me temperatura q\u00eb arrijn\u00eb deri n\u00eb 43\u00b0 Celsius. Por pas ferrit t\u00eb shkurt\u00ebr t\u00eb shkret\u00ebtir\u00ebs, nj\u00eb ftohje e papritur, shira t\u00eb rr\u00ebmbyesh\u00ebm dhe nj\u00eb r\u00ebnie e temperatur\u00ebs [&hellip;]<\/p>\n","protected":false},"author":8,"featured_media":21012,"comment_status":"closed","ping_status":"closed","sticky":false,"template":"","format":"standard","meta":{"footnotes":""},"categories":[213,214],"tags":[],"class_list":["post-21011","post","type-post","status-publish","format-standard","has-post-thumbnail","hentry","category-lajme","category-maqedoni"],"yoast_head":"<!-- This site is optimized with the Yoast SEO plugin v25.1 - https:\/\/yoast.com\/wordpress\/plugins\/seo\/ -->\n<title>Maqedonia hyn n\u00eb nj\u00eb jav\u00eb me vap\u00eb t\u00eb padurueshme dhe temperatura t\u00eb larta - press7.tv<\/title>\n<meta name=\"robots\" content=\"index, follow, max-snippet:-1, max-image-preview:large, max-video-preview:-1\" \/>\n<link rel=\"canonical\" href=\"https:\/\/www.press7.tv\/?p=21011\" \/>\n<meta property=\"og:locale\" content=\"en_US\" \/>\n<meta property=\"og:type\" content=\"article\" \/>\n<meta property=\"og:title\" content=\"Maqedonia hyn n\u00eb nj\u00eb jav\u00eb me vap\u00eb t\u00eb padurueshme dhe temperatura t\u00eb larta - press7.tv\" \/>\n<meta property=\"og:description\" content=\"Maqedonia po hyn n\u00eb nj\u00eb jav\u00eb me ekstreme meteorologjike. Vala e t\u00eb nxehtit afrikan q\u00eb tashm\u00eb ka hyr\u00eb n\u00eb Ballkan do ta ngroh\u00eb vendin n\u00eb vlera ekstreme \u2013 me temperatura q\u00eb arrijn\u00eb deri n\u00eb 43\u00b0 Celsius. Por pas ferrit t\u00eb shkurt\u00ebr t\u00eb shkret\u00ebtir\u00ebs, nj\u00eb ftohje e papritur, shira t\u00eb rr\u00ebmbyesh\u00ebm dhe nj\u00eb r\u00ebnie e temperatur\u00ebs [&hellip;]\" \/>\n<meta property=\"og:url\" content=\"https:\/\/www.press7.tv\/?p=21011\" \/>\n<meta property=\"og:site_name\" content=\"press7.tv\" \/>\n<meta property=\"article:publisher\" content=\"https:\/\/www.facebook.com\/press7.tv\" \/>\n<meta property=\"article:published_time\" content=\"2025-07-20T20:47:26+00:00\" \/>\n<meta property=\"og:image\" content=\"https:\/\/www.press7.tv\/wp-content\/uploads\/2025\/07\/IMG_6404.avif\" \/>\n\t<meta property=\"og:image:width\" content=\"1392\" \/>\n\t<meta property=\"og:image:height\" content=\"839\" \/>\n\t<meta property=\"og:image:type\" content=\"image\/jpeg\" \/>\n<meta name=\"author\" content=\"gazetar2\" \/>\n<meta name=\"twitter:card\" content=\"summary_large_image\" \/>\n<meta name=\"twitter:label1\" content=\"Written by\" \/>\n\t<meta name=\"twitter:data1\" content=\"gazetar2\" \/>\n\t<meta name=\"twitter:label2\" content=\"Est. reading time\" \/>\n\t<meta name=\"twitter:data2\" content=\"1 minute\" \/>\n<script type=\"application\/ld+json\" class=\"yoast-schema-graph\">{\"@context\":\"https:\/\/schema.org\",\"@graph\":[{\"@type\":\"Article\",\"@id\":\"https:\/\/www.press7.tv\/?p=21011#article\",\"isPartOf\":{\"@id\":\"https:\/\/www.press7.tv\/?p=21011\"},\"author\":{\"name\":\"gazetar2\",\"@id\":\"https:\/\/www.news33.tv\/#\/schema\/person\/5a04a38a23ccdba82f9bd665cd8f9efa\"},\"headline\":\"Maqedonia hyn n\u00eb nj\u00eb jav\u00eb me vap\u00eb t\u00eb padurueshme dhe temperatura t\u00eb larta\",\"datePublished\":\"2025-07-20T20:47:26+00:00\",\"mainEntityOfPage\":{\"@id\":\"https:\/\/www.press7.tv\/?p=21011\"},\"wordCount\":461,\"publisher\":{\"@id\":\"https:\/\/www.news33.tv\/#organization\"},\"image\":{\"@id\":\"https:\/\/www.press7.tv\/?p=21011#primaryimage\"},\"thumbnailUrl\":\"https:\/\/www.press7.tv\/wp-content\/uploads\/2025\/07\/IMG_6404.avif\",\"articleSection\":[\"Lajme\",\"Maqedoni\"],\"inLanguage\":\"en-US\"},{\"@type\":\"WebPage\",\"@id\":\"https:\/\/www.press7.tv\/?p=21011\",\"url\":\"https:\/\/www.press7.tv\/?p=21011\",\"name\":\"Maqedonia hyn n\u00eb nj\u00eb jav\u00eb me vap\u00eb t\u00eb padurueshme dhe temperatura t\u00eb larta - press7.tv\",\"isPartOf\":{\"@id\":\"https:\/\/www.news33.tv\/#website\"},\"primaryImageOfPage\":{\"@id\":\"https:\/\/www.press7.tv\/?p=21011#primaryimage\"},\"image\":{\"@id\":\"https:\/\/www.press7.tv\/?p=21011#primaryimage\"},\"thumbnailUrl\":\"https:\/\/www.press7.tv\/wp-content\/uploads\/2025\/07\/IMG_6404.avif\",\"datePublished\":\"2025-07-20T20:47:26+00:00\",\"breadcrumb\":{\"@id\":\"https:\/\/www.press7.tv\/?p=21011#breadcrumb\"},\"inLanguage\":\"en-US\",\"potentialAction\":[{\"@type\":\"ReadAction\",\"target\":[\"https:\/\/www.press7.tv\/?p=21011\"]}]},{\"@type\":\"ImageObject\",\"inLanguage\":\"en-US\",\"@id\":\"https:\/\/www.press7.tv\/?p=21011#primaryimage\",\"url\":\"https:\/\/www.press7.tv\/wp-content\/uploads\/2025\/07\/IMG_6404.avif\",\"contentUrl\":\"https:\/\/www.press7.tv\/wp-content\/uploads\/2025\/07\/IMG_6404.avif\",\"width\":1392,\"height\":839},{\"@type\":\"BreadcrumbList\",\"@id\":\"https:\/\/www.press7.tv\/?p=21011#breadcrumb\",\"itemListElement\":[{\"@type\":\"ListItem\",\"position\":1,\"name\":\"Home\",\"item\":\"https:\/\/www.press7.tv\/\"},{\"@type\":\"ListItem\",\"position\":2,\"name\":\"Maqedonia hyn n\u00eb nj\u00eb jav\u00eb me vap\u00eb t\u00eb padurueshme dhe temperatura t\u00eb larta\"}]},{\"@type\":\"WebSite\",\"@id\":\"https:\/\/www.news33.tv\/#website\",\"url\":\"https:\/\/www.news33.tv\/\",\"name\":\"News33.tv Media\",\"description\":\"Media\",\"publisher\":{\"@id\":\"https:\/\/www.news33.tv\/#organization\"},\"potentialAction\":[{\"@type\":\"SearchAction\",\"target\":{\"@type\":\"EntryPoint\",\"urlTemplate\":\"https:\/\/www.news33.tv\/?s={search_term_string}\"},\"query-input\":{\"@type\":\"PropertyValueSpecification\",\"valueRequired\":true,\"valueName\":\"search_term_string\"}}],\"inLanguage\":\"en-US\"},{\"@type\":\"Organization\",\"@id\":\"https:\/\/www.news33.tv\/#organization\",\"name\":\"News33.tv Media\",\"url\":\"https:\/\/www.news33.tv\/\",\"logo\":{\"@type\":\"ImageObject\",\"inLanguage\":\"en-US\",\"@id\":\"https:\/\/www.news33.tv\/#\/schema\/logo\/image\/\",\"url\":\"https:\/\/www.press7.tv\/wp-content\/uploads\/2024\/02\/logo-news33-black.png\",\"contentUrl\":\"https:\/\/www.press7.tv\/wp-content\/uploads\/2024\/02\/logo-news33-black.png\",\"width\":180,\"height\":37,\"caption\":\"News33.tv Media\"},\"image\":{\"@id\":\"https:\/\/www.news33.tv\/#\/schema\/logo\/image\/\"},\"sameAs\":[\"https:\/\/www.facebook.com\/press7.tv\"]},{\"@type\":\"Person\",\"@id\":\"https:\/\/www.news33.tv\/#\/schema\/person\/5a04a38a23ccdba82f9bd665cd8f9efa\",\"name\":\"gazetar2\",\"image\":{\"@type\":\"ImageObject\",\"inLanguage\":\"en-US\",\"@id\":\"https:\/\/www.news33.tv\/#\/schema\/person\/image\/\",\"url\":\"https:\/\/www.press7.tv\/wp-content\/litespeed\/avatar\/41975e402c3049d9ddb03adca8f7a883.jpg?ver=1777169572\",\"contentUrl\":\"https:\/\/www.press7.tv\/wp-content\/litespeed\/avatar\/41975e402c3049d9ddb03adca8f7a883.jpg?ver=1777169572\",\"caption\":\"gazetar2\"},\"url\":\"https:\/\/www.press7.tv\/?author=8\"}]}<\/script>\n<!-- \/ Yoast SEO plugin. -->","yoast_head_json":{"title":"Maqedonia hyn n\u00eb nj\u00eb jav\u00eb me vap\u00eb t\u00eb padurueshme dhe temperatura t\u00eb larta - press7.tv","robots":{"index":"index","follow":"follow","max-snippet":"max-snippet:-1","max-image-preview":"max-image-preview:large","max-video-preview":"max-video-preview:-1"},"canonical":"https:\/\/www.press7.tv\/?p=21011","og_locale":"en_US","og_type":"article","og_title":"Maqedonia hyn n\u00eb nj\u00eb jav\u00eb me vap\u00eb t\u00eb padurueshme dhe temperatura t\u00eb larta - press7.tv","og_description":"Maqedonia po hyn n\u00eb nj\u00eb jav\u00eb me ekstreme meteorologjike. Vala e t\u00eb nxehtit afrikan q\u00eb tashm\u00eb ka hyr\u00eb n\u00eb Ballkan do ta ngroh\u00eb vendin n\u00eb vlera ekstreme \u2013 me temperatura q\u00eb arrijn\u00eb deri n\u00eb 43\u00b0 Celsius. Por pas ferrit t\u00eb shkurt\u00ebr t\u00eb shkret\u00ebtir\u00ebs, nj\u00eb ftohje e papritur, shira t\u00eb rr\u00ebmbyesh\u00ebm dhe nj\u00eb r\u00ebnie e temperatur\u00ebs [&hellip;]","og_url":"https:\/\/www.press7.tv\/?p=21011","og_site_name":"press7.tv","article_publisher":"https:\/\/www.facebook.com\/press7.tv","article_published_time":"2025-07-20T20:47:26+00:00","og_image":[{"width":1392,"height":839,"url":"https:\/\/www.press7.tv\/wp-content\/uploads\/2025\/07\/IMG_6404.avif","type":"image\/jpeg"}],"author":"gazetar2","twitter_card":"summary_large_image","twitter_misc":{"Written by":"gazetar2","Est. reading time":"1 minute"},"schema":{"@context":"https:\/\/schema.org","@graph":[{"@type":"Article","@id":"https:\/\/www.press7.tv\/?p=21011#article","isPartOf":{"@id":"https:\/\/www.press7.tv\/?p=21011"},"author":{"name":"gazetar2","@id":"https:\/\/www.news33.tv\/#\/schema\/person\/5a04a38a23ccdba82f9bd665cd8f9efa"},"headline":"Maqedonia hyn n\u00eb nj\u00eb jav\u00eb me vap\u00eb t\u00eb padurueshme dhe temperatura t\u00eb larta","datePublished":"2025-07-20T20:47:26+00:00","mainEntityOfPage":{"@id":"https:\/\/www.press7.tv\/?p=21011"},"wordCount":461,"publisher":{"@id":"https:\/\/www.news33.tv\/#organization"},"image":{"@id":"https:\/\/www.press7.tv\/?p=21011#primaryimage"},"thumbnailUrl":"https:\/\/www.press7.tv\/wp-content\/uploads\/2025\/07\/IMG_6404.avif","articleSection":["Lajme","Maqedoni"],"inLanguage":"en-US"},{"@type":"WebPage","@id":"https:\/\/www.press7.tv\/?p=21011","url":"https:\/\/www.press7.tv\/?p=21011","name":"Maqedonia hyn n\u00eb nj\u00eb jav\u00eb me vap\u00eb t\u00eb padurueshme dhe temperatura t\u00eb larta - press7.tv","isPartOf":{"@id":"https:\/\/www.news33.tv\/#website"},"primaryImageOfPage":{"@id":"https:\/\/www.press7.tv\/?p=21011#primaryimage"},"image":{"@id":"https:\/\/www.press7.tv\/?p=21011#primaryimage"},"thumbnailUrl":"https:\/\/www.press7.tv\/wp-content\/uploads\/2025\/07\/IMG_6404.avif","datePublished":"2025-07-20T20:47:26+00:00","breadcrumb":{"@id":"https:\/\/www.press7.tv\/?p=21011#breadcrumb"},"inLanguage":"en-US","potentialAction":[{"@type":"ReadAction","target":["https:\/\/www.press7.tv\/?p=21011"]}]},{"@type":"ImageObject","inLanguage":"en-US","@id":"https:\/\/www.press7.tv\/?p=21011#primaryimage","url":"https:\/\/www.press7.tv\/wp-content\/uploads\/2025\/07\/IMG_6404.avif","contentUrl":"https:\/\/www.press7.tv\/wp-content\/uploads\/2025\/07\/IMG_6404.avif","width":1392,"height":839},{"@type":"BreadcrumbList","@id":"https:\/\/www.press7.tv\/?p=21011#breadcrumb","itemListElement":[{"@type":"ListItem","position":1,"name":"Home","item":"https:\/\/www.press7.tv\/"},{"@type":"ListItem","position":2,"name":"Maqedonia hyn n\u00eb nj\u00eb jav\u00eb me vap\u00eb t\u00eb padurueshme dhe temperatura t\u00eb larta"}]},{"@type":"WebSite","@id":"https:\/\/www.news33.tv\/#website","url":"https:\/\/www.news33.tv\/","name":"News33.tv Media","description":"Media","publisher":{"@id":"https:\/\/www.news33.tv\/#organization"},"potentialAction":[{"@type":"SearchAction","target":{"@type":"EntryPoint","urlTemplate":"https:\/\/www.news33.tv\/?s={search_term_string}"},"query-input":{"@type":"PropertyValueSpecification","valueRequired":true,"valueName":"search_term_string"}}],"inLanguage":"en-US"},{"@type":"Organization","@id":"https:\/\/www.news33.tv\/#organization","name":"News33.tv Media","url":"https:\/\/www.news33.tv\/","logo":{"@type":"ImageObject","inLanguage":"en-US","@id":"https:\/\/www.news33.tv\/#\/schema\/logo\/image\/","url":"https:\/\/www.press7.tv\/wp-content\/uploads\/2024\/02\/logo-news33-black.png","contentUrl":"https:\/\/www.press7.tv\/wp-content\/uploads\/2024\/02\/logo-news33-black.png","width":180,"height":37,"caption":"News33.tv Media"},"image":{"@id":"https:\/\/www.news33.tv\/#\/schema\/logo\/image\/"},"sameAs":["https:\/\/www.facebook.com\/press7.tv"]},{"@type":"Person","@id":"https:\/\/www.news33.tv\/#\/schema\/person\/5a04a38a23ccdba82f9bd665cd8f9efa","name":"gazetar2","image":{"@type":"ImageObject","inLanguage":"en-US","@id":"https:\/\/www.news33.tv\/#\/schema\/person\/image\/","url":"https:\/\/www.press7.tv\/wp-content\/litespeed\/avatar\/41975e402c3049d9ddb03adca8f7a883.jpg?ver=1777169572","contentUrl":"https:\/\/www.press7.tv\/wp-content\/litespeed\/avatar\/41975e402c3049d9ddb03adca8f7a883.jpg?ver=1777169572","caption":"gazetar2"},"url":"https:\/\/www.press7.tv\/?author=8"}]}},"amp_enabled":true,"_links":{"self":[{"href":"https:\/\/www.press7.tv\/index.php?rest_route=\/wp\/v2\/posts\/21011","targetHints":{"allow":["GET"]}}],"collection":[{"href":"https:\/\/www.press7.tv\/index.php?rest_route=\/wp\/v2\/posts"}],"about":[{"href":"https:\/\/www.press7.tv\/index.php?rest_route=\/wp\/v2\/types\/post"}],"author":[{"embeddable":true,"href":"https:\/\/www.press7.tv\/index.php?rest_route=\/wp\/v2\/users\/8"}],"replies":[{"embeddable":true,"href":"https:\/\/www.press7.tv\/index.php?rest_route=%2Fwp%2Fv2%2Fcomments&post=21011"}],"version-history":[{"count":1,"href":"https:\/\/www.press7.tv\/index.php?rest_route=\/wp\/v2\/posts\/21011\/revisions"}],"predecessor-version":[{"id":21013,"href":"https:\/\/www.press7.tv\/index.php?rest_route=\/wp\/v2\/posts\/21011\/revisions\/21013"}],"wp:featuredmedia":[{"embeddable":true,"href":"https:\/\/www.press7.tv\/index.php?rest_route=\/wp\/v2\/media\/21012"}],"wp:attachment":[{"href":"https:\/\/www.press7.tv\/index.php?rest_route=%2Fwp%2Fv2%2Fmedia&parent=21011"}],"wp:term":[{"taxonomy":"category","embeddable":true,"href":"https:\/\/www.press7.tv\/index.php?rest_route=%2Fwp%2Fv2%2Fcategories&post=21011"},{"taxonomy":"post_tag","embeddable":true,"href":"https:\/\/www.press7.tv\/index.php?rest_route=%2Fwp%2Fv2%2Ftags&post=21011"}],"curies":[{"name":"wp","href":"https:\/\/api.w.org\/{rel}","templated":true}]}}