{"id":21003,"date":"2025-07-20T13:53:20","date_gmt":"2025-07-20T13:53:20","guid":{"rendered":"https:\/\/www.press7.tv\/?p=21003"},"modified":"2025-07-20T13:53:20","modified_gmt":"2025-07-20T13:53:20","slug":"shtohen-pritjet-ne-kufi","status":"publish","type":"post","link":"https:\/\/www.press7.tv\/?p=21003","title":{"rendered":"Shtohen pritjet n\u00eb kufi"},"content":{"rendered":"\n    <div class=\"xs_social_share_widget xs_share_url before_content \t\tmain_content  wslu-style-2 wslu-share-box-shaped wslu-fill-colored wslu-share-m-5 wslu-none wslu-share-vertical wslu-theme-font-no wslu-main_content\">\n\n\t\t\n        <ul>\n\t\t\t        <\/ul>\n    <\/div> \n<p>Jan\u00eb p\u00ebrdit\u00ebsuar t\u00eb dh\u00ebnat mbi fluksin n\u00eb kufi, nga Qendra Komb\u00ebtare p\u00ebr Menaxhim Kufitar.<\/p>\n<p>Sipas t\u00eb dh\u00ebnave t\u00eb publikuara n\u00eb faqen zyrtare, aktualisht n\u00eb V\u00ebrmic\u00eb ka pritje deri n\u00eb 35 minuta p\u00ebr hyr\u00eb n\u00eb Kosov\u00eb.<\/p>\n<p>Nd\u00ebrkaq, te dheu i Bardh\u00eb ka pritje deri n\u00eb 20 minuta dhe deri n\u00eb 15 minuta n\u00eb Han t\u00eb Elezit.<\/p>\n<p>Kolonat po zgjasin deri n\u00eb 15 minuta dhe nuk raportohet p\u00ebr kolona n\u00eb pika t\u00eb tjera.<\/p>\n<p>M\u00ebngjesin e s\u00eb diel\u00ebs, m\u00eb 20 korrik, situata n\u00eb pikat e kalimit kufitar n\u00eb Kosov\u00eb u paraqit e qet\u00eb dhe pritjet ishin minimale.<\/p>\n<p>Nuk pati kolona as n\u00eb hyrje e as n\u00eb dalje, sipas Qendr\u00ebs Komb\u00ebtare p\u00ebr Menaxhim Kufitar.<\/p>\n<p><img data-dominant-color=\"f7f7f7\" data-has-transparency=\"false\" style=\"--dominant-color: #f7f7f7;\" fetchpriority=\"high\" decoding=\"async\" src=\"https:\/\/www.press7.tv\/wp-content\/uploads\/2025\/07\/IMG_6396-300x175.avif\" alt=\"\" width=\"300\" height=\"175\" class=\"alignnone size-medium wp-image-21005 not-transparent\" srcset=\"https:\/\/www.press7.tv\/wp-content\/uploads\/2025\/07\/IMG_6396-300x175.avif 300w, https:\/\/www.press7.tv\/wp-content\/uploads\/2025\/07\/IMG_6396.avif 600w\" sizes=\"(max-width: 300px) 100vw, 300px\" \/><\/p>\n","protected":false},"excerpt":{"rendered":"<p>Jan\u00eb p\u00ebrdit\u00ebsuar t\u00eb dh\u00ebnat mbi fluksin n\u00eb kufi, nga Qendra Komb\u00ebtare p\u00ebr Menaxhim Kufitar. Sipas t\u00eb dh\u00ebnave t\u00eb publikuara n\u00eb faqen zyrtare, aktualisht n\u00eb V\u00ebrmic\u00eb ka pritje deri n\u00eb 35 minuta p\u00ebr hyr\u00eb n\u00eb Kosov\u00eb. Nd\u00ebrkaq, te dheu i Bardh\u00eb ka pritje deri n\u00eb 20 minuta dhe deri n\u00eb 15 minuta n\u00eb Han t\u00eb Elezit. [&hellip;]<\/p>\n","protected":false},"author":8,"featured_media":21004,"comment_status":"closed","ping_status":"closed","sticky":false,"template":"","format":"standard","meta":{"footnotes":""},"categories":[213,214],"tags":[],"class_list":["post-21003","post","type-post","status-publish","format-standard","has-post-thumbnail","hentry","category-lajme","category-maqedoni"],"yoast_head":"<!-- This site is optimized with the Yoast SEO plugin v25.1 - https:\/\/yoast.com\/wordpress\/plugins\/seo\/ -->\n<title>Shtohen pritjet n\u00eb kufi - press7.tv<\/title>\n<meta name=\"robots\" content=\"index, follow, max-snippet:-1, max-image-preview:large, max-video-preview:-1\" \/>\n<link rel=\"canonical\" href=\"https:\/\/www.press7.tv\/?p=21003\" \/>\n<meta property=\"og:locale\" content=\"en_US\" \/>\n<meta property=\"og:type\" content=\"article\" \/>\n<meta property=\"og:title\" content=\"Shtohen pritjet n\u00eb kufi - press7.tv\" \/>\n<meta property=\"og:description\" content=\"Jan\u00eb p\u00ebrdit\u00ebsuar t\u00eb dh\u00ebnat mbi fluksin n\u00eb kufi, nga Qendra Komb\u00ebtare p\u00ebr Menaxhim Kufitar. Sipas t\u00eb dh\u00ebnave t\u00eb publikuara n\u00eb faqen zyrtare, aktualisht n\u00eb V\u00ebrmic\u00eb ka pritje deri n\u00eb 35 minuta p\u00ebr hyr\u00eb n\u00eb Kosov\u00eb. Nd\u00ebrkaq, te dheu i Bardh\u00eb ka pritje deri n\u00eb 20 minuta dhe deri n\u00eb 15 minuta n\u00eb Han t\u00eb Elezit. [&hellip;]\" \/>\n<meta property=\"og:url\" content=\"https:\/\/www.press7.tv\/?p=21003\" \/>\n<meta property=\"og:site_name\" content=\"press7.tv\" \/>\n<meta property=\"article:publisher\" content=\"https:\/\/www.facebook.com\/press7.tv\" \/>\n<meta property=\"article:published_time\" content=\"2025-07-20T13:53:20+00:00\" \/>\n<meta property=\"og:image\" content=\"https:\/\/www.press7.tv\/wp-content\/uploads\/2025\/07\/IMG_6395.avif\" \/>\n\t<meta property=\"og:image:width\" content=\"512\" \/>\n\t<meta property=\"og:image:height\" content=\"343\" \/>\n\t<meta property=\"og:image:type\" content=\"image\/webp\" \/>\n<meta name=\"author\" content=\"gazetar2\" \/>\n<meta name=\"twitter:card\" content=\"summary_large_image\" \/>\n<meta name=\"twitter:label1\" content=\"Written by\" \/>\n\t<meta name=\"twitter:data1\" content=\"gazetar2\" \/>\n\t<meta name=\"twitter:label2\" content=\"Est. reading time\" \/>\n\t<meta name=\"twitter:data2\" content=\"1 minute\" \/>\n<script type=\"application\/ld+json\" class=\"yoast-schema-graph\">{\"@context\":\"https:\/\/schema.org\",\"@graph\":[{\"@type\":\"Article\",\"@id\":\"https:\/\/www.press7.tv\/?p=21003#article\",\"isPartOf\":{\"@id\":\"https:\/\/www.press7.tv\/?p=21003\"},\"author\":{\"name\":\"gazetar2\",\"@id\":\"https:\/\/www.news33.tv\/#\/schema\/person\/5a04a38a23ccdba82f9bd665cd8f9efa\"},\"headline\":\"Shtohen pritjet n\u00eb kufi\",\"datePublished\":\"2025-07-20T13:53:20+00:00\",\"mainEntityOfPage\":{\"@id\":\"https:\/\/www.press7.tv\/?p=21003\"},\"wordCount\":124,\"publisher\":{\"@id\":\"https:\/\/www.news33.tv\/#organization\"},\"image\":{\"@id\":\"https:\/\/www.press7.tv\/?p=21003#primaryimage\"},\"thumbnailUrl\":\"https:\/\/www.press7.tv\/wp-content\/uploads\/2025\/07\/IMG_6395.avif\",\"articleSection\":[\"Lajme\",\"Maqedoni\"],\"inLanguage\":\"en-US\"},{\"@type\":\"WebPage\",\"@id\":\"https:\/\/www.press7.tv\/?p=21003\",\"url\":\"https:\/\/www.press7.tv\/?p=21003\",\"name\":\"Shtohen pritjet n\u00eb kufi - press7.tv\",\"isPartOf\":{\"@id\":\"https:\/\/www.news33.tv\/#website\"},\"primaryImageOfPage\":{\"@id\":\"https:\/\/www.press7.tv\/?p=21003#primaryimage\"},\"image\":{\"@id\":\"https:\/\/www.press7.tv\/?p=21003#primaryimage\"},\"thumbnailUrl\":\"https:\/\/www.press7.tv\/wp-content\/uploads\/2025\/07\/IMG_6395.avif\",\"datePublished\":\"2025-07-20T13:53:20+00:00\",\"breadcrumb\":{\"@id\":\"https:\/\/www.press7.tv\/?p=21003#breadcrumb\"},\"inLanguage\":\"en-US\",\"potentialAction\":[{\"@type\":\"ReadAction\",\"target\":[\"https:\/\/www.press7.tv\/?p=21003\"]}]},{\"@type\":\"ImageObject\",\"inLanguage\":\"en-US\",\"@id\":\"https:\/\/www.press7.tv\/?p=21003#primaryimage\",\"url\":\"https:\/\/www.press7.tv\/wp-content\/uploads\/2025\/07\/IMG_6395.avif\",\"contentUrl\":\"https:\/\/www.press7.tv\/wp-content\/uploads\/2025\/07\/IMG_6395.avif\",\"width\":512,\"height\":343},{\"@type\":\"BreadcrumbList\",\"@id\":\"https:\/\/www.press7.tv\/?p=21003#breadcrumb\",\"itemListElement\":[{\"@type\":\"ListItem\",\"position\":1,\"name\":\"Home\",\"item\":\"https:\/\/www.press7.tv\/\"},{\"@type\":\"ListItem\",\"position\":2,\"name\":\"Shtohen pritjet n\u00eb kufi\"}]},{\"@type\":\"WebSite\",\"@id\":\"https:\/\/www.news33.tv\/#website\",\"url\":\"https:\/\/www.news33.tv\/\",\"name\":\"News33.tv Media\",\"description\":\"Media\",\"publisher\":{\"@id\":\"https:\/\/www.news33.tv\/#organization\"},\"potentialAction\":[{\"@type\":\"SearchAction\",\"target\":{\"@type\":\"EntryPoint\",\"urlTemplate\":\"https:\/\/www.news33.tv\/?s={search_term_string}\"},\"query-input\":{\"@type\":\"PropertyValueSpecification\",\"valueRequired\":true,\"valueName\":\"search_term_string\"}}],\"inLanguage\":\"en-US\"},{\"@type\":\"Organization\",\"@id\":\"https:\/\/www.news33.tv\/#organization\",\"name\":\"News33.tv Media\",\"url\":\"https:\/\/www.news33.tv\/\",\"logo\":{\"@type\":\"ImageObject\",\"inLanguage\":\"en-US\",\"@id\":\"https:\/\/www.news33.tv\/#\/schema\/logo\/image\/\",\"url\":\"https:\/\/www.press7.tv\/wp-content\/uploads\/2024\/02\/logo-news33-black.png\",\"contentUrl\":\"https:\/\/www.press7.tv\/wp-content\/uploads\/2024\/02\/logo-news33-black.png\",\"width\":180,\"height\":37,\"caption\":\"News33.tv Media\"},\"image\":{\"@id\":\"https:\/\/www.news33.tv\/#\/schema\/logo\/image\/\"},\"sameAs\":[\"https:\/\/www.facebook.com\/press7.tv\"]},{\"@type\":\"Person\",\"@id\":\"https:\/\/www.news33.tv\/#\/schema\/person\/5a04a38a23ccdba82f9bd665cd8f9efa\",\"name\":\"gazetar2\",\"image\":{\"@type\":\"ImageObject\",\"inLanguage\":\"en-US\",\"@id\":\"https:\/\/www.news33.tv\/#\/schema\/person\/image\/\",\"url\":\"https:\/\/www.press7.tv\/wp-content\/litespeed\/avatar\/41975e402c3049d9ddb03adca8f7a883.jpg?ver=1777169572\",\"contentUrl\":\"https:\/\/www.press7.tv\/wp-content\/litespeed\/avatar\/41975e402c3049d9ddb03adca8f7a883.jpg?ver=1777169572\",\"caption\":\"gazetar2\"},\"url\":\"https:\/\/www.press7.tv\/?author=8\"}]}<\/script>\n<!-- \/ Yoast SEO plugin. -->","yoast_head_json":{"title":"Shtohen pritjet n\u00eb kufi - press7.tv","robots":{"index":"index","follow":"follow","max-snippet":"max-snippet:-1","max-image-preview":"max-image-preview:large","max-video-preview":"max-video-preview:-1"},"canonical":"https:\/\/www.press7.tv\/?p=21003","og_locale":"en_US","og_type":"article","og_title":"Shtohen pritjet n\u00eb kufi - press7.tv","og_description":"Jan\u00eb p\u00ebrdit\u00ebsuar t\u00eb dh\u00ebnat mbi fluksin n\u00eb kufi, nga Qendra Komb\u00ebtare p\u00ebr Menaxhim Kufitar. Sipas t\u00eb dh\u00ebnave t\u00eb publikuara n\u00eb faqen zyrtare, aktualisht n\u00eb V\u00ebrmic\u00eb ka pritje deri n\u00eb 35 minuta p\u00ebr hyr\u00eb n\u00eb Kosov\u00eb. Nd\u00ebrkaq, te dheu i Bardh\u00eb ka pritje deri n\u00eb 20 minuta dhe deri n\u00eb 15 minuta n\u00eb Han t\u00eb Elezit. [&hellip;]","og_url":"https:\/\/www.press7.tv\/?p=21003","og_site_name":"press7.tv","article_publisher":"https:\/\/www.facebook.com\/press7.tv","article_published_time":"2025-07-20T13:53:20+00:00","og_image":[{"width":512,"height":343,"url":"https:\/\/www.press7.tv\/wp-content\/uploads\/2025\/07\/IMG_6395.avif","type":"image\/webp"}],"author":"gazetar2","twitter_card":"summary_large_image","twitter_misc":{"Written by":"gazetar2","Est. reading time":"1 minute"},"schema":{"@context":"https:\/\/schema.org","@graph":[{"@type":"Article","@id":"https:\/\/www.press7.tv\/?p=21003#article","isPartOf":{"@id":"https:\/\/www.press7.tv\/?p=21003"},"author":{"name":"gazetar2","@id":"https:\/\/www.news33.tv\/#\/schema\/person\/5a04a38a23ccdba82f9bd665cd8f9efa"},"headline":"Shtohen pritjet n\u00eb kufi","datePublished":"2025-07-20T13:53:20+00:00","mainEntityOfPage":{"@id":"https:\/\/www.press7.tv\/?p=21003"},"wordCount":124,"publisher":{"@id":"https:\/\/www.news33.tv\/#organization"},"image":{"@id":"https:\/\/www.press7.tv\/?p=21003#primaryimage"},"thumbnailUrl":"https:\/\/www.press7.tv\/wp-content\/uploads\/2025\/07\/IMG_6395.avif","articleSection":["Lajme","Maqedoni"],"inLanguage":"en-US"},{"@type":"WebPage","@id":"https:\/\/www.press7.tv\/?p=21003","url":"https:\/\/www.press7.tv\/?p=21003","name":"Shtohen pritjet n\u00eb kufi - press7.tv","isPartOf":{"@id":"https:\/\/www.news33.tv\/#website"},"primaryImageOfPage":{"@id":"https:\/\/www.press7.tv\/?p=21003#primaryimage"},"image":{"@id":"https:\/\/www.press7.tv\/?p=21003#primaryimage"},"thumbnailUrl":"https:\/\/www.press7.tv\/wp-content\/uploads\/2025\/07\/IMG_6395.avif","datePublished":"2025-07-20T13:53:20+00:00","breadcrumb":{"@id":"https:\/\/www.press7.tv\/?p=21003#breadcrumb"},"inLanguage":"en-US","potentialAction":[{"@type":"ReadAction","target":["https:\/\/www.press7.tv\/?p=21003"]}]},{"@type":"ImageObject","inLanguage":"en-US","@id":"https:\/\/www.press7.tv\/?p=21003#primaryimage","url":"https:\/\/www.press7.tv\/wp-content\/uploads\/2025\/07\/IMG_6395.avif","contentUrl":"https:\/\/www.press7.tv\/wp-content\/uploads\/2025\/07\/IMG_6395.avif","width":512,"height":343},{"@type":"BreadcrumbList","@id":"https:\/\/www.press7.tv\/?p=21003#breadcrumb","itemListElement":[{"@type":"ListItem","position":1,"name":"Home","item":"https:\/\/www.press7.tv\/"},{"@type":"ListItem","position":2,"name":"Shtohen pritjet n\u00eb kufi"}]},{"@type":"WebSite","@id":"https:\/\/www.news33.tv\/#website","url":"https:\/\/www.news33.tv\/","name":"News33.tv Media","description":"Media","publisher":{"@id":"https:\/\/www.news33.tv\/#organization"},"potentialAction":[{"@type":"SearchAction","target":{"@type":"EntryPoint","urlTemplate":"https:\/\/www.news33.tv\/?s={search_term_string}"},"query-input":{"@type":"PropertyValueSpecification","valueRequired":true,"valueName":"search_term_string"}}],"inLanguage":"en-US"},{"@type":"Organization","@id":"https:\/\/www.news33.tv\/#organization","name":"News33.tv Media","url":"https:\/\/www.news33.tv\/","logo":{"@type":"ImageObject","inLanguage":"en-US","@id":"https:\/\/www.news33.tv\/#\/schema\/logo\/image\/","url":"https:\/\/www.press7.tv\/wp-content\/uploads\/2024\/02\/logo-news33-black.png","contentUrl":"https:\/\/www.press7.tv\/wp-content\/uploads\/2024\/02\/logo-news33-black.png","width":180,"height":37,"caption":"News33.tv Media"},"image":{"@id":"https:\/\/www.news33.tv\/#\/schema\/logo\/image\/"},"sameAs":["https:\/\/www.facebook.com\/press7.tv"]},{"@type":"Person","@id":"https:\/\/www.news33.tv\/#\/schema\/person\/5a04a38a23ccdba82f9bd665cd8f9efa","name":"gazetar2","image":{"@type":"ImageObject","inLanguage":"en-US","@id":"https:\/\/www.news33.tv\/#\/schema\/person\/image\/","url":"https:\/\/www.press7.tv\/wp-content\/litespeed\/avatar\/41975e402c3049d9ddb03adca8f7a883.jpg?ver=1777169572","contentUrl":"https:\/\/www.press7.tv\/wp-content\/litespeed\/avatar\/41975e402c3049d9ddb03adca8f7a883.jpg?ver=1777169572","caption":"gazetar2"},"url":"https:\/\/www.press7.tv\/?author=8"}]}},"amp_enabled":true,"_links":{"self":[{"href":"https:\/\/www.press7.tv\/index.php?rest_route=\/wp\/v2\/posts\/21003","targetHints":{"allow":["GET"]}}],"collection":[{"href":"https:\/\/www.press7.tv\/index.php?rest_route=\/wp\/v2\/posts"}],"about":[{"href":"https:\/\/www.press7.tv\/index.php?rest_route=\/wp\/v2\/types\/post"}],"author":[{"embeddable":true,"href":"https:\/\/www.press7.tv\/index.php?rest_route=\/wp\/v2\/users\/8"}],"replies":[{"embeddable":true,"href":"https:\/\/www.press7.tv\/index.php?rest_route=%2Fwp%2Fv2%2Fcomments&post=21003"}],"version-history":[{"count":1,"href":"https:\/\/www.press7.tv\/index.php?rest_route=\/wp\/v2\/posts\/21003\/revisions"}],"predecessor-version":[{"id":21006,"href":"https:\/\/www.press7.tv\/index.php?rest_route=\/wp\/v2\/posts\/21003\/revisions\/21006"}],"wp:featuredmedia":[{"embeddable":true,"href":"https:\/\/www.press7.tv\/index.php?rest_route=\/wp\/v2\/media\/21004"}],"wp:attachment":[{"href":"https:\/\/www.press7.tv\/index.php?rest_route=%2Fwp%2Fv2%2Fmedia&parent=21003"}],"wp:term":[{"taxonomy":"category","embeddable":true,"href":"https:\/\/www.press7.tv\/index.php?rest_route=%2Fwp%2Fv2%2Fcategories&post=21003"},{"taxonomy":"post_tag","embeddable":true,"href":"https:\/\/www.press7.tv\/index.php?rest_route=%2Fwp%2Fv2%2Ftags&post=21003"}],"curies":[{"name":"wp","href":"https:\/\/api.w.org\/{rel}","templated":true}]}}