{"id":20978,"date":"2025-07-18T18:59:00","date_gmt":"2025-07-18T18:59:00","guid":{"rendered":"https:\/\/www.press7.tv\/?p=20978"},"modified":"2025-07-18T18:59:00","modified_gmt":"2025-07-18T18:59:00","slug":"kasami-po-analizojme-qe-izet-mexhiti-te-kandidoje-per-cairin","status":"publish","type":"post","link":"https:\/\/www.press7.tv\/?p=20978","title":{"rendered":"Kasami: Po analizojm\u00eb q\u00eb Izet Mexhiti t\u00eb kandidoj\u00eb p\u00ebr \u00c7airin"},"content":{"rendered":"\n    <div class=\"xs_social_share_widget xs_share_url before_content \t\tmain_content  wslu-style-2 wslu-share-box-shaped wslu-fill-colored wslu-share-m-5 wslu-none wslu-share-vertical wslu-theme-font-no wslu-main_content\">\n\n\t\t\n        <ul>\n\t\t\t        <\/ul>\n    <\/div> \n<p>Bilall Kasami tha se nga fundi i k\u00ebtij muaji, VLEN do t\u00eb dal\u00eb me informacione p\u00ebr ndarjen dhe kandidat\u00ebt p\u00ebr kryetar\u00eb t\u00eb komunave n\u00eb zgjedhjet lokale.<\/p>\n<p>Kasami tha se lider\u00ebt e VLEN-it jan\u00eb n\u00eb komunikim t\u00eb vazhduesh\u00ebm, dhe se nj\u00eb takim p\u00ebr t\u00eb diskutuar anketat do ta ken\u00eb edhe gjat\u00eb dit\u00ebs s\u00eb sotme, nd\u00ebrkaq theksoi se Izet Mexhiti g\u00ebzon mb\u00ebshtetje t\u00eb madhe nga qytetar\u00ebt, q\u00eb t\u00eb kandidoj\u00eb p\u00ebr kryetar t\u00eb komun\u00ebs s\u00eb \u00c7airit.<\/p>\n<p>PRO DROPS<br \/>\n\u0415\u0432\u0435 \u0443\u0431\u0438\u0435\u0446 \u043d\u0430 \u043f\u0440\u043e\u0441\u0442\u0430\u0442\u0430\u0442\u0430! \u041c\u0430\u0436\u0438\u0442\u0435 \u0442\u0440\u0435\u0431\u0430 \u0432\u0435\u0434\u043d\u0430\u0448 \u0434\u0430 \u0433\u043e \u043f\u0440\u043e\u0447\u0438\u0442\u0430\u0430\u0442 \u043e\u0432\u0430!<br \/>\n\u00d7<br \/>\n\u201cSa i p\u00ebrket z.Mexhiti. Po \u00ebsht\u00eb fakt q\u00eb n\u00eb komun\u00ebn e \u00c7airit, edhe pse n\u00eb sondazhe kemi pasur edhe kandidat\u00eb t\u00eb tjer\u00eb, t\u00eb cil\u00ebt po ashtu dalin mir\u00eb n\u00eb sondazhe p\u00ebrball\u00eb kandidat\u00ebve t\u00eb opozit\u00ebs. Ka preferenca t\u00eb qytetar\u00ebve q\u00eb jan\u00eb shum\u00eb m\u00eb t\u00eb fuqishme p\u00ebr z.Mexhiti, k\u00ebshtu q\u00eb jemi n\u00eb diskutim dhe n\u00eb analiz\u00eb edhe\u2026ta analizojm\u00eb edhe mund\u00ebsin\u00eb q\u00eb z.Mexhiti t\u00eb kandidoj\u00eb p\u00ebr \u00c7air\u201d, tha Kasami.<\/p>\n","protected":false},"excerpt":{"rendered":"<p>Bilall Kasami tha se nga fundi i k\u00ebtij muaji, VLEN do t\u00eb dal\u00eb me informacione p\u00ebr ndarjen dhe kandidat\u00ebt p\u00ebr kryetar\u00eb t\u00eb komunave n\u00eb zgjedhjet lokale. Kasami tha se lider\u00ebt e VLEN-it jan\u00eb n\u00eb komunikim t\u00eb vazhduesh\u00ebm, dhe se nj\u00eb takim p\u00ebr t\u00eb diskutuar anketat do ta ken\u00eb edhe gjat\u00eb dit\u00ebs s\u00eb sotme, nd\u00ebrkaq theksoi [&hellip;]<\/p>\n","protected":false},"author":8,"featured_media":20979,"comment_status":"closed","ping_status":"closed","sticky":false,"template":"","format":"standard","meta":{"footnotes":""},"categories":[213,214],"tags":[],"class_list":["post-20978","post","type-post","status-publish","format-standard","has-post-thumbnail","hentry","category-lajme","category-maqedoni"],"yoast_head":"<!-- This site is optimized with the Yoast SEO plugin v25.1 - https:\/\/yoast.com\/wordpress\/plugins\/seo\/ -->\n<title>Kasami: Po analizojm\u00eb q\u00eb Izet Mexhiti t\u00eb kandidoj\u00eb p\u00ebr \u00c7airin - press7.tv<\/title>\n<meta name=\"robots\" content=\"index, follow, max-snippet:-1, max-image-preview:large, max-video-preview:-1\" \/>\n<link rel=\"canonical\" href=\"https:\/\/www.press7.tv\/?p=20978\" \/>\n<meta property=\"og:locale\" content=\"en_US\" \/>\n<meta property=\"og:type\" content=\"article\" \/>\n<meta property=\"og:title\" content=\"Kasami: Po analizojm\u00eb q\u00eb Izet Mexhiti t\u00eb kandidoj\u00eb p\u00ebr \u00c7airin - press7.tv\" \/>\n<meta property=\"og:description\" content=\"Bilall Kasami tha se nga fundi i k\u00ebtij muaji, VLEN do t\u00eb dal\u00eb me informacione p\u00ebr ndarjen dhe kandidat\u00ebt p\u00ebr kryetar\u00eb t\u00eb komunave n\u00eb zgjedhjet lokale. Kasami tha se lider\u00ebt e VLEN-it jan\u00eb n\u00eb komunikim t\u00eb vazhduesh\u00ebm, dhe se nj\u00eb takim p\u00ebr t\u00eb diskutuar anketat do ta ken\u00eb edhe gjat\u00eb dit\u00ebs s\u00eb sotme, nd\u00ebrkaq theksoi [&hellip;]\" \/>\n<meta property=\"og:url\" content=\"https:\/\/www.press7.tv\/?p=20978\" \/>\n<meta property=\"og:site_name\" content=\"press7.tv\" \/>\n<meta property=\"article:publisher\" content=\"https:\/\/www.facebook.com\/press7.tv\" \/>\n<meta property=\"article:published_time\" content=\"2025-07-18T18:59:00+00:00\" \/>\n<meta property=\"og:image\" content=\"https:\/\/www.press7.tv\/wp-content\/uploads\/2025\/07\/IMG_6367.avif\" \/>\n\t<meta property=\"og:image:width\" content=\"823\" \/>\n\t<meta property=\"og:image:height\" content=\"535\" \/>\n\t<meta property=\"og:image:type\" content=\"image\/jpeg\" \/>\n<meta name=\"author\" content=\"gazetar2\" \/>\n<meta name=\"twitter:card\" content=\"summary_large_image\" \/>\n<meta name=\"twitter:label1\" content=\"Written by\" \/>\n\t<meta name=\"twitter:data1\" content=\"gazetar2\" \/>\n\t<meta name=\"twitter:label2\" content=\"Est. reading time\" \/>\n\t<meta name=\"twitter:data2\" content=\"1 minute\" \/>\n<script type=\"application\/ld+json\" class=\"yoast-schema-graph\">{\"@context\":\"https:\/\/schema.org\",\"@graph\":[{\"@type\":\"Article\",\"@id\":\"https:\/\/www.press7.tv\/?p=20978#article\",\"isPartOf\":{\"@id\":\"https:\/\/www.press7.tv\/?p=20978\"},\"author\":{\"name\":\"gazetar2\",\"@id\":\"https:\/\/www.news33.tv\/#\/schema\/person\/5a04a38a23ccdba82f9bd665cd8f9efa\"},\"headline\":\"Kasami: Po analizojm\u00eb q\u00eb Izet Mexhiti t\u00eb kandidoj\u00eb p\u00ebr \u00c7airin\",\"datePublished\":\"2025-07-18T18:59:00+00:00\",\"mainEntityOfPage\":{\"@id\":\"https:\/\/www.press7.tv\/?p=20978\"},\"wordCount\":192,\"publisher\":{\"@id\":\"https:\/\/www.news33.tv\/#organization\"},\"image\":{\"@id\":\"https:\/\/www.press7.tv\/?p=20978#primaryimage\"},\"thumbnailUrl\":\"https:\/\/www.press7.tv\/wp-content\/uploads\/2025\/07\/IMG_6367.avif\",\"articleSection\":[\"Lajme\",\"Maqedoni\"],\"inLanguage\":\"en-US\"},{\"@type\":\"WebPage\",\"@id\":\"https:\/\/www.press7.tv\/?p=20978\",\"url\":\"https:\/\/www.press7.tv\/?p=20978\",\"name\":\"Kasami: Po analizojm\u00eb q\u00eb Izet Mexhiti t\u00eb kandidoj\u00eb p\u00ebr \u00c7airin - press7.tv\",\"isPartOf\":{\"@id\":\"https:\/\/www.news33.tv\/#website\"},\"primaryImageOfPage\":{\"@id\":\"https:\/\/www.press7.tv\/?p=20978#primaryimage\"},\"image\":{\"@id\":\"https:\/\/www.press7.tv\/?p=20978#primaryimage\"},\"thumbnailUrl\":\"https:\/\/www.press7.tv\/wp-content\/uploads\/2025\/07\/IMG_6367.avif\",\"datePublished\":\"2025-07-18T18:59:00+00:00\",\"breadcrumb\":{\"@id\":\"https:\/\/www.press7.tv\/?p=20978#breadcrumb\"},\"inLanguage\":\"en-US\",\"potentialAction\":[{\"@type\":\"ReadAction\",\"target\":[\"https:\/\/www.press7.tv\/?p=20978\"]}]},{\"@type\":\"ImageObject\",\"inLanguage\":\"en-US\",\"@id\":\"https:\/\/www.press7.tv\/?p=20978#primaryimage\",\"url\":\"https:\/\/www.press7.tv\/wp-content\/uploads\/2025\/07\/IMG_6367.avif\",\"contentUrl\":\"https:\/\/www.press7.tv\/wp-content\/uploads\/2025\/07\/IMG_6367.avif\",\"width\":823,\"height\":535},{\"@type\":\"BreadcrumbList\",\"@id\":\"https:\/\/www.press7.tv\/?p=20978#breadcrumb\",\"itemListElement\":[{\"@type\":\"ListItem\",\"position\":1,\"name\":\"Home\",\"item\":\"https:\/\/www.press7.tv\/\"},{\"@type\":\"ListItem\",\"position\":2,\"name\":\"Kasami: Po analizojm\u00eb q\u00eb Izet Mexhiti t\u00eb kandidoj\u00eb p\u00ebr \u00c7airin\"}]},{\"@type\":\"WebSite\",\"@id\":\"https:\/\/www.news33.tv\/#website\",\"url\":\"https:\/\/www.news33.tv\/\",\"name\":\"News33.tv Media\",\"description\":\"Media\",\"publisher\":{\"@id\":\"https:\/\/www.news33.tv\/#organization\"},\"potentialAction\":[{\"@type\":\"SearchAction\",\"target\":{\"@type\":\"EntryPoint\",\"urlTemplate\":\"https:\/\/www.news33.tv\/?s={search_term_string}\"},\"query-input\":{\"@type\":\"PropertyValueSpecification\",\"valueRequired\":true,\"valueName\":\"search_term_string\"}}],\"inLanguage\":\"en-US\"},{\"@type\":\"Organization\",\"@id\":\"https:\/\/www.news33.tv\/#organization\",\"name\":\"News33.tv Media\",\"url\":\"https:\/\/www.news33.tv\/\",\"logo\":{\"@type\":\"ImageObject\",\"inLanguage\":\"en-US\",\"@id\":\"https:\/\/www.news33.tv\/#\/schema\/logo\/image\/\",\"url\":\"https:\/\/www.press7.tv\/wp-content\/uploads\/2024\/02\/logo-news33-black.png\",\"contentUrl\":\"https:\/\/www.press7.tv\/wp-content\/uploads\/2024\/02\/logo-news33-black.png\",\"width\":180,\"height\":37,\"caption\":\"News33.tv Media\"},\"image\":{\"@id\":\"https:\/\/www.news33.tv\/#\/schema\/logo\/image\/\"},\"sameAs\":[\"https:\/\/www.facebook.com\/press7.tv\"]},{\"@type\":\"Person\",\"@id\":\"https:\/\/www.news33.tv\/#\/schema\/person\/5a04a38a23ccdba82f9bd665cd8f9efa\",\"name\":\"gazetar2\",\"image\":{\"@type\":\"ImageObject\",\"inLanguage\":\"en-US\",\"@id\":\"https:\/\/www.news33.tv\/#\/schema\/person\/image\/\",\"url\":\"https:\/\/www.press7.tv\/wp-content\/litespeed\/avatar\/41975e402c3049d9ddb03adca8f7a883.jpg?ver=1777169572\",\"contentUrl\":\"https:\/\/www.press7.tv\/wp-content\/litespeed\/avatar\/41975e402c3049d9ddb03adca8f7a883.jpg?ver=1777169572\",\"caption\":\"gazetar2\"},\"url\":\"https:\/\/www.press7.tv\/?author=8\"}]}<\/script>\n<!-- \/ Yoast SEO plugin. -->","yoast_head_json":{"title":"Kasami: Po analizojm\u00eb q\u00eb Izet Mexhiti t\u00eb kandidoj\u00eb p\u00ebr \u00c7airin - press7.tv","robots":{"index":"index","follow":"follow","max-snippet":"max-snippet:-1","max-image-preview":"max-image-preview:large","max-video-preview":"max-video-preview:-1"},"canonical":"https:\/\/www.press7.tv\/?p=20978","og_locale":"en_US","og_type":"article","og_title":"Kasami: Po analizojm\u00eb q\u00eb Izet Mexhiti t\u00eb kandidoj\u00eb p\u00ebr \u00c7airin - press7.tv","og_description":"Bilall Kasami tha se nga fundi i k\u00ebtij muaji, VLEN do t\u00eb dal\u00eb me informacione p\u00ebr ndarjen dhe kandidat\u00ebt p\u00ebr kryetar\u00eb t\u00eb komunave n\u00eb zgjedhjet lokale. Kasami tha se lider\u00ebt e VLEN-it jan\u00eb n\u00eb komunikim t\u00eb vazhduesh\u00ebm, dhe se nj\u00eb takim p\u00ebr t\u00eb diskutuar anketat do ta ken\u00eb edhe gjat\u00eb dit\u00ebs s\u00eb sotme, nd\u00ebrkaq theksoi [&hellip;]","og_url":"https:\/\/www.press7.tv\/?p=20978","og_site_name":"press7.tv","article_publisher":"https:\/\/www.facebook.com\/press7.tv","article_published_time":"2025-07-18T18:59:00+00:00","og_image":[{"width":823,"height":535,"url":"https:\/\/www.press7.tv\/wp-content\/uploads\/2025\/07\/IMG_6367.avif","type":"image\/jpeg"}],"author":"gazetar2","twitter_card":"summary_large_image","twitter_misc":{"Written by":"gazetar2","Est. reading time":"1 minute"},"schema":{"@context":"https:\/\/schema.org","@graph":[{"@type":"Article","@id":"https:\/\/www.press7.tv\/?p=20978#article","isPartOf":{"@id":"https:\/\/www.press7.tv\/?p=20978"},"author":{"name":"gazetar2","@id":"https:\/\/www.news33.tv\/#\/schema\/person\/5a04a38a23ccdba82f9bd665cd8f9efa"},"headline":"Kasami: Po analizojm\u00eb q\u00eb Izet Mexhiti t\u00eb kandidoj\u00eb p\u00ebr \u00c7airin","datePublished":"2025-07-18T18:59:00+00:00","mainEntityOfPage":{"@id":"https:\/\/www.press7.tv\/?p=20978"},"wordCount":192,"publisher":{"@id":"https:\/\/www.news33.tv\/#organization"},"image":{"@id":"https:\/\/www.press7.tv\/?p=20978#primaryimage"},"thumbnailUrl":"https:\/\/www.press7.tv\/wp-content\/uploads\/2025\/07\/IMG_6367.avif","articleSection":["Lajme","Maqedoni"],"inLanguage":"en-US"},{"@type":"WebPage","@id":"https:\/\/www.press7.tv\/?p=20978","url":"https:\/\/www.press7.tv\/?p=20978","name":"Kasami: Po analizojm\u00eb q\u00eb Izet Mexhiti t\u00eb kandidoj\u00eb p\u00ebr \u00c7airin - press7.tv","isPartOf":{"@id":"https:\/\/www.news33.tv\/#website"},"primaryImageOfPage":{"@id":"https:\/\/www.press7.tv\/?p=20978#primaryimage"},"image":{"@id":"https:\/\/www.press7.tv\/?p=20978#primaryimage"},"thumbnailUrl":"https:\/\/www.press7.tv\/wp-content\/uploads\/2025\/07\/IMG_6367.avif","datePublished":"2025-07-18T18:59:00+00:00","breadcrumb":{"@id":"https:\/\/www.press7.tv\/?p=20978#breadcrumb"},"inLanguage":"en-US","potentialAction":[{"@type":"ReadAction","target":["https:\/\/www.press7.tv\/?p=20978"]}]},{"@type":"ImageObject","inLanguage":"en-US","@id":"https:\/\/www.press7.tv\/?p=20978#primaryimage","url":"https:\/\/www.press7.tv\/wp-content\/uploads\/2025\/07\/IMG_6367.avif","contentUrl":"https:\/\/www.press7.tv\/wp-content\/uploads\/2025\/07\/IMG_6367.avif","width":823,"height":535},{"@type":"BreadcrumbList","@id":"https:\/\/www.press7.tv\/?p=20978#breadcrumb","itemListElement":[{"@type":"ListItem","position":1,"name":"Home","item":"https:\/\/www.press7.tv\/"},{"@type":"ListItem","position":2,"name":"Kasami: Po analizojm\u00eb q\u00eb Izet Mexhiti t\u00eb kandidoj\u00eb p\u00ebr \u00c7airin"}]},{"@type":"WebSite","@id":"https:\/\/www.news33.tv\/#website","url":"https:\/\/www.news33.tv\/","name":"News33.tv Media","description":"Media","publisher":{"@id":"https:\/\/www.news33.tv\/#organization"},"potentialAction":[{"@type":"SearchAction","target":{"@type":"EntryPoint","urlTemplate":"https:\/\/www.news33.tv\/?s={search_term_string}"},"query-input":{"@type":"PropertyValueSpecification","valueRequired":true,"valueName":"search_term_string"}}],"inLanguage":"en-US"},{"@type":"Organization","@id":"https:\/\/www.news33.tv\/#organization","name":"News33.tv Media","url":"https:\/\/www.news33.tv\/","logo":{"@type":"ImageObject","inLanguage":"en-US","@id":"https:\/\/www.news33.tv\/#\/schema\/logo\/image\/","url":"https:\/\/www.press7.tv\/wp-content\/uploads\/2024\/02\/logo-news33-black.png","contentUrl":"https:\/\/www.press7.tv\/wp-content\/uploads\/2024\/02\/logo-news33-black.png","width":180,"height":37,"caption":"News33.tv Media"},"image":{"@id":"https:\/\/www.news33.tv\/#\/schema\/logo\/image\/"},"sameAs":["https:\/\/www.facebook.com\/press7.tv"]},{"@type":"Person","@id":"https:\/\/www.news33.tv\/#\/schema\/person\/5a04a38a23ccdba82f9bd665cd8f9efa","name":"gazetar2","image":{"@type":"ImageObject","inLanguage":"en-US","@id":"https:\/\/www.news33.tv\/#\/schema\/person\/image\/","url":"https:\/\/www.press7.tv\/wp-content\/litespeed\/avatar\/41975e402c3049d9ddb03adca8f7a883.jpg?ver=1777169572","contentUrl":"https:\/\/www.press7.tv\/wp-content\/litespeed\/avatar\/41975e402c3049d9ddb03adca8f7a883.jpg?ver=1777169572","caption":"gazetar2"},"url":"https:\/\/www.press7.tv\/?author=8"}]}},"amp_enabled":true,"_links":{"self":[{"href":"https:\/\/www.press7.tv\/index.php?rest_route=\/wp\/v2\/posts\/20978","targetHints":{"allow":["GET"]}}],"collection":[{"href":"https:\/\/www.press7.tv\/index.php?rest_route=\/wp\/v2\/posts"}],"about":[{"href":"https:\/\/www.press7.tv\/index.php?rest_route=\/wp\/v2\/types\/post"}],"author":[{"embeddable":true,"href":"https:\/\/www.press7.tv\/index.php?rest_route=\/wp\/v2\/users\/8"}],"replies":[{"embeddable":true,"href":"https:\/\/www.press7.tv\/index.php?rest_route=%2Fwp%2Fv2%2Fcomments&post=20978"}],"version-history":[{"count":1,"href":"https:\/\/www.press7.tv\/index.php?rest_route=\/wp\/v2\/posts\/20978\/revisions"}],"predecessor-version":[{"id":20989,"href":"https:\/\/www.press7.tv\/index.php?rest_route=\/wp\/v2\/posts\/20978\/revisions\/20989"}],"wp:featuredmedia":[{"embeddable":true,"href":"https:\/\/www.press7.tv\/index.php?rest_route=\/wp\/v2\/media\/20979"}],"wp:attachment":[{"href":"https:\/\/www.press7.tv\/index.php?rest_route=%2Fwp%2Fv2%2Fmedia&parent=20978"}],"wp:term":[{"taxonomy":"category","embeddable":true,"href":"https:\/\/www.press7.tv\/index.php?rest_route=%2Fwp%2Fv2%2Fcategories&post=20978"},{"taxonomy":"post_tag","embeddable":true,"href":"https:\/\/www.press7.tv\/index.php?rest_route=%2Fwp%2Fv2%2Ftags&post=20978"}],"curies":[{"name":"wp","href":"https:\/\/api.w.org\/{rel}","templated":true}]}}