{"id":20972,"date":"2025-07-18T12:46:03","date_gmt":"2025-07-18T12:46:03","guid":{"rendered":"https:\/\/www.press7.tv\/?p=20972"},"modified":"2025-07-18T12:46:03","modified_gmt":"2025-07-18T12:46:03","slug":"will-smith-zbulon-rrenjet-e-tij-nga-uellsi","status":"publish","type":"post","link":"https:\/\/www.press7.tv\/?p=20972","title":{"rendered":"Will Smith \u201czbulon\u201d rr\u00ebnj\u00ebt e tij nga Uellsi"},"content":{"rendered":"\n    <div class=\"xs_social_share_widget xs_share_url before_content \t\tmain_content  wslu-style-2 wslu-share-box-shaped wslu-fill-colored wslu-share-m-5 wslu-none wslu-share-vertical wslu-theme-font-no wslu-main_content\">\n\n\t\t\n        <ul>\n\t\t\t        <\/ul>\n    <\/div> \n<p>Aktori dhe reperi i njohur, Will Smith, ka \u201czbuluar\u201d di\u00e7ka befasuese: se ai ka lidhje me Uellsin dhe madje ka b\u00ebr\u00eb shaka se mund ta ndryshoj\u00eb emrin n\u00eb \u201cWelsh Smith\u201d.<\/p>\n<p>56-vje\u00e7ari e zbuloi k\u00ebt\u00eb gjat\u00eb nj\u00eb interviste n\u00eb BBC Radio Wales, kur gazetarja Lucy Owen i tregoi se lagjja e tij e lindjes, Wynnefield n\u00eb Pensilvani, \u00ebsht\u00eb em\u00ebrtuar sipas nj\u00eb doktori uellsian, Thomas Wynne, ka raportuar FemaleFirst.<\/p>\n<p>\u201cPra jam nga Uellsi! Jam uellsian, n\u00eb thelb. Kjo po thuhet\u201d, ka th\u00ebn\u00eb ai me t\u00eb qeshura.<\/p>\n<p>Gazetarja shtoi se kjo ishte ajo q\u00eb po p\u00ebrpiqej t\u2019i tregonte.<\/p>\n<p>\u201cPo, Will! K\u00ebt\u00eb po p\u00ebrpiqem t\u00eb them. Je uellsian, dhe ne po t\u00eb \u2018rr\u00ebmbejm\u00eb\u2019 si tonin\u201d, ka th\u00ebn\u00eb ajo.<\/p>\n<p>Ylli i \u201cMen in Black\u201d nuk u ndal me kaq, por vazhdoi t\u00eb b\u00ebnte humor.<br \/>\n\u201cKy mund t\u00eb jet\u00eb emri im i ri: Welsh Smith. Tani do t\u00eb jem Welsh Smith\u201d, ka th\u00ebn\u00eb ylli.<\/p>\n<p>P\u00ebr m\u00eb tep\u00ebr, u zbulua se edhe vendbanimi i n\u00ebn\u00ebs s\u00eb tij ka lidhje me Uellsin. Gazetarja shpjegoi se Bryn Mawr, vendi ku ajo jeton, do t\u00eb thot\u00eb \u201cKodra e Madhe\u201d n\u00eb gjuh\u00ebn uellsiane.<\/p>\n<p>\u201c\u2018Mawr\u2019 do t\u00eb thot\u00eb e madhe, dhe \u2018Bryn\u2019 do t\u00eb thot\u00eb kod\u00ebr. Pra ti jeton n\u00eb \u2018Kodr\u00ebn e Madhe\u2019\u201d, i ka th\u00ebn\u00eb gazetarja.<\/p>\n<p>Smith u k\u00ebnaq nga ky \u201czbulim\u201d dhe shp\u00ebrtheu n\u00eb t\u00eb qeshura.<br \/>\n\u201cKodra e Madhe! Big Will jeton n\u00eb Kodr\u00ebn e Madhe. \u00cbsht\u00eb \u00e7menduri! Kodra e Madhe. Big Will. Big still\u201d,  \u00ebsht\u00eb shprehur tutje ai.<\/p>\n<p>Aktori do t\u00eb vizitoj\u00eb p\u00ebr her\u00eb t\u00eb par\u00eb Uellsin m\u00eb 25 gusht, kur do t\u00eb performoj\u00eb n\u00eb Cardiff Castle si pjes\u00eb e turneut t\u00eb tij n\u00eb Mbret\u00ebrin\u00eb e Bashkuar.<\/p>\n<p>Gazetarja Lucy i tregoi gjithashtu se k\u00ebng\u00ebtari legjendar Sir Tom Jones do t\u00eb performoj\u00eb n\u00eb t\u00eb nj\u00ebjtin vend disa dit\u00eb para tij, duke i th\u00ebn\u00eb me humor: \u201cAi n\u00eb fakt do ta \u2018ngroh\u2019 publikun para performanc\u00ebs t\u00ebnde\u201d.<\/p>\n<p>Will kujtoi bashk\u00ebpunimin e tij me Tom Jones n\u00eb serialin \u201cThe Fresh Prince of Bel-Air\u201d.<\/p>\n<p>\u201cIshte madh\u00ebshtore. E di at\u00eb ndjesin\u00eb kur dikush me status ikon\u00eb hyn n\u00eb dhom\u00eb\u2026 kur ai hyri n\u00eb sken\u00eb, publiku reagoi menj\u00ebher\u00eb. Ishte nj\u00eb nga momentet klasike t\u00eb \u2018The Fresh Prince\u2019\u201d, ka th\u00ebn\u00eb ani.<\/p>\n<p><a href=\"https:\/\/vm.tiktok.com\/ZMSt9WrUb\/\">https:\/\/vm.tiktok.com\/ZMSt9WrUb\/<\/a><\/p>\n","protected":false},"excerpt":{"rendered":"<p>Aktori dhe reperi i njohur, Will Smith, ka \u201czbuluar\u201d di\u00e7ka befasuese: se ai ka lidhje me Uellsin dhe madje ka b\u00ebr\u00eb shaka se mund ta ndryshoj\u00eb emrin n\u00eb \u201cWelsh Smith\u201d. 56-vje\u00e7ari e zbuloi k\u00ebt\u00eb gjat\u00eb nj\u00eb interviste n\u00eb BBC Radio Wales, kur gazetarja Lucy Owen i tregoi se lagjja e tij e lindjes, Wynnefield n\u00eb [&hellip;]<\/p>\n","protected":false},"author":8,"featured_media":20973,"comment_status":"closed","ping_status":"closed","sticky":false,"template":"","format":"standard","meta":{"footnotes":""},"categories":[238],"tags":[],"class_list":["post-20972","post","type-post","status-publish","format-standard","has-post-thumbnail","hentry","category-showbiz"],"yoast_head":"<!-- This site is optimized with the Yoast SEO plugin v25.1 - https:\/\/yoast.com\/wordpress\/plugins\/seo\/ -->\n<title>Will Smith \u201czbulon\u201d rr\u00ebnj\u00ebt e tij nga Uellsi - press7.tv<\/title>\n<meta name=\"robots\" content=\"index, follow, max-snippet:-1, max-image-preview:large, max-video-preview:-1\" \/>\n<link rel=\"canonical\" href=\"https:\/\/www.press7.tv\/?p=20972\" \/>\n<meta property=\"og:locale\" content=\"en_US\" \/>\n<meta property=\"og:type\" content=\"article\" \/>\n<meta property=\"og:title\" content=\"Will Smith \u201czbulon\u201d rr\u00ebnj\u00ebt e tij nga Uellsi - press7.tv\" \/>\n<meta property=\"og:description\" content=\"Aktori dhe reperi i njohur, Will Smith, ka \u201czbuluar\u201d di\u00e7ka befasuese: se ai ka lidhje me Uellsin dhe madje ka b\u00ebr\u00eb shaka se mund ta ndryshoj\u00eb emrin n\u00eb \u201cWelsh Smith\u201d. 56-vje\u00e7ari e zbuloi k\u00ebt\u00eb gjat\u00eb nj\u00eb interviste n\u00eb BBC Radio Wales, kur gazetarja Lucy Owen i tregoi se lagjja e tij e lindjes, Wynnefield n\u00eb [&hellip;]\" \/>\n<meta property=\"og:url\" content=\"https:\/\/www.press7.tv\/?p=20972\" \/>\n<meta property=\"og:site_name\" content=\"press7.tv\" \/>\n<meta property=\"article:publisher\" content=\"https:\/\/www.facebook.com\/press7.tv\" \/>\n<meta property=\"article:published_time\" content=\"2025-07-18T12:46:03+00:00\" \/>\n<meta property=\"og:image\" content=\"https:\/\/www.press7.tv\/wp-content\/uploads\/2025\/07\/IMG_6360.avif\" \/>\n\t<meta property=\"og:image:width\" content=\"1360\" \/>\n\t<meta property=\"og:image:height\" content=\"870\" \/>\n\t<meta property=\"og:image:type\" content=\"image\/webp\" \/>\n<meta name=\"author\" content=\"gazetar2\" \/>\n<meta name=\"twitter:card\" content=\"summary_large_image\" \/>\n<meta name=\"twitter:label1\" content=\"Written by\" \/>\n\t<meta name=\"twitter:data1\" content=\"gazetar2\" \/>\n\t<meta name=\"twitter:label2\" content=\"Est. reading time\" \/>\n\t<meta name=\"twitter:data2\" content=\"1 minute\" \/>\n<script type=\"application\/ld+json\" class=\"yoast-schema-graph\">{\"@context\":\"https:\/\/schema.org\",\"@graph\":[{\"@type\":\"Article\",\"@id\":\"https:\/\/www.press7.tv\/?p=20972#article\",\"isPartOf\":{\"@id\":\"https:\/\/www.press7.tv\/?p=20972\"},\"author\":{\"name\":\"gazetar2\",\"@id\":\"https:\/\/www.news33.tv\/#\/schema\/person\/5a04a38a23ccdba82f9bd665cd8f9efa\"},\"headline\":\"Will Smith \u201czbulon\u201d rr\u00ebnj\u00ebt e tij nga Uellsi\",\"datePublished\":\"2025-07-18T12:46:03+00:00\",\"mainEntityOfPage\":{\"@id\":\"https:\/\/www.press7.tv\/?p=20972\"},\"wordCount\":406,\"publisher\":{\"@id\":\"https:\/\/www.news33.tv\/#organization\"},\"image\":{\"@id\":\"https:\/\/www.press7.tv\/?p=20972#primaryimage\"},\"thumbnailUrl\":\"https:\/\/www.press7.tv\/wp-content\/uploads\/2025\/07\/IMG_6360.avif\",\"articleSection\":[\"ShowBiz\"],\"inLanguage\":\"en-US\"},{\"@type\":\"WebPage\",\"@id\":\"https:\/\/www.press7.tv\/?p=20972\",\"url\":\"https:\/\/www.press7.tv\/?p=20972\",\"name\":\"Will Smith \u201czbulon\u201d rr\u00ebnj\u00ebt e tij nga Uellsi - press7.tv\",\"isPartOf\":{\"@id\":\"https:\/\/www.news33.tv\/#website\"},\"primaryImageOfPage\":{\"@id\":\"https:\/\/www.press7.tv\/?p=20972#primaryimage\"},\"image\":{\"@id\":\"https:\/\/www.press7.tv\/?p=20972#primaryimage\"},\"thumbnailUrl\":\"https:\/\/www.press7.tv\/wp-content\/uploads\/2025\/07\/IMG_6360.avif\",\"datePublished\":\"2025-07-18T12:46:03+00:00\",\"breadcrumb\":{\"@id\":\"https:\/\/www.press7.tv\/?p=20972#breadcrumb\"},\"inLanguage\":\"en-US\",\"potentialAction\":[{\"@type\":\"ReadAction\",\"target\":[\"https:\/\/www.press7.tv\/?p=20972\"]}]},{\"@type\":\"ImageObject\",\"inLanguage\":\"en-US\",\"@id\":\"https:\/\/www.press7.tv\/?p=20972#primaryimage\",\"url\":\"https:\/\/www.press7.tv\/wp-content\/uploads\/2025\/07\/IMG_6360.avif\",\"contentUrl\":\"https:\/\/www.press7.tv\/wp-content\/uploads\/2025\/07\/IMG_6360.avif\",\"width\":1360,\"height\":870},{\"@type\":\"BreadcrumbList\",\"@id\":\"https:\/\/www.press7.tv\/?p=20972#breadcrumb\",\"itemListElement\":[{\"@type\":\"ListItem\",\"position\":1,\"name\":\"Home\",\"item\":\"https:\/\/www.press7.tv\/\"},{\"@type\":\"ListItem\",\"position\":2,\"name\":\"Will Smith \u201czbulon\u201d rr\u00ebnj\u00ebt e tij nga Uellsi\"}]},{\"@type\":\"WebSite\",\"@id\":\"https:\/\/www.news33.tv\/#website\",\"url\":\"https:\/\/www.news33.tv\/\",\"name\":\"News33.tv Media\",\"description\":\"Media\",\"publisher\":{\"@id\":\"https:\/\/www.news33.tv\/#organization\"},\"potentialAction\":[{\"@type\":\"SearchAction\",\"target\":{\"@type\":\"EntryPoint\",\"urlTemplate\":\"https:\/\/www.news33.tv\/?s={search_term_string}\"},\"query-input\":{\"@type\":\"PropertyValueSpecification\",\"valueRequired\":true,\"valueName\":\"search_term_string\"}}],\"inLanguage\":\"en-US\"},{\"@type\":\"Organization\",\"@id\":\"https:\/\/www.news33.tv\/#organization\",\"name\":\"News33.tv Media\",\"url\":\"https:\/\/www.news33.tv\/\",\"logo\":{\"@type\":\"ImageObject\",\"inLanguage\":\"en-US\",\"@id\":\"https:\/\/www.news33.tv\/#\/schema\/logo\/image\/\",\"url\":\"https:\/\/www.press7.tv\/wp-content\/uploads\/2024\/02\/logo-news33-black.png\",\"contentUrl\":\"https:\/\/www.press7.tv\/wp-content\/uploads\/2024\/02\/logo-news33-black.png\",\"width\":180,\"height\":37,\"caption\":\"News33.tv Media\"},\"image\":{\"@id\":\"https:\/\/www.news33.tv\/#\/schema\/logo\/image\/\"},\"sameAs\":[\"https:\/\/www.facebook.com\/press7.tv\"]},{\"@type\":\"Person\",\"@id\":\"https:\/\/www.news33.tv\/#\/schema\/person\/5a04a38a23ccdba82f9bd665cd8f9efa\",\"name\":\"gazetar2\",\"image\":{\"@type\":\"ImageObject\",\"inLanguage\":\"en-US\",\"@id\":\"https:\/\/www.news33.tv\/#\/schema\/person\/image\/\",\"url\":\"https:\/\/www.press7.tv\/wp-content\/litespeed\/avatar\/41975e402c3049d9ddb03adca8f7a883.jpg?ver=1777169572\",\"contentUrl\":\"https:\/\/www.press7.tv\/wp-content\/litespeed\/avatar\/41975e402c3049d9ddb03adca8f7a883.jpg?ver=1777169572\",\"caption\":\"gazetar2\"},\"url\":\"https:\/\/www.press7.tv\/?author=8\"}]}<\/script>\n<!-- \/ Yoast SEO plugin. -->","yoast_head_json":{"title":"Will Smith \u201czbulon\u201d rr\u00ebnj\u00ebt e tij nga Uellsi - press7.tv","robots":{"index":"index","follow":"follow","max-snippet":"max-snippet:-1","max-image-preview":"max-image-preview:large","max-video-preview":"max-video-preview:-1"},"canonical":"https:\/\/www.press7.tv\/?p=20972","og_locale":"en_US","og_type":"article","og_title":"Will Smith \u201czbulon\u201d rr\u00ebnj\u00ebt e tij nga Uellsi - press7.tv","og_description":"Aktori dhe reperi i njohur, Will Smith, ka \u201czbuluar\u201d di\u00e7ka befasuese: se ai ka lidhje me Uellsin dhe madje ka b\u00ebr\u00eb shaka se mund ta ndryshoj\u00eb emrin n\u00eb \u201cWelsh Smith\u201d. 56-vje\u00e7ari e zbuloi k\u00ebt\u00eb gjat\u00eb nj\u00eb interviste n\u00eb BBC Radio Wales, kur gazetarja Lucy Owen i tregoi se lagjja e tij e lindjes, Wynnefield n\u00eb [&hellip;]","og_url":"https:\/\/www.press7.tv\/?p=20972","og_site_name":"press7.tv","article_publisher":"https:\/\/www.facebook.com\/press7.tv","article_published_time":"2025-07-18T12:46:03+00:00","og_image":[{"width":1360,"height":870,"url":"https:\/\/www.press7.tv\/wp-content\/uploads\/2025\/07\/IMG_6360.avif","type":"image\/webp"}],"author":"gazetar2","twitter_card":"summary_large_image","twitter_misc":{"Written by":"gazetar2","Est. reading time":"1 minute"},"schema":{"@context":"https:\/\/schema.org","@graph":[{"@type":"Article","@id":"https:\/\/www.press7.tv\/?p=20972#article","isPartOf":{"@id":"https:\/\/www.press7.tv\/?p=20972"},"author":{"name":"gazetar2","@id":"https:\/\/www.news33.tv\/#\/schema\/person\/5a04a38a23ccdba82f9bd665cd8f9efa"},"headline":"Will Smith \u201czbulon\u201d rr\u00ebnj\u00ebt e tij nga Uellsi","datePublished":"2025-07-18T12:46:03+00:00","mainEntityOfPage":{"@id":"https:\/\/www.press7.tv\/?p=20972"},"wordCount":406,"publisher":{"@id":"https:\/\/www.news33.tv\/#organization"},"image":{"@id":"https:\/\/www.press7.tv\/?p=20972#primaryimage"},"thumbnailUrl":"https:\/\/www.press7.tv\/wp-content\/uploads\/2025\/07\/IMG_6360.avif","articleSection":["ShowBiz"],"inLanguage":"en-US"},{"@type":"WebPage","@id":"https:\/\/www.press7.tv\/?p=20972","url":"https:\/\/www.press7.tv\/?p=20972","name":"Will Smith \u201czbulon\u201d rr\u00ebnj\u00ebt e tij nga Uellsi - press7.tv","isPartOf":{"@id":"https:\/\/www.news33.tv\/#website"},"primaryImageOfPage":{"@id":"https:\/\/www.press7.tv\/?p=20972#primaryimage"},"image":{"@id":"https:\/\/www.press7.tv\/?p=20972#primaryimage"},"thumbnailUrl":"https:\/\/www.press7.tv\/wp-content\/uploads\/2025\/07\/IMG_6360.avif","datePublished":"2025-07-18T12:46:03+00:00","breadcrumb":{"@id":"https:\/\/www.press7.tv\/?p=20972#breadcrumb"},"inLanguage":"en-US","potentialAction":[{"@type":"ReadAction","target":["https:\/\/www.press7.tv\/?p=20972"]}]},{"@type":"ImageObject","inLanguage":"en-US","@id":"https:\/\/www.press7.tv\/?p=20972#primaryimage","url":"https:\/\/www.press7.tv\/wp-content\/uploads\/2025\/07\/IMG_6360.avif","contentUrl":"https:\/\/www.press7.tv\/wp-content\/uploads\/2025\/07\/IMG_6360.avif","width":1360,"height":870},{"@type":"BreadcrumbList","@id":"https:\/\/www.press7.tv\/?p=20972#breadcrumb","itemListElement":[{"@type":"ListItem","position":1,"name":"Home","item":"https:\/\/www.press7.tv\/"},{"@type":"ListItem","position":2,"name":"Will Smith \u201czbulon\u201d rr\u00ebnj\u00ebt e tij nga Uellsi"}]},{"@type":"WebSite","@id":"https:\/\/www.news33.tv\/#website","url":"https:\/\/www.news33.tv\/","name":"News33.tv Media","description":"Media","publisher":{"@id":"https:\/\/www.news33.tv\/#organization"},"potentialAction":[{"@type":"SearchAction","target":{"@type":"EntryPoint","urlTemplate":"https:\/\/www.news33.tv\/?s={search_term_string}"},"query-input":{"@type":"PropertyValueSpecification","valueRequired":true,"valueName":"search_term_string"}}],"inLanguage":"en-US"},{"@type":"Organization","@id":"https:\/\/www.news33.tv\/#organization","name":"News33.tv Media","url":"https:\/\/www.news33.tv\/","logo":{"@type":"ImageObject","inLanguage":"en-US","@id":"https:\/\/www.news33.tv\/#\/schema\/logo\/image\/","url":"https:\/\/www.press7.tv\/wp-content\/uploads\/2024\/02\/logo-news33-black.png","contentUrl":"https:\/\/www.press7.tv\/wp-content\/uploads\/2024\/02\/logo-news33-black.png","width":180,"height":37,"caption":"News33.tv Media"},"image":{"@id":"https:\/\/www.news33.tv\/#\/schema\/logo\/image\/"},"sameAs":["https:\/\/www.facebook.com\/press7.tv"]},{"@type":"Person","@id":"https:\/\/www.news33.tv\/#\/schema\/person\/5a04a38a23ccdba82f9bd665cd8f9efa","name":"gazetar2","image":{"@type":"ImageObject","inLanguage":"en-US","@id":"https:\/\/www.news33.tv\/#\/schema\/person\/image\/","url":"https:\/\/www.press7.tv\/wp-content\/litespeed\/avatar\/41975e402c3049d9ddb03adca8f7a883.jpg?ver=1777169572","contentUrl":"https:\/\/www.press7.tv\/wp-content\/litespeed\/avatar\/41975e402c3049d9ddb03adca8f7a883.jpg?ver=1777169572","caption":"gazetar2"},"url":"https:\/\/www.press7.tv\/?author=8"}]}},"amp_enabled":true,"_links":{"self":[{"href":"https:\/\/www.press7.tv\/index.php?rest_route=\/wp\/v2\/posts\/20972","targetHints":{"allow":["GET"]}}],"collection":[{"href":"https:\/\/www.press7.tv\/index.php?rest_route=\/wp\/v2\/posts"}],"about":[{"href":"https:\/\/www.press7.tv\/index.php?rest_route=\/wp\/v2\/types\/post"}],"author":[{"embeddable":true,"href":"https:\/\/www.press7.tv\/index.php?rest_route=\/wp\/v2\/users\/8"}],"replies":[{"embeddable":true,"href":"https:\/\/www.press7.tv\/index.php?rest_route=%2Fwp%2Fv2%2Fcomments&post=20972"}],"version-history":[{"count":1,"href":"https:\/\/www.press7.tv\/index.php?rest_route=\/wp\/v2\/posts\/20972\/revisions"}],"predecessor-version":[{"id":20974,"href":"https:\/\/www.press7.tv\/index.php?rest_route=\/wp\/v2\/posts\/20972\/revisions\/20974"}],"wp:featuredmedia":[{"embeddable":true,"href":"https:\/\/www.press7.tv\/index.php?rest_route=\/wp\/v2\/media\/20973"}],"wp:attachment":[{"href":"https:\/\/www.press7.tv\/index.php?rest_route=%2Fwp%2Fv2%2Fmedia&parent=20972"}],"wp:term":[{"taxonomy":"category","embeddable":true,"href":"https:\/\/www.press7.tv\/index.php?rest_route=%2Fwp%2Fv2%2Fcategories&post=20972"},{"taxonomy":"post_tag","embeddable":true,"href":"https:\/\/www.press7.tv\/index.php?rest_route=%2Fwp%2Fv2%2Ftags&post=20972"}],"curies":[{"name":"wp","href":"https:\/\/api.w.org\/{rel}","templated":true}]}}