{"id":20969,"date":"2025-07-18T11:39:35","date_gmt":"2025-07-18T11:39:35","guid":{"rendered":"https:\/\/www.press7.tv\/?p=20969"},"modified":"2025-07-18T11:39:35","modified_gmt":"2025-07-18T11:39:35","slug":"ne-moshen-52-vjecare-ndahet-nga-jeta-aktori-i-famshem-i-telenovelave-turke","status":"publish","type":"post","link":"https:\/\/www.press7.tv\/?p=20969","title":{"rendered":"N\u00eb mosh\u00ebn 52-vje\u00e7are, ndahet nga jeta aktori i famsh\u00ebm i telenovelave turke"},"content":{"rendered":"\n    <div class=\"xs_social_share_widget xs_share_url before_content \t\tmain_content  wslu-style-2 wslu-share-box-shaped wslu-fill-colored wslu-share-m-5 wslu-none wslu-share-vertical wslu-theme-font-no wslu-main_content\">\n\n\t\t\n        <ul>\n\t\t\t        <\/ul>\n    <\/div> \n<p>Aktori i njohur turk Emre T\u00f6r\u00fcn ka nd\u00ebrruar jet\u00eb m\u00eb 16 korrik, pas nj\u00eb lufte t\u00eb gjat\u00eb me s\u00ebmundjen e kancerit. Artisti 52-vje\u00e7ar la pas nj\u00eb karrier\u00eb t\u00eb pasur n\u00eb teat\u00ebr, televizion dhe kinematografi, duke l\u00ebn\u00eb gjurm\u00eb n\u00eb nj\u00eb s\u00ebr\u00eb produksionesh t\u00eb njohura.<\/p>\n<p>Aktori turk ka qen\u00eb i njohur edhe p\u00ebr publikun shqiptar. Ai njihet n\u00ebp\u00ebrmjet serialit D\u00fcnyaya H\u00fck\u00fcmdar Olmaz (Familja e Madhe) ku fitoi popullaritet me rolin e Nevzat \u00c7ank\u0131r\u0131l\u0131, n\u00eb Tring n\u00eb serialin \u00dc\u00e7 K\u0131z Karde\u015f\u201d (Tri mortrat) dhe jo vet\u00ebm.<\/p>\n<p>N\u00eb kujtim t\u00eb tij, k\u00ebt\u00eb t\u00eb enjte u mbajt nj\u00eb ceremoni p\u00ebrkujtimore ku mor\u00ebn pjes\u00eb familjar\u00eb, koleg\u00eb dhe dashamir\u00ebs t\u00eb artit, t\u00eb cil\u00ebt i dhan\u00eb lamtumir\u00ebn e fundit aktorit me emocione dhe lot. Nj\u00eb nga momentet prek\u00ebse ishte kur vajza 15-vje\u00e7are e Emre T\u00f6r\u00fcn, Delfin, p\u00ebrqafoi arkivolin e babait t\u00eb saj dhe derdhi lot.<\/p>\n<p><a href=\"https:\/\/www.instagram.com\/muhur_magazin\/?utm_source=ig_embed&#038;ig_rid=27b6af9d-4029-487e-b92d-b123a4f44955&#038;ig_mid=64797A55-709B-4799-8D91-ED577496796B\">https:\/\/www.instagram.com\/muhur_magazin\/?utm_source=ig_embed&#038;ig_rid=27b6af9d-4029-487e-b92d-b123a4f44955&#038;ig_mid=64797A55-709B-4799-8D91-ED577496796B<\/a><\/p>\n<p>Gruaja e tij, Nurkan T\u00f6r\u00fcn, dhe n\u00ebna e Emre T\u00f6r\u00fcn, nuk mund\u00ebn t\u00eb p\u00ebrmbanin dhimbjen, nd\u00ebrsa t\u00eb pranishmit u p\u00ebrpoq\u00ebn t\u2019i mb\u00ebshtesin n\u00eb k\u00ebt\u00eb moment t\u00eb v\u00ebshtir\u00eb. Ceremonia u pasua nga varrimi n\u00eb varrezat e Karacaahmet.<\/p>\n<p>Artist\u00eb t\u00eb njohur, p\u00ebrfshir\u00eb aktor\u00ebt Erkan Bekta\u015f dhe M\u00fcjde Uzman, mor\u00ebn pjes\u00eb n\u00eb homazhe, duke nderuar figur\u00ebn dhe trash\u00ebgimin\u00eb artistike t\u00eb T\u00f6r\u00fcn. M\u00fcjde Uzman u pa tep\u00ebr e prekur gjat\u00eb fjalimeve dhe momenteve t\u00eb ndjera t\u00eb ceremonis\u00eb.<\/p>\n","protected":false},"excerpt":{"rendered":"<p>Aktori i njohur turk Emre T\u00f6r\u00fcn ka nd\u00ebrruar jet\u00eb m\u00eb 16 korrik, pas nj\u00eb lufte t\u00eb gjat\u00eb me s\u00ebmundjen e kancerit. Artisti 52-vje\u00e7ar la pas nj\u00eb karrier\u00eb t\u00eb pasur n\u00eb teat\u00ebr, televizion dhe kinematografi, duke l\u00ebn\u00eb gjurm\u00eb n\u00eb nj\u00eb s\u00ebr\u00eb produksionesh t\u00eb njohura. Aktori turk ka qen\u00eb i njohur edhe p\u00ebr publikun shqiptar. Ai njihet [&hellip;]<\/p>\n","protected":false},"author":8,"featured_media":20970,"comment_status":"closed","ping_status":"closed","sticky":false,"template":"","format":"standard","meta":{"footnotes":""},"categories":[238],"tags":[],"class_list":["post-20969","post","type-post","status-publish","format-standard","has-post-thumbnail","hentry","category-showbiz"],"yoast_head":"<!-- This site is optimized with the Yoast SEO plugin v25.1 - https:\/\/yoast.com\/wordpress\/plugins\/seo\/ -->\n<title>N\u00eb mosh\u00ebn 52-vje\u00e7are, ndahet nga jeta aktori i famsh\u00ebm i telenovelave turke - press7.tv<\/title>\n<meta name=\"robots\" content=\"index, follow, max-snippet:-1, max-image-preview:large, max-video-preview:-1\" \/>\n<link rel=\"canonical\" href=\"https:\/\/www.press7.tv\/?p=20969\" \/>\n<meta property=\"og:locale\" content=\"en_US\" \/>\n<meta property=\"og:type\" content=\"article\" \/>\n<meta property=\"og:title\" content=\"N\u00eb mosh\u00ebn 52-vje\u00e7are, ndahet nga jeta aktori i famsh\u00ebm i telenovelave turke - press7.tv\" \/>\n<meta property=\"og:description\" content=\"Aktori i njohur turk Emre T\u00f6r\u00fcn ka nd\u00ebrruar jet\u00eb m\u00eb 16 korrik, pas nj\u00eb lufte t\u00eb gjat\u00eb me s\u00ebmundjen e kancerit. Artisti 52-vje\u00e7ar la pas nj\u00eb karrier\u00eb t\u00eb pasur n\u00eb teat\u00ebr, televizion dhe kinematografi, duke l\u00ebn\u00eb gjurm\u00eb n\u00eb nj\u00eb s\u00ebr\u00eb produksionesh t\u00eb njohura. Aktori turk ka qen\u00eb i njohur edhe p\u00ebr publikun shqiptar. Ai njihet [&hellip;]\" \/>\n<meta property=\"og:url\" content=\"https:\/\/www.press7.tv\/?p=20969\" \/>\n<meta property=\"og:site_name\" content=\"press7.tv\" \/>\n<meta property=\"article:publisher\" content=\"https:\/\/www.facebook.com\/press7.tv\" \/>\n<meta property=\"article:published_time\" content=\"2025-07-18T11:39:35+00:00\" \/>\n<meta property=\"og:image\" content=\"https:\/\/www.press7.tv\/wp-content\/uploads\/2025\/07\/IMG_6357.avif\" \/>\n\t<meta property=\"og:image:width\" content=\"1233\" \/>\n\t<meta property=\"og:image:height\" content=\"731\" \/>\n\t<meta property=\"og:image:type\" content=\"image\/jpeg\" \/>\n<meta name=\"author\" content=\"gazetar2\" \/>\n<meta name=\"twitter:card\" content=\"summary_large_image\" \/>\n<meta name=\"twitter:label1\" content=\"Written by\" \/>\n\t<meta name=\"twitter:data1\" content=\"gazetar2\" \/>\n\t<meta name=\"twitter:label2\" content=\"Est. reading time\" \/>\n\t<meta name=\"twitter:data2\" content=\"1 minute\" \/>\n<script type=\"application\/ld+json\" class=\"yoast-schema-graph\">{\"@context\":\"https:\/\/schema.org\",\"@graph\":[{\"@type\":\"Article\",\"@id\":\"https:\/\/www.press7.tv\/?p=20969#article\",\"isPartOf\":{\"@id\":\"https:\/\/www.press7.tv\/?p=20969\"},\"author\":{\"name\":\"gazetar2\",\"@id\":\"https:\/\/www.news33.tv\/#\/schema\/person\/5a04a38a23ccdba82f9bd665cd8f9efa\"},\"headline\":\"N\u00eb mosh\u00ebn 52-vje\u00e7are, ndahet nga jeta aktori i famsh\u00ebm i telenovelave turke\",\"datePublished\":\"2025-07-18T11:39:35+00:00\",\"mainEntityOfPage\":{\"@id\":\"https:\/\/www.press7.tv\/?p=20969\"},\"wordCount\":305,\"publisher\":{\"@id\":\"https:\/\/www.news33.tv\/#organization\"},\"image\":{\"@id\":\"https:\/\/www.press7.tv\/?p=20969#primaryimage\"},\"thumbnailUrl\":\"https:\/\/www.press7.tv\/wp-content\/uploads\/2025\/07\/IMG_6357.avif\",\"articleSection\":[\"ShowBiz\"],\"inLanguage\":\"en-US\"},{\"@type\":\"WebPage\",\"@id\":\"https:\/\/www.press7.tv\/?p=20969\",\"url\":\"https:\/\/www.press7.tv\/?p=20969\",\"name\":\"N\u00eb mosh\u00ebn 52-vje\u00e7are, ndahet nga jeta aktori i famsh\u00ebm i telenovelave turke - press7.tv\",\"isPartOf\":{\"@id\":\"https:\/\/www.news33.tv\/#website\"},\"primaryImageOfPage\":{\"@id\":\"https:\/\/www.press7.tv\/?p=20969#primaryimage\"},\"image\":{\"@id\":\"https:\/\/www.press7.tv\/?p=20969#primaryimage\"},\"thumbnailUrl\":\"https:\/\/www.press7.tv\/wp-content\/uploads\/2025\/07\/IMG_6357.avif\",\"datePublished\":\"2025-07-18T11:39:35+00:00\",\"breadcrumb\":{\"@id\":\"https:\/\/www.press7.tv\/?p=20969#breadcrumb\"},\"inLanguage\":\"en-US\",\"potentialAction\":[{\"@type\":\"ReadAction\",\"target\":[\"https:\/\/www.press7.tv\/?p=20969\"]}]},{\"@type\":\"ImageObject\",\"inLanguage\":\"en-US\",\"@id\":\"https:\/\/www.press7.tv\/?p=20969#primaryimage\",\"url\":\"https:\/\/www.press7.tv\/wp-content\/uploads\/2025\/07\/IMG_6357.avif\",\"contentUrl\":\"https:\/\/www.press7.tv\/wp-content\/uploads\/2025\/07\/IMG_6357.avif\",\"width\":1233,\"height\":731,\"caption\":\"Screenshot\"},{\"@type\":\"BreadcrumbList\",\"@id\":\"https:\/\/www.press7.tv\/?p=20969#breadcrumb\",\"itemListElement\":[{\"@type\":\"ListItem\",\"position\":1,\"name\":\"Home\",\"item\":\"https:\/\/www.press7.tv\/\"},{\"@type\":\"ListItem\",\"position\":2,\"name\":\"N\u00eb mosh\u00ebn 52-vje\u00e7are, ndahet nga jeta aktori i famsh\u00ebm i telenovelave turke\"}]},{\"@type\":\"WebSite\",\"@id\":\"https:\/\/www.news33.tv\/#website\",\"url\":\"https:\/\/www.news33.tv\/\",\"name\":\"News33.tv Media\",\"description\":\"Media\",\"publisher\":{\"@id\":\"https:\/\/www.news33.tv\/#organization\"},\"potentialAction\":[{\"@type\":\"SearchAction\",\"target\":{\"@type\":\"EntryPoint\",\"urlTemplate\":\"https:\/\/www.news33.tv\/?s={search_term_string}\"},\"query-input\":{\"@type\":\"PropertyValueSpecification\",\"valueRequired\":true,\"valueName\":\"search_term_string\"}}],\"inLanguage\":\"en-US\"},{\"@type\":\"Organization\",\"@id\":\"https:\/\/www.news33.tv\/#organization\",\"name\":\"News33.tv Media\",\"url\":\"https:\/\/www.news33.tv\/\",\"logo\":{\"@type\":\"ImageObject\",\"inLanguage\":\"en-US\",\"@id\":\"https:\/\/www.news33.tv\/#\/schema\/logo\/image\/\",\"url\":\"https:\/\/www.press7.tv\/wp-content\/uploads\/2024\/02\/logo-news33-black.png\",\"contentUrl\":\"https:\/\/www.press7.tv\/wp-content\/uploads\/2024\/02\/logo-news33-black.png\",\"width\":180,\"height\":37,\"caption\":\"News33.tv Media\"},\"image\":{\"@id\":\"https:\/\/www.news33.tv\/#\/schema\/logo\/image\/\"},\"sameAs\":[\"https:\/\/www.facebook.com\/press7.tv\"]},{\"@type\":\"Person\",\"@id\":\"https:\/\/www.news33.tv\/#\/schema\/person\/5a04a38a23ccdba82f9bd665cd8f9efa\",\"name\":\"gazetar2\",\"image\":{\"@type\":\"ImageObject\",\"inLanguage\":\"en-US\",\"@id\":\"https:\/\/www.news33.tv\/#\/schema\/person\/image\/\",\"url\":\"https:\/\/www.press7.tv\/wp-content\/litespeed\/avatar\/41975e402c3049d9ddb03adca8f7a883.jpg?ver=1777169572\",\"contentUrl\":\"https:\/\/www.press7.tv\/wp-content\/litespeed\/avatar\/41975e402c3049d9ddb03adca8f7a883.jpg?ver=1777169572\",\"caption\":\"gazetar2\"},\"url\":\"https:\/\/www.press7.tv\/?author=8\"}]}<\/script>\n<!-- \/ Yoast SEO plugin. -->","yoast_head_json":{"title":"N\u00eb mosh\u00ebn 52-vje\u00e7are, ndahet nga jeta aktori i famsh\u00ebm i telenovelave turke - press7.tv","robots":{"index":"index","follow":"follow","max-snippet":"max-snippet:-1","max-image-preview":"max-image-preview:large","max-video-preview":"max-video-preview:-1"},"canonical":"https:\/\/www.press7.tv\/?p=20969","og_locale":"en_US","og_type":"article","og_title":"N\u00eb mosh\u00ebn 52-vje\u00e7are, ndahet nga jeta aktori i famsh\u00ebm i telenovelave turke - press7.tv","og_description":"Aktori i njohur turk Emre T\u00f6r\u00fcn ka nd\u00ebrruar jet\u00eb m\u00eb 16 korrik, pas nj\u00eb lufte t\u00eb gjat\u00eb me s\u00ebmundjen e kancerit. Artisti 52-vje\u00e7ar la pas nj\u00eb karrier\u00eb t\u00eb pasur n\u00eb teat\u00ebr, televizion dhe kinematografi, duke l\u00ebn\u00eb gjurm\u00eb n\u00eb nj\u00eb s\u00ebr\u00eb produksionesh t\u00eb njohura. Aktori turk ka qen\u00eb i njohur edhe p\u00ebr publikun shqiptar. Ai njihet [&hellip;]","og_url":"https:\/\/www.press7.tv\/?p=20969","og_site_name":"press7.tv","article_publisher":"https:\/\/www.facebook.com\/press7.tv","article_published_time":"2025-07-18T11:39:35+00:00","og_image":[{"width":1233,"height":731,"url":"https:\/\/www.press7.tv\/wp-content\/uploads\/2025\/07\/IMG_6357.avif","type":"image\/jpeg"}],"author":"gazetar2","twitter_card":"summary_large_image","twitter_misc":{"Written by":"gazetar2","Est. reading time":"1 minute"},"schema":{"@context":"https:\/\/schema.org","@graph":[{"@type":"Article","@id":"https:\/\/www.press7.tv\/?p=20969#article","isPartOf":{"@id":"https:\/\/www.press7.tv\/?p=20969"},"author":{"name":"gazetar2","@id":"https:\/\/www.news33.tv\/#\/schema\/person\/5a04a38a23ccdba82f9bd665cd8f9efa"},"headline":"N\u00eb mosh\u00ebn 52-vje\u00e7are, ndahet nga jeta aktori i famsh\u00ebm i telenovelave turke","datePublished":"2025-07-18T11:39:35+00:00","mainEntityOfPage":{"@id":"https:\/\/www.press7.tv\/?p=20969"},"wordCount":305,"publisher":{"@id":"https:\/\/www.news33.tv\/#organization"},"image":{"@id":"https:\/\/www.press7.tv\/?p=20969#primaryimage"},"thumbnailUrl":"https:\/\/www.press7.tv\/wp-content\/uploads\/2025\/07\/IMG_6357.avif","articleSection":["ShowBiz"],"inLanguage":"en-US"},{"@type":"WebPage","@id":"https:\/\/www.press7.tv\/?p=20969","url":"https:\/\/www.press7.tv\/?p=20969","name":"N\u00eb mosh\u00ebn 52-vje\u00e7are, ndahet nga jeta aktori i famsh\u00ebm i telenovelave turke - press7.tv","isPartOf":{"@id":"https:\/\/www.news33.tv\/#website"},"primaryImageOfPage":{"@id":"https:\/\/www.press7.tv\/?p=20969#primaryimage"},"image":{"@id":"https:\/\/www.press7.tv\/?p=20969#primaryimage"},"thumbnailUrl":"https:\/\/www.press7.tv\/wp-content\/uploads\/2025\/07\/IMG_6357.avif","datePublished":"2025-07-18T11:39:35+00:00","breadcrumb":{"@id":"https:\/\/www.press7.tv\/?p=20969#breadcrumb"},"inLanguage":"en-US","potentialAction":[{"@type":"ReadAction","target":["https:\/\/www.press7.tv\/?p=20969"]}]},{"@type":"ImageObject","inLanguage":"en-US","@id":"https:\/\/www.press7.tv\/?p=20969#primaryimage","url":"https:\/\/www.press7.tv\/wp-content\/uploads\/2025\/07\/IMG_6357.avif","contentUrl":"https:\/\/www.press7.tv\/wp-content\/uploads\/2025\/07\/IMG_6357.avif","width":1233,"height":731,"caption":"Screenshot"},{"@type":"BreadcrumbList","@id":"https:\/\/www.press7.tv\/?p=20969#breadcrumb","itemListElement":[{"@type":"ListItem","position":1,"name":"Home","item":"https:\/\/www.press7.tv\/"},{"@type":"ListItem","position":2,"name":"N\u00eb mosh\u00ebn 52-vje\u00e7are, ndahet nga jeta aktori i famsh\u00ebm i telenovelave turke"}]},{"@type":"WebSite","@id":"https:\/\/www.news33.tv\/#website","url":"https:\/\/www.news33.tv\/","name":"News33.tv Media","description":"Media","publisher":{"@id":"https:\/\/www.news33.tv\/#organization"},"potentialAction":[{"@type":"SearchAction","target":{"@type":"EntryPoint","urlTemplate":"https:\/\/www.news33.tv\/?s={search_term_string}"},"query-input":{"@type":"PropertyValueSpecification","valueRequired":true,"valueName":"search_term_string"}}],"inLanguage":"en-US"},{"@type":"Organization","@id":"https:\/\/www.news33.tv\/#organization","name":"News33.tv Media","url":"https:\/\/www.news33.tv\/","logo":{"@type":"ImageObject","inLanguage":"en-US","@id":"https:\/\/www.news33.tv\/#\/schema\/logo\/image\/","url":"https:\/\/www.press7.tv\/wp-content\/uploads\/2024\/02\/logo-news33-black.png","contentUrl":"https:\/\/www.press7.tv\/wp-content\/uploads\/2024\/02\/logo-news33-black.png","width":180,"height":37,"caption":"News33.tv Media"},"image":{"@id":"https:\/\/www.news33.tv\/#\/schema\/logo\/image\/"},"sameAs":["https:\/\/www.facebook.com\/press7.tv"]},{"@type":"Person","@id":"https:\/\/www.news33.tv\/#\/schema\/person\/5a04a38a23ccdba82f9bd665cd8f9efa","name":"gazetar2","image":{"@type":"ImageObject","inLanguage":"en-US","@id":"https:\/\/www.news33.tv\/#\/schema\/person\/image\/","url":"https:\/\/www.press7.tv\/wp-content\/litespeed\/avatar\/41975e402c3049d9ddb03adca8f7a883.jpg?ver=1777169572","contentUrl":"https:\/\/www.press7.tv\/wp-content\/litespeed\/avatar\/41975e402c3049d9ddb03adca8f7a883.jpg?ver=1777169572","caption":"gazetar2"},"url":"https:\/\/www.press7.tv\/?author=8"}]}},"amp_enabled":true,"_links":{"self":[{"href":"https:\/\/www.press7.tv\/index.php?rest_route=\/wp\/v2\/posts\/20969","targetHints":{"allow":["GET"]}}],"collection":[{"href":"https:\/\/www.press7.tv\/index.php?rest_route=\/wp\/v2\/posts"}],"about":[{"href":"https:\/\/www.press7.tv\/index.php?rest_route=\/wp\/v2\/types\/post"}],"author":[{"embeddable":true,"href":"https:\/\/www.press7.tv\/index.php?rest_route=\/wp\/v2\/users\/8"}],"replies":[{"embeddable":true,"href":"https:\/\/www.press7.tv\/index.php?rest_route=%2Fwp%2Fv2%2Fcomments&post=20969"}],"version-history":[{"count":1,"href":"https:\/\/www.press7.tv\/index.php?rest_route=\/wp\/v2\/posts\/20969\/revisions"}],"predecessor-version":[{"id":20971,"href":"https:\/\/www.press7.tv\/index.php?rest_route=\/wp\/v2\/posts\/20969\/revisions\/20971"}],"wp:featuredmedia":[{"embeddable":true,"href":"https:\/\/www.press7.tv\/index.php?rest_route=\/wp\/v2\/media\/20970"}],"wp:attachment":[{"href":"https:\/\/www.press7.tv\/index.php?rest_route=%2Fwp%2Fv2%2Fmedia&parent=20969"}],"wp:term":[{"taxonomy":"category","embeddable":true,"href":"https:\/\/www.press7.tv\/index.php?rest_route=%2Fwp%2Fv2%2Fcategories&post=20969"},{"taxonomy":"post_tag","embeddable":true,"href":"https:\/\/www.press7.tv\/index.php?rest_route=%2Fwp%2Fv2%2Ftags&post=20969"}],"curies":[{"name":"wp","href":"https:\/\/api.w.org\/{rel}","templated":true}]}}