{"id":20965,"date":"2025-07-17T18:48:40","date_gmt":"2025-07-17T18:48:40","guid":{"rendered":"https:\/\/www.press7.tv\/?p=20965"},"modified":"2025-07-17T18:48:40","modified_gmt":"2025-07-17T18:48:40","slug":"mickoski-duam-te-jemi-anetare-te-be-se-por-jo-me-cdo-kusht","status":"publish","type":"post","link":"https:\/\/www.press7.tv\/?p=20965","title":{"rendered":"Mickoski: Duam t\u00eb jemi an\u00ebtar\u00eb t\u00eb BE-s\u00eb, por jo me \u00e7do kusht"},"content":{"rendered":"\n    <div class=\"xs_social_share_widget xs_share_url before_content \t\tmain_content  wslu-style-2 wslu-share-box-shaped wslu-fill-colored wslu-share-m-5 wslu-none wslu-share-vertical wslu-theme-font-no wslu-main_content\">\n\n\t\t\n        <ul>\n\t\t\t        <\/ul>\n    <\/div> \n<p>Kryetari i Qeveris\u00eb, Hristijan Mickoski, n\u00eb emisionin \u201cVet\u00ebm Intervist\u00eb\u201d n\u00eb Televizionin Kanal 5, p\u00ebrmendi bllokadat nga ana e Bullgaris\u00eb dhe kushtet t\u00eb cilat ia vendosin shtetit p\u00ebr an\u00ebtar\u00ebsim n\u00eb Bashkimin Evropian.<\/p>\n<p>Kryeministri theksoi se Maqedonia nuk do t\u00eb b\u00ebhet an\u00ebtare e BE-s\u00eb me \u00e7do kusht, sepse ky popull dhe shtet kan\u00eb dh\u00ebn\u00eb shum\u00eb gjat\u00eb k\u00ebtyre 30 viteve t\u00eb fundit.<\/p>\n<p>HYPERTEA<br \/>\n\u0421\u0430\u043a\u0430\u0442\u0435 100 \u0433\u043e\u0434\u0438\u043d\u0438? \u0418\u0441\u0447\u0438\u0441\u0442\u0435\u0442\u0435 \u0433\u0438 \u0430\u0440\u0442\u0435\u0440\u0438\u0438\u0442\u0435 \u0432\u0430\u043a\u0430!<br \/>\n\u00d7<br \/>\n\u201eT\u00eb gjith\u00eb jemi p\u00ebr n\u00eb BE dhe t\u00eb gjith\u00eb duam t\u00eb jemi pjes\u00eb e BE-s\u00eb, por jo me \u00e7do kusht. Sepse, po t\u00eb ishte kjo gj\u00ebja e par\u00eb, nuk do t\u00eb kishte asnj\u00eb problem dhe do t\u00eb uleshim dhe do t\u00eb bisedonim. Ky popull, k\u00ebta qytetar\u00eb dhe ky shtet kan\u00eb dh\u00ebn\u00eb shum\u00eb, m\u00eb shum\u00eb se kushdo tjet\u00ebr dhe qytetar\u00ebt jan\u00eb t\u00eb ngopur me nj\u00eb politik\u00eb t\u00eb till\u00eb t\u00eb stilit tani ose kurr\u00eb, dritarja \u00ebsht\u00eb e hapur, ky \u00ebsht\u00eb momentumi, e d\u00ebgjojm\u00eb nga Sollana\u201c, tha Mickoski.<\/p>\n<p>Kryeministri Mickoski tha se k\u00ebto nuk jan\u00eb ndryshimet e para q\u00eb k\u00ebrkohen, duke theksuar se identiteti yn\u00eb \u00ebsht\u00eb ndryshuar, nga flamuri deri te emri, t\u00eb gjitha k\u00ebto jan\u00eb pjes\u00eb e vlerave themelore t\u00eb nj\u00eb identiteti, atribute q\u00eb e p\u00ebrkufizojn\u00eb at\u00eb, duke theksuar se n\u00eb t\u00eb kaluar\u00ebn k\u00ebto atribute jan\u00eb ndryshuar nj\u00eb nga nj\u00eb, nd\u00ebrsa tani, sipas tij, kjo nuk do t\u00eb ndodh\u00eb m\u00eb.<\/p>\n<p>\u201eAjo q\u00eb po b\u00ebjm\u00eb tani do t\u00eb ndikoj\u00eb t\u00eb ardhmen dhe at\u00ebher\u00eb ato gjenerata do t\u00eb gjykojn\u00eb se kush \u00e7far\u00eb ka b\u00ebr\u00eb dhe si ka vepruar\u201c, \u00ebsht\u00eb decid Mickoski.<\/p>\n","protected":false},"excerpt":{"rendered":"<p>Kryetari i Qeveris\u00eb, Hristijan Mickoski, n\u00eb emisionin \u201cVet\u00ebm Intervist\u00eb\u201d n\u00eb Televizionin Kanal 5, p\u00ebrmendi bllokadat nga ana e Bullgaris\u00eb dhe kushtet t\u00eb cilat ia vendosin shtetit p\u00ebr an\u00ebtar\u00ebsim n\u00eb Bashkimin Evropian. Kryeministri theksoi se Maqedonia nuk do t\u00eb b\u00ebhet an\u00ebtare e BE-s\u00eb me \u00e7do kusht, sepse ky popull dhe shtet kan\u00eb dh\u00ebn\u00eb shum\u00eb gjat\u00eb k\u00ebtyre [&hellip;]<\/p>\n","protected":false},"author":8,"featured_media":20966,"comment_status":"closed","ping_status":"closed","sticky":false,"template":"","format":"standard","meta":{"footnotes":""},"categories":[213,214],"tags":[],"class_list":["post-20965","post","type-post","status-publish","format-standard","has-post-thumbnail","hentry","category-lajme","category-maqedoni"],"yoast_head":"<!-- This site is optimized with the Yoast SEO plugin v25.1 - https:\/\/yoast.com\/wordpress\/plugins\/seo\/ -->\n<title>Mickoski: Duam t\u00eb jemi an\u00ebtar\u00eb t\u00eb BE-s\u00eb, por jo me \u00e7do kusht - press7.tv<\/title>\n<meta name=\"robots\" content=\"index, follow, max-snippet:-1, max-image-preview:large, max-video-preview:-1\" \/>\n<link rel=\"canonical\" href=\"https:\/\/www.press7.tv\/?p=20965\" \/>\n<meta property=\"og:locale\" content=\"en_US\" \/>\n<meta property=\"og:type\" content=\"article\" \/>\n<meta property=\"og:title\" content=\"Mickoski: Duam t\u00eb jemi an\u00ebtar\u00eb t\u00eb BE-s\u00eb, por jo me \u00e7do kusht - press7.tv\" \/>\n<meta property=\"og:description\" content=\"Kryetari i Qeveris\u00eb, Hristijan Mickoski, n\u00eb emisionin \u201cVet\u00ebm Intervist\u00eb\u201d n\u00eb Televizionin Kanal 5, p\u00ebrmendi bllokadat nga ana e Bullgaris\u00eb dhe kushtet t\u00eb cilat ia vendosin shtetit p\u00ebr an\u00ebtar\u00ebsim n\u00eb Bashkimin Evropian. Kryeministri theksoi se Maqedonia nuk do t\u00eb b\u00ebhet an\u00ebtare e BE-s\u00eb me \u00e7do kusht, sepse ky popull dhe shtet kan\u00eb dh\u00ebn\u00eb shum\u00eb gjat\u00eb k\u00ebtyre [&hellip;]\" \/>\n<meta property=\"og:url\" content=\"https:\/\/www.press7.tv\/?p=20965\" \/>\n<meta property=\"og:site_name\" content=\"press7.tv\" \/>\n<meta property=\"article:publisher\" content=\"https:\/\/www.facebook.com\/press7.tv\" \/>\n<meta property=\"article:published_time\" content=\"2025-07-17T18:48:40+00:00\" \/>\n<meta property=\"og:image\" content=\"https:\/\/www.press7.tv\/wp-content\/uploads\/2025\/07\/IMG_6350.avif\" \/>\n\t<meta property=\"og:image:width\" content=\"1280\" \/>\n\t<meta property=\"og:image:height\" content=\"761\" \/>\n\t<meta property=\"og:image:type\" content=\"image\/jpeg\" \/>\n<meta name=\"author\" content=\"gazetar2\" \/>\n<meta name=\"twitter:card\" content=\"summary_large_image\" \/>\n<meta name=\"twitter:label1\" content=\"Written by\" \/>\n\t<meta name=\"twitter:data1\" content=\"gazetar2\" \/>\n\t<meta name=\"twitter:label2\" content=\"Est. reading time\" \/>\n\t<meta name=\"twitter:data2\" content=\"1 minute\" \/>\n<script type=\"application\/ld+json\" class=\"yoast-schema-graph\">{\"@context\":\"https:\/\/schema.org\",\"@graph\":[{\"@type\":\"Article\",\"@id\":\"https:\/\/www.press7.tv\/?p=20965#article\",\"isPartOf\":{\"@id\":\"https:\/\/www.press7.tv\/?p=20965\"},\"author\":{\"name\":\"gazetar2\",\"@id\":\"https:\/\/www.news33.tv\/#\/schema\/person\/5a04a38a23ccdba82f9bd665cd8f9efa\"},\"headline\":\"Mickoski: Duam t\u00eb jemi an\u00ebtar\u00eb t\u00eb BE-s\u00eb, por jo me \u00e7do kusht\",\"datePublished\":\"2025-07-17T18:48:40+00:00\",\"mainEntityOfPage\":{\"@id\":\"https:\/\/www.press7.tv\/?p=20965\"},\"wordCount\":280,\"publisher\":{\"@id\":\"https:\/\/www.news33.tv\/#organization\"},\"image\":{\"@id\":\"https:\/\/www.press7.tv\/?p=20965#primaryimage\"},\"thumbnailUrl\":\"https:\/\/www.press7.tv\/wp-content\/uploads\/2025\/07\/IMG_6350.avif\",\"articleSection\":[\"Lajme\",\"Maqedoni\"],\"inLanguage\":\"en-US\"},{\"@type\":\"WebPage\",\"@id\":\"https:\/\/www.press7.tv\/?p=20965\",\"url\":\"https:\/\/www.press7.tv\/?p=20965\",\"name\":\"Mickoski: Duam t\u00eb jemi an\u00ebtar\u00eb t\u00eb BE-s\u00eb, por jo me \u00e7do kusht - press7.tv\",\"isPartOf\":{\"@id\":\"https:\/\/www.news33.tv\/#website\"},\"primaryImageOfPage\":{\"@id\":\"https:\/\/www.press7.tv\/?p=20965#primaryimage\"},\"image\":{\"@id\":\"https:\/\/www.press7.tv\/?p=20965#primaryimage\"},\"thumbnailUrl\":\"https:\/\/www.press7.tv\/wp-content\/uploads\/2025\/07\/IMG_6350.avif\",\"datePublished\":\"2025-07-17T18:48:40+00:00\",\"breadcrumb\":{\"@id\":\"https:\/\/www.press7.tv\/?p=20965#breadcrumb\"},\"inLanguage\":\"en-US\",\"potentialAction\":[{\"@type\":\"ReadAction\",\"target\":[\"https:\/\/www.press7.tv\/?p=20965\"]}]},{\"@type\":\"ImageObject\",\"inLanguage\":\"en-US\",\"@id\":\"https:\/\/www.press7.tv\/?p=20965#primaryimage\",\"url\":\"https:\/\/www.press7.tv\/wp-content\/uploads\/2025\/07\/IMG_6350.avif\",\"contentUrl\":\"https:\/\/www.press7.tv\/wp-content\/uploads\/2025\/07\/IMG_6350.avif\",\"width\":1280,\"height\":761},{\"@type\":\"BreadcrumbList\",\"@id\":\"https:\/\/www.press7.tv\/?p=20965#breadcrumb\",\"itemListElement\":[{\"@type\":\"ListItem\",\"position\":1,\"name\":\"Home\",\"item\":\"https:\/\/www.press7.tv\/\"},{\"@type\":\"ListItem\",\"position\":2,\"name\":\"Mickoski: Duam t\u00eb jemi an\u00ebtar\u00eb t\u00eb BE-s\u00eb, por jo me \u00e7do kusht\"}]},{\"@type\":\"WebSite\",\"@id\":\"https:\/\/www.news33.tv\/#website\",\"url\":\"https:\/\/www.news33.tv\/\",\"name\":\"News33.tv Media\",\"description\":\"Media\",\"publisher\":{\"@id\":\"https:\/\/www.news33.tv\/#organization\"},\"potentialAction\":[{\"@type\":\"SearchAction\",\"target\":{\"@type\":\"EntryPoint\",\"urlTemplate\":\"https:\/\/www.news33.tv\/?s={search_term_string}\"},\"query-input\":{\"@type\":\"PropertyValueSpecification\",\"valueRequired\":true,\"valueName\":\"search_term_string\"}}],\"inLanguage\":\"en-US\"},{\"@type\":\"Organization\",\"@id\":\"https:\/\/www.news33.tv\/#organization\",\"name\":\"News33.tv Media\",\"url\":\"https:\/\/www.news33.tv\/\",\"logo\":{\"@type\":\"ImageObject\",\"inLanguage\":\"en-US\",\"@id\":\"https:\/\/www.news33.tv\/#\/schema\/logo\/image\/\",\"url\":\"https:\/\/www.press7.tv\/wp-content\/uploads\/2024\/02\/logo-news33-black.png\",\"contentUrl\":\"https:\/\/www.press7.tv\/wp-content\/uploads\/2024\/02\/logo-news33-black.png\",\"width\":180,\"height\":37,\"caption\":\"News33.tv Media\"},\"image\":{\"@id\":\"https:\/\/www.news33.tv\/#\/schema\/logo\/image\/\"},\"sameAs\":[\"https:\/\/www.facebook.com\/press7.tv\"]},{\"@type\":\"Person\",\"@id\":\"https:\/\/www.news33.tv\/#\/schema\/person\/5a04a38a23ccdba82f9bd665cd8f9efa\",\"name\":\"gazetar2\",\"image\":{\"@type\":\"ImageObject\",\"inLanguage\":\"en-US\",\"@id\":\"https:\/\/www.news33.tv\/#\/schema\/person\/image\/\",\"url\":\"https:\/\/www.press7.tv\/wp-content\/litespeed\/avatar\/41975e402c3049d9ddb03adca8f7a883.jpg?ver=1777169572\",\"contentUrl\":\"https:\/\/www.press7.tv\/wp-content\/litespeed\/avatar\/41975e402c3049d9ddb03adca8f7a883.jpg?ver=1777169572\",\"caption\":\"gazetar2\"},\"url\":\"https:\/\/www.press7.tv\/?author=8\"}]}<\/script>\n<!-- \/ Yoast SEO plugin. -->","yoast_head_json":{"title":"Mickoski: Duam t\u00eb jemi an\u00ebtar\u00eb t\u00eb BE-s\u00eb, por jo me \u00e7do kusht - press7.tv","robots":{"index":"index","follow":"follow","max-snippet":"max-snippet:-1","max-image-preview":"max-image-preview:large","max-video-preview":"max-video-preview:-1"},"canonical":"https:\/\/www.press7.tv\/?p=20965","og_locale":"en_US","og_type":"article","og_title":"Mickoski: Duam t\u00eb jemi an\u00ebtar\u00eb t\u00eb BE-s\u00eb, por jo me \u00e7do kusht - press7.tv","og_description":"Kryetari i Qeveris\u00eb, Hristijan Mickoski, n\u00eb emisionin \u201cVet\u00ebm Intervist\u00eb\u201d n\u00eb Televizionin Kanal 5, p\u00ebrmendi bllokadat nga ana e Bullgaris\u00eb dhe kushtet t\u00eb cilat ia vendosin shtetit p\u00ebr an\u00ebtar\u00ebsim n\u00eb Bashkimin Evropian. Kryeministri theksoi se Maqedonia nuk do t\u00eb b\u00ebhet an\u00ebtare e BE-s\u00eb me \u00e7do kusht, sepse ky popull dhe shtet kan\u00eb dh\u00ebn\u00eb shum\u00eb gjat\u00eb k\u00ebtyre [&hellip;]","og_url":"https:\/\/www.press7.tv\/?p=20965","og_site_name":"press7.tv","article_publisher":"https:\/\/www.facebook.com\/press7.tv","article_published_time":"2025-07-17T18:48:40+00:00","og_image":[{"width":1280,"height":761,"url":"https:\/\/www.press7.tv\/wp-content\/uploads\/2025\/07\/IMG_6350.avif","type":"image\/jpeg"}],"author":"gazetar2","twitter_card":"summary_large_image","twitter_misc":{"Written by":"gazetar2","Est. reading time":"1 minute"},"schema":{"@context":"https:\/\/schema.org","@graph":[{"@type":"Article","@id":"https:\/\/www.press7.tv\/?p=20965#article","isPartOf":{"@id":"https:\/\/www.press7.tv\/?p=20965"},"author":{"name":"gazetar2","@id":"https:\/\/www.news33.tv\/#\/schema\/person\/5a04a38a23ccdba82f9bd665cd8f9efa"},"headline":"Mickoski: Duam t\u00eb jemi an\u00ebtar\u00eb t\u00eb BE-s\u00eb, por jo me \u00e7do kusht","datePublished":"2025-07-17T18:48:40+00:00","mainEntityOfPage":{"@id":"https:\/\/www.press7.tv\/?p=20965"},"wordCount":280,"publisher":{"@id":"https:\/\/www.news33.tv\/#organization"},"image":{"@id":"https:\/\/www.press7.tv\/?p=20965#primaryimage"},"thumbnailUrl":"https:\/\/www.press7.tv\/wp-content\/uploads\/2025\/07\/IMG_6350.avif","articleSection":["Lajme","Maqedoni"],"inLanguage":"en-US"},{"@type":"WebPage","@id":"https:\/\/www.press7.tv\/?p=20965","url":"https:\/\/www.press7.tv\/?p=20965","name":"Mickoski: Duam t\u00eb jemi an\u00ebtar\u00eb t\u00eb BE-s\u00eb, por jo me \u00e7do kusht - press7.tv","isPartOf":{"@id":"https:\/\/www.news33.tv\/#website"},"primaryImageOfPage":{"@id":"https:\/\/www.press7.tv\/?p=20965#primaryimage"},"image":{"@id":"https:\/\/www.press7.tv\/?p=20965#primaryimage"},"thumbnailUrl":"https:\/\/www.press7.tv\/wp-content\/uploads\/2025\/07\/IMG_6350.avif","datePublished":"2025-07-17T18:48:40+00:00","breadcrumb":{"@id":"https:\/\/www.press7.tv\/?p=20965#breadcrumb"},"inLanguage":"en-US","potentialAction":[{"@type":"ReadAction","target":["https:\/\/www.press7.tv\/?p=20965"]}]},{"@type":"ImageObject","inLanguage":"en-US","@id":"https:\/\/www.press7.tv\/?p=20965#primaryimage","url":"https:\/\/www.press7.tv\/wp-content\/uploads\/2025\/07\/IMG_6350.avif","contentUrl":"https:\/\/www.press7.tv\/wp-content\/uploads\/2025\/07\/IMG_6350.avif","width":1280,"height":761},{"@type":"BreadcrumbList","@id":"https:\/\/www.press7.tv\/?p=20965#breadcrumb","itemListElement":[{"@type":"ListItem","position":1,"name":"Home","item":"https:\/\/www.press7.tv\/"},{"@type":"ListItem","position":2,"name":"Mickoski: Duam t\u00eb jemi an\u00ebtar\u00eb t\u00eb BE-s\u00eb, por jo me \u00e7do kusht"}]},{"@type":"WebSite","@id":"https:\/\/www.news33.tv\/#website","url":"https:\/\/www.news33.tv\/","name":"News33.tv Media","description":"Media","publisher":{"@id":"https:\/\/www.news33.tv\/#organization"},"potentialAction":[{"@type":"SearchAction","target":{"@type":"EntryPoint","urlTemplate":"https:\/\/www.news33.tv\/?s={search_term_string}"},"query-input":{"@type":"PropertyValueSpecification","valueRequired":true,"valueName":"search_term_string"}}],"inLanguage":"en-US"},{"@type":"Organization","@id":"https:\/\/www.news33.tv\/#organization","name":"News33.tv Media","url":"https:\/\/www.news33.tv\/","logo":{"@type":"ImageObject","inLanguage":"en-US","@id":"https:\/\/www.news33.tv\/#\/schema\/logo\/image\/","url":"https:\/\/www.press7.tv\/wp-content\/uploads\/2024\/02\/logo-news33-black.png","contentUrl":"https:\/\/www.press7.tv\/wp-content\/uploads\/2024\/02\/logo-news33-black.png","width":180,"height":37,"caption":"News33.tv Media"},"image":{"@id":"https:\/\/www.news33.tv\/#\/schema\/logo\/image\/"},"sameAs":["https:\/\/www.facebook.com\/press7.tv"]},{"@type":"Person","@id":"https:\/\/www.news33.tv\/#\/schema\/person\/5a04a38a23ccdba82f9bd665cd8f9efa","name":"gazetar2","image":{"@type":"ImageObject","inLanguage":"en-US","@id":"https:\/\/www.news33.tv\/#\/schema\/person\/image\/","url":"https:\/\/www.press7.tv\/wp-content\/litespeed\/avatar\/41975e402c3049d9ddb03adca8f7a883.jpg?ver=1777169572","contentUrl":"https:\/\/www.press7.tv\/wp-content\/litespeed\/avatar\/41975e402c3049d9ddb03adca8f7a883.jpg?ver=1777169572","caption":"gazetar2"},"url":"https:\/\/www.press7.tv\/?author=8"}]}},"amp_enabled":true,"_links":{"self":[{"href":"https:\/\/www.press7.tv\/index.php?rest_route=\/wp\/v2\/posts\/20965","targetHints":{"allow":["GET"]}}],"collection":[{"href":"https:\/\/www.press7.tv\/index.php?rest_route=\/wp\/v2\/posts"}],"about":[{"href":"https:\/\/www.press7.tv\/index.php?rest_route=\/wp\/v2\/types\/post"}],"author":[{"embeddable":true,"href":"https:\/\/www.press7.tv\/index.php?rest_route=\/wp\/v2\/users\/8"}],"replies":[{"embeddable":true,"href":"https:\/\/www.press7.tv\/index.php?rest_route=%2Fwp%2Fv2%2Fcomments&post=20965"}],"version-history":[{"count":1,"href":"https:\/\/www.press7.tv\/index.php?rest_route=\/wp\/v2\/posts\/20965\/revisions"}],"predecessor-version":[{"id":20967,"href":"https:\/\/www.press7.tv\/index.php?rest_route=\/wp\/v2\/posts\/20965\/revisions\/20967"}],"wp:featuredmedia":[{"embeddable":true,"href":"https:\/\/www.press7.tv\/index.php?rest_route=\/wp\/v2\/media\/20966"}],"wp:attachment":[{"href":"https:\/\/www.press7.tv\/index.php?rest_route=%2Fwp%2Fv2%2Fmedia&parent=20965"}],"wp:term":[{"taxonomy":"category","embeddable":true,"href":"https:\/\/www.press7.tv\/index.php?rest_route=%2Fwp%2Fv2%2Fcategories&post=20965"},{"taxonomy":"post_tag","embeddable":true,"href":"https:\/\/www.press7.tv\/index.php?rest_route=%2Fwp%2Fv2%2Ftags&post=20965"}],"curies":[{"name":"wp","href":"https:\/\/api.w.org\/{rel}","templated":true}]}}