{"id":20942,"date":"2025-07-16T21:31:16","date_gmt":"2025-07-16T21:31:16","guid":{"rendered":"https:\/\/www.press7.tv\/?p=20942"},"modified":"2025-07-16T21:31:16","modified_gmt":"2025-07-16T21:31:16","slug":"u-cilesua-si-femra-me-e-bukur-shqiptare-keshtu-duket-fytyra-e-adrola-dushit-pa-pik-grimi","status":"publish","type":"post","link":"https:\/\/www.press7.tv\/?p=20942","title":{"rendered":"U cil\u00ebsua si femra m\u00eb e bukur shqiptare, k\u00ebshtu duket fytyra e Adrola Dushit pa pik grimi"},"content":{"rendered":"\n    <div class=\"xs_social_share_widget xs_share_url before_content \t\tmain_content  wslu-style-2 wslu-share-box-shaped wslu-fill-colored wslu-share-m-5 wslu-none wslu-share-vertical wslu-theme-font-no wslu-main_content\">\n\n\t\t\n        <ul>\n\t\t\t        <\/ul>\n    <\/div> \n<p>N\u00eb postimin e saj m\u00eb t\u00eb fundit n\u00eb Instagram, Adrola Dushi ka ndar\u00eb nj\u00eb foto q\u00eb ngjall kuriozitet dhe intrig\u00eb. E shkrepur n\u00eb nj\u00eb pasqyr\u00eb, ajo paraqet nj\u00eb moment reflektimi t\u00eb thjesht\u00eb por t\u00eb ndjer\u00eb, q\u00eb gjithsesi nxjerr n\u00eb pah bukurin\u00eb dhe eleganc\u00ebn e saj natyrore.<\/p>\n<p>Adrola \u00ebsht\u00eb nj\u00eb nga figurat m\u00eb t\u00eb njohura publike p\u00ebr publikun shqiptar. Si ish-Miss Albania, ajo ka ruajtur nj\u00eb ndikim t\u00eb gjer\u00eb n\u00eb industrin\u00eb e mod\u00ebs dhe televizionit. Me bukurin\u00eb dhe linjat e saj trupore t\u00ebrheq\u00ebse, Adrola ka nj\u00eb prezenc\u00eb t\u00eb pal\u00ebkundur dhe gjithnj\u00eb magjeps\u00ebse.<\/p>\n<p>N\u00eb foto, Adrola duket e zhytur n\u00eb mendime, ndoshta duke reflektuar mbi jet\u00ebn dhe karrier\u00ebn. Pse kjo foto po b\u00ebn kaq buj\u00eb mes ndjek\u00ebsve t\u00eb saj? A \u00ebsht\u00eb kjo nj\u00eb shenj\u00eb e nj\u00eb ndryshimi t\u00eb mundsh\u00ebm n\u00eb karrier\u00ebn apo jet\u00ebn personale t\u00eb models? K\u00ebto jan\u00eb pyetje q\u00eb nuk kan\u00eb kaluar pa u v\u00ebn\u00eb re nga admiruesit e saj besnik\u00eb.<\/p>\n<p>Postimi, q\u00eb \u00ebsht\u00eb shoq\u00ebruar me nj\u00eb p\u00ebrshkrim t\u00eb shkurt\u00ebr \u201cLately\u2026\u201d, ka l\u00ebn\u00eb hap\u00ebsir\u00eb p\u00ebr shum\u00eb spekulime. \u00c7far\u00eb ka ndodhur koh\u00ebt e fundit q\u00eb e ka shtyr\u00eb at\u00eb t\u00eb reflektoj\u00eb kaq thell\u00eb? Mos vall\u00eb nj\u00eb projekt i ri po vjen n\u00eb horizont, apo ka t\u00eb b\u00ebj\u00eb me nj\u00eb moment t\u00eb r\u00ebnd\u00ebsish\u00ebm personal q\u00eb po p\u00ebrjeton?<\/p>\n<p>Nj\u00eb nga arsyet q\u00eb e b\u00ebn Adrola t\u00eb dallohet si figur\u00eb publike \u00ebsht\u00eb aft\u00ebsia e saj p\u00ebr t\u00eb komunikuar me audienc\u00ebn, duke p\u00ebrdorur vet\u00ebm imazhe dhe disa fjal\u00eb. Shkrepjet e pasqyruara dhe estetika e past\u00ebr kan\u00eb ndihmuar n\u00eb terheqjen e v\u00ebmendjes dhe komenteve t\u00eb ngrohta.<\/p>\n<p>Adrola Dushi njihet p\u00ebr eleganc\u00ebn e saj t\u00eb pap\u00ebrlyer dhe aft\u00ebsin\u00eb p\u00ebr t\u00eb qen\u00eb gjithmon\u00eb nj\u00eb hap p\u00ebrpara n\u00eb trendet e mod\u00ebs. Kjo foto \u00ebsht\u00eb nj\u00eb d\u00ebshmi tjet\u00ebr e stilit t\u00eb saj unik dhe autenticitetit t\u00eb saj artistik.<\/p>\n<p>\u00c7do foto q\u00eb Adrola ndan b\u00ebhet lajm dhe jo pa arsye; ajo ka nj\u00eb dallim t\u00eb ve\u00e7ant\u00eb n\u00eb p\u00ebrvet\u00ebsimin e nj\u00eb momenti q\u00eb tregon m\u00eb shum\u00eb se sa thjesht bukuri. Ajo reflekton edhe mbi emocionet dhe mendimet e saj t\u00eb brendshme.<\/p>\n<p>Si mendoni ju p\u00ebr k\u00ebt\u00eb foto t\u00eb fundit t\u00eb Adrol\u00ebs? A \u00ebsht\u00eb kjo nj\u00eb sinjal i nj\u00eb projekti t\u00eb ri, apo nj\u00eb ndryshim i madh n\u00eb jet\u00eb? K\u00ebrkojm\u00eb mendimet tuaja p\u00ebr k\u00ebt\u00eb \u00e7\u00ebshtje interesante!<\/p>\n","protected":false},"excerpt":{"rendered":"<p>N\u00eb postimin e saj m\u00eb t\u00eb fundit n\u00eb Instagram, Adrola Dushi ka ndar\u00eb nj\u00eb foto q\u00eb ngjall kuriozitet dhe intrig\u00eb. E shkrepur n\u00eb nj\u00eb pasqyr\u00eb, ajo paraqet nj\u00eb moment reflektimi t\u00eb thjesht\u00eb por t\u00eb ndjer\u00eb, q\u00eb gjithsesi nxjerr n\u00eb pah bukurin\u00eb dhe eleganc\u00ebn e saj natyrore. Adrola \u00ebsht\u00eb nj\u00eb nga figurat m\u00eb t\u00eb njohura publike [&hellip;]<\/p>\n","protected":false},"author":8,"featured_media":20943,"comment_status":"closed","ping_status":"closed","sticky":false,"template":"","format":"standard","meta":{"footnotes":""},"categories":[238],"tags":[],"class_list":["post-20942","post","type-post","status-publish","format-standard","has-post-thumbnail","hentry","category-showbiz"],"yoast_head":"<!-- This site is optimized with the Yoast SEO plugin v25.1 - https:\/\/yoast.com\/wordpress\/plugins\/seo\/ -->\n<title>U cil\u00ebsua si femra m\u00eb e bukur shqiptare, k\u00ebshtu duket fytyra e Adrola Dushit pa pik grimi - press7.tv<\/title>\n<meta name=\"robots\" content=\"index, follow, max-snippet:-1, max-image-preview:large, max-video-preview:-1\" \/>\n<link rel=\"canonical\" href=\"https:\/\/www.press7.tv\/?p=20942\" \/>\n<meta property=\"og:locale\" content=\"en_US\" \/>\n<meta property=\"og:type\" content=\"article\" \/>\n<meta property=\"og:title\" content=\"U cil\u00ebsua si femra m\u00eb e bukur shqiptare, k\u00ebshtu duket fytyra e Adrola Dushit pa pik grimi - press7.tv\" \/>\n<meta property=\"og:description\" content=\"N\u00eb postimin e saj m\u00eb t\u00eb fundit n\u00eb Instagram, Adrola Dushi ka ndar\u00eb nj\u00eb foto q\u00eb ngjall kuriozitet dhe intrig\u00eb. E shkrepur n\u00eb nj\u00eb pasqyr\u00eb, ajo paraqet nj\u00eb moment reflektimi t\u00eb thjesht\u00eb por t\u00eb ndjer\u00eb, q\u00eb gjithsesi nxjerr n\u00eb pah bukurin\u00eb dhe eleganc\u00ebn e saj natyrore. Adrola \u00ebsht\u00eb nj\u00eb nga figurat m\u00eb t\u00eb njohura publike [&hellip;]\" \/>\n<meta property=\"og:url\" content=\"https:\/\/www.press7.tv\/?p=20942\" \/>\n<meta property=\"og:site_name\" content=\"press7.tv\" \/>\n<meta property=\"article:publisher\" content=\"https:\/\/www.facebook.com\/press7.tv\" \/>\n<meta property=\"article:published_time\" content=\"2025-07-16T21:31:16+00:00\" \/>\n<meta property=\"og:image\" content=\"https:\/\/www.press7.tv\/wp-content\/uploads\/2025\/07\/IMG_6322.avif\" \/>\n\t<meta property=\"og:image:width\" content=\"1024\" \/>\n\t<meta property=\"og:image:height\" content=\"576\" \/>\n\t<meta property=\"og:image:type\" content=\"image\/webp\" \/>\n<meta name=\"author\" content=\"gazetar2\" \/>\n<meta name=\"twitter:card\" content=\"summary_large_image\" \/>\n<meta name=\"twitter:label1\" content=\"Written by\" \/>\n\t<meta name=\"twitter:data1\" content=\"gazetar2\" \/>\n\t<meta name=\"twitter:label2\" content=\"Est. reading time\" \/>\n\t<meta name=\"twitter:data2\" content=\"1 minute\" \/>\n<script type=\"application\/ld+json\" class=\"yoast-schema-graph\">{\"@context\":\"https:\/\/schema.org\",\"@graph\":[{\"@type\":\"Article\",\"@id\":\"https:\/\/www.press7.tv\/?p=20942#article\",\"isPartOf\":{\"@id\":\"https:\/\/www.press7.tv\/?p=20942\"},\"author\":{\"name\":\"gazetar2\",\"@id\":\"https:\/\/www.news33.tv\/#\/schema\/person\/5a04a38a23ccdba82f9bd665cd8f9efa\"},\"headline\":\"U cil\u00ebsua si femra m\u00eb e bukur shqiptare, k\u00ebshtu duket fytyra e Adrola Dushit pa pik grimi\",\"datePublished\":\"2025-07-16T21:31:16+00:00\",\"mainEntityOfPage\":{\"@id\":\"https:\/\/www.press7.tv\/?p=20942\"},\"wordCount\":436,\"publisher\":{\"@id\":\"https:\/\/www.news33.tv\/#organization\"},\"image\":{\"@id\":\"https:\/\/www.press7.tv\/?p=20942#primaryimage\"},\"thumbnailUrl\":\"https:\/\/www.press7.tv\/wp-content\/uploads\/2025\/07\/IMG_6322.avif\",\"articleSection\":[\"ShowBiz\"],\"inLanguage\":\"en-US\"},{\"@type\":\"WebPage\",\"@id\":\"https:\/\/www.press7.tv\/?p=20942\",\"url\":\"https:\/\/www.press7.tv\/?p=20942\",\"name\":\"U cil\u00ebsua si femra m\u00eb e bukur shqiptare, k\u00ebshtu duket fytyra e Adrola Dushit pa pik grimi - press7.tv\",\"isPartOf\":{\"@id\":\"https:\/\/www.news33.tv\/#website\"},\"primaryImageOfPage\":{\"@id\":\"https:\/\/www.press7.tv\/?p=20942#primaryimage\"},\"image\":{\"@id\":\"https:\/\/www.press7.tv\/?p=20942#primaryimage\"},\"thumbnailUrl\":\"https:\/\/www.press7.tv\/wp-content\/uploads\/2025\/07\/IMG_6322.avif\",\"datePublished\":\"2025-07-16T21:31:16+00:00\",\"breadcrumb\":{\"@id\":\"https:\/\/www.press7.tv\/?p=20942#breadcrumb\"},\"inLanguage\":\"en-US\",\"potentialAction\":[{\"@type\":\"ReadAction\",\"target\":[\"https:\/\/www.press7.tv\/?p=20942\"]}]},{\"@type\":\"ImageObject\",\"inLanguage\":\"en-US\",\"@id\":\"https:\/\/www.press7.tv\/?p=20942#primaryimage\",\"url\":\"https:\/\/www.press7.tv\/wp-content\/uploads\/2025\/07\/IMG_6322.avif\",\"contentUrl\":\"https:\/\/www.press7.tv\/wp-content\/uploads\/2025\/07\/IMG_6322.avif\",\"width\":1024,\"height\":576},{\"@type\":\"BreadcrumbList\",\"@id\":\"https:\/\/www.press7.tv\/?p=20942#breadcrumb\",\"itemListElement\":[{\"@type\":\"ListItem\",\"position\":1,\"name\":\"Home\",\"item\":\"https:\/\/www.press7.tv\/\"},{\"@type\":\"ListItem\",\"position\":2,\"name\":\"U cil\u00ebsua si femra m\u00eb e bukur shqiptare, k\u00ebshtu duket fytyra e Adrola Dushit pa pik grimi\"}]},{\"@type\":\"WebSite\",\"@id\":\"https:\/\/www.news33.tv\/#website\",\"url\":\"https:\/\/www.news33.tv\/\",\"name\":\"News33.tv Media\",\"description\":\"Media\",\"publisher\":{\"@id\":\"https:\/\/www.news33.tv\/#organization\"},\"potentialAction\":[{\"@type\":\"SearchAction\",\"target\":{\"@type\":\"EntryPoint\",\"urlTemplate\":\"https:\/\/www.news33.tv\/?s={search_term_string}\"},\"query-input\":{\"@type\":\"PropertyValueSpecification\",\"valueRequired\":true,\"valueName\":\"search_term_string\"}}],\"inLanguage\":\"en-US\"},{\"@type\":\"Organization\",\"@id\":\"https:\/\/www.news33.tv\/#organization\",\"name\":\"News33.tv Media\",\"url\":\"https:\/\/www.news33.tv\/\",\"logo\":{\"@type\":\"ImageObject\",\"inLanguage\":\"en-US\",\"@id\":\"https:\/\/www.news33.tv\/#\/schema\/logo\/image\/\",\"url\":\"https:\/\/www.press7.tv\/wp-content\/uploads\/2024\/02\/logo-news33-black.png\",\"contentUrl\":\"https:\/\/www.press7.tv\/wp-content\/uploads\/2024\/02\/logo-news33-black.png\",\"width\":180,\"height\":37,\"caption\":\"News33.tv Media\"},\"image\":{\"@id\":\"https:\/\/www.news33.tv\/#\/schema\/logo\/image\/\"},\"sameAs\":[\"https:\/\/www.facebook.com\/press7.tv\"]},{\"@type\":\"Person\",\"@id\":\"https:\/\/www.news33.tv\/#\/schema\/person\/5a04a38a23ccdba82f9bd665cd8f9efa\",\"name\":\"gazetar2\",\"image\":{\"@type\":\"ImageObject\",\"inLanguage\":\"en-US\",\"@id\":\"https:\/\/www.news33.tv\/#\/schema\/person\/image\/\",\"url\":\"https:\/\/www.press7.tv\/wp-content\/litespeed\/avatar\/41975e402c3049d9ddb03adca8f7a883.jpg?ver=1777169572\",\"contentUrl\":\"https:\/\/www.press7.tv\/wp-content\/litespeed\/avatar\/41975e402c3049d9ddb03adca8f7a883.jpg?ver=1777169572\",\"caption\":\"gazetar2\"},\"url\":\"https:\/\/www.press7.tv\/?author=8\"}]}<\/script>\n<!-- \/ Yoast SEO plugin. -->","yoast_head_json":{"title":"U cil\u00ebsua si femra m\u00eb e bukur shqiptare, k\u00ebshtu duket fytyra e Adrola Dushit pa pik grimi - press7.tv","robots":{"index":"index","follow":"follow","max-snippet":"max-snippet:-1","max-image-preview":"max-image-preview:large","max-video-preview":"max-video-preview:-1"},"canonical":"https:\/\/www.press7.tv\/?p=20942","og_locale":"en_US","og_type":"article","og_title":"U cil\u00ebsua si femra m\u00eb e bukur shqiptare, k\u00ebshtu duket fytyra e Adrola Dushit pa pik grimi - press7.tv","og_description":"N\u00eb postimin e saj m\u00eb t\u00eb fundit n\u00eb Instagram, Adrola Dushi ka ndar\u00eb nj\u00eb foto q\u00eb ngjall kuriozitet dhe intrig\u00eb. E shkrepur n\u00eb nj\u00eb pasqyr\u00eb, ajo paraqet nj\u00eb moment reflektimi t\u00eb thjesht\u00eb por t\u00eb ndjer\u00eb, q\u00eb gjithsesi nxjerr n\u00eb pah bukurin\u00eb dhe eleganc\u00ebn e saj natyrore. Adrola \u00ebsht\u00eb nj\u00eb nga figurat m\u00eb t\u00eb njohura publike [&hellip;]","og_url":"https:\/\/www.press7.tv\/?p=20942","og_site_name":"press7.tv","article_publisher":"https:\/\/www.facebook.com\/press7.tv","article_published_time":"2025-07-16T21:31:16+00:00","og_image":[{"width":1024,"height":576,"url":"https:\/\/www.press7.tv\/wp-content\/uploads\/2025\/07\/IMG_6322.avif","type":"image\/webp"}],"author":"gazetar2","twitter_card":"summary_large_image","twitter_misc":{"Written by":"gazetar2","Est. reading time":"1 minute"},"schema":{"@context":"https:\/\/schema.org","@graph":[{"@type":"Article","@id":"https:\/\/www.press7.tv\/?p=20942#article","isPartOf":{"@id":"https:\/\/www.press7.tv\/?p=20942"},"author":{"name":"gazetar2","@id":"https:\/\/www.news33.tv\/#\/schema\/person\/5a04a38a23ccdba82f9bd665cd8f9efa"},"headline":"U cil\u00ebsua si femra m\u00eb e bukur shqiptare, k\u00ebshtu duket fytyra e Adrola Dushit pa pik grimi","datePublished":"2025-07-16T21:31:16+00:00","mainEntityOfPage":{"@id":"https:\/\/www.press7.tv\/?p=20942"},"wordCount":436,"publisher":{"@id":"https:\/\/www.news33.tv\/#organization"},"image":{"@id":"https:\/\/www.press7.tv\/?p=20942#primaryimage"},"thumbnailUrl":"https:\/\/www.press7.tv\/wp-content\/uploads\/2025\/07\/IMG_6322.avif","articleSection":["ShowBiz"],"inLanguage":"en-US"},{"@type":"WebPage","@id":"https:\/\/www.press7.tv\/?p=20942","url":"https:\/\/www.press7.tv\/?p=20942","name":"U cil\u00ebsua si femra m\u00eb e bukur shqiptare, k\u00ebshtu duket fytyra e Adrola Dushit pa pik grimi - press7.tv","isPartOf":{"@id":"https:\/\/www.news33.tv\/#website"},"primaryImageOfPage":{"@id":"https:\/\/www.press7.tv\/?p=20942#primaryimage"},"image":{"@id":"https:\/\/www.press7.tv\/?p=20942#primaryimage"},"thumbnailUrl":"https:\/\/www.press7.tv\/wp-content\/uploads\/2025\/07\/IMG_6322.avif","datePublished":"2025-07-16T21:31:16+00:00","breadcrumb":{"@id":"https:\/\/www.press7.tv\/?p=20942#breadcrumb"},"inLanguage":"en-US","potentialAction":[{"@type":"ReadAction","target":["https:\/\/www.press7.tv\/?p=20942"]}]},{"@type":"ImageObject","inLanguage":"en-US","@id":"https:\/\/www.press7.tv\/?p=20942#primaryimage","url":"https:\/\/www.press7.tv\/wp-content\/uploads\/2025\/07\/IMG_6322.avif","contentUrl":"https:\/\/www.press7.tv\/wp-content\/uploads\/2025\/07\/IMG_6322.avif","width":1024,"height":576},{"@type":"BreadcrumbList","@id":"https:\/\/www.press7.tv\/?p=20942#breadcrumb","itemListElement":[{"@type":"ListItem","position":1,"name":"Home","item":"https:\/\/www.press7.tv\/"},{"@type":"ListItem","position":2,"name":"U cil\u00ebsua si femra m\u00eb e bukur shqiptare, k\u00ebshtu duket fytyra e Adrola Dushit pa pik grimi"}]},{"@type":"WebSite","@id":"https:\/\/www.news33.tv\/#website","url":"https:\/\/www.news33.tv\/","name":"News33.tv Media","description":"Media","publisher":{"@id":"https:\/\/www.news33.tv\/#organization"},"potentialAction":[{"@type":"SearchAction","target":{"@type":"EntryPoint","urlTemplate":"https:\/\/www.news33.tv\/?s={search_term_string}"},"query-input":{"@type":"PropertyValueSpecification","valueRequired":true,"valueName":"search_term_string"}}],"inLanguage":"en-US"},{"@type":"Organization","@id":"https:\/\/www.news33.tv\/#organization","name":"News33.tv Media","url":"https:\/\/www.news33.tv\/","logo":{"@type":"ImageObject","inLanguage":"en-US","@id":"https:\/\/www.news33.tv\/#\/schema\/logo\/image\/","url":"https:\/\/www.press7.tv\/wp-content\/uploads\/2024\/02\/logo-news33-black.png","contentUrl":"https:\/\/www.press7.tv\/wp-content\/uploads\/2024\/02\/logo-news33-black.png","width":180,"height":37,"caption":"News33.tv Media"},"image":{"@id":"https:\/\/www.news33.tv\/#\/schema\/logo\/image\/"},"sameAs":["https:\/\/www.facebook.com\/press7.tv"]},{"@type":"Person","@id":"https:\/\/www.news33.tv\/#\/schema\/person\/5a04a38a23ccdba82f9bd665cd8f9efa","name":"gazetar2","image":{"@type":"ImageObject","inLanguage":"en-US","@id":"https:\/\/www.news33.tv\/#\/schema\/person\/image\/","url":"https:\/\/www.press7.tv\/wp-content\/litespeed\/avatar\/41975e402c3049d9ddb03adca8f7a883.jpg?ver=1777169572","contentUrl":"https:\/\/www.press7.tv\/wp-content\/litespeed\/avatar\/41975e402c3049d9ddb03adca8f7a883.jpg?ver=1777169572","caption":"gazetar2"},"url":"https:\/\/www.press7.tv\/?author=8"}]}},"amp_enabled":true,"_links":{"self":[{"href":"https:\/\/www.press7.tv\/index.php?rest_route=\/wp\/v2\/posts\/20942","targetHints":{"allow":["GET"]}}],"collection":[{"href":"https:\/\/www.press7.tv\/index.php?rest_route=\/wp\/v2\/posts"}],"about":[{"href":"https:\/\/www.press7.tv\/index.php?rest_route=\/wp\/v2\/types\/post"}],"author":[{"embeddable":true,"href":"https:\/\/www.press7.tv\/index.php?rest_route=\/wp\/v2\/users\/8"}],"replies":[{"embeddable":true,"href":"https:\/\/www.press7.tv\/index.php?rest_route=%2Fwp%2Fv2%2Fcomments&post=20942"}],"version-history":[{"count":1,"href":"https:\/\/www.press7.tv\/index.php?rest_route=\/wp\/v2\/posts\/20942\/revisions"}],"predecessor-version":[{"id":20944,"href":"https:\/\/www.press7.tv\/index.php?rest_route=\/wp\/v2\/posts\/20942\/revisions\/20944"}],"wp:featuredmedia":[{"embeddable":true,"href":"https:\/\/www.press7.tv\/index.php?rest_route=\/wp\/v2\/media\/20943"}],"wp:attachment":[{"href":"https:\/\/www.press7.tv\/index.php?rest_route=%2Fwp%2Fv2%2Fmedia&parent=20942"}],"wp:term":[{"taxonomy":"category","embeddable":true,"href":"https:\/\/www.press7.tv\/index.php?rest_route=%2Fwp%2Fv2%2Fcategories&post=20942"},{"taxonomy":"post_tag","embeddable":true,"href":"https:\/\/www.press7.tv\/index.php?rest_route=%2Fwp%2Fv2%2Ftags&post=20942"}],"curies":[{"name":"wp","href":"https:\/\/api.w.org\/{rel}","templated":true}]}}