{"id":20924,"date":"2025-07-16T10:31:01","date_gmt":"2025-07-16T10:31:01","guid":{"rendered":"https:\/\/www.press7.tv\/?p=20924"},"modified":"2025-07-16T10:31:01","modified_gmt":"2025-07-16T10:31:01","slug":"mexhiti-takimet-koordinuese-me-ekipin-qeveritar-te-vlen-it-jane-te-rregullta-dhe-thelbesore-per-mbarevajtjen-e-punes-sone","status":"publish","type":"post","link":"https:\/\/www.press7.tv\/?p=20924","title":{"rendered":"Mexhiti: Takimet koordinuese me ekipin qeveritar t\u00eb VLEN-it jan\u00eb t\u00eb rregullta dhe thelb\u00ebsore p\u00ebr mbar\u00ebvajtjen e pun\u00ebs son\u00eb"},"content":{"rendered":"\n    <div class=\"xs_social_share_widget xs_share_url before_content \t\tmain_content  wslu-style-2 wslu-share-box-shaped wslu-fill-colored wslu-share-m-5 wslu-none wslu-share-vertical wslu-theme-font-no wslu-main_content\">\n\n\t\t\n        <ul>\n\t\t\t        <\/ul>\n    <\/div> \n<p>Para vendimeve t\u00eb r\u00ebnd\u00ebsishme q\u00eb u mor\u00ebn sot n\u00eb mbledhjen e Qeveris\u00eb, zhvillova nj\u00eb tjet\u00ebr takim koordinues me z\u00ebvend\u00ebskryeministrin, ministrat, z\u00ebvend\u00ebsministrat, z\u00ebdh\u00ebn\u00ebsen e Qeveris\u00eb, koordinatorin e grupit parlamentar t\u00eb VLEN-it dhe bashk\u00ebpun\u00ebtor\u00ebt tan\u00eb t\u00eb af\u00ebrt.<\/p>\n<p>NAUTUBONE<br \/>\n\u0418\u043c\u0430\u0442\u0435 \u0431\u043e\u043b\u043a\u0438 \u0432\u043e \u043a\u043e\u043b\u0435\u043d\u0430 \u0438 \u043a\u043e\u043b\u043a\u043e\u0432\u0438? \u041f\u0440\u043e\u0447\u0438\u0442\u0430\u0458\u0442\u0435 \u043e\u0432\u0430<br \/>\n\u00d7<br \/>\nJemi nj\u00eb ekip me p\u00ebrgjegj\u00ebsi t\u00eb qarta dhe objektiva t\u00eb p\u00ebrbashk\u00ebta. Qeverisja jon\u00eb \u00ebsht\u00eb ndryshe: e drejt\u00eb, transparente dhe e fokusuar te qytetari.<\/p>\n<p>\u00c7do vendim q\u00eb marrim bazohet n\u00eb interesin publik, n\u00eb barazi dhe n\u00eb zhvillim t\u00eb q\u00ebndruesh\u00ebm e afatgjat\u00eb. Nuk b\u00ebjm\u00eb politik\u00eb ditore, ne kemi projekte strategjike q\u00eb tashm\u00eb jan\u00eb n\u00eb l\u00ebvizje.<\/p>\n<p>Pik\u00ebrisht sot, Qeveria nd\u00ebrmori hapa konkret\u00eb drejt p\u00ebrmir\u00ebsimit t\u00eb jet\u00ebs s\u00eb qytetar\u00ebve. P\u00ebrve\u00e7 miratimit t\u00eb projektligjit p\u00ebr Medresen\u00eb dhe Lojrat e Fatit, miratuam edhe:<\/p>\n<p>NAUTUBONE<br \/>\n\u0411\u043e\u043b\u043a\u0430\u0442\u0430 \u0432\u043e \u0437\u0433\u043b\u043e\u0431\u043e\u0432\u0438\u0442\u0435 \u045c\u0435 \u043f\u043e\u043c\u0438\u043d\u0435 \u0437\u0430 3 \u0434\u0435\u043d\u0430! \u041a\u043e\u0440\u0438\u0441\u0442\u0435\u0442\u0435 \u043f\u0440\u0435\u0434 \u0441\u043f\u0438\u0435\u045a\u0435<br \/>\n\u00d7<br \/>\nInformacionin p\u00ebr rekonstruktimin dhe nd\u00ebrtimin e dy pavijoneve t\u00eb reja n\u00eb spitalin e Tetov\u00ebs, spitalin e ri n\u00eb K\u00ebr\u00e7ov\u00eb, si dhe modernizimin e spitalit n\u00eb Shtip, investim prej 205 milion\u00eb euro. T\u00eb gjitha do t\u00eb pajisen me aparatur\u00eb moderne dhe do t\u00eb jen\u00eb pjes\u00eb e procesit t\u00eb digjitalizimit t\u00eb sistemit sh\u00ebndet\u00ebsor.<\/p>\n<p>Informacionin p\u00ebr fillimin e projektit p\u00ebr nd\u00ebrtimin e sistemit t\u00eb uj\u00ebsjell\u00ebsit n\u00eb fshatrat Luboten dhe Lubanc t\u00eb Komun\u00ebs s\u00eb Butelit, me vler\u00eb prej 110.5 milion\u00eb denar\u00eb.<\/p>\n<p>Koordinime si ky i sotmi jan\u00eb garanci se z\u00ebri i shqiptar\u00ebve \u00ebsht\u00eb i pranish\u00ebm dhe vendimtar n\u00eb \u00e7do nivel.<\/p>\n<p>Vazhdojm\u00eb me transparenc\u00eb, seriozitet, vizion dhe p\u00ebrkushtim t\u00eb plot\u00eb. Kjo \u00ebsht\u00eb qeverisja jon\u00eb. Ky \u00ebsht\u00eb VLEN.<\/p>\n","protected":false},"excerpt":{"rendered":"<p>Para vendimeve t\u00eb r\u00ebnd\u00ebsishme q\u00eb u mor\u00ebn sot n\u00eb mbledhjen e Qeveris\u00eb, zhvillova nj\u00eb tjet\u00ebr takim koordinues me z\u00ebvend\u00ebskryeministrin, ministrat, z\u00ebvend\u00ebsministrat, z\u00ebdh\u00ebn\u00ebsen e Qeveris\u00eb, koordinatorin e grupit parlamentar t\u00eb VLEN-it dhe bashk\u00ebpun\u00ebtor\u00ebt tan\u00eb t\u00eb af\u00ebrt. NAUTUBONE \u0418\u043c\u0430\u0442\u0435 \u0431\u043e\u043b\u043a\u0438 \u0432\u043e \u043a\u043e\u043b\u0435\u043d\u0430 \u0438 \u043a\u043e\u043b\u043a\u043e\u0432\u0438? \u041f\u0440\u043e\u0447\u0438\u0442\u0430\u0458\u0442\u0435 \u043e\u0432\u0430 \u00d7 Jemi nj\u00eb ekip me p\u00ebrgjegj\u00ebsi t\u00eb qarta dhe objektiva t\u00eb [&hellip;]<\/p>\n","protected":false},"author":8,"featured_media":20925,"comment_status":"closed","ping_status":"closed","sticky":false,"template":"","format":"standard","meta":{"footnotes":""},"categories":[213,214],"tags":[],"class_list":["post-20924","post","type-post","status-publish","format-standard","has-post-thumbnail","hentry","category-lajme","category-maqedoni"],"yoast_head":"<!-- This site is optimized with the Yoast SEO plugin v25.1 - https:\/\/yoast.com\/wordpress\/plugins\/seo\/ -->\n<title>Mexhiti: Takimet koordinuese me ekipin qeveritar t\u00eb VLEN-it jan\u00eb t\u00eb rregullta dhe thelb\u00ebsore p\u00ebr mbar\u00ebvajtjen e pun\u00ebs son\u00eb - press7.tv<\/title>\n<meta name=\"robots\" content=\"index, follow, max-snippet:-1, max-image-preview:large, max-video-preview:-1\" \/>\n<link rel=\"canonical\" href=\"https:\/\/www.press7.tv\/?p=20924\" \/>\n<meta property=\"og:locale\" content=\"en_US\" \/>\n<meta property=\"og:type\" content=\"article\" \/>\n<meta property=\"og:title\" content=\"Mexhiti: Takimet koordinuese me ekipin qeveritar t\u00eb VLEN-it jan\u00eb t\u00eb rregullta dhe thelb\u00ebsore p\u00ebr mbar\u00ebvajtjen e pun\u00ebs son\u00eb - press7.tv\" \/>\n<meta property=\"og:description\" content=\"Para vendimeve t\u00eb r\u00ebnd\u00ebsishme q\u00eb u mor\u00ebn sot n\u00eb mbledhjen e Qeveris\u00eb, zhvillova nj\u00eb tjet\u00ebr takim koordinues me z\u00ebvend\u00ebskryeministrin, ministrat, z\u00ebvend\u00ebsministrat, z\u00ebdh\u00ebn\u00ebsen e Qeveris\u00eb, koordinatorin e grupit parlamentar t\u00eb VLEN-it dhe bashk\u00ebpun\u00ebtor\u00ebt tan\u00eb t\u00eb af\u00ebrt. NAUTUBONE \u0418\u043c\u0430\u0442\u0435 \u0431\u043e\u043b\u043a\u0438 \u0432\u043e \u043a\u043e\u043b\u0435\u043d\u0430 \u0438 \u043a\u043e\u043b\u043a\u043e\u0432\u0438? \u041f\u0440\u043e\u0447\u0438\u0442\u0430\u0458\u0442\u0435 \u043e\u0432\u0430 \u00d7 Jemi nj\u00eb ekip me p\u00ebrgjegj\u00ebsi t\u00eb qarta dhe objektiva t\u00eb [&hellip;]\" \/>\n<meta property=\"og:url\" content=\"https:\/\/www.press7.tv\/?p=20924\" \/>\n<meta property=\"og:site_name\" content=\"press7.tv\" \/>\n<meta property=\"article:publisher\" content=\"https:\/\/www.facebook.com\/press7.tv\" \/>\n<meta property=\"article:published_time\" content=\"2025-07-16T10:31:01+00:00\" \/>\n<meta property=\"og:image\" content=\"https:\/\/www.press7.tv\/wp-content\/uploads\/2025\/07\/IMG_6277.avif\" \/>\n\t<meta property=\"og:image:width\" content=\"1536\" \/>\n\t<meta property=\"og:image:height\" content=\"864\" \/>\n\t<meta property=\"og:image:type\" content=\"image\/jpeg\" \/>\n<meta name=\"author\" content=\"gazetar2\" \/>\n<meta name=\"twitter:card\" content=\"summary_large_image\" \/>\n<meta name=\"twitter:label1\" content=\"Written by\" \/>\n\t<meta name=\"twitter:data1\" content=\"gazetar2\" \/>\n\t<meta name=\"twitter:label2\" content=\"Est. reading time\" \/>\n\t<meta name=\"twitter:data2\" content=\"1 minute\" \/>\n<script type=\"application\/ld+json\" class=\"yoast-schema-graph\">{\"@context\":\"https:\/\/schema.org\",\"@graph\":[{\"@type\":\"Article\",\"@id\":\"https:\/\/www.press7.tv\/?p=20924#article\",\"isPartOf\":{\"@id\":\"https:\/\/www.press7.tv\/?p=20924\"},\"author\":{\"name\":\"gazetar2\",\"@id\":\"https:\/\/www.news33.tv\/#\/schema\/person\/5a04a38a23ccdba82f9bd665cd8f9efa\"},\"headline\":\"Mexhiti: Takimet koordinuese me ekipin qeveritar t\u00eb VLEN-it jan\u00eb t\u00eb rregullta dhe thelb\u00ebsore p\u00ebr mbar\u00ebvajtjen e pun\u00ebs son\u00eb\",\"datePublished\":\"2025-07-16T10:31:01+00:00\",\"mainEntityOfPage\":{\"@id\":\"https:\/\/www.press7.tv\/?p=20924\"},\"wordCount\":312,\"publisher\":{\"@id\":\"https:\/\/www.news33.tv\/#organization\"},\"image\":{\"@id\":\"https:\/\/www.press7.tv\/?p=20924#primaryimage\"},\"thumbnailUrl\":\"https:\/\/www.press7.tv\/wp-content\/uploads\/2025\/07\/IMG_6277.avif\",\"articleSection\":[\"Lajme\",\"Maqedoni\"],\"inLanguage\":\"en-US\"},{\"@type\":\"WebPage\",\"@id\":\"https:\/\/www.press7.tv\/?p=20924\",\"url\":\"https:\/\/www.press7.tv\/?p=20924\",\"name\":\"Mexhiti: Takimet koordinuese me ekipin qeveritar t\u00eb VLEN-it jan\u00eb t\u00eb rregullta dhe thelb\u00ebsore p\u00ebr mbar\u00ebvajtjen e pun\u00ebs son\u00eb - press7.tv\",\"isPartOf\":{\"@id\":\"https:\/\/www.news33.tv\/#website\"},\"primaryImageOfPage\":{\"@id\":\"https:\/\/www.press7.tv\/?p=20924#primaryimage\"},\"image\":{\"@id\":\"https:\/\/www.press7.tv\/?p=20924#primaryimage\"},\"thumbnailUrl\":\"https:\/\/www.press7.tv\/wp-content\/uploads\/2025\/07\/IMG_6277.avif\",\"datePublished\":\"2025-07-16T10:31:01+00:00\",\"breadcrumb\":{\"@id\":\"https:\/\/www.press7.tv\/?p=20924#breadcrumb\"},\"inLanguage\":\"en-US\",\"potentialAction\":[{\"@type\":\"ReadAction\",\"target\":[\"https:\/\/www.press7.tv\/?p=20924\"]}]},{\"@type\":\"ImageObject\",\"inLanguage\":\"en-US\",\"@id\":\"https:\/\/www.press7.tv\/?p=20924#primaryimage\",\"url\":\"https:\/\/www.press7.tv\/wp-content\/uploads\/2025\/07\/IMG_6277.avif\",\"contentUrl\":\"https:\/\/www.press7.tv\/wp-content\/uploads\/2025\/07\/IMG_6277.avif\",\"width\":1536,\"height\":864},{\"@type\":\"BreadcrumbList\",\"@id\":\"https:\/\/www.press7.tv\/?p=20924#breadcrumb\",\"itemListElement\":[{\"@type\":\"ListItem\",\"position\":1,\"name\":\"Home\",\"item\":\"https:\/\/www.press7.tv\/\"},{\"@type\":\"ListItem\",\"position\":2,\"name\":\"Mexhiti: Takimet koordinuese me ekipin qeveritar t\u00eb VLEN-it jan\u00eb t\u00eb rregullta dhe thelb\u00ebsore p\u00ebr mbar\u00ebvajtjen e pun\u00ebs son\u00eb\"}]},{\"@type\":\"WebSite\",\"@id\":\"https:\/\/www.news33.tv\/#website\",\"url\":\"https:\/\/www.news33.tv\/\",\"name\":\"News33.tv Media\",\"description\":\"Media\",\"publisher\":{\"@id\":\"https:\/\/www.news33.tv\/#organization\"},\"potentialAction\":[{\"@type\":\"SearchAction\",\"target\":{\"@type\":\"EntryPoint\",\"urlTemplate\":\"https:\/\/www.news33.tv\/?s={search_term_string}\"},\"query-input\":{\"@type\":\"PropertyValueSpecification\",\"valueRequired\":true,\"valueName\":\"search_term_string\"}}],\"inLanguage\":\"en-US\"},{\"@type\":\"Organization\",\"@id\":\"https:\/\/www.news33.tv\/#organization\",\"name\":\"News33.tv Media\",\"url\":\"https:\/\/www.news33.tv\/\",\"logo\":{\"@type\":\"ImageObject\",\"inLanguage\":\"en-US\",\"@id\":\"https:\/\/www.news33.tv\/#\/schema\/logo\/image\/\",\"url\":\"https:\/\/www.press7.tv\/wp-content\/uploads\/2024\/02\/logo-news33-black.png\",\"contentUrl\":\"https:\/\/www.press7.tv\/wp-content\/uploads\/2024\/02\/logo-news33-black.png\",\"width\":180,\"height\":37,\"caption\":\"News33.tv Media\"},\"image\":{\"@id\":\"https:\/\/www.news33.tv\/#\/schema\/logo\/image\/\"},\"sameAs\":[\"https:\/\/www.facebook.com\/press7.tv\"]},{\"@type\":\"Person\",\"@id\":\"https:\/\/www.news33.tv\/#\/schema\/person\/5a04a38a23ccdba82f9bd665cd8f9efa\",\"name\":\"gazetar2\",\"image\":{\"@type\":\"ImageObject\",\"inLanguage\":\"en-US\",\"@id\":\"https:\/\/www.news33.tv\/#\/schema\/person\/image\/\",\"url\":\"https:\/\/www.press7.tv\/wp-content\/litespeed\/avatar\/41975e402c3049d9ddb03adca8f7a883.jpg?ver=1777169572\",\"contentUrl\":\"https:\/\/www.press7.tv\/wp-content\/litespeed\/avatar\/41975e402c3049d9ddb03adca8f7a883.jpg?ver=1777169572\",\"caption\":\"gazetar2\"},\"url\":\"https:\/\/www.press7.tv\/?author=8\"}]}<\/script>\n<!-- \/ Yoast SEO plugin. -->","yoast_head_json":{"title":"Mexhiti: Takimet koordinuese me ekipin qeveritar t\u00eb VLEN-it jan\u00eb t\u00eb rregullta dhe thelb\u00ebsore p\u00ebr mbar\u00ebvajtjen e pun\u00ebs son\u00eb - press7.tv","robots":{"index":"index","follow":"follow","max-snippet":"max-snippet:-1","max-image-preview":"max-image-preview:large","max-video-preview":"max-video-preview:-1"},"canonical":"https:\/\/www.press7.tv\/?p=20924","og_locale":"en_US","og_type":"article","og_title":"Mexhiti: Takimet koordinuese me ekipin qeveritar t\u00eb VLEN-it jan\u00eb t\u00eb rregullta dhe thelb\u00ebsore p\u00ebr mbar\u00ebvajtjen e pun\u00ebs son\u00eb - press7.tv","og_description":"Para vendimeve t\u00eb r\u00ebnd\u00ebsishme q\u00eb u mor\u00ebn sot n\u00eb mbledhjen e Qeveris\u00eb, zhvillova nj\u00eb tjet\u00ebr takim koordinues me z\u00ebvend\u00ebskryeministrin, ministrat, z\u00ebvend\u00ebsministrat, z\u00ebdh\u00ebn\u00ebsen e Qeveris\u00eb, koordinatorin e grupit parlamentar t\u00eb VLEN-it dhe bashk\u00ebpun\u00ebtor\u00ebt tan\u00eb t\u00eb af\u00ebrt. NAUTUBONE \u0418\u043c\u0430\u0442\u0435 \u0431\u043e\u043b\u043a\u0438 \u0432\u043e \u043a\u043e\u043b\u0435\u043d\u0430 \u0438 \u043a\u043e\u043b\u043a\u043e\u0432\u0438? \u041f\u0440\u043e\u0447\u0438\u0442\u0430\u0458\u0442\u0435 \u043e\u0432\u0430 \u00d7 Jemi nj\u00eb ekip me p\u00ebrgjegj\u00ebsi t\u00eb qarta dhe objektiva t\u00eb [&hellip;]","og_url":"https:\/\/www.press7.tv\/?p=20924","og_site_name":"press7.tv","article_publisher":"https:\/\/www.facebook.com\/press7.tv","article_published_time":"2025-07-16T10:31:01+00:00","og_image":[{"width":1536,"height":864,"url":"https:\/\/www.press7.tv\/wp-content\/uploads\/2025\/07\/IMG_6277.avif","type":"image\/jpeg"}],"author":"gazetar2","twitter_card":"summary_large_image","twitter_misc":{"Written by":"gazetar2","Est. reading time":"1 minute"},"schema":{"@context":"https:\/\/schema.org","@graph":[{"@type":"Article","@id":"https:\/\/www.press7.tv\/?p=20924#article","isPartOf":{"@id":"https:\/\/www.press7.tv\/?p=20924"},"author":{"name":"gazetar2","@id":"https:\/\/www.news33.tv\/#\/schema\/person\/5a04a38a23ccdba82f9bd665cd8f9efa"},"headline":"Mexhiti: Takimet koordinuese me ekipin qeveritar t\u00eb VLEN-it jan\u00eb t\u00eb rregullta dhe thelb\u00ebsore p\u00ebr mbar\u00ebvajtjen e pun\u00ebs son\u00eb","datePublished":"2025-07-16T10:31:01+00:00","mainEntityOfPage":{"@id":"https:\/\/www.press7.tv\/?p=20924"},"wordCount":312,"publisher":{"@id":"https:\/\/www.news33.tv\/#organization"},"image":{"@id":"https:\/\/www.press7.tv\/?p=20924#primaryimage"},"thumbnailUrl":"https:\/\/www.press7.tv\/wp-content\/uploads\/2025\/07\/IMG_6277.avif","articleSection":["Lajme","Maqedoni"],"inLanguage":"en-US"},{"@type":"WebPage","@id":"https:\/\/www.press7.tv\/?p=20924","url":"https:\/\/www.press7.tv\/?p=20924","name":"Mexhiti: Takimet koordinuese me ekipin qeveritar t\u00eb VLEN-it jan\u00eb t\u00eb rregullta dhe thelb\u00ebsore p\u00ebr mbar\u00ebvajtjen e pun\u00ebs son\u00eb - press7.tv","isPartOf":{"@id":"https:\/\/www.news33.tv\/#website"},"primaryImageOfPage":{"@id":"https:\/\/www.press7.tv\/?p=20924#primaryimage"},"image":{"@id":"https:\/\/www.press7.tv\/?p=20924#primaryimage"},"thumbnailUrl":"https:\/\/www.press7.tv\/wp-content\/uploads\/2025\/07\/IMG_6277.avif","datePublished":"2025-07-16T10:31:01+00:00","breadcrumb":{"@id":"https:\/\/www.press7.tv\/?p=20924#breadcrumb"},"inLanguage":"en-US","potentialAction":[{"@type":"ReadAction","target":["https:\/\/www.press7.tv\/?p=20924"]}]},{"@type":"ImageObject","inLanguage":"en-US","@id":"https:\/\/www.press7.tv\/?p=20924#primaryimage","url":"https:\/\/www.press7.tv\/wp-content\/uploads\/2025\/07\/IMG_6277.avif","contentUrl":"https:\/\/www.press7.tv\/wp-content\/uploads\/2025\/07\/IMG_6277.avif","width":1536,"height":864},{"@type":"BreadcrumbList","@id":"https:\/\/www.press7.tv\/?p=20924#breadcrumb","itemListElement":[{"@type":"ListItem","position":1,"name":"Home","item":"https:\/\/www.press7.tv\/"},{"@type":"ListItem","position":2,"name":"Mexhiti: Takimet koordinuese me ekipin qeveritar t\u00eb VLEN-it jan\u00eb t\u00eb rregullta dhe thelb\u00ebsore p\u00ebr mbar\u00ebvajtjen e pun\u00ebs son\u00eb"}]},{"@type":"WebSite","@id":"https:\/\/www.news33.tv\/#website","url":"https:\/\/www.news33.tv\/","name":"News33.tv Media","description":"Media","publisher":{"@id":"https:\/\/www.news33.tv\/#organization"},"potentialAction":[{"@type":"SearchAction","target":{"@type":"EntryPoint","urlTemplate":"https:\/\/www.news33.tv\/?s={search_term_string}"},"query-input":{"@type":"PropertyValueSpecification","valueRequired":true,"valueName":"search_term_string"}}],"inLanguage":"en-US"},{"@type":"Organization","@id":"https:\/\/www.news33.tv\/#organization","name":"News33.tv Media","url":"https:\/\/www.news33.tv\/","logo":{"@type":"ImageObject","inLanguage":"en-US","@id":"https:\/\/www.news33.tv\/#\/schema\/logo\/image\/","url":"https:\/\/www.press7.tv\/wp-content\/uploads\/2024\/02\/logo-news33-black.png","contentUrl":"https:\/\/www.press7.tv\/wp-content\/uploads\/2024\/02\/logo-news33-black.png","width":180,"height":37,"caption":"News33.tv Media"},"image":{"@id":"https:\/\/www.news33.tv\/#\/schema\/logo\/image\/"},"sameAs":["https:\/\/www.facebook.com\/press7.tv"]},{"@type":"Person","@id":"https:\/\/www.news33.tv\/#\/schema\/person\/5a04a38a23ccdba82f9bd665cd8f9efa","name":"gazetar2","image":{"@type":"ImageObject","inLanguage":"en-US","@id":"https:\/\/www.news33.tv\/#\/schema\/person\/image\/","url":"https:\/\/www.press7.tv\/wp-content\/litespeed\/avatar\/41975e402c3049d9ddb03adca8f7a883.jpg?ver=1777169572","contentUrl":"https:\/\/www.press7.tv\/wp-content\/litespeed\/avatar\/41975e402c3049d9ddb03adca8f7a883.jpg?ver=1777169572","caption":"gazetar2"},"url":"https:\/\/www.press7.tv\/?author=8"}]}},"amp_enabled":true,"_links":{"self":[{"href":"https:\/\/www.press7.tv\/index.php?rest_route=\/wp\/v2\/posts\/20924","targetHints":{"allow":["GET"]}}],"collection":[{"href":"https:\/\/www.press7.tv\/index.php?rest_route=\/wp\/v2\/posts"}],"about":[{"href":"https:\/\/www.press7.tv\/index.php?rest_route=\/wp\/v2\/types\/post"}],"author":[{"embeddable":true,"href":"https:\/\/www.press7.tv\/index.php?rest_route=\/wp\/v2\/users\/8"}],"replies":[{"embeddable":true,"href":"https:\/\/www.press7.tv\/index.php?rest_route=%2Fwp%2Fv2%2Fcomments&post=20924"}],"version-history":[{"count":1,"href":"https:\/\/www.press7.tv\/index.php?rest_route=\/wp\/v2\/posts\/20924\/revisions"}],"predecessor-version":[{"id":20926,"href":"https:\/\/www.press7.tv\/index.php?rest_route=\/wp\/v2\/posts\/20924\/revisions\/20926"}],"wp:featuredmedia":[{"embeddable":true,"href":"https:\/\/www.press7.tv\/index.php?rest_route=\/wp\/v2\/media\/20925"}],"wp:attachment":[{"href":"https:\/\/www.press7.tv\/index.php?rest_route=%2Fwp%2Fv2%2Fmedia&parent=20924"}],"wp:term":[{"taxonomy":"category","embeddable":true,"href":"https:\/\/www.press7.tv\/index.php?rest_route=%2Fwp%2Fv2%2Fcategories&post=20924"},{"taxonomy":"post_tag","embeddable":true,"href":"https:\/\/www.press7.tv\/index.php?rest_route=%2Fwp%2Fv2%2Ftags&post=20924"}],"curies":[{"name":"wp","href":"https:\/\/api.w.org\/{rel}","templated":true}]}}