{"id":20921,"date":"2025-07-15T17:05:36","date_gmt":"2025-07-15T17:05:36","guid":{"rendered":"https:\/\/www.press7.tv\/?p=20921"},"modified":"2025-07-15T17:05:36","modified_gmt":"2025-07-15T17:05:36","slug":"tiktoku-eshte-si-vodka-por-pse-vodka-eshte-e-ndaluar-per-femije-ndersa-tiktoku-jo","status":"publish","type":"post","link":"https:\/\/www.press7.tv\/?p=20921","title":{"rendered":"TikToku \u00ebsht\u00eb si vodka, por pse vodka \u00ebsht\u00eb e ndaluar p\u00ebr f\u00ebmij\u00eb, nd\u00ebrsa TikToku jo?"},"content":{"rendered":"\n    <div class=\"xs_social_share_widget xs_share_url before_content \t\tmain_content  wslu-style-2 wslu-share-box-shaped wslu-fill-colored wslu-share-m-5 wslu-none wslu-share-vertical wslu-theme-font-no wslu-main_content\">\n\n\t\t\n        <ul>\n\t\t\t        <\/ul>\n    <\/div> \n<p>Nj\u00eb kufi ligjor moshe p\u00ebr p\u00ebrdorimin e rrjeteve sociale \u00ebsht\u00eb i domosdosh\u00ebm \u2013 jo vet\u00ebm p\u00ebr t\u00eb mbrojtur f\u00ebmij\u00ebt, por edhe p\u00ebr t\u2019ua b\u00ebr\u00eb t\u00eb qart\u00eb prind\u00ebrve: jo, nuk \u00ebsht\u00eb e pranueshme t\u2019i jap\u00ebsh nj\u00eb 13-vje\u00e7ari qasje n\u00eb TikTok, ashtu si\u00e7 nuk do t\u2019i blije nj\u00eb shishe vodka, shkruan gazeta gjermane \u201cS\u00fcddeutsche Zeitung\u201d.<\/p>\n<p>Rrjetet sociale jan\u00eb b\u00ebr\u00eb pjes\u00eb e pandashme e realitetit, por kjo nuk do t\u00eb thot\u00eb se \u00e7do aspekt i realitetit \u00ebsht\u00eb i p\u00ebrshtatsh\u00ebm p\u00ebr f\u00ebmij\u00ebt dhe t\u00eb rinjt\u00eb, shkruan gazeta gjermane \u201cS\u00fcddeutsche Zeitung\u201d n\u00eb nj\u00eb koment. Ashtu si askush nuk do t\u2019ua lejonte f\u00ebmij\u00ebve qasjen n\u00eb alkool, po aq e pap\u00ebrgjegjshme \u00ebsht\u00eb t\u2019i l\u00ebsh t\u00eb miturit n\u00ebn m\u00ebshir\u00ebn e algoritmeve q\u00eb prodhojn\u00eb var\u00ebsi dhe nxisin sjellje problematike. Pedagog\u00eb dhe psikolog\u00eb prej vitesh paralajm\u00ebrojn\u00eb: rrjetet sociale funksionojn\u00eb si substanca t\u00eb var\u00ebsis\u00eb, duke shfryt\u00ebzuar dob\u00ebsit\u00eb zhvillimore t\u00eb trurit t\u00eb ri p\u00ebr t\u00eb mbajtur v\u00ebmendjen e p\u00ebrdoruesve sa m\u00eb gjat\u00eb.<\/p>\n<p>Shum\u00eb pak prej p\u00ebrdoruesve jan\u00eb t\u00eb vet\u00ebdijsh\u00ebm se nuk jan\u00eb klient\u00eb t\u00eb k\u00ebtyre platformave \u2013 ata jan\u00eb produkti. Klient\u00ebt e v\u00ebrtet\u00eb jan\u00eb reklamuesit q\u00eb paguajn\u00eb p\u00ebr t\u00eb hyr\u00eb n\u00eb mendjet e tyre. Kompanit\u00eb e teknologjis\u00eb, si n\u00eb SHBA ashtu edhe n\u00eb Kin\u00eb, e trajtojn\u00eb v\u00ebmendjen si mall tregtie dhe t\u00eb dh\u00ebnat personale si flori. Dhe pik\u00ebrisht k\u00ebtu q\u00ebndron rreziku m\u00eb i madh p\u00ebr f\u00ebmij\u00ebt dhe adoleshent\u00ebt, t\u00eb cil\u00ebt, n\u00eb nj\u00eb mosh\u00eb kur ende nuk kan\u00eb zhvilluar vet\u00ebkontrollin, jan\u00eb ve\u00e7an\u00ebrisht t\u00eb pambrojtur ndaj mekanizmave manipuluese t\u00eb k\u00ebtyre aplikacioneve, n\u00ebnvizon \u201cS\u00fcddeutsche Zeitung\u201d.<\/p>\n<p>Statistikat jan\u00eb alarmante: sipas nj\u00eb studimi t\u00eb sigurimit sh\u00ebndet\u00ebsor DAK mbi var\u00ebsin\u00eb nga mediat, mbi 1,3 milion\u00eb t\u00eb rinj n\u00eb Gjermani e kan\u00eb humbur tashm\u00eb kontrollin mbi p\u00ebrdorimin e rrjeteve sociale. P\u00ebrmbajtjet problematike jan\u00eb vet\u00ebm nj\u00eb klikim larg: pornografi degraduese, video dhune, gjuh\u00eb urrejtjeje, ngacmime seksuale, ekstremiz\u00ebm. Nuk \u00ebsht\u00eb m\u00eb e rrall\u00eb q\u00eb f\u00ebmij\u00ebt n\u00eb klas\u00ebn e pest\u00eb apo t\u00eb gjasht\u00eb t\u00eb ken\u00eb par\u00eb skena mizore q\u00eb edhe t\u00eb rriturit do t\u2019i tronditnin. Edhe p\u00ebrmbajtjet q\u00eb nuk jan\u00eb ligj\u00ebrisht t\u00eb ndaluara \u2013 si pamjet jorealiste t\u00eb trupit \u2013 kontribuojn\u00eb n\u00eb stresin psikologjik, presionin social dhe humbjen e vet\u00ebvler\u00ebsimit.<\/p>\n<p>Megjithat\u00eb, shum\u00eb politikan\u00eb vazhdojn\u00eb t\u00eb minimizojn\u00eb problemin. Kryeministri i landit t\u00eb Bavaris\u00eb Markus S\u00f6der e quan \u201ct\u00eb \u00e7mendur\u201d iden\u00eb e nj\u00eb ndalimi p\u00ebr t\u00eb miturit. Por \u00ebsht\u00eb shum\u00eb m\u00eb naive t\u00eb besosh se vet\u00ebkontrolli zhvillohet duke u zhytur pa mbrojtje n\u00eb k\u00ebt\u00eb bot\u00eb dixhitale. Po ashtu, \u00ebsht\u00eb iluzion t\u00eb mendosh se prind\u00ebrit mund ta p\u00ebrballojn\u00eb vet\u00ebm k\u00ebt\u00eb sfid\u00eb. Edhe m\u00eb t\u00eb p\u00ebrgjumura jan\u00eb institucionet publike, q\u00eb nga \u00e7erdhet e deri te legjislacioni.<\/p>\n<p>Nj\u00eb argument i njohur \u2013 se ndalimi e b\u00ebn di\u00e7ka m\u00eb t\u00ebrheq\u00ebse \u2013 \u00ebsht\u00eb i dob\u00ebt. A duhet pezulluar ndalimi i kanabisit, q\u00eb droga t\u00eb mos duket m\u00eb interesante? N\u00ebse nj\u00eb ndalim nuk ka efekt absolut, kjo nuk do t\u00eb thot\u00eb se nuk ka vler\u00eb: edhe n\u00eb t\u00eb kaluar\u00ebn t\u00eb rinjt\u00eb falsifikonin dokumente p\u00ebr t\u00eb hyr\u00eb n\u00eb diskotek\u00eb, por kjo nuk e diskreditonte rregullin.<\/p>\n<p>Prandaj, shteti duhet t\u00eb nd\u00ebrhyj\u00eb. Ai ka detyrim p\u00ebrkujdesjeje ndaj brezit t\u00eb ri. Nj\u00eb kufi ligjor moshe p\u00ebr p\u00ebrdorimin e rrjeteve sociale \u00ebsht\u00eb i domosdosh\u00ebm \u2013 jo vet\u00ebm p\u00ebr t\u00eb mbrojtur f\u00ebmij\u00ebt, por edhe p\u00ebr t\u2019ua b\u00ebr\u00eb t\u00eb qart\u00eb prind\u00ebrve: jo, nuk \u00ebsht\u00eb e pranueshme t\u2019i jap\u00ebsh nj\u00eb 13-vje\u00e7ari qasje n\u00eb TikTok, ashtu si\u00e7 nuk do t\u2019i blije nj\u00eb shishe vodka.<\/p>\n<p>Ka propozime konkrete p\u00ebr zbatimin e nj\u00eb ndalimi: n\u00eb Saksonin\u00eb e Poshtme \u00ebsht\u00eb sugjeruar q\u00eb prind\u00ebrit t\u00eb regjistrojn\u00eb dat\u00ebn e lindjes s\u00eb f\u00ebmij\u00ebve n\u00eb nj\u00eb platform\u00eb shtet\u00ebrore, ku aplikacionet mund t\u00eb verifikojn\u00eb automatikisht mosh\u00ebn. Nj\u00eb model q\u00eb edhe Australia po e shqyrton.<\/p>\n<p>N\u00eb fund t\u00eb fundit, fjala \u00ebsht\u00eb p\u00ebr t\u00eb ardhmen ton\u00eb t\u00eb p\u00ebrbashk\u00ebt. Shoq\u00ebrit\u00eb q\u00eb nuk mbrojn\u00eb f\u00ebmij\u00ebt nga fuqit\u00eb m\u00eb t\u00eb m\u00ebdha t\u00eb koh\u00ebs son\u00eb \u2013 gjigant\u00ebt e teknologjis\u00eb \u2013 braktisin p\u00ebrgjegj\u00ebsin\u00eb e tyre m\u00eb themelore. Dhe kjo nuk \u00ebsht\u00eb vet\u00ebm gabim politik: \u00ebsht\u00eb nj\u00eb tradhti morale, thekson \u201cS\u00fcddeutsche Zeitung\u201d.<\/p>\n<p>P\u00ebrgatiti: E.R.<\/p>\n","protected":false},"excerpt":{"rendered":"<p>Nj\u00eb kufi ligjor moshe p\u00ebr p\u00ebrdorimin e rrjeteve sociale \u00ebsht\u00eb i domosdosh\u00ebm \u2013 jo vet\u00ebm p\u00ebr t\u00eb mbrojtur f\u00ebmij\u00ebt, por edhe p\u00ebr t\u2019ua b\u00ebr\u00eb t\u00eb qart\u00eb prind\u00ebrve: jo, nuk \u00ebsht\u00eb e pranueshme t\u2019i jap\u00ebsh nj\u00eb 13-vje\u00e7ari qasje n\u00eb TikTok, ashtu si\u00e7 nuk do t\u2019i blije nj\u00eb shishe vodka, shkruan gazeta gjermane \u201cS\u00fcddeutsche Zeitung\u201d. Rrjetet sociale [&hellip;]<\/p>\n","protected":false},"author":8,"featured_media":20922,"comment_status":"closed","ping_status":"closed","sticky":false,"template":"","format":"standard","meta":{"footnotes":""},"categories":[266],"tags":[],"class_list":["post-20921","post","type-post","status-publish","format-standard","has-post-thumbnail","hentry","category-teknologji"],"yoast_head":"<!-- This site is optimized with the Yoast SEO plugin v25.1 - https:\/\/yoast.com\/wordpress\/plugins\/seo\/ -->\n<title>TikToku \u00ebsht\u00eb si vodka, por pse vodka \u00ebsht\u00eb e ndaluar p\u00ebr f\u00ebmij\u00eb, nd\u00ebrsa TikToku jo? - press7.tv<\/title>\n<meta name=\"robots\" content=\"index, follow, max-snippet:-1, max-image-preview:large, max-video-preview:-1\" \/>\n<link rel=\"canonical\" href=\"https:\/\/www.press7.tv\/?p=20921\" \/>\n<meta property=\"og:locale\" content=\"en_US\" \/>\n<meta property=\"og:type\" content=\"article\" \/>\n<meta property=\"og:title\" content=\"TikToku \u00ebsht\u00eb si vodka, por pse vodka \u00ebsht\u00eb e ndaluar p\u00ebr f\u00ebmij\u00eb, nd\u00ebrsa TikToku jo? - press7.tv\" \/>\n<meta property=\"og:description\" content=\"Nj\u00eb kufi ligjor moshe p\u00ebr p\u00ebrdorimin e rrjeteve sociale \u00ebsht\u00eb i domosdosh\u00ebm \u2013 jo vet\u00ebm p\u00ebr t\u00eb mbrojtur f\u00ebmij\u00ebt, por edhe p\u00ebr t\u2019ua b\u00ebr\u00eb t\u00eb qart\u00eb prind\u00ebrve: jo, nuk \u00ebsht\u00eb e pranueshme t\u2019i jap\u00ebsh nj\u00eb 13-vje\u00e7ari qasje n\u00eb TikTok, ashtu si\u00e7 nuk do t\u2019i blije nj\u00eb shishe vodka, shkruan gazeta gjermane \u201cS\u00fcddeutsche Zeitung\u201d. Rrjetet sociale [&hellip;]\" \/>\n<meta property=\"og:url\" content=\"https:\/\/www.press7.tv\/?p=20921\" \/>\n<meta property=\"og:site_name\" content=\"press7.tv\" \/>\n<meta property=\"article:publisher\" content=\"https:\/\/www.facebook.com\/press7.tv\" \/>\n<meta property=\"article:published_time\" content=\"2025-07-15T17:05:36+00:00\" \/>\n<meta property=\"og:image\" content=\"https:\/\/www.press7.tv\/wp-content\/uploads\/2025\/07\/IMG_6263.avif\" \/>\n\t<meta property=\"og:image:width\" content=\"1360\" \/>\n\t<meta property=\"og:image:height\" content=\"870\" \/>\n\t<meta property=\"og:image:type\" content=\"image\/webp\" \/>\n<meta name=\"author\" content=\"gazetar2\" \/>\n<meta name=\"twitter:card\" content=\"summary_large_image\" \/>\n<meta name=\"twitter:label1\" content=\"Written by\" \/>\n\t<meta name=\"twitter:data1\" content=\"gazetar2\" \/>\n\t<meta name=\"twitter:label2\" content=\"Est. reading time\" \/>\n\t<meta name=\"twitter:data2\" content=\"1 minute\" \/>\n<script type=\"application\/ld+json\" class=\"yoast-schema-graph\">{\"@context\":\"https:\/\/schema.org\",\"@graph\":[{\"@type\":\"Article\",\"@id\":\"https:\/\/www.press7.tv\/?p=20921#article\",\"isPartOf\":{\"@id\":\"https:\/\/www.press7.tv\/?p=20921\"},\"author\":{\"name\":\"gazetar2\",\"@id\":\"https:\/\/www.news33.tv\/#\/schema\/person\/5a04a38a23ccdba82f9bd665cd8f9efa\"},\"headline\":\"TikToku \u00ebsht\u00eb si vodka, por pse vodka \u00ebsht\u00eb e ndaluar p\u00ebr f\u00ebmij\u00eb, nd\u00ebrsa TikToku jo?\",\"datePublished\":\"2025-07-15T17:05:36+00:00\",\"mainEntityOfPage\":{\"@id\":\"https:\/\/www.press7.tv\/?p=20921\"},\"wordCount\":771,\"publisher\":{\"@id\":\"https:\/\/www.news33.tv\/#organization\"},\"image\":{\"@id\":\"https:\/\/www.press7.tv\/?p=20921#primaryimage\"},\"thumbnailUrl\":\"https:\/\/www.press7.tv\/wp-content\/uploads\/2025\/07\/IMG_6263.avif\",\"articleSection\":[\"Teknologji\"],\"inLanguage\":\"en-US\"},{\"@type\":\"WebPage\",\"@id\":\"https:\/\/www.press7.tv\/?p=20921\",\"url\":\"https:\/\/www.press7.tv\/?p=20921\",\"name\":\"TikToku \u00ebsht\u00eb si vodka, por pse vodka \u00ebsht\u00eb e ndaluar p\u00ebr f\u00ebmij\u00eb, nd\u00ebrsa TikToku jo? - press7.tv\",\"isPartOf\":{\"@id\":\"https:\/\/www.news33.tv\/#website\"},\"primaryImageOfPage\":{\"@id\":\"https:\/\/www.press7.tv\/?p=20921#primaryimage\"},\"image\":{\"@id\":\"https:\/\/www.press7.tv\/?p=20921#primaryimage\"},\"thumbnailUrl\":\"https:\/\/www.press7.tv\/wp-content\/uploads\/2025\/07\/IMG_6263.avif\",\"datePublished\":\"2025-07-15T17:05:36+00:00\",\"breadcrumb\":{\"@id\":\"https:\/\/www.press7.tv\/?p=20921#breadcrumb\"},\"inLanguage\":\"en-US\",\"potentialAction\":[{\"@type\":\"ReadAction\",\"target\":[\"https:\/\/www.press7.tv\/?p=20921\"]}]},{\"@type\":\"ImageObject\",\"inLanguage\":\"en-US\",\"@id\":\"https:\/\/www.press7.tv\/?p=20921#primaryimage\",\"url\":\"https:\/\/www.press7.tv\/wp-content\/uploads\/2025\/07\/IMG_6263.avif\",\"contentUrl\":\"https:\/\/www.press7.tv\/wp-content\/uploads\/2025\/07\/IMG_6263.avif\",\"width\":1360,\"height\":870},{\"@type\":\"BreadcrumbList\",\"@id\":\"https:\/\/www.press7.tv\/?p=20921#breadcrumb\",\"itemListElement\":[{\"@type\":\"ListItem\",\"position\":1,\"name\":\"Home\",\"item\":\"https:\/\/www.press7.tv\/\"},{\"@type\":\"ListItem\",\"position\":2,\"name\":\"TikToku \u00ebsht\u00eb si vodka, por pse vodka \u00ebsht\u00eb e ndaluar p\u00ebr f\u00ebmij\u00eb, nd\u00ebrsa TikToku jo?\"}]},{\"@type\":\"WebSite\",\"@id\":\"https:\/\/www.news33.tv\/#website\",\"url\":\"https:\/\/www.news33.tv\/\",\"name\":\"News33.tv Media\",\"description\":\"Media\",\"publisher\":{\"@id\":\"https:\/\/www.news33.tv\/#organization\"},\"potentialAction\":[{\"@type\":\"SearchAction\",\"target\":{\"@type\":\"EntryPoint\",\"urlTemplate\":\"https:\/\/www.news33.tv\/?s={search_term_string}\"},\"query-input\":{\"@type\":\"PropertyValueSpecification\",\"valueRequired\":true,\"valueName\":\"search_term_string\"}}],\"inLanguage\":\"en-US\"},{\"@type\":\"Organization\",\"@id\":\"https:\/\/www.news33.tv\/#organization\",\"name\":\"News33.tv Media\",\"url\":\"https:\/\/www.news33.tv\/\",\"logo\":{\"@type\":\"ImageObject\",\"inLanguage\":\"en-US\",\"@id\":\"https:\/\/www.news33.tv\/#\/schema\/logo\/image\/\",\"url\":\"https:\/\/www.press7.tv\/wp-content\/uploads\/2024\/02\/logo-news33-black.png\",\"contentUrl\":\"https:\/\/www.press7.tv\/wp-content\/uploads\/2024\/02\/logo-news33-black.png\",\"width\":180,\"height\":37,\"caption\":\"News33.tv Media\"},\"image\":{\"@id\":\"https:\/\/www.news33.tv\/#\/schema\/logo\/image\/\"},\"sameAs\":[\"https:\/\/www.facebook.com\/press7.tv\"]},{\"@type\":\"Person\",\"@id\":\"https:\/\/www.news33.tv\/#\/schema\/person\/5a04a38a23ccdba82f9bd665cd8f9efa\",\"name\":\"gazetar2\",\"image\":{\"@type\":\"ImageObject\",\"inLanguage\":\"en-US\",\"@id\":\"https:\/\/www.news33.tv\/#\/schema\/person\/image\/\",\"url\":\"https:\/\/www.press7.tv\/wp-content\/litespeed\/avatar\/41975e402c3049d9ddb03adca8f7a883.jpg?ver=1777169572\",\"contentUrl\":\"https:\/\/www.press7.tv\/wp-content\/litespeed\/avatar\/41975e402c3049d9ddb03adca8f7a883.jpg?ver=1777169572\",\"caption\":\"gazetar2\"},\"url\":\"https:\/\/www.press7.tv\/?author=8\"}]}<\/script>\n<!-- \/ Yoast SEO plugin. -->","yoast_head_json":{"title":"TikToku \u00ebsht\u00eb si vodka, por pse vodka \u00ebsht\u00eb e ndaluar p\u00ebr f\u00ebmij\u00eb, nd\u00ebrsa TikToku jo? - press7.tv","robots":{"index":"index","follow":"follow","max-snippet":"max-snippet:-1","max-image-preview":"max-image-preview:large","max-video-preview":"max-video-preview:-1"},"canonical":"https:\/\/www.press7.tv\/?p=20921","og_locale":"en_US","og_type":"article","og_title":"TikToku \u00ebsht\u00eb si vodka, por pse vodka \u00ebsht\u00eb e ndaluar p\u00ebr f\u00ebmij\u00eb, nd\u00ebrsa TikToku jo? - press7.tv","og_description":"Nj\u00eb kufi ligjor moshe p\u00ebr p\u00ebrdorimin e rrjeteve sociale \u00ebsht\u00eb i domosdosh\u00ebm \u2013 jo vet\u00ebm p\u00ebr t\u00eb mbrojtur f\u00ebmij\u00ebt, por edhe p\u00ebr t\u2019ua b\u00ebr\u00eb t\u00eb qart\u00eb prind\u00ebrve: jo, nuk \u00ebsht\u00eb e pranueshme t\u2019i jap\u00ebsh nj\u00eb 13-vje\u00e7ari qasje n\u00eb TikTok, ashtu si\u00e7 nuk do t\u2019i blije nj\u00eb shishe vodka, shkruan gazeta gjermane \u201cS\u00fcddeutsche Zeitung\u201d. Rrjetet sociale [&hellip;]","og_url":"https:\/\/www.press7.tv\/?p=20921","og_site_name":"press7.tv","article_publisher":"https:\/\/www.facebook.com\/press7.tv","article_published_time":"2025-07-15T17:05:36+00:00","og_image":[{"width":1360,"height":870,"url":"https:\/\/www.press7.tv\/wp-content\/uploads\/2025\/07\/IMG_6263.avif","type":"image\/webp"}],"author":"gazetar2","twitter_card":"summary_large_image","twitter_misc":{"Written by":"gazetar2","Est. reading time":"1 minute"},"schema":{"@context":"https:\/\/schema.org","@graph":[{"@type":"Article","@id":"https:\/\/www.press7.tv\/?p=20921#article","isPartOf":{"@id":"https:\/\/www.press7.tv\/?p=20921"},"author":{"name":"gazetar2","@id":"https:\/\/www.news33.tv\/#\/schema\/person\/5a04a38a23ccdba82f9bd665cd8f9efa"},"headline":"TikToku \u00ebsht\u00eb si vodka, por pse vodka \u00ebsht\u00eb e ndaluar p\u00ebr f\u00ebmij\u00eb, nd\u00ebrsa TikToku jo?","datePublished":"2025-07-15T17:05:36+00:00","mainEntityOfPage":{"@id":"https:\/\/www.press7.tv\/?p=20921"},"wordCount":771,"publisher":{"@id":"https:\/\/www.news33.tv\/#organization"},"image":{"@id":"https:\/\/www.press7.tv\/?p=20921#primaryimage"},"thumbnailUrl":"https:\/\/www.press7.tv\/wp-content\/uploads\/2025\/07\/IMG_6263.avif","articleSection":["Teknologji"],"inLanguage":"en-US"},{"@type":"WebPage","@id":"https:\/\/www.press7.tv\/?p=20921","url":"https:\/\/www.press7.tv\/?p=20921","name":"TikToku \u00ebsht\u00eb si vodka, por pse vodka \u00ebsht\u00eb e ndaluar p\u00ebr f\u00ebmij\u00eb, nd\u00ebrsa TikToku jo? - press7.tv","isPartOf":{"@id":"https:\/\/www.news33.tv\/#website"},"primaryImageOfPage":{"@id":"https:\/\/www.press7.tv\/?p=20921#primaryimage"},"image":{"@id":"https:\/\/www.press7.tv\/?p=20921#primaryimage"},"thumbnailUrl":"https:\/\/www.press7.tv\/wp-content\/uploads\/2025\/07\/IMG_6263.avif","datePublished":"2025-07-15T17:05:36+00:00","breadcrumb":{"@id":"https:\/\/www.press7.tv\/?p=20921#breadcrumb"},"inLanguage":"en-US","potentialAction":[{"@type":"ReadAction","target":["https:\/\/www.press7.tv\/?p=20921"]}]},{"@type":"ImageObject","inLanguage":"en-US","@id":"https:\/\/www.press7.tv\/?p=20921#primaryimage","url":"https:\/\/www.press7.tv\/wp-content\/uploads\/2025\/07\/IMG_6263.avif","contentUrl":"https:\/\/www.press7.tv\/wp-content\/uploads\/2025\/07\/IMG_6263.avif","width":1360,"height":870},{"@type":"BreadcrumbList","@id":"https:\/\/www.press7.tv\/?p=20921#breadcrumb","itemListElement":[{"@type":"ListItem","position":1,"name":"Home","item":"https:\/\/www.press7.tv\/"},{"@type":"ListItem","position":2,"name":"TikToku \u00ebsht\u00eb si vodka, por pse vodka \u00ebsht\u00eb e ndaluar p\u00ebr f\u00ebmij\u00eb, nd\u00ebrsa TikToku jo?"}]},{"@type":"WebSite","@id":"https:\/\/www.news33.tv\/#website","url":"https:\/\/www.news33.tv\/","name":"News33.tv Media","description":"Media","publisher":{"@id":"https:\/\/www.news33.tv\/#organization"},"potentialAction":[{"@type":"SearchAction","target":{"@type":"EntryPoint","urlTemplate":"https:\/\/www.news33.tv\/?s={search_term_string}"},"query-input":{"@type":"PropertyValueSpecification","valueRequired":true,"valueName":"search_term_string"}}],"inLanguage":"en-US"},{"@type":"Organization","@id":"https:\/\/www.news33.tv\/#organization","name":"News33.tv Media","url":"https:\/\/www.news33.tv\/","logo":{"@type":"ImageObject","inLanguage":"en-US","@id":"https:\/\/www.news33.tv\/#\/schema\/logo\/image\/","url":"https:\/\/www.press7.tv\/wp-content\/uploads\/2024\/02\/logo-news33-black.png","contentUrl":"https:\/\/www.press7.tv\/wp-content\/uploads\/2024\/02\/logo-news33-black.png","width":180,"height":37,"caption":"News33.tv Media"},"image":{"@id":"https:\/\/www.news33.tv\/#\/schema\/logo\/image\/"},"sameAs":["https:\/\/www.facebook.com\/press7.tv"]},{"@type":"Person","@id":"https:\/\/www.news33.tv\/#\/schema\/person\/5a04a38a23ccdba82f9bd665cd8f9efa","name":"gazetar2","image":{"@type":"ImageObject","inLanguage":"en-US","@id":"https:\/\/www.news33.tv\/#\/schema\/person\/image\/","url":"https:\/\/www.press7.tv\/wp-content\/litespeed\/avatar\/41975e402c3049d9ddb03adca8f7a883.jpg?ver=1777169572","contentUrl":"https:\/\/www.press7.tv\/wp-content\/litespeed\/avatar\/41975e402c3049d9ddb03adca8f7a883.jpg?ver=1777169572","caption":"gazetar2"},"url":"https:\/\/www.press7.tv\/?author=8"}]}},"amp_enabled":true,"_links":{"self":[{"href":"https:\/\/www.press7.tv\/index.php?rest_route=\/wp\/v2\/posts\/20921","targetHints":{"allow":["GET"]}}],"collection":[{"href":"https:\/\/www.press7.tv\/index.php?rest_route=\/wp\/v2\/posts"}],"about":[{"href":"https:\/\/www.press7.tv\/index.php?rest_route=\/wp\/v2\/types\/post"}],"author":[{"embeddable":true,"href":"https:\/\/www.press7.tv\/index.php?rest_route=\/wp\/v2\/users\/8"}],"replies":[{"embeddable":true,"href":"https:\/\/www.press7.tv\/index.php?rest_route=%2Fwp%2Fv2%2Fcomments&post=20921"}],"version-history":[{"count":1,"href":"https:\/\/www.press7.tv\/index.php?rest_route=\/wp\/v2\/posts\/20921\/revisions"}],"predecessor-version":[{"id":20923,"href":"https:\/\/www.press7.tv\/index.php?rest_route=\/wp\/v2\/posts\/20921\/revisions\/20923"}],"wp:featuredmedia":[{"embeddable":true,"href":"https:\/\/www.press7.tv\/index.php?rest_route=\/wp\/v2\/media\/20922"}],"wp:attachment":[{"href":"https:\/\/www.press7.tv\/index.php?rest_route=%2Fwp%2Fv2%2Fmedia&parent=20921"}],"wp:term":[{"taxonomy":"category","embeddable":true,"href":"https:\/\/www.press7.tv\/index.php?rest_route=%2Fwp%2Fv2%2Fcategories&post=20921"},{"taxonomy":"post_tag","embeddable":true,"href":"https:\/\/www.press7.tv\/index.php?rest_route=%2Fwp%2Fv2%2Ftags&post=20921"}],"curies":[{"name":"wp","href":"https:\/\/api.w.org\/{rel}","templated":true}]}}