{"id":20905,"date":"2025-07-14T16:24:56","date_gmt":"2025-07-14T16:24:56","guid":{"rendered":"https:\/\/www.press7.tv\/?p=20905"},"modified":"2025-07-14T16:24:56","modified_gmt":"2025-07-14T16:24:56","slug":"trumpi-thote-serish-se-e-ndali-luften-mes-kosoves-dhe-serbise","status":"publish","type":"post","link":"https:\/\/www.press7.tv\/?p=20905","title":{"rendered":"Trumpi thot\u00eb s\u00ebrish se e ndali luft\u00ebn mes Kosov\u00ebs dhe Serbis\u00eb"},"content":{"rendered":"\n    <div class=\"xs_social_share_widget xs_share_url before_content \t\tmain_content  wslu-style-2 wslu-share-box-shaped wslu-fill-colored wslu-share-m-5 wslu-none wslu-share-vertical wslu-theme-font-no wslu-main_content\">\n\n\t\t\n        <ul>\n\t\t\t        <\/ul>\n    <\/div> \n<p>Presidenti i Shteteve t\u00eb Bashkuara t\u00eb Amerik\u00ebs, Donald Trump, s\u00ebrish ka deklaruar se e ka ndalur luft\u00ebn mes Kosov\u00ebs dhe Serbis\u00eb.<\/p>\n<p>K\u00ebt\u00eb deklarat\u00eb e ka b\u00ebr\u00eb gjat\u00eb nj\u00eb takimi me sekretarin e P\u00ebrgjithsh\u00ebm t\u00eb NATO-s, Mark Rutte.<\/p>\n<p>Ai duke renditur disa vende p\u00ebr t\u00eb cilat thot\u00eb se ka ndikuar q\u00eb t\u00eb mos ket\u00eb luft\u00eb mes tyre, nd\u00ebr to kan\u00eb qen\u00eb edhe Kosova dhe Serbia.<\/p>\n<p>Presidentja Vjosa Osmani, dit\u00eb m\u00eb par\u00eb i ka konfirmuar deklarimet e presidentit amerikan, Donald Trump, se e ka shmangur nj\u00eb p\u00ebrshkall\u00ebzim t\u00eb mundsh\u00ebm t\u00eb situat\u00ebs s\u00eb siguris\u00eb n\u00eb Kosov\u00eb nga Serbia. por n\u00eb rastin e fundit, Osmani ka theksuar se Trumpi e ka parandaluar nj\u00eb eskalim t\u00eb koh\u00ebve t\u00eb fundit.<\/p>\n<p>Nd\u00ebrkaq emisari i Shteteve t\u00eb  Bashkuara t\u00eb Amerik\u00ebs, Richard Grenell, e ka akuzuar presidenten Vjosa Osmani, se i ka manipuluar fjal\u00ebt e presidentit Trump.<\/p>\n<p>\u201cTurp p\u00ebr Vjosa Osmanin q\u00eb manipuloi fjal\u00ebt e presidentit Donald Trump. Donald Trump u nominua p\u00ebr \u00c7mimin Nobel p\u00ebr Paqen p\u00ebr pun\u00ebn e tij n\u00eb paqen dhe normalizimin ekonomik midis Kosov\u00ebs dhe Serbis\u00eb n\u00eb vitet 2019 dhe 2020 &#8211; p\u00ebrmes n\u00ebnshkrimit t\u00eb Marr\u00ebveshjes s\u00eb Washingtonit nga Trump n\u00eb Zyr\u00ebn Ovale n\u00eb Sht\u00ebpin\u00eb e Bardh\u00eb. Osmani nuk ishte pjes\u00eb e asaj marr\u00ebveshjeje. Dhe t\u00eb pretendosh sikur kishte di\u00e7ka t\u00eb re \u00ebsht\u00eb absurde\u201d, ka shkruar Grenell n\u00eb rrjetin social \u201cX\u201d.<\/p>\n<p>Presidenca e Kosov\u00ebs ka paralajm\u00ebruar konferenc\u00eb p\u00ebr media t\u00eb presidentes Vjosa Osmani sapo t\u00eb kthehet n\u00eb Kosov\u00eb nga vizita zyrtare e saj n\u00eb Shtetet e Bashkuara t\u00eb Amerik\u00ebs. <\/p>\n<p>Kjo konferenc\u00eb lidhet me reagimin e emisarit t\u00eb Shteteve t\u00eb SHBA-s\u00eb, Richard Grenell, i cili e ka akuzuar Osmanin p\u00ebr manipulim t\u00eb fjal\u00ebve t\u00eb presidentit amerikan, Donald Trump.<\/p>\n","protected":false},"excerpt":{"rendered":"<p>Presidenti i Shteteve t\u00eb Bashkuara t\u00eb Amerik\u00ebs, Donald Trump, s\u00ebrish ka deklaruar se e ka ndalur luft\u00ebn mes Kosov\u00ebs dhe Serbis\u00eb. K\u00ebt\u00eb deklarat\u00eb e ka b\u00ebr\u00eb gjat\u00eb nj\u00eb takimi me sekretarin e P\u00ebrgjithsh\u00ebm t\u00eb NATO-s, Mark Rutte. Ai duke renditur disa vende p\u00ebr t\u00eb cilat thot\u00eb se ka ndikuar q\u00eb t\u00eb mos ket\u00eb luft\u00eb mes [&hellip;]<\/p>\n","protected":false},"author":8,"featured_media":20906,"comment_status":"closed","ping_status":"closed","sticky":false,"template":"","format":"standard","meta":{"footnotes":""},"categories":[217,213],"tags":[],"class_list":["post-20905","post","type-post","status-publish","format-standard","has-post-thumbnail","hentry","category-bote","category-lajme"],"yoast_head":"<!-- This site is optimized with the Yoast SEO plugin v25.1 - https:\/\/yoast.com\/wordpress\/plugins\/seo\/ -->\n<title>Trumpi thot\u00eb s\u00ebrish se e ndali luft\u00ebn mes Kosov\u00ebs dhe Serbis\u00eb - press7.tv<\/title>\n<meta name=\"robots\" content=\"index, follow, max-snippet:-1, max-image-preview:large, max-video-preview:-1\" \/>\n<link rel=\"canonical\" href=\"https:\/\/www.press7.tv\/?p=20905\" \/>\n<meta property=\"og:locale\" content=\"en_US\" \/>\n<meta property=\"og:type\" content=\"article\" \/>\n<meta property=\"og:title\" content=\"Trumpi thot\u00eb s\u00ebrish se e ndali luft\u00ebn mes Kosov\u00ebs dhe Serbis\u00eb - press7.tv\" \/>\n<meta property=\"og:description\" content=\"Presidenti i Shteteve t\u00eb Bashkuara t\u00eb Amerik\u00ebs, Donald Trump, s\u00ebrish ka deklaruar se e ka ndalur luft\u00ebn mes Kosov\u00ebs dhe Serbis\u00eb. K\u00ebt\u00eb deklarat\u00eb e ka b\u00ebr\u00eb gjat\u00eb nj\u00eb takimi me sekretarin e P\u00ebrgjithsh\u00ebm t\u00eb NATO-s, Mark Rutte. Ai duke renditur disa vende p\u00ebr t\u00eb cilat thot\u00eb se ka ndikuar q\u00eb t\u00eb mos ket\u00eb luft\u00eb mes [&hellip;]\" \/>\n<meta property=\"og:url\" content=\"https:\/\/www.press7.tv\/?p=20905\" \/>\n<meta property=\"og:site_name\" content=\"press7.tv\" \/>\n<meta property=\"article:publisher\" content=\"https:\/\/www.facebook.com\/press7.tv\" \/>\n<meta property=\"article:published_time\" content=\"2025-07-14T16:24:56+00:00\" \/>\n<meta property=\"og:image\" content=\"https:\/\/www.press7.tv\/wp-content\/uploads\/2025\/07\/IMG_6243.avif\" \/>\n\t<meta property=\"og:image:width\" content=\"1281\" \/>\n\t<meta property=\"og:image:height\" content=\"678\" \/>\n\t<meta property=\"og:image:type\" content=\"image\/webp\" \/>\n<meta name=\"author\" content=\"gazetar2\" \/>\n<meta name=\"twitter:card\" content=\"summary_large_image\" \/>\n<meta name=\"twitter:label1\" content=\"Written by\" \/>\n\t<meta name=\"twitter:data1\" content=\"gazetar2\" \/>\n\t<meta name=\"twitter:label2\" content=\"Est. reading time\" \/>\n\t<meta name=\"twitter:data2\" content=\"1 minute\" \/>\n<script type=\"application\/ld+json\" class=\"yoast-schema-graph\">{\"@context\":\"https:\/\/schema.org\",\"@graph\":[{\"@type\":\"Article\",\"@id\":\"https:\/\/www.press7.tv\/?p=20905#article\",\"isPartOf\":{\"@id\":\"https:\/\/www.press7.tv\/?p=20905\"},\"author\":{\"name\":\"gazetar2\",\"@id\":\"https:\/\/www.news33.tv\/#\/schema\/person\/5a04a38a23ccdba82f9bd665cd8f9efa\"},\"headline\":\"Trumpi thot\u00eb s\u00ebrish se e ndali luft\u00ebn mes Kosov\u00ebs dhe Serbis\u00eb\",\"datePublished\":\"2025-07-14T16:24:56+00:00\",\"mainEntityOfPage\":{\"@id\":\"https:\/\/www.press7.tv\/?p=20905\"},\"wordCount\":322,\"publisher\":{\"@id\":\"https:\/\/www.news33.tv\/#organization\"},\"image\":{\"@id\":\"https:\/\/www.press7.tv\/?p=20905#primaryimage\"},\"thumbnailUrl\":\"https:\/\/www.press7.tv\/wp-content\/uploads\/2025\/07\/IMG_6243.avif\",\"articleSection\":[\"Bot\u00eb\",\"Lajme\"],\"inLanguage\":\"en-US\"},{\"@type\":\"WebPage\",\"@id\":\"https:\/\/www.press7.tv\/?p=20905\",\"url\":\"https:\/\/www.press7.tv\/?p=20905\",\"name\":\"Trumpi thot\u00eb s\u00ebrish se e ndali luft\u00ebn mes Kosov\u00ebs dhe Serbis\u00eb - press7.tv\",\"isPartOf\":{\"@id\":\"https:\/\/www.news33.tv\/#website\"},\"primaryImageOfPage\":{\"@id\":\"https:\/\/www.press7.tv\/?p=20905#primaryimage\"},\"image\":{\"@id\":\"https:\/\/www.press7.tv\/?p=20905#primaryimage\"},\"thumbnailUrl\":\"https:\/\/www.press7.tv\/wp-content\/uploads\/2025\/07\/IMG_6243.avif\",\"datePublished\":\"2025-07-14T16:24:56+00:00\",\"breadcrumb\":{\"@id\":\"https:\/\/www.press7.tv\/?p=20905#breadcrumb\"},\"inLanguage\":\"en-US\",\"potentialAction\":[{\"@type\":\"ReadAction\",\"target\":[\"https:\/\/www.press7.tv\/?p=20905\"]}]},{\"@type\":\"ImageObject\",\"inLanguage\":\"en-US\",\"@id\":\"https:\/\/www.press7.tv\/?p=20905#primaryimage\",\"url\":\"https:\/\/www.press7.tv\/wp-content\/uploads\/2025\/07\/IMG_6243.avif\",\"contentUrl\":\"https:\/\/www.press7.tv\/wp-content\/uploads\/2025\/07\/IMG_6243.avif\",\"width\":1281,\"height\":678},{\"@type\":\"BreadcrumbList\",\"@id\":\"https:\/\/www.press7.tv\/?p=20905#breadcrumb\",\"itemListElement\":[{\"@type\":\"ListItem\",\"position\":1,\"name\":\"Home\",\"item\":\"https:\/\/www.press7.tv\/\"},{\"@type\":\"ListItem\",\"position\":2,\"name\":\"Trumpi thot\u00eb s\u00ebrish se e ndali luft\u00ebn mes Kosov\u00ebs dhe Serbis\u00eb\"}]},{\"@type\":\"WebSite\",\"@id\":\"https:\/\/www.news33.tv\/#website\",\"url\":\"https:\/\/www.news33.tv\/\",\"name\":\"News33.tv Media\",\"description\":\"Media\",\"publisher\":{\"@id\":\"https:\/\/www.news33.tv\/#organization\"},\"potentialAction\":[{\"@type\":\"SearchAction\",\"target\":{\"@type\":\"EntryPoint\",\"urlTemplate\":\"https:\/\/www.news33.tv\/?s={search_term_string}\"},\"query-input\":{\"@type\":\"PropertyValueSpecification\",\"valueRequired\":true,\"valueName\":\"search_term_string\"}}],\"inLanguage\":\"en-US\"},{\"@type\":\"Organization\",\"@id\":\"https:\/\/www.news33.tv\/#organization\",\"name\":\"News33.tv Media\",\"url\":\"https:\/\/www.news33.tv\/\",\"logo\":{\"@type\":\"ImageObject\",\"inLanguage\":\"en-US\",\"@id\":\"https:\/\/www.news33.tv\/#\/schema\/logo\/image\/\",\"url\":\"https:\/\/www.press7.tv\/wp-content\/uploads\/2024\/02\/logo-news33-black.png\",\"contentUrl\":\"https:\/\/www.press7.tv\/wp-content\/uploads\/2024\/02\/logo-news33-black.png\",\"width\":180,\"height\":37,\"caption\":\"News33.tv Media\"},\"image\":{\"@id\":\"https:\/\/www.news33.tv\/#\/schema\/logo\/image\/\"},\"sameAs\":[\"https:\/\/www.facebook.com\/press7.tv\"]},{\"@type\":\"Person\",\"@id\":\"https:\/\/www.news33.tv\/#\/schema\/person\/5a04a38a23ccdba82f9bd665cd8f9efa\",\"name\":\"gazetar2\",\"image\":{\"@type\":\"ImageObject\",\"inLanguage\":\"en-US\",\"@id\":\"https:\/\/www.news33.tv\/#\/schema\/person\/image\/\",\"url\":\"https:\/\/www.press7.tv\/wp-content\/litespeed\/avatar\/41975e402c3049d9ddb03adca8f7a883.jpg?ver=1777169572\",\"contentUrl\":\"https:\/\/www.press7.tv\/wp-content\/litespeed\/avatar\/41975e402c3049d9ddb03adca8f7a883.jpg?ver=1777169572\",\"caption\":\"gazetar2\"},\"url\":\"https:\/\/www.press7.tv\/?author=8\"}]}<\/script>\n<!-- \/ Yoast SEO plugin. -->","yoast_head_json":{"title":"Trumpi thot\u00eb s\u00ebrish se e ndali luft\u00ebn mes Kosov\u00ebs dhe Serbis\u00eb - press7.tv","robots":{"index":"index","follow":"follow","max-snippet":"max-snippet:-1","max-image-preview":"max-image-preview:large","max-video-preview":"max-video-preview:-1"},"canonical":"https:\/\/www.press7.tv\/?p=20905","og_locale":"en_US","og_type":"article","og_title":"Trumpi thot\u00eb s\u00ebrish se e ndali luft\u00ebn mes Kosov\u00ebs dhe Serbis\u00eb - press7.tv","og_description":"Presidenti i Shteteve t\u00eb Bashkuara t\u00eb Amerik\u00ebs, Donald Trump, s\u00ebrish ka deklaruar se e ka ndalur luft\u00ebn mes Kosov\u00ebs dhe Serbis\u00eb. K\u00ebt\u00eb deklarat\u00eb e ka b\u00ebr\u00eb gjat\u00eb nj\u00eb takimi me sekretarin e P\u00ebrgjithsh\u00ebm t\u00eb NATO-s, Mark Rutte. Ai duke renditur disa vende p\u00ebr t\u00eb cilat thot\u00eb se ka ndikuar q\u00eb t\u00eb mos ket\u00eb luft\u00eb mes [&hellip;]","og_url":"https:\/\/www.press7.tv\/?p=20905","og_site_name":"press7.tv","article_publisher":"https:\/\/www.facebook.com\/press7.tv","article_published_time":"2025-07-14T16:24:56+00:00","og_image":[{"width":1281,"height":678,"url":"https:\/\/www.press7.tv\/wp-content\/uploads\/2025\/07\/IMG_6243.avif","type":"image\/webp"}],"author":"gazetar2","twitter_card":"summary_large_image","twitter_misc":{"Written by":"gazetar2","Est. reading time":"1 minute"},"schema":{"@context":"https:\/\/schema.org","@graph":[{"@type":"Article","@id":"https:\/\/www.press7.tv\/?p=20905#article","isPartOf":{"@id":"https:\/\/www.press7.tv\/?p=20905"},"author":{"name":"gazetar2","@id":"https:\/\/www.news33.tv\/#\/schema\/person\/5a04a38a23ccdba82f9bd665cd8f9efa"},"headline":"Trumpi thot\u00eb s\u00ebrish se e ndali luft\u00ebn mes Kosov\u00ebs dhe Serbis\u00eb","datePublished":"2025-07-14T16:24:56+00:00","mainEntityOfPage":{"@id":"https:\/\/www.press7.tv\/?p=20905"},"wordCount":322,"publisher":{"@id":"https:\/\/www.news33.tv\/#organization"},"image":{"@id":"https:\/\/www.press7.tv\/?p=20905#primaryimage"},"thumbnailUrl":"https:\/\/www.press7.tv\/wp-content\/uploads\/2025\/07\/IMG_6243.avif","articleSection":["Bot\u00eb","Lajme"],"inLanguage":"en-US"},{"@type":"WebPage","@id":"https:\/\/www.press7.tv\/?p=20905","url":"https:\/\/www.press7.tv\/?p=20905","name":"Trumpi thot\u00eb s\u00ebrish se e ndali luft\u00ebn mes Kosov\u00ebs dhe Serbis\u00eb - press7.tv","isPartOf":{"@id":"https:\/\/www.news33.tv\/#website"},"primaryImageOfPage":{"@id":"https:\/\/www.press7.tv\/?p=20905#primaryimage"},"image":{"@id":"https:\/\/www.press7.tv\/?p=20905#primaryimage"},"thumbnailUrl":"https:\/\/www.press7.tv\/wp-content\/uploads\/2025\/07\/IMG_6243.avif","datePublished":"2025-07-14T16:24:56+00:00","breadcrumb":{"@id":"https:\/\/www.press7.tv\/?p=20905#breadcrumb"},"inLanguage":"en-US","potentialAction":[{"@type":"ReadAction","target":["https:\/\/www.press7.tv\/?p=20905"]}]},{"@type":"ImageObject","inLanguage":"en-US","@id":"https:\/\/www.press7.tv\/?p=20905#primaryimage","url":"https:\/\/www.press7.tv\/wp-content\/uploads\/2025\/07\/IMG_6243.avif","contentUrl":"https:\/\/www.press7.tv\/wp-content\/uploads\/2025\/07\/IMG_6243.avif","width":1281,"height":678},{"@type":"BreadcrumbList","@id":"https:\/\/www.press7.tv\/?p=20905#breadcrumb","itemListElement":[{"@type":"ListItem","position":1,"name":"Home","item":"https:\/\/www.press7.tv\/"},{"@type":"ListItem","position":2,"name":"Trumpi thot\u00eb s\u00ebrish se e ndali luft\u00ebn mes Kosov\u00ebs dhe Serbis\u00eb"}]},{"@type":"WebSite","@id":"https:\/\/www.news33.tv\/#website","url":"https:\/\/www.news33.tv\/","name":"News33.tv Media","description":"Media","publisher":{"@id":"https:\/\/www.news33.tv\/#organization"},"potentialAction":[{"@type":"SearchAction","target":{"@type":"EntryPoint","urlTemplate":"https:\/\/www.news33.tv\/?s={search_term_string}"},"query-input":{"@type":"PropertyValueSpecification","valueRequired":true,"valueName":"search_term_string"}}],"inLanguage":"en-US"},{"@type":"Organization","@id":"https:\/\/www.news33.tv\/#organization","name":"News33.tv Media","url":"https:\/\/www.news33.tv\/","logo":{"@type":"ImageObject","inLanguage":"en-US","@id":"https:\/\/www.news33.tv\/#\/schema\/logo\/image\/","url":"https:\/\/www.press7.tv\/wp-content\/uploads\/2024\/02\/logo-news33-black.png","contentUrl":"https:\/\/www.press7.tv\/wp-content\/uploads\/2024\/02\/logo-news33-black.png","width":180,"height":37,"caption":"News33.tv Media"},"image":{"@id":"https:\/\/www.news33.tv\/#\/schema\/logo\/image\/"},"sameAs":["https:\/\/www.facebook.com\/press7.tv"]},{"@type":"Person","@id":"https:\/\/www.news33.tv\/#\/schema\/person\/5a04a38a23ccdba82f9bd665cd8f9efa","name":"gazetar2","image":{"@type":"ImageObject","inLanguage":"en-US","@id":"https:\/\/www.news33.tv\/#\/schema\/person\/image\/","url":"https:\/\/www.press7.tv\/wp-content\/litespeed\/avatar\/41975e402c3049d9ddb03adca8f7a883.jpg?ver=1777169572","contentUrl":"https:\/\/www.press7.tv\/wp-content\/litespeed\/avatar\/41975e402c3049d9ddb03adca8f7a883.jpg?ver=1777169572","caption":"gazetar2"},"url":"https:\/\/www.press7.tv\/?author=8"}]}},"amp_enabled":true,"_links":{"self":[{"href":"https:\/\/www.press7.tv\/index.php?rest_route=\/wp\/v2\/posts\/20905","targetHints":{"allow":["GET"]}}],"collection":[{"href":"https:\/\/www.press7.tv\/index.php?rest_route=\/wp\/v2\/posts"}],"about":[{"href":"https:\/\/www.press7.tv\/index.php?rest_route=\/wp\/v2\/types\/post"}],"author":[{"embeddable":true,"href":"https:\/\/www.press7.tv\/index.php?rest_route=\/wp\/v2\/users\/8"}],"replies":[{"embeddable":true,"href":"https:\/\/www.press7.tv\/index.php?rest_route=%2Fwp%2Fv2%2Fcomments&post=20905"}],"version-history":[{"count":1,"href":"https:\/\/www.press7.tv\/index.php?rest_route=\/wp\/v2\/posts\/20905\/revisions"}],"predecessor-version":[{"id":20907,"href":"https:\/\/www.press7.tv\/index.php?rest_route=\/wp\/v2\/posts\/20905\/revisions\/20907"}],"wp:featuredmedia":[{"embeddable":true,"href":"https:\/\/www.press7.tv\/index.php?rest_route=\/wp\/v2\/media\/20906"}],"wp:attachment":[{"href":"https:\/\/www.press7.tv\/index.php?rest_route=%2Fwp%2Fv2%2Fmedia&parent=20905"}],"wp:term":[{"taxonomy":"category","embeddable":true,"href":"https:\/\/www.press7.tv\/index.php?rest_route=%2Fwp%2Fv2%2Fcategories&post=20905"},{"taxonomy":"post_tag","embeddable":true,"href":"https:\/\/www.press7.tv\/index.php?rest_route=%2Fwp%2Fv2%2Ftags&post=20905"}],"curies":[{"name":"wp","href":"https:\/\/api.w.org\/{rel}","templated":true}]}}