{"id":20890,"date":"2025-07-13T22:04:34","date_gmt":"2025-07-13T22:04:34","guid":{"rendered":"https:\/\/www.press7.tv\/?p=20890"},"modified":"2025-07-13T22:04:34","modified_gmt":"2025-07-13T22:04:34","slug":"shqiptaret-qe-prijne-si-emigrante-ne-evrope","status":"publish","type":"post","link":"https:\/\/www.press7.tv\/?p=20890","title":{"rendered":"Shqiptar\u00ebt q\u00eb prijn\u00eb si emigrant\u00eb n\u00eb Evrop\u00eb"},"content":{"rendered":"\n    <div class=\"xs_social_share_widget xs_share_url before_content \t\tmain_content  wslu-style-2 wslu-share-box-shaped wslu-fill-colored wslu-share-m-5 wslu-none wslu-share-vertical wslu-theme-font-no wslu-main_content\">\n\n\t\t\n        <ul>\n\t\t\t        <\/ul>\n    <\/div> \n<p>N\u00eb koh\u00ebn e diktatur\u00ebs n\u00eb Shqip\u00ebri, emigrimi i shqiptar\u00ebve ishte dukuri e sanksionuar me ligj, ku \u00e7do tentim d\u00ebnohej me masa drastike, nd\u00ebrsa me miratimin e pluralizmit politik, kjo dukuri mori p\u00ebrmasa t\u00eb m\u00ebdha duke u b\u00ebr\u00eb proces me pasoja t\u00eb m\u00ebdha komb\u00ebtare. Nga t\u00eb dh\u00ebnat t\u00eb cilat jan\u00eb publikuar koh\u00eb m\u00eb par\u00eb nga EUROSTAT, del se shqiptar\u00ebt p\u00ebr nga procesi i emigrimit jan\u00eb komb\u00ebsia m\u00eb e madhe n\u00eb BE n\u00eb raport me popullsin\u00eb<\/p>\n<p>Emigrimi si dukuri e migrimit t\u00eb popullsis\u00eb n\u00eb kuad\u00ebr t\u00eb proceseve demografike, nuk \u00ebsht\u00eb dukuri e re e as e panjohur edhe p\u00ebr nd\u00ebr shqiptar\u00eb. N\u00eb lidhje me k\u00ebt\u00eb \u00e7\u00ebshtje, nga koha e instalimit t\u00eb pushtetit t\u00eb diktatur\u00ebs komuniste n\u00eb Shqip\u00ebri n\u00eb vitin 1944, l\u00ebvizja e lir\u00eb e popullsis\u00eb e sidomos emigrimi n\u00eb bot\u00ebn e jashtme, ishte dukuri e ndaluar me masa ligjore. N\u00eb koh\u00ebn e diktatur\u00ebs n\u00eb Shqip\u00ebri \u00ebsht\u00eb e njohur se populli jetonte me tollon e vendi ishte i rrethuar me klone dhe i izoluar nga bota, q\u00eb ishte demagogji me pasoja komb\u00ebtare.<\/p>\n<p>Tri eksodet biblike<\/p>\n<p>Pas r\u00ebnies s\u00eb murit t\u00eb Berlinit m\u00eb 9 n\u00ebntor 1989, t\u00eb gjitha vendet e ish- kampit socialist, filluan t\u00eb bien si kullat prej letre. Dhe jehona e till\u00eb pati ndikim pozitiv edhe n\u00eb Shqip\u00ebri, ku n\u00eb fillim t\u00eb vitit 1990, u paraqit\u00ebn tentime p\u00ebr grumbullime t\u00eb qytetar\u00ebve, por edhe p\u00ebr t\u00eb kaluar kufirin nga t\u00eb rinj si n\u00eb veri e jug t\u00eb vendit, ku pjesa m\u00eb e madhe e tyre e p\u00ebsuan nga rojat e kufirit.<\/p>\n<p>Eksodi i par\u00eb ka t\u00eb b\u00ebj\u00eb m\u00eb dat\u00ebn 2 korrik 1990, q\u00eb \u00ebsht\u00eb i pari nga mbarimi i Luft\u00ebs s\u00eb Dyt\u00eb Bot\u00ebrore, q\u00eb njihet si \u201cFenomeni i Ambasadave n\u00eb Shqip\u00ebri\u201d. N\u00eb ambasadat e akredituara n\u00eb Shqip\u00ebri sipas t\u00eb dh\u00ebnave jan\u00eb futur 4975 persona. Nga ky num\u00ebr m\u00eb s\u00eb shumti jan\u00eb vendosur n\u00eb ambasad\u00ebn gjermane 3554 qytetar\u00eb, 816 n\u00eb at\u00eb italiane, 549 n\u00eb at\u00eb franceze dhe n\u00eb rezidenca diplomatike n\u00eb Tiran\u00eb. Nj\u00eb veprim i till\u00eb nuk ka dilem\u00eb se ishte nj\u00eb shuplak\u00eb e madhe p\u00ebr diktatur\u00ebn komuniste n\u00eb Shqip\u00ebri, duke d\u00ebshmuar se diktatura kishte falimentuar si kudo n\u00eb vendet e ish-kampit socialist. T\u00eb gjith\u00eb ata q\u00eb u vendos\u00ebn n\u00eb ambasada, m\u00eb pas p\u00ebrmes portit t\u00eb Durr\u00ebsit, jan\u00eb p\u00ebrcjell\u00eb p\u00ebr n\u00eb ato vende ku kan\u00eb shprehur d\u00ebshir\u00ebn t\u00eb shkojn\u00eb.<\/p>\n<p>Nga vera e deri n\u00eb fund t\u00eb vitit edhe pse n\u00eb dhjetor u miratua pluralizmi politik n\u00eb Shqip\u00ebri, kufirin e kan\u00eb kaluar num\u00ebr i konsideruar i shqiptar\u00ebve nga deti e toka, duke rrezikuar veten, sepse rojat e kufirit ishin n\u00eb gjendje mobile. Autori i k\u00ebtij shkrimi \u00ebsht\u00eb d\u00ebshmitar okular kur n\u00eb lumin Buna m\u00eb 20 dhjetor 1990, jan\u00eb vrar\u00eb disa qytetar\u00eb e t\u00eb tjer\u00eb jan\u00eb mbytur n\u00eb lum\u00eb pran\u00eb fshatit Bore. Kufomat e pes\u00eb individ\u00ebve m\u00eb 21 dhjetor jan\u00eb bartur p\u00ebr n\u00eb Podgoric\u00eb, por nga Qeveria e Shqip\u00ebris\u00eb nuk jan\u00eb pranuar se jan\u00eb qytetar\u00ebt e tyre, andaj i kan\u00eb kthyer pas dhe jan\u00eb varrosur n\u00eb varrezat e kish\u00ebs s\u00eb Sh\u00ebn Kollit n\u00eb Shtoj t\u00eb Ulqinit. Raste t\u00eb tilla ka pasur edhe n\u00eb zonat tjera kufitare me pasoja t\u00eb m\u00ebdha p\u00ebr individ\u00eb e familje t\u00eb ndryshme. Madje cek\u00ebt se deri n\u00eb fund t\u00eb vitit n\u00eb Greqi kan\u00eb kaluar duke udh\u00ebtuar k\u00ebmb\u00eb me dit\u00eb e jav\u00eb t\u00eb t\u00ebra rreth 20.000 shqiptar\u00eb, duke k\u00ebrkuar azil politik.<\/p>\n<p>Grushti i fundit ndaj diktatur\u00ebs<\/p>\n<p>Eksodi i dyt\u00eb ndodhi m\u00eb 7-10 mars 1991, ku p\u00ebr tri dit\u00eb, mij\u00ebra shqiptar\u00eb u larguan nga vendi, duke shfryt\u00ebzuar anijet e ankoruara n\u00eb kalatat e porteve m\u00eb t\u00eb m\u00ebdha t\u00eb vendit. Llogaritet se rreth 20.000 refugjat\u00eb shqiptar\u00eb t\u00eb nisur nga porti i Vlor\u00ebs dhe i Durr\u00ebsit zbarkuan n\u00eb portet e jugut t\u00eb Italis\u00eb: Brindizi, Bari, Otranto dhe Monopoli.<\/p>\n<p>Nd\u00ebrsa eksodi i tret\u00eb ndodhi m\u00eb 8 gusht 1991 ku me anijen Vlora, q\u00eb u nis nga Durr\u00ebsi me rreth 10.000\u201315.000 persona n\u00eb bordin e saj dhe mb\u00ebrriti n\u00eb portin e Barit. N\u00eb t\u00eb nj\u00ebjt\u00ebn koh\u00eb, disa anije t\u00eb tjera me rreth 1.000 persona arrit\u00ebn n\u00eb portin e Otrantos. Nd\u00ebrsa dy anije t\u00eb tjera me rreth 675 persona jan\u00eb p\u00ebrpjekur t\u00eb zbrisnin n\u00eb portet e Sicilis\u00eb dhe n\u00eb Malt\u00eb, por nuk mund\u00ebn dhe u detyruan t\u00eb ktheheshin n\u00eb Shqip\u00ebri.<\/p>\n<p>Nga koha e hyrjes s\u00eb shqiptar\u00ebve n\u00eb ambasada me 2 korrik 1990 dhe deri n\u00eb fund t\u00eb vitit 1991 vazhduan largimet masive me \u00e7far\u00ebdo lloj mjeti lundrues. Gjat\u00eb k\u00ebtij eksodi t\u00eb papar\u00eb deri n\u00eb at\u00eb koh\u00eb, llogaritet se vendin e kan\u00eb l\u00ebn\u00eb rreth 200.000 shqiptar\u00eb.<\/p>\n<p>Ndon\u00ebse emigracioni u b\u00eb dukuri shoq\u00ebrore, gjat\u00eb viteve 1992-1996, p\u00ebsoi nj\u00eb ulje relative, sepse kishte nj\u00eb p\u00ebrmir\u00ebsim t\u00eb stabilitetit politik dhe situat\u00ebs social-ekonomike, por t\u00eb dh\u00ebnat d\u00ebshmojn\u00eb se n\u00eb fund t\u00eb vitit 1996 arriti n\u00eb 350 mij\u00eb vet\u00eb. Nd\u00ebrsa kjo dukuri u b\u00eb masive n\u00eb vitin 1997, si pasoj\u00eb e r\u00ebnies s\u00eb skemave piramidale dhe kaosit politik q\u00eb shoq\u00ebroi k\u00ebt\u00eb ngjarje.<\/p>\n<p>P\u00ebr t\u00eb pasur m\u00eb t\u00eb qart\u00eb numrin e popullsis\u00eb s\u00eb emigruar na sh\u00ebrbejn\u00eb t\u00eb dh\u00ebnat nga regjistrimi i popullsis\u00eb t\u00eb kryer nga INSTAT-i, n\u00eb vitin 2001, ku popullsia shqiptare ishte 3,07 milion\u00eb banor\u00eb dhe, n\u00ebse nuk do t\u00eb kishte migracion, kjo shif\u00ebr do t\u00eb ishte 3, 78 milion\u00eb. Diferenca nd\u00ebrmjet k\u00ebtyre dy shifrave \u00ebsht\u00eb numri i p\u00ebraf\u00ebrt i emigrant\u00ebve, pra 710.000 persona.<\/p>\n<p>Dhe nga ato vite e m\u00eb pas emigrimi nga Shqip\u00ebria u b\u00eb proces q\u00eb d\u00ebshmohet nga t\u00eb dh\u00ebnat e ndryshme sipas viteve p\u00ebrkat\u00ebse n\u00eb vendet evropiane e jasht\u00eb tyre. N\u00eb k\u00ebt\u00eb aspekt nga EUROSTAT-i, nga viti 2008 kemi t\u00eb dh\u00ebna t\u00eb sakta t\u00eb cilat nga media e individ\u00eb t\u00eb ndrysh\u00ebm p\u00ebrpunohen dhe i jan\u00eb prezantuar opinionit.<\/p>\n<p>Shqiptar\u00ebt \u2013 komb\u00ebsia m\u00eb e madhe n\u00eb BE n\u00eb raport me popullsin\u00eb<\/p>\n<p>K\u00ebshtu sipas t\u00eb dh\u00ebnave nga EUROSTAT-i n\u00eb vitin 2023, n\u00eb kuad\u00ebr t\u00eb BE-s\u00eb jan\u00eb regjistruar 25 shtet\u00ebsi q\u00eb nuk jan\u00eb shtetas t\u00eb BE-s\u00eb, apo 27.4 milion\u00eb persona, q\u00eb p\u00ebrb\u00ebnin 6.1% t\u00eb popullsis\u00eb s\u00eb BE-s\u00eb. N\u00eb k\u00ebt\u00eb kategori kan\u00eb dominuar shtetasit ukrainas (11,9 %), turq (7,7 %), maroken\u00eb (7,1 %) dhe sirian\u00eb (5,3 %). Nd\u00ebrkoh\u00eb, shtetasit kinez\u00eb (p\u00ebrfshir\u00eb Hong-Kongun) dhe rus\u00ebt zinin p\u00ebrkat\u00ebsisht 3,9 % dhe 3,3 % t\u00eb numrit t\u00eb p\u00ebrgjithsh\u00ebm.<\/p>\n<p>Nga ana tjet\u00ebr shqiptar\u00ebt renditen n\u00eb vendin e n\u00ebnt\u00eb me rreth 2.3% t\u00eb totalit t\u00eb t\u00eb huajve q\u00eb jetojn\u00eb n\u00eb BE, pas Indis\u00eb (3.2%) dhe Mbret\u00ebris\u00eb s\u00eb Bashkuar (2.6%).<\/p>\n<p>N\u00eb vendet e BE-s\u00eb jetojn\u00eb rreth 3.2 milion\u00eb ukrainas, dhe 2.1 milion\u00eb turq, sipas t\u00eb dh\u00ebnave t\u00eb EUROSTAT-it, duke u renditur t\u00eb par\u00ebt n\u00eb num\u00ebr. Por emigrant\u00ebt nga t\u00eb dy k\u00ebto shtete vijn\u00eb nga vende me popullsi t\u00eb m\u00ebdha, ku Turqia ka 87 milion\u00eb banor\u00eb dhe Ukraina 39 milion\u00eb banor\u00eb, duke b\u00ebr\u00eb q\u00eb emigrant\u00ebt n\u00eb raport me popullsit\u00eb e tyre p\u00ebrkat\u00ebse t\u00eb jen\u00eb vet\u00ebm 2.4% dhe 8.4%.<\/p>\n<p>N\u00eb BE, sipas EUROSTAT-it, jetojn\u00eb rreth 630 mij\u00eb shqiptar\u00eb (t\u00eb dh\u00ebnat nuk p\u00ebrfshijn\u00eb Greqin\u00eb). Kjo \u00ebsht\u00eb e barabart\u00eb me 26% t\u00eb popullsis\u00eb q\u00eb jeton n\u00eb Shqip\u00ebri, duke na renditur t\u00eb par\u00ebt n\u00eb BE, n\u00eb raport me popullsin\u00eb. N\u00ebse shtohen dhe ata q\u00eb jetojn\u00eb n\u00eb Greqi, q\u00eb jan\u00eb t\u00eb pakt\u00ebn 400 mij\u00eb persona, shifra e kalon 40%.<\/p>\n<p>N\u00eb nivele t\u00eb larta \u00ebsht\u00eb dhe Kosova, q\u00eb renditet e dyta p\u00ebr shtetasit q\u00eb jetojn\u00eb n\u00eb BE, n\u00eb raport me popullsin\u00eb p\u00ebrkat\u00ebse, me 25.7%. Ballkani Per\u00ebndimor vijon kryesimin, me Maqedonin\u00eb e Veriut me 19.6% dhe Bosnj\u00eb e Hercegovin\u00ebn me 17.3%. e t\u00eb tjera.<\/p>\n<p>Nga viti 2008 leje qendrimi fituan 920 mij\u00eb shqiptar\u00eb<\/p>\n<p>T\u00eb dh\u00ebna t\u00eb tjera nga EUROSTAT-i b\u00ebn\u00eb t\u00eb ditur se n\u00eb vitin 2023 u dhan\u00eb rreth 75 mij\u00eb leje q\u00ebndrimi p\u00ebr shtetasit shqiptar\u00eb nga vendet e BE-s\u00eb.<\/p>\n<p>N\u00eb 2022-2023 jan\u00eb dh\u00ebn\u00eb gjithsej 154 mij\u00eb leje q\u00ebndrimi p\u00ebr her\u00eb t\u00eb par\u00eb. Q\u00eb nga viti 2008, kur EUROSTAT-i raporton t\u00eb dh\u00ebnat kan\u00eb marr\u00eb leje q\u00ebndrimi p\u00ebr her\u00eb t\u00eb par\u00eb rreth 920 mij\u00eb shtetas shqiptar\u00eb. Nd\u00ebrsa p\u00ebr ata t\u00eb cil\u00ebt nuk kan\u00eb fituar nj\u00eb leje t\u00eb till\u00eb, mbetet \u00e7\u00ebshtje e hapur sepse nuk ekziton asnj\u00eb evidenc\u00eb nga Qeveria e Shqip\u00ebris\u00eb, andaj \u00e7do e dh\u00ebn\u00eb \u00ebsht\u00eb aproksimative dhe mund t\u00eb spekulohet.<\/p>\n<p>Nj\u00eb emigrim i till\u00eb ka ndikuar q\u00eb popullsia e Shqip\u00ebris\u00eb t\u00eb p\u00ebsoj\u00eb r\u00ebnie t\u00eb dukshme, ku sipas regjistrimit t\u00eb popullsis\u00eb t\u00eb mbajtur n\u00eb vitin 2023, sipas INSTAT-it, n\u00eb vend jetojn\u00eb 2.4 milion\u00eb banor\u00eb, me r\u00ebnie prej 420 mij\u00eb persona, krahasuar me vitin 2011.<\/p>\n<p>Popullsia n\u00eb vend zbret n\u00eb 2.36 milion\u00eb banor\u00eb!<\/p>\n<p>Nd\u00ebrsa t\u00eb dh\u00ebnat e fundit q\u00eb kan\u00eb t\u00eb b\u00ebjn\u00eb me popullsin\u00eb e Shqip\u00ebris\u00eb mbajn\u00eb dat\u00ebn 1 janar 2025, ku sipas INSTAT-it rezulton se n\u00eb Shqip\u00ebri jetojn\u00eb 2.363.314 banor\u00eb, duke p\u00ebsuar r\u00ebnie me 1.2% krahasuar me 1 janar 2024. R\u00ebnia e popullsis\u00eb \u00ebsht\u00eb rezultat i dy komponent\u00ebve kryesor\u00eb demografik\u00eb: emigracioni dhe r\u00ebnia e lindjeve, dukuri e cila \u00ebsht\u00eb b\u00ebr\u00eb shqet\u00ebsuese dhe m\u00eb pasoja komb\u00ebtare.<\/p>\n<p>N\u00eb munges\u00eb t\u00eb nj\u00eb evidentimi t\u00eb shqiptar\u00ebve n\u00eb nivel t\u00eb p\u00ebrgjithsh\u00ebm, nga ndonj\u00eb subjekt qeveritar, \u00e7do e dh\u00ebn\u00eb \u00ebsht\u00eb subjektive, andaj mbetet t\u00eb ndryshohet qasja ndaj diaspor\u00ebs shqiptare. P\u00ebr t\u00eb eliminuar dilemat n\u00eb lidhje me k\u00ebt\u00eb \u00e7\u00ebshtje duhet nj\u00eb angazhim serioz, kryesisht nga p\u00ebrfaq\u00ebsit\u00eb diplomatike t\u00eb Shqip\u00ebris\u00eb dhe t\u00eb Kosov\u00ebs, ve\u00e7 e ve\u00e7 apo s\u00eb bashku n\u00eb koordinim me subjekte tjera qeveritare. Vet\u00ebm n\u00eb k\u00ebt\u00eb form\u00eb do t\u00eb kishim evidentim t\u00eb sakt\u00eb t\u00eb t\u00eb dh\u00ebnave p\u00ebr shqiptar\u00ebt n\u00eb emigrim, si veprohet kudo n\u00eb bot\u00ebn demokratike, duke eliminuar spekulimet dhe paragjykimet n\u00eb lidhje me numrin e shqiptar\u00ebve n\u00eb emigrim n\u00eb vendet e ndryshme t\u00eb bot\u00ebs.<\/p>\n","protected":false},"excerpt":{"rendered":"<p>N\u00eb koh\u00ebn e diktatur\u00ebs n\u00eb Shqip\u00ebri, emigrimi i shqiptar\u00ebve ishte dukuri e sanksionuar me ligj, ku \u00e7do tentim d\u00ebnohej me masa drastike, nd\u00ebrsa me miratimin e pluralizmit politik, kjo dukuri mori p\u00ebrmasa t\u00eb m\u00ebdha duke u b\u00ebr\u00eb proces me pasoja t\u00eb m\u00ebdha komb\u00ebtare. Nga t\u00eb dh\u00ebnat t\u00eb cilat jan\u00eb publikuar koh\u00eb m\u00eb par\u00eb nga EUROSTAT, [&hellip;]<\/p>\n","protected":false},"author":8,"featured_media":20891,"comment_status":"closed","ping_status":"closed","sticky":false,"template":"","format":"standard","meta":{"footnotes":""},"categories":[213,216],"tags":[],"class_list":["post-20890","post","type-post","status-publish","format-standard","has-post-thumbnail","hentry","category-lajme","category-shqiperi"],"yoast_head":"<!-- This site is optimized with the Yoast SEO plugin v25.1 - https:\/\/yoast.com\/wordpress\/plugins\/seo\/ -->\n<title>Shqiptar\u00ebt q\u00eb prijn\u00eb si emigrant\u00eb n\u00eb Evrop\u00eb - press7.tv<\/title>\n<meta name=\"robots\" content=\"index, follow, max-snippet:-1, max-image-preview:large, max-video-preview:-1\" \/>\n<link rel=\"canonical\" href=\"https:\/\/www.press7.tv\/?p=20890\" \/>\n<meta property=\"og:locale\" content=\"en_US\" \/>\n<meta property=\"og:type\" content=\"article\" \/>\n<meta property=\"og:title\" content=\"Shqiptar\u00ebt q\u00eb prijn\u00eb si emigrant\u00eb n\u00eb Evrop\u00eb - press7.tv\" \/>\n<meta property=\"og:description\" content=\"N\u00eb koh\u00ebn e diktatur\u00ebs n\u00eb Shqip\u00ebri, emigrimi i shqiptar\u00ebve ishte dukuri e sanksionuar me ligj, ku \u00e7do tentim d\u00ebnohej me masa drastike, nd\u00ebrsa me miratimin e pluralizmit politik, kjo dukuri mori p\u00ebrmasa t\u00eb m\u00ebdha duke u b\u00ebr\u00eb proces me pasoja t\u00eb m\u00ebdha komb\u00ebtare. Nga t\u00eb dh\u00ebnat t\u00eb cilat jan\u00eb publikuar koh\u00eb m\u00eb par\u00eb nga EUROSTAT, [&hellip;]\" \/>\n<meta property=\"og:url\" content=\"https:\/\/www.press7.tv\/?p=20890\" \/>\n<meta property=\"og:site_name\" content=\"press7.tv\" \/>\n<meta property=\"article:publisher\" content=\"https:\/\/www.facebook.com\/press7.tv\" \/>\n<meta property=\"article:published_time\" content=\"2025-07-13T22:04:34+00:00\" \/>\n<meta property=\"og:image\" content=\"https:\/\/www.press7.tv\/wp-content\/uploads\/2025\/07\/IMG_6227.avif\" \/>\n\t<meta property=\"og:image:width\" content=\"1200\" \/>\n\t<meta property=\"og:image:height\" content=\"630\" \/>\n\t<meta property=\"og:image:type\" content=\"image\/webp\" \/>\n<meta name=\"author\" content=\"gazetar2\" \/>\n<meta name=\"twitter:card\" content=\"summary_large_image\" \/>\n<meta name=\"twitter:label1\" content=\"Written by\" \/>\n\t<meta name=\"twitter:data1\" content=\"gazetar2\" \/>\n\t<meta name=\"twitter:label2\" content=\"Est. reading time\" \/>\n\t<meta name=\"twitter:data2\" content=\"1 minute\" \/>\n<script type=\"application\/ld+json\" class=\"yoast-schema-graph\">{\"@context\":\"https:\/\/schema.org\",\"@graph\":[{\"@type\":\"Article\",\"@id\":\"https:\/\/www.press7.tv\/?p=20890#article\",\"isPartOf\":{\"@id\":\"https:\/\/www.press7.tv\/?p=20890\"},\"author\":{\"name\":\"gazetar2\",\"@id\":\"https:\/\/www.news33.tv\/#\/schema\/person\/5a04a38a23ccdba82f9bd665cd8f9efa\"},\"headline\":\"Shqiptar\u00ebt q\u00eb prijn\u00eb si emigrant\u00eb n\u00eb Evrop\u00eb\",\"datePublished\":\"2025-07-13T22:04:34+00:00\",\"mainEntityOfPage\":{\"@id\":\"https:\/\/www.press7.tv\/?p=20890\"},\"wordCount\":1649,\"publisher\":{\"@id\":\"https:\/\/www.news33.tv\/#organization\"},\"image\":{\"@id\":\"https:\/\/www.press7.tv\/?p=20890#primaryimage\"},\"thumbnailUrl\":\"https:\/\/www.press7.tv\/wp-content\/uploads\/2025\/07\/IMG_6227.avif\",\"articleSection\":[\"Lajme\",\"Shqip\u00ebri\"],\"inLanguage\":\"en-US\"},{\"@type\":\"WebPage\",\"@id\":\"https:\/\/www.press7.tv\/?p=20890\",\"url\":\"https:\/\/www.press7.tv\/?p=20890\",\"name\":\"Shqiptar\u00ebt q\u00eb prijn\u00eb si emigrant\u00eb n\u00eb Evrop\u00eb - press7.tv\",\"isPartOf\":{\"@id\":\"https:\/\/www.news33.tv\/#website\"},\"primaryImageOfPage\":{\"@id\":\"https:\/\/www.press7.tv\/?p=20890#primaryimage\"},\"image\":{\"@id\":\"https:\/\/www.press7.tv\/?p=20890#primaryimage\"},\"thumbnailUrl\":\"https:\/\/www.press7.tv\/wp-content\/uploads\/2025\/07\/IMG_6227.avif\",\"datePublished\":\"2025-07-13T22:04:34+00:00\",\"breadcrumb\":{\"@id\":\"https:\/\/www.press7.tv\/?p=20890#breadcrumb\"},\"inLanguage\":\"en-US\",\"potentialAction\":[{\"@type\":\"ReadAction\",\"target\":[\"https:\/\/www.press7.tv\/?p=20890\"]}]},{\"@type\":\"ImageObject\",\"inLanguage\":\"en-US\",\"@id\":\"https:\/\/www.press7.tv\/?p=20890#primaryimage\",\"url\":\"https:\/\/www.press7.tv\/wp-content\/uploads\/2025\/07\/IMG_6227.avif\",\"contentUrl\":\"https:\/\/www.press7.tv\/wp-content\/uploads\/2025\/07\/IMG_6227.avif\",\"width\":1200,\"height\":630},{\"@type\":\"BreadcrumbList\",\"@id\":\"https:\/\/www.press7.tv\/?p=20890#breadcrumb\",\"itemListElement\":[{\"@type\":\"ListItem\",\"position\":1,\"name\":\"Home\",\"item\":\"https:\/\/www.press7.tv\/\"},{\"@type\":\"ListItem\",\"position\":2,\"name\":\"Shqiptar\u00ebt q\u00eb prijn\u00eb si emigrant\u00eb n\u00eb Evrop\u00eb\"}]},{\"@type\":\"WebSite\",\"@id\":\"https:\/\/www.news33.tv\/#website\",\"url\":\"https:\/\/www.news33.tv\/\",\"name\":\"News33.tv Media\",\"description\":\"Media\",\"publisher\":{\"@id\":\"https:\/\/www.news33.tv\/#organization\"},\"potentialAction\":[{\"@type\":\"SearchAction\",\"target\":{\"@type\":\"EntryPoint\",\"urlTemplate\":\"https:\/\/www.news33.tv\/?s={search_term_string}\"},\"query-input\":{\"@type\":\"PropertyValueSpecification\",\"valueRequired\":true,\"valueName\":\"search_term_string\"}}],\"inLanguage\":\"en-US\"},{\"@type\":\"Organization\",\"@id\":\"https:\/\/www.news33.tv\/#organization\",\"name\":\"News33.tv Media\",\"url\":\"https:\/\/www.news33.tv\/\",\"logo\":{\"@type\":\"ImageObject\",\"inLanguage\":\"en-US\",\"@id\":\"https:\/\/www.news33.tv\/#\/schema\/logo\/image\/\",\"url\":\"https:\/\/www.press7.tv\/wp-content\/uploads\/2024\/02\/logo-news33-black.png\",\"contentUrl\":\"https:\/\/www.press7.tv\/wp-content\/uploads\/2024\/02\/logo-news33-black.png\",\"width\":180,\"height\":37,\"caption\":\"News33.tv Media\"},\"image\":{\"@id\":\"https:\/\/www.news33.tv\/#\/schema\/logo\/image\/\"},\"sameAs\":[\"https:\/\/www.facebook.com\/press7.tv\"]},{\"@type\":\"Person\",\"@id\":\"https:\/\/www.news33.tv\/#\/schema\/person\/5a04a38a23ccdba82f9bd665cd8f9efa\",\"name\":\"gazetar2\",\"image\":{\"@type\":\"ImageObject\",\"inLanguage\":\"en-US\",\"@id\":\"https:\/\/www.news33.tv\/#\/schema\/person\/image\/\",\"url\":\"https:\/\/www.press7.tv\/wp-content\/litespeed\/avatar\/41975e402c3049d9ddb03adca8f7a883.jpg?ver=1777169572\",\"contentUrl\":\"https:\/\/www.press7.tv\/wp-content\/litespeed\/avatar\/41975e402c3049d9ddb03adca8f7a883.jpg?ver=1777169572\",\"caption\":\"gazetar2\"},\"url\":\"https:\/\/www.press7.tv\/?author=8\"}]}<\/script>\n<!-- \/ Yoast SEO plugin. -->","yoast_head_json":{"title":"Shqiptar\u00ebt q\u00eb prijn\u00eb si emigrant\u00eb n\u00eb Evrop\u00eb - press7.tv","robots":{"index":"index","follow":"follow","max-snippet":"max-snippet:-1","max-image-preview":"max-image-preview:large","max-video-preview":"max-video-preview:-1"},"canonical":"https:\/\/www.press7.tv\/?p=20890","og_locale":"en_US","og_type":"article","og_title":"Shqiptar\u00ebt q\u00eb prijn\u00eb si emigrant\u00eb n\u00eb Evrop\u00eb - press7.tv","og_description":"N\u00eb koh\u00ebn e diktatur\u00ebs n\u00eb Shqip\u00ebri, emigrimi i shqiptar\u00ebve ishte dukuri e sanksionuar me ligj, ku \u00e7do tentim d\u00ebnohej me masa drastike, nd\u00ebrsa me miratimin e pluralizmit politik, kjo dukuri mori p\u00ebrmasa t\u00eb m\u00ebdha duke u b\u00ebr\u00eb proces me pasoja t\u00eb m\u00ebdha komb\u00ebtare. Nga t\u00eb dh\u00ebnat t\u00eb cilat jan\u00eb publikuar koh\u00eb m\u00eb par\u00eb nga EUROSTAT, [&hellip;]","og_url":"https:\/\/www.press7.tv\/?p=20890","og_site_name":"press7.tv","article_publisher":"https:\/\/www.facebook.com\/press7.tv","article_published_time":"2025-07-13T22:04:34+00:00","og_image":[{"width":1200,"height":630,"url":"https:\/\/www.press7.tv\/wp-content\/uploads\/2025\/07\/IMG_6227.avif","type":"image\/webp"}],"author":"gazetar2","twitter_card":"summary_large_image","twitter_misc":{"Written by":"gazetar2","Est. reading time":"1 minute"},"schema":{"@context":"https:\/\/schema.org","@graph":[{"@type":"Article","@id":"https:\/\/www.press7.tv\/?p=20890#article","isPartOf":{"@id":"https:\/\/www.press7.tv\/?p=20890"},"author":{"name":"gazetar2","@id":"https:\/\/www.news33.tv\/#\/schema\/person\/5a04a38a23ccdba82f9bd665cd8f9efa"},"headline":"Shqiptar\u00ebt q\u00eb prijn\u00eb si emigrant\u00eb n\u00eb Evrop\u00eb","datePublished":"2025-07-13T22:04:34+00:00","mainEntityOfPage":{"@id":"https:\/\/www.press7.tv\/?p=20890"},"wordCount":1649,"publisher":{"@id":"https:\/\/www.news33.tv\/#organization"},"image":{"@id":"https:\/\/www.press7.tv\/?p=20890#primaryimage"},"thumbnailUrl":"https:\/\/www.press7.tv\/wp-content\/uploads\/2025\/07\/IMG_6227.avif","articleSection":["Lajme","Shqip\u00ebri"],"inLanguage":"en-US"},{"@type":"WebPage","@id":"https:\/\/www.press7.tv\/?p=20890","url":"https:\/\/www.press7.tv\/?p=20890","name":"Shqiptar\u00ebt q\u00eb prijn\u00eb si emigrant\u00eb n\u00eb Evrop\u00eb - press7.tv","isPartOf":{"@id":"https:\/\/www.news33.tv\/#website"},"primaryImageOfPage":{"@id":"https:\/\/www.press7.tv\/?p=20890#primaryimage"},"image":{"@id":"https:\/\/www.press7.tv\/?p=20890#primaryimage"},"thumbnailUrl":"https:\/\/www.press7.tv\/wp-content\/uploads\/2025\/07\/IMG_6227.avif","datePublished":"2025-07-13T22:04:34+00:00","breadcrumb":{"@id":"https:\/\/www.press7.tv\/?p=20890#breadcrumb"},"inLanguage":"en-US","potentialAction":[{"@type":"ReadAction","target":["https:\/\/www.press7.tv\/?p=20890"]}]},{"@type":"ImageObject","inLanguage":"en-US","@id":"https:\/\/www.press7.tv\/?p=20890#primaryimage","url":"https:\/\/www.press7.tv\/wp-content\/uploads\/2025\/07\/IMG_6227.avif","contentUrl":"https:\/\/www.press7.tv\/wp-content\/uploads\/2025\/07\/IMG_6227.avif","width":1200,"height":630},{"@type":"BreadcrumbList","@id":"https:\/\/www.press7.tv\/?p=20890#breadcrumb","itemListElement":[{"@type":"ListItem","position":1,"name":"Home","item":"https:\/\/www.press7.tv\/"},{"@type":"ListItem","position":2,"name":"Shqiptar\u00ebt q\u00eb prijn\u00eb si emigrant\u00eb n\u00eb Evrop\u00eb"}]},{"@type":"WebSite","@id":"https:\/\/www.news33.tv\/#website","url":"https:\/\/www.news33.tv\/","name":"News33.tv Media","description":"Media","publisher":{"@id":"https:\/\/www.news33.tv\/#organization"},"potentialAction":[{"@type":"SearchAction","target":{"@type":"EntryPoint","urlTemplate":"https:\/\/www.news33.tv\/?s={search_term_string}"},"query-input":{"@type":"PropertyValueSpecification","valueRequired":true,"valueName":"search_term_string"}}],"inLanguage":"en-US"},{"@type":"Organization","@id":"https:\/\/www.news33.tv\/#organization","name":"News33.tv Media","url":"https:\/\/www.news33.tv\/","logo":{"@type":"ImageObject","inLanguage":"en-US","@id":"https:\/\/www.news33.tv\/#\/schema\/logo\/image\/","url":"https:\/\/www.press7.tv\/wp-content\/uploads\/2024\/02\/logo-news33-black.png","contentUrl":"https:\/\/www.press7.tv\/wp-content\/uploads\/2024\/02\/logo-news33-black.png","width":180,"height":37,"caption":"News33.tv Media"},"image":{"@id":"https:\/\/www.news33.tv\/#\/schema\/logo\/image\/"},"sameAs":["https:\/\/www.facebook.com\/press7.tv"]},{"@type":"Person","@id":"https:\/\/www.news33.tv\/#\/schema\/person\/5a04a38a23ccdba82f9bd665cd8f9efa","name":"gazetar2","image":{"@type":"ImageObject","inLanguage":"en-US","@id":"https:\/\/www.news33.tv\/#\/schema\/person\/image\/","url":"https:\/\/www.press7.tv\/wp-content\/litespeed\/avatar\/41975e402c3049d9ddb03adca8f7a883.jpg?ver=1777169572","contentUrl":"https:\/\/www.press7.tv\/wp-content\/litespeed\/avatar\/41975e402c3049d9ddb03adca8f7a883.jpg?ver=1777169572","caption":"gazetar2"},"url":"https:\/\/www.press7.tv\/?author=8"}]}},"amp_enabled":true,"_links":{"self":[{"href":"https:\/\/www.press7.tv\/index.php?rest_route=\/wp\/v2\/posts\/20890","targetHints":{"allow":["GET"]}}],"collection":[{"href":"https:\/\/www.press7.tv\/index.php?rest_route=\/wp\/v2\/posts"}],"about":[{"href":"https:\/\/www.press7.tv\/index.php?rest_route=\/wp\/v2\/types\/post"}],"author":[{"embeddable":true,"href":"https:\/\/www.press7.tv\/index.php?rest_route=\/wp\/v2\/users\/8"}],"replies":[{"embeddable":true,"href":"https:\/\/www.press7.tv\/index.php?rest_route=%2Fwp%2Fv2%2Fcomments&post=20890"}],"version-history":[{"count":1,"href":"https:\/\/www.press7.tv\/index.php?rest_route=\/wp\/v2\/posts\/20890\/revisions"}],"predecessor-version":[{"id":20892,"href":"https:\/\/www.press7.tv\/index.php?rest_route=\/wp\/v2\/posts\/20890\/revisions\/20892"}],"wp:featuredmedia":[{"embeddable":true,"href":"https:\/\/www.press7.tv\/index.php?rest_route=\/wp\/v2\/media\/20891"}],"wp:attachment":[{"href":"https:\/\/www.press7.tv\/index.php?rest_route=%2Fwp%2Fv2%2Fmedia&parent=20890"}],"wp:term":[{"taxonomy":"category","embeddable":true,"href":"https:\/\/www.press7.tv\/index.php?rest_route=%2Fwp%2Fv2%2Fcategories&post=20890"},{"taxonomy":"post_tag","embeddable":true,"href":"https:\/\/www.press7.tv\/index.php?rest_route=%2Fwp%2Fv2%2Ftags&post=20890"}],"curies":[{"name":"wp","href":"https:\/\/api.w.org\/{rel}","templated":true}]}}