{"id":20886,"date":"2025-07-13T19:24:08","date_gmt":"2025-07-13T19:24:08","guid":{"rendered":"https:\/\/www.press7.tv\/?p=20886"},"modified":"2025-07-13T19:24:08","modified_gmt":"2025-07-13T19:24:08","slug":"mexhiti-ne-hapjen-e-hotel-embla-eshte-per-tu-vleresuar-vizioni-i-mendi-qyres-per-te-investuar-ne-struge","status":"publish","type":"post","link":"https:\/\/www.press7.tv\/?p=20886","title":{"rendered":"Mexhiti n\u00eb hapjen e hotel \u201c\u00cbmbla\u201d: \u00cbsht\u00eb p\u00ebr t\u2019u vler\u00ebsuar vizioni i Mendi Qyr\u00ebs p\u00ebr t\u00eb investuar n\u00eb Strug\u00eb"},"content":{"rendered":"\n    <div class=\"xs_social_share_widget xs_share_url before_content \t\tmain_content  wslu-style-2 wslu-share-box-shaped wslu-fill-colored wslu-share-m-5 wslu-none wslu-share-vertical wslu-theme-font-no wslu-main_content\">\n\n\t\t\n        <ul>\n\t\t\t        <\/ul>\n    <\/div> \n<p>Z\u00ebvend\u00ebs kryeministri i par\u00eb dhe minist\u00ebr i Mjedisit Jet\u00ebsor dhe Planifikimkt Hap\u00ebsinor Izet Mexhiti mori pjes\u00eb n\u00eb hapjen e hotelit \u201c\u00cbmbla\u201d n\u00eb Strug\u00eb, nj\u00eb investim serioz dhe vizionar, q\u00eb i shton vler\u00eb edhe gjith\u00eb qytetit.<\/p>\n<p>Mexhiti me k\u00ebt\u00eb rast theksoi se ky hotel, i vendosur n\u00eb zem\u00ebr t\u00eb Strug\u00ebs, p\u00ebrfaq\u00ebson m\u00eb s\u00eb miri nd\u00ebrthurjen e tradit\u00ebs me modernitetin, t\u00eb mikpritjes lokale me standardet bashk\u00ebkohore t\u00eb sh\u00ebrbimit.<\/p>\n<p>\u201cNuk \u00ebsht\u00eb thjesht nj\u00eb struktur\u00eb akomoduese, por nj\u00eb koncept i nd\u00ebrtuar me kujdes, q\u00eb reflekton dashurin\u00eb p\u00ebr qytetin dhe p\u00ebr zhvillimin e q\u00ebndruesh\u00ebm t\u00eb tij\u201d, tha Mexhiti.<\/p>\n<p>Ai me k\u00ebt\u00eb rast uroi ideatorin e k\u00ebtij projekti madhor, z. Mendi Qyra, nj\u00eb qytetar i p\u00ebrkushtuar dhe em\u00ebr i njohur p\u00ebr pun\u00ebn dhe angazhimin e tij konkret n\u00eb t\u00eb mir\u00eb t\u00eb komunitetit.<\/p>\n<p>\u201c\u00cbsht\u00eb p\u00ebr t\u2019u vler\u00ebsuar vizioni i tij p\u00ebr t\u00eb investuar n\u00eb Strug\u00eb, p\u00ebr t\u00eb krijuar vende t\u00eb reja pune, dhe p\u00ebr t\u00eb kontribuar n\u00eb ngritjen e cil\u00ebsis\u00eb s\u00eb sh\u00ebrbimeve n\u00eb qytet.<br \/>\nStruga ka potencial t\u00eb jasht\u00ebzakonsh\u00ebm turistik, kulturor dhe ekonomik. Projekte si \u201c\u00cbmbla\u201d jan\u00eb shembull i qart\u00eb se si ky potencial mund t\u00eb vihet n\u00eb funksion t\u00eb zhvillimit lokal. Urime z. Qyra p\u00ebr realizimin e k\u00ebtij projekti dhe gjith\u00eb stafit q\u00eb do t\u00eb jet\u00eb pjes\u00eb e k\u00ebtij suksesi. Uroj q\u00eb \u201c\u00cbmbla\u201d t\u00eb jet\u00eb nj\u00eb histori e gjat\u00eb dhe e suksesshme p\u00ebr Strug\u00ebn dhe p\u00ebr gjith\u00eb vizitor\u00ebt q\u00eb do t\u00eb kalojn\u00eb pragun e saj\u201d, u shpreh Z\u00ebvend\u00ebs kryeministri i par\u00eb Izet Mexhiti.<\/p>\n","protected":false},"excerpt":{"rendered":"<p>Z\u00ebvend\u00ebs kryeministri i par\u00eb dhe minist\u00ebr i Mjedisit Jet\u00ebsor dhe Planifikimkt Hap\u00ebsinor Izet Mexhiti mori pjes\u00eb n\u00eb hapjen e hotelit \u201c\u00cbmbla\u201d n\u00eb Strug\u00eb, nj\u00eb investim serioz dhe vizionar, q\u00eb i shton vler\u00eb edhe gjith\u00eb qytetit. Mexhiti me k\u00ebt\u00eb rast theksoi se ky hotel, i vendosur n\u00eb zem\u00ebr t\u00eb Strug\u00ebs, p\u00ebrfaq\u00ebson m\u00eb s\u00eb miri nd\u00ebrthurjen e [&hellip;]<\/p>\n","protected":false},"author":8,"featured_media":20887,"comment_status":"closed","ping_status":"closed","sticky":false,"template":"","format":"standard","meta":{"footnotes":""},"categories":[213,214],"tags":[],"class_list":["post-20886","post","type-post","status-publish","format-standard","has-post-thumbnail","hentry","category-lajme","category-maqedoni"],"yoast_head":"<!-- This site is optimized with the Yoast SEO plugin v25.1 - https:\/\/yoast.com\/wordpress\/plugins\/seo\/ -->\n<title>Mexhiti n\u00eb hapjen e hotel \u201c\u00cbmbla\u201d: \u00cbsht\u00eb p\u00ebr t\u2019u vler\u00ebsuar vizioni i Mendi Qyr\u00ebs p\u00ebr t\u00eb investuar n\u00eb Strug\u00eb - press7.tv<\/title>\n<meta name=\"robots\" content=\"index, follow, max-snippet:-1, max-image-preview:large, max-video-preview:-1\" \/>\n<link rel=\"canonical\" href=\"https:\/\/www.press7.tv\/?p=20886\" \/>\n<meta property=\"og:locale\" content=\"en_US\" \/>\n<meta property=\"og:type\" content=\"article\" \/>\n<meta property=\"og:title\" content=\"Mexhiti n\u00eb hapjen e hotel \u201c\u00cbmbla\u201d: \u00cbsht\u00eb p\u00ebr t\u2019u vler\u00ebsuar vizioni i Mendi Qyr\u00ebs p\u00ebr t\u00eb investuar n\u00eb Strug\u00eb - press7.tv\" \/>\n<meta property=\"og:description\" content=\"Z\u00ebvend\u00ebs kryeministri i par\u00eb dhe minist\u00ebr i Mjedisit Jet\u00ebsor dhe Planifikimkt Hap\u00ebsinor Izet Mexhiti mori pjes\u00eb n\u00eb hapjen e hotelit \u201c\u00cbmbla\u201d n\u00eb Strug\u00eb, nj\u00eb investim serioz dhe vizionar, q\u00eb i shton vler\u00eb edhe gjith\u00eb qytetit. Mexhiti me k\u00ebt\u00eb rast theksoi se ky hotel, i vendosur n\u00eb zem\u00ebr t\u00eb Strug\u00ebs, p\u00ebrfaq\u00ebson m\u00eb s\u00eb miri nd\u00ebrthurjen e [&hellip;]\" \/>\n<meta property=\"og:url\" content=\"https:\/\/www.press7.tv\/?p=20886\" \/>\n<meta property=\"og:site_name\" content=\"press7.tv\" \/>\n<meta property=\"article:publisher\" content=\"https:\/\/www.facebook.com\/press7.tv\" \/>\n<meta property=\"article:published_time\" content=\"2025-07-13T19:24:08+00:00\" \/>\n<meta property=\"og:image\" content=\"https:\/\/www.press7.tv\/wp-content\/uploads\/2025\/07\/IMG_6212.avif\" \/>\n\t<meta property=\"og:image:width\" content=\"1536\" \/>\n\t<meta property=\"og:image:height\" content=\"1025\" \/>\n\t<meta property=\"og:image:type\" content=\"image\/jpeg\" \/>\n<meta name=\"author\" content=\"gazetar2\" \/>\n<meta name=\"twitter:card\" content=\"summary_large_image\" \/>\n<meta name=\"twitter:label1\" content=\"Written by\" \/>\n\t<meta name=\"twitter:data1\" content=\"gazetar2\" \/>\n\t<meta name=\"twitter:label2\" content=\"Est. reading time\" \/>\n\t<meta name=\"twitter:data2\" content=\"1 minute\" \/>\n<script type=\"application\/ld+json\" class=\"yoast-schema-graph\">{\"@context\":\"https:\/\/schema.org\",\"@graph\":[{\"@type\":\"Article\",\"@id\":\"https:\/\/www.press7.tv\/?p=20886#article\",\"isPartOf\":{\"@id\":\"https:\/\/www.press7.tv\/?p=20886\"},\"author\":{\"name\":\"gazetar2\",\"@id\":\"https:\/\/www.news33.tv\/#\/schema\/person\/5a04a38a23ccdba82f9bd665cd8f9efa\"},\"headline\":\"Mexhiti n\u00eb hapjen e hotel \u201c\u00cbmbla\u201d: \u00cbsht\u00eb p\u00ebr t\u2019u vler\u00ebsuar vizioni i Mendi Qyr\u00ebs p\u00ebr t\u00eb investuar n\u00eb Strug\u00eb\",\"datePublished\":\"2025-07-13T19:24:08+00:00\",\"mainEntityOfPage\":{\"@id\":\"https:\/\/www.press7.tv\/?p=20886\"},\"wordCount\":305,\"publisher\":{\"@id\":\"https:\/\/www.news33.tv\/#organization\"},\"image\":{\"@id\":\"https:\/\/www.press7.tv\/?p=20886#primaryimage\"},\"thumbnailUrl\":\"https:\/\/www.press7.tv\/wp-content\/uploads\/2025\/07\/IMG_6212.avif\",\"articleSection\":[\"Lajme\",\"Maqedoni\"],\"inLanguage\":\"en-US\"},{\"@type\":\"WebPage\",\"@id\":\"https:\/\/www.press7.tv\/?p=20886\",\"url\":\"https:\/\/www.press7.tv\/?p=20886\",\"name\":\"Mexhiti n\u00eb hapjen e hotel \u201c\u00cbmbla\u201d: \u00cbsht\u00eb p\u00ebr t\u2019u vler\u00ebsuar vizioni i Mendi Qyr\u00ebs p\u00ebr t\u00eb investuar n\u00eb Strug\u00eb - press7.tv\",\"isPartOf\":{\"@id\":\"https:\/\/www.news33.tv\/#website\"},\"primaryImageOfPage\":{\"@id\":\"https:\/\/www.press7.tv\/?p=20886#primaryimage\"},\"image\":{\"@id\":\"https:\/\/www.press7.tv\/?p=20886#primaryimage\"},\"thumbnailUrl\":\"https:\/\/www.press7.tv\/wp-content\/uploads\/2025\/07\/IMG_6212.avif\",\"datePublished\":\"2025-07-13T19:24:08+00:00\",\"breadcrumb\":{\"@id\":\"https:\/\/www.press7.tv\/?p=20886#breadcrumb\"},\"inLanguage\":\"en-US\",\"potentialAction\":[{\"@type\":\"ReadAction\",\"target\":[\"https:\/\/www.press7.tv\/?p=20886\"]}]},{\"@type\":\"ImageObject\",\"inLanguage\":\"en-US\",\"@id\":\"https:\/\/www.press7.tv\/?p=20886#primaryimage\",\"url\":\"https:\/\/www.press7.tv\/wp-content\/uploads\/2025\/07\/IMG_6212.avif\",\"contentUrl\":\"https:\/\/www.press7.tv\/wp-content\/uploads\/2025\/07\/IMG_6212.avif\",\"width\":1536,\"height\":1025},{\"@type\":\"BreadcrumbList\",\"@id\":\"https:\/\/www.press7.tv\/?p=20886#breadcrumb\",\"itemListElement\":[{\"@type\":\"ListItem\",\"position\":1,\"name\":\"Home\",\"item\":\"https:\/\/www.press7.tv\/\"},{\"@type\":\"ListItem\",\"position\":2,\"name\":\"Mexhiti n\u00eb hapjen e hotel \u201c\u00cbmbla\u201d: \u00cbsht\u00eb p\u00ebr t\u2019u vler\u00ebsuar vizioni i Mendi Qyr\u00ebs p\u00ebr t\u00eb investuar n\u00eb Strug\u00eb\"}]},{\"@type\":\"WebSite\",\"@id\":\"https:\/\/www.news33.tv\/#website\",\"url\":\"https:\/\/www.news33.tv\/\",\"name\":\"News33.tv Media\",\"description\":\"Media\",\"publisher\":{\"@id\":\"https:\/\/www.news33.tv\/#organization\"},\"potentialAction\":[{\"@type\":\"SearchAction\",\"target\":{\"@type\":\"EntryPoint\",\"urlTemplate\":\"https:\/\/www.news33.tv\/?s={search_term_string}\"},\"query-input\":{\"@type\":\"PropertyValueSpecification\",\"valueRequired\":true,\"valueName\":\"search_term_string\"}}],\"inLanguage\":\"en-US\"},{\"@type\":\"Organization\",\"@id\":\"https:\/\/www.news33.tv\/#organization\",\"name\":\"News33.tv Media\",\"url\":\"https:\/\/www.news33.tv\/\",\"logo\":{\"@type\":\"ImageObject\",\"inLanguage\":\"en-US\",\"@id\":\"https:\/\/www.news33.tv\/#\/schema\/logo\/image\/\",\"url\":\"https:\/\/www.press7.tv\/wp-content\/uploads\/2024\/02\/logo-news33-black.png\",\"contentUrl\":\"https:\/\/www.press7.tv\/wp-content\/uploads\/2024\/02\/logo-news33-black.png\",\"width\":180,\"height\":37,\"caption\":\"News33.tv Media\"},\"image\":{\"@id\":\"https:\/\/www.news33.tv\/#\/schema\/logo\/image\/\"},\"sameAs\":[\"https:\/\/www.facebook.com\/press7.tv\"]},{\"@type\":\"Person\",\"@id\":\"https:\/\/www.news33.tv\/#\/schema\/person\/5a04a38a23ccdba82f9bd665cd8f9efa\",\"name\":\"gazetar2\",\"image\":{\"@type\":\"ImageObject\",\"inLanguage\":\"en-US\",\"@id\":\"https:\/\/www.news33.tv\/#\/schema\/person\/image\/\",\"url\":\"https:\/\/www.press7.tv\/wp-content\/litespeed\/avatar\/41975e402c3049d9ddb03adca8f7a883.jpg?ver=1777169572\",\"contentUrl\":\"https:\/\/www.press7.tv\/wp-content\/litespeed\/avatar\/41975e402c3049d9ddb03adca8f7a883.jpg?ver=1777169572\",\"caption\":\"gazetar2\"},\"url\":\"https:\/\/www.press7.tv\/?author=8\"}]}<\/script>\n<!-- \/ Yoast SEO plugin. -->","yoast_head_json":{"title":"Mexhiti n\u00eb hapjen e hotel \u201c\u00cbmbla\u201d: \u00cbsht\u00eb p\u00ebr t\u2019u vler\u00ebsuar vizioni i Mendi Qyr\u00ebs p\u00ebr t\u00eb investuar n\u00eb Strug\u00eb - press7.tv","robots":{"index":"index","follow":"follow","max-snippet":"max-snippet:-1","max-image-preview":"max-image-preview:large","max-video-preview":"max-video-preview:-1"},"canonical":"https:\/\/www.press7.tv\/?p=20886","og_locale":"en_US","og_type":"article","og_title":"Mexhiti n\u00eb hapjen e hotel \u201c\u00cbmbla\u201d: \u00cbsht\u00eb p\u00ebr t\u2019u vler\u00ebsuar vizioni i Mendi Qyr\u00ebs p\u00ebr t\u00eb investuar n\u00eb Strug\u00eb - press7.tv","og_description":"Z\u00ebvend\u00ebs kryeministri i par\u00eb dhe minist\u00ebr i Mjedisit Jet\u00ebsor dhe Planifikimkt Hap\u00ebsinor Izet Mexhiti mori pjes\u00eb n\u00eb hapjen e hotelit \u201c\u00cbmbla\u201d n\u00eb Strug\u00eb, nj\u00eb investim serioz dhe vizionar, q\u00eb i shton vler\u00eb edhe gjith\u00eb qytetit. Mexhiti me k\u00ebt\u00eb rast theksoi se ky hotel, i vendosur n\u00eb zem\u00ebr t\u00eb Strug\u00ebs, p\u00ebrfaq\u00ebson m\u00eb s\u00eb miri nd\u00ebrthurjen e [&hellip;]","og_url":"https:\/\/www.press7.tv\/?p=20886","og_site_name":"press7.tv","article_publisher":"https:\/\/www.facebook.com\/press7.tv","article_published_time":"2025-07-13T19:24:08+00:00","og_image":[{"width":1536,"height":1025,"url":"https:\/\/www.press7.tv\/wp-content\/uploads\/2025\/07\/IMG_6212.avif","type":"image\/jpeg"}],"author":"gazetar2","twitter_card":"summary_large_image","twitter_misc":{"Written by":"gazetar2","Est. reading time":"1 minute"},"schema":{"@context":"https:\/\/schema.org","@graph":[{"@type":"Article","@id":"https:\/\/www.press7.tv\/?p=20886#article","isPartOf":{"@id":"https:\/\/www.press7.tv\/?p=20886"},"author":{"name":"gazetar2","@id":"https:\/\/www.news33.tv\/#\/schema\/person\/5a04a38a23ccdba82f9bd665cd8f9efa"},"headline":"Mexhiti n\u00eb hapjen e hotel \u201c\u00cbmbla\u201d: \u00cbsht\u00eb p\u00ebr t\u2019u vler\u00ebsuar vizioni i Mendi Qyr\u00ebs p\u00ebr t\u00eb investuar n\u00eb Strug\u00eb","datePublished":"2025-07-13T19:24:08+00:00","mainEntityOfPage":{"@id":"https:\/\/www.press7.tv\/?p=20886"},"wordCount":305,"publisher":{"@id":"https:\/\/www.news33.tv\/#organization"},"image":{"@id":"https:\/\/www.press7.tv\/?p=20886#primaryimage"},"thumbnailUrl":"https:\/\/www.press7.tv\/wp-content\/uploads\/2025\/07\/IMG_6212.avif","articleSection":["Lajme","Maqedoni"],"inLanguage":"en-US"},{"@type":"WebPage","@id":"https:\/\/www.press7.tv\/?p=20886","url":"https:\/\/www.press7.tv\/?p=20886","name":"Mexhiti n\u00eb hapjen e hotel \u201c\u00cbmbla\u201d: \u00cbsht\u00eb p\u00ebr t\u2019u vler\u00ebsuar vizioni i Mendi Qyr\u00ebs p\u00ebr t\u00eb investuar n\u00eb Strug\u00eb - press7.tv","isPartOf":{"@id":"https:\/\/www.news33.tv\/#website"},"primaryImageOfPage":{"@id":"https:\/\/www.press7.tv\/?p=20886#primaryimage"},"image":{"@id":"https:\/\/www.press7.tv\/?p=20886#primaryimage"},"thumbnailUrl":"https:\/\/www.press7.tv\/wp-content\/uploads\/2025\/07\/IMG_6212.avif","datePublished":"2025-07-13T19:24:08+00:00","breadcrumb":{"@id":"https:\/\/www.press7.tv\/?p=20886#breadcrumb"},"inLanguage":"en-US","potentialAction":[{"@type":"ReadAction","target":["https:\/\/www.press7.tv\/?p=20886"]}]},{"@type":"ImageObject","inLanguage":"en-US","@id":"https:\/\/www.press7.tv\/?p=20886#primaryimage","url":"https:\/\/www.press7.tv\/wp-content\/uploads\/2025\/07\/IMG_6212.avif","contentUrl":"https:\/\/www.press7.tv\/wp-content\/uploads\/2025\/07\/IMG_6212.avif","width":1536,"height":1025},{"@type":"BreadcrumbList","@id":"https:\/\/www.press7.tv\/?p=20886#breadcrumb","itemListElement":[{"@type":"ListItem","position":1,"name":"Home","item":"https:\/\/www.press7.tv\/"},{"@type":"ListItem","position":2,"name":"Mexhiti n\u00eb hapjen e hotel \u201c\u00cbmbla\u201d: \u00cbsht\u00eb p\u00ebr t\u2019u vler\u00ebsuar vizioni i Mendi Qyr\u00ebs p\u00ebr t\u00eb investuar n\u00eb Strug\u00eb"}]},{"@type":"WebSite","@id":"https:\/\/www.news33.tv\/#website","url":"https:\/\/www.news33.tv\/","name":"News33.tv Media","description":"Media","publisher":{"@id":"https:\/\/www.news33.tv\/#organization"},"potentialAction":[{"@type":"SearchAction","target":{"@type":"EntryPoint","urlTemplate":"https:\/\/www.news33.tv\/?s={search_term_string}"},"query-input":{"@type":"PropertyValueSpecification","valueRequired":true,"valueName":"search_term_string"}}],"inLanguage":"en-US"},{"@type":"Organization","@id":"https:\/\/www.news33.tv\/#organization","name":"News33.tv Media","url":"https:\/\/www.news33.tv\/","logo":{"@type":"ImageObject","inLanguage":"en-US","@id":"https:\/\/www.news33.tv\/#\/schema\/logo\/image\/","url":"https:\/\/www.press7.tv\/wp-content\/uploads\/2024\/02\/logo-news33-black.png","contentUrl":"https:\/\/www.press7.tv\/wp-content\/uploads\/2024\/02\/logo-news33-black.png","width":180,"height":37,"caption":"News33.tv Media"},"image":{"@id":"https:\/\/www.news33.tv\/#\/schema\/logo\/image\/"},"sameAs":["https:\/\/www.facebook.com\/press7.tv"]},{"@type":"Person","@id":"https:\/\/www.news33.tv\/#\/schema\/person\/5a04a38a23ccdba82f9bd665cd8f9efa","name":"gazetar2","image":{"@type":"ImageObject","inLanguage":"en-US","@id":"https:\/\/www.news33.tv\/#\/schema\/person\/image\/","url":"https:\/\/www.press7.tv\/wp-content\/litespeed\/avatar\/41975e402c3049d9ddb03adca8f7a883.jpg?ver=1777169572","contentUrl":"https:\/\/www.press7.tv\/wp-content\/litespeed\/avatar\/41975e402c3049d9ddb03adca8f7a883.jpg?ver=1777169572","caption":"gazetar2"},"url":"https:\/\/www.press7.tv\/?author=8"}]}},"amp_enabled":true,"_links":{"self":[{"href":"https:\/\/www.press7.tv\/index.php?rest_route=\/wp\/v2\/posts\/20886","targetHints":{"allow":["GET"]}}],"collection":[{"href":"https:\/\/www.press7.tv\/index.php?rest_route=\/wp\/v2\/posts"}],"about":[{"href":"https:\/\/www.press7.tv\/index.php?rest_route=\/wp\/v2\/types\/post"}],"author":[{"embeddable":true,"href":"https:\/\/www.press7.tv\/index.php?rest_route=\/wp\/v2\/users\/8"}],"replies":[{"embeddable":true,"href":"https:\/\/www.press7.tv\/index.php?rest_route=%2Fwp%2Fv2%2Fcomments&post=20886"}],"version-history":[{"count":1,"href":"https:\/\/www.press7.tv\/index.php?rest_route=\/wp\/v2\/posts\/20886\/revisions"}],"predecessor-version":[{"id":20888,"href":"https:\/\/www.press7.tv\/index.php?rest_route=\/wp\/v2\/posts\/20886\/revisions\/20888"}],"wp:featuredmedia":[{"embeddable":true,"href":"https:\/\/www.press7.tv\/index.php?rest_route=\/wp\/v2\/media\/20887"}],"wp:attachment":[{"href":"https:\/\/www.press7.tv\/index.php?rest_route=%2Fwp%2Fv2%2Fmedia&parent=20886"}],"wp:term":[{"taxonomy":"category","embeddable":true,"href":"https:\/\/www.press7.tv\/index.php?rest_route=%2Fwp%2Fv2%2Fcategories&post=20886"},{"taxonomy":"post_tag","embeddable":true,"href":"https:\/\/www.press7.tv\/index.php?rest_route=%2Fwp%2Fv2%2Ftags&post=20886"}],"curies":[{"name":"wp","href":"https:\/\/api.w.org\/{rel}","templated":true}]}}