{"id":20881,"date":"2025-07-13T15:29:23","date_gmt":"2025-07-13T15:29:23","guid":{"rendered":"https:\/\/www.press7.tv\/?p=20881"},"modified":"2025-07-13T22:13:13","modified_gmt":"2025-07-13T22:13:13","slug":"qoku-pas-23-vitesh-premtime-boshe-leshohet-per-qarkullim-segmenti-i-pare-i-autostrades-oher-kercove","status":"publish","type":"post","link":"https:\/\/www.press7.tv\/?p=20881","title":{"rendered":"Qoku: Pas 23 vitesh premtime boshe, l\u00ebshohet p\u00ebr qarkullim segmenti i par\u00eb i Autostrad\u00ebs Oh\u00ebr\u2013K\u00ebr\u00e7ov\u00eb"},"content":{"rendered":"\n    <div class=\"xs_social_share_widget xs_share_url before_content \t\tmain_content  wslu-style-2 wslu-share-box-shaped wslu-fill-colored wslu-share-m-5 wslu-none wslu-share-vertical wslu-theme-font-no wslu-main_content\">\n\n\t\t\n        <ul>\n\t\t\t        <\/ul>\n    <\/div> \n<p>Oh\u00ebr\/K\u00ebr\u00e7ov\u00eb \u2013 Pas m\u00eb shum\u00eb se dy dekadash pritje, m\u00eb n\u00eb fund qytetar\u00ebt po shohin rezultate konkrete n\u00eb nd\u00ebrtimin e Autostrad\u00ebs Oh\u00ebr\u2013K\u00ebr\u00e7ov\u00eb, nj\u00eb pjes\u00eb ky\u00e7e e Korridorit 8. N\u00eb nj\u00eb status t\u00eb publikuar n\u00eb rrjetet sociale, deputeti Bekim Qoku njoftoi se jan\u00eb l\u00ebshuar p\u00ebr qarkullim 20 kilometrat e par\u00eb t\u00eb k\u00ebsaj autostrade strategjike.<\/p>\n<p>\u201cN\u00eb vet\u00ebm 12 muaj qeverisje me VLEN-in, kemi b\u00ebr\u00eb at\u00eb q\u00eb t\u00eb tjer\u00ebt nuk arrit\u00ebn ta b\u00ebjn\u00eb n\u00eb 23 vite pushtet \u2013 as edhe nj\u00eb kilomet\u00ebr t\u00eb vet\u00ebm autorrug\u00eb,\u201d shkruan Qoku.<\/p>\n<p>Ai shton se p\u00ebr vite me radh\u00eb, projekte t\u00eb tilla strategjike p\u00ebr rajonin jan\u00eb l\u00ebn\u00eb pas dore, nd\u00ebrsa qeveria aktuale me p\u00ebrfaq\u00ebsim t\u00eb VLEN-it po rikthen fokusin te investimet reale q\u00eb ndikojn\u00eb n\u00eb p\u00ebrmir\u00ebsimin e jet\u00ebs s\u00eb qytetar\u00ebve.<\/p>\n<p>\u201cAta nd\u00ebrtuan pasuri p\u00ebr veten, jo rrug\u00eb p\u00ebr qytetar\u00ebt. Ne po e ndryshojm\u00eb k\u00ebt\u00eb realitet me pun\u00eb konkrete, jo me fjal\u00eb bosh.\u201d thekson Qoku.\/press7.tv<\/p>\n<p>&nbsp;<\/p>\n<p><img data-dominant-color=\"bab5b9\" data-has-transparency=\"false\" style=\"--dominant-color: #bab5b9;\" fetchpriority=\"high\" decoding=\"async\" class=\"alignnone size-medium wp-image-20883 not-transparent\" src=\"https:\/\/www.press7.tv\/wp-content\/uploads\/2025\/07\/5da02a4c-d893-4a9f-8ce5-779e4c572773-300x200.avif\" alt=\"\" width=\"300\" height=\"200\" srcset=\"https:\/\/www.press7.tv\/wp-content\/uploads\/2025\/07\/5da02a4c-d893-4a9f-8ce5-779e4c572773-300x200.avif 300w, https:\/\/www.press7.tv\/wp-content\/uploads\/2025\/07\/5da02a4c-d893-4a9f-8ce5-779e4c572773-1024x682.avif 1024w, https:\/\/www.press7.tv\/wp-content\/uploads\/2025\/07\/5da02a4c-d893-4a9f-8ce5-779e4c572773-768x512.avif 768w, https:\/\/www.press7.tv\/wp-content\/uploads\/2025\/07\/5da02a4c-d893-4a9f-8ce5-779e4c572773-1536x1023.avif 1536w, https:\/\/www.press7.tv\/wp-content\/uploads\/2025\/07\/5da02a4c-d893-4a9f-8ce5-779e4c572773-900x600.avif 900w, https:\/\/www.press7.tv\/wp-content\/uploads\/2025\/07\/5da02a4c-d893-4a9f-8ce5-779e4c572773.avif 1600w\" sizes=\"(max-width: 300px) 100vw, 300px\" \/><\/p>\n<p><img data-dominant-color=\"6c7870\" data-has-transparency=\"false\" style=\"--dominant-color: #6c7870;\" decoding=\"async\" class=\"alignnone size-medium wp-image-20884 not-transparent\" src=\"https:\/\/www.press7.tv\/wp-content\/uploads\/2025\/07\/6c3edd9f-954b-455c-bc2b-8cb06d975397-300x169.avif\" alt=\"\" width=\"300\" height=\"169\" srcset=\"https:\/\/www.press7.tv\/wp-content\/uploads\/2025\/07\/6c3edd9f-954b-455c-bc2b-8cb06d975397-300x169.avif 300w, https:\/\/www.press7.tv\/wp-content\/uploads\/2025\/07\/6c3edd9f-954b-455c-bc2b-8cb06d975397-1024x576.avif 1024w, https:\/\/www.press7.tv\/wp-content\/uploads\/2025\/07\/6c3edd9f-954b-455c-bc2b-8cb06d975397-768x432.avif 768w, https:\/\/www.press7.tv\/wp-content\/uploads\/2025\/07\/6c3edd9f-954b-455c-bc2b-8cb06d975397-1536x864.avif 1536w, https:\/\/www.press7.tv\/wp-content\/uploads\/2025\/07\/6c3edd9f-954b-455c-bc2b-8cb06d975397.avif 2048w\" sizes=\"(max-width: 300px) 100vw, 300px\" \/><\/p>\n<p>&nbsp;<\/p>\n","protected":false},"excerpt":{"rendered":"<p>Oh\u00ebr\/K\u00ebr\u00e7ov\u00eb \u2013 Pas m\u00eb shum\u00eb se dy dekadash pritje, m\u00eb n\u00eb fund qytetar\u00ebt po shohin rezultate konkrete n\u00eb nd\u00ebrtimin e Autostrad\u00ebs Oh\u00ebr\u2013K\u00ebr\u00e7ov\u00eb, nj\u00eb pjes\u00eb ky\u00e7e e Korridorit 8. N\u00eb nj\u00eb status t\u00eb publikuar n\u00eb rrjetet sociale, deputeti Bekim Qoku njoftoi se jan\u00eb l\u00ebshuar p\u00ebr qarkullim 20 kilometrat e par\u00eb t\u00eb k\u00ebsaj autostrade strategjike. \u201cN\u00eb vet\u00ebm [&hellip;]<\/p>\n","protected":false},"author":8,"featured_media":20882,"comment_status":"closed","ping_status":"closed","sticky":false,"template":"","format":"standard","meta":{"footnotes":""},"categories":[213,214],"tags":[],"class_list":["post-20881","post","type-post","status-publish","format-standard","has-post-thumbnail","hentry","category-lajme","category-maqedoni"],"yoast_head":"<!-- This site is optimized with the Yoast SEO plugin v25.1 - https:\/\/yoast.com\/wordpress\/plugins\/seo\/ -->\n<title>Qoku: Pas 23 vitesh premtime boshe, l\u00ebshohet p\u00ebr qarkullim segmenti i par\u00eb i Autostrad\u00ebs Oh\u00ebr\u2013K\u00ebr\u00e7ov\u00eb - press7.tv<\/title>\n<meta name=\"robots\" content=\"index, follow, max-snippet:-1, max-image-preview:large, max-video-preview:-1\" \/>\n<link rel=\"canonical\" href=\"https:\/\/www.press7.tv\/?p=20881\" \/>\n<meta property=\"og:locale\" content=\"en_US\" \/>\n<meta property=\"og:type\" content=\"article\" \/>\n<meta property=\"og:title\" content=\"Qoku: Pas 23 vitesh premtime boshe, l\u00ebshohet p\u00ebr qarkullim segmenti i par\u00eb i Autostrad\u00ebs Oh\u00ebr\u2013K\u00ebr\u00e7ov\u00eb - press7.tv\" \/>\n<meta property=\"og:description\" content=\"Oh\u00ebr\/K\u00ebr\u00e7ov\u00eb \u2013 Pas m\u00eb shum\u00eb se dy dekadash pritje, m\u00eb n\u00eb fund qytetar\u00ebt po shohin rezultate konkrete n\u00eb nd\u00ebrtimin e Autostrad\u00ebs Oh\u00ebr\u2013K\u00ebr\u00e7ov\u00eb, nj\u00eb pjes\u00eb ky\u00e7e e Korridorit 8. N\u00eb nj\u00eb status t\u00eb publikuar n\u00eb rrjetet sociale, deputeti Bekim Qoku njoftoi se jan\u00eb l\u00ebshuar p\u00ebr qarkullim 20 kilometrat e par\u00eb t\u00eb k\u00ebsaj autostrade strategjike. \u201cN\u00eb vet\u00ebm [&hellip;]\" \/>\n<meta property=\"og:url\" content=\"https:\/\/www.press7.tv\/?p=20881\" \/>\n<meta property=\"og:site_name\" content=\"press7.tv\" \/>\n<meta property=\"article:publisher\" content=\"https:\/\/www.facebook.com\/press7.tv\" \/>\n<meta property=\"article:published_time\" content=\"2025-07-13T15:29:23+00:00\" \/>\n<meta property=\"article:modified_time\" content=\"2025-07-13T22:13:13+00:00\" \/>\n<meta property=\"og:image\" content=\"https:\/\/www.press7.tv\/wp-content\/uploads\/2025\/07\/d184382f-d310-41df-980d-ed25b7695517.avif\" \/>\n\t<meta property=\"og:image:width\" content=\"2048\" \/>\n\t<meta property=\"og:image:height\" content=\"1364\" \/>\n\t<meta property=\"og:image:type\" content=\"image\/jpeg\" \/>\n<meta name=\"author\" content=\"gazetar2\" \/>\n<meta name=\"twitter:card\" content=\"summary_large_image\" \/>\n<meta name=\"twitter:label1\" content=\"Written by\" \/>\n\t<meta name=\"twitter:data1\" content=\"gazetar2\" \/>\n\t<meta name=\"twitter:label2\" content=\"Est. reading time\" \/>\n\t<meta name=\"twitter:data2\" content=\"2 minutes\" \/>\n<script type=\"application\/ld+json\" class=\"yoast-schema-graph\">{\"@context\":\"https:\/\/schema.org\",\"@graph\":[{\"@type\":\"Article\",\"@id\":\"https:\/\/www.press7.tv\/?p=20881#article\",\"isPartOf\":{\"@id\":\"https:\/\/www.press7.tv\/?p=20881\"},\"author\":{\"name\":\"gazetar2\",\"@id\":\"https:\/\/www.news33.tv\/#\/schema\/person\/5a04a38a23ccdba82f9bd665cd8f9efa\"},\"headline\":\"Qoku: Pas 23 vitesh premtime boshe, l\u00ebshohet p\u00ebr qarkullim segmenti i par\u00eb i Autostrad\u00ebs Oh\u00ebr\u2013K\u00ebr\u00e7ov\u00eb\",\"datePublished\":\"2025-07-13T15:29:23+00:00\",\"dateModified\":\"2025-07-13T22:13:13+00:00\",\"mainEntityOfPage\":{\"@id\":\"https:\/\/www.press7.tv\/?p=20881\"},\"wordCount\":202,\"publisher\":{\"@id\":\"https:\/\/www.news33.tv\/#organization\"},\"image\":{\"@id\":\"https:\/\/www.press7.tv\/?p=20881#primaryimage\"},\"thumbnailUrl\":\"https:\/\/www.press7.tv\/wp-content\/uploads\/2025\/07\/d184382f-d310-41df-980d-ed25b7695517.avif\",\"articleSection\":[\"Lajme\",\"Maqedoni\"],\"inLanguage\":\"en-US\"},{\"@type\":\"WebPage\",\"@id\":\"https:\/\/www.press7.tv\/?p=20881\",\"url\":\"https:\/\/www.press7.tv\/?p=20881\",\"name\":\"Qoku: Pas 23 vitesh premtime boshe, l\u00ebshohet p\u00ebr qarkullim segmenti i par\u00eb i Autostrad\u00ebs Oh\u00ebr\u2013K\u00ebr\u00e7ov\u00eb - press7.tv\",\"isPartOf\":{\"@id\":\"https:\/\/www.news33.tv\/#website\"},\"primaryImageOfPage\":{\"@id\":\"https:\/\/www.press7.tv\/?p=20881#primaryimage\"},\"image\":{\"@id\":\"https:\/\/www.press7.tv\/?p=20881#primaryimage\"},\"thumbnailUrl\":\"https:\/\/www.press7.tv\/wp-content\/uploads\/2025\/07\/d184382f-d310-41df-980d-ed25b7695517.avif\",\"datePublished\":\"2025-07-13T15:29:23+00:00\",\"dateModified\":\"2025-07-13T22:13:13+00:00\",\"breadcrumb\":{\"@id\":\"https:\/\/www.press7.tv\/?p=20881#breadcrumb\"},\"inLanguage\":\"en-US\",\"potentialAction\":[{\"@type\":\"ReadAction\",\"target\":[\"https:\/\/www.press7.tv\/?p=20881\"]}]},{\"@type\":\"ImageObject\",\"inLanguage\":\"en-US\",\"@id\":\"https:\/\/www.press7.tv\/?p=20881#primaryimage\",\"url\":\"https:\/\/www.press7.tv\/wp-content\/uploads\/2025\/07\/d184382f-d310-41df-980d-ed25b7695517.avif\",\"contentUrl\":\"https:\/\/www.press7.tv\/wp-content\/uploads\/2025\/07\/d184382f-d310-41df-980d-ed25b7695517.avif\",\"width\":2048,\"height\":1364},{\"@type\":\"BreadcrumbList\",\"@id\":\"https:\/\/www.press7.tv\/?p=20881#breadcrumb\",\"itemListElement\":[{\"@type\":\"ListItem\",\"position\":1,\"name\":\"Home\",\"item\":\"https:\/\/www.press7.tv\/\"},{\"@type\":\"ListItem\",\"position\":2,\"name\":\"Qoku: Pas 23 vitesh premtime boshe, l\u00ebshohet p\u00ebr qarkullim segmenti i par\u00eb i Autostrad\u00ebs Oh\u00ebr\u2013K\u00ebr\u00e7ov\u00eb\"}]},{\"@type\":\"WebSite\",\"@id\":\"https:\/\/www.news33.tv\/#website\",\"url\":\"https:\/\/www.news33.tv\/\",\"name\":\"News33.tv Media\",\"description\":\"Media\",\"publisher\":{\"@id\":\"https:\/\/www.news33.tv\/#organization\"},\"potentialAction\":[{\"@type\":\"SearchAction\",\"target\":{\"@type\":\"EntryPoint\",\"urlTemplate\":\"https:\/\/www.news33.tv\/?s={search_term_string}\"},\"query-input\":{\"@type\":\"PropertyValueSpecification\",\"valueRequired\":true,\"valueName\":\"search_term_string\"}}],\"inLanguage\":\"en-US\"},{\"@type\":\"Organization\",\"@id\":\"https:\/\/www.news33.tv\/#organization\",\"name\":\"News33.tv Media\",\"url\":\"https:\/\/www.news33.tv\/\",\"logo\":{\"@type\":\"ImageObject\",\"inLanguage\":\"en-US\",\"@id\":\"https:\/\/www.news33.tv\/#\/schema\/logo\/image\/\",\"url\":\"https:\/\/www.press7.tv\/wp-content\/uploads\/2024\/02\/logo-news33-black.png\",\"contentUrl\":\"https:\/\/www.press7.tv\/wp-content\/uploads\/2024\/02\/logo-news33-black.png\",\"width\":180,\"height\":37,\"caption\":\"News33.tv Media\"},\"image\":{\"@id\":\"https:\/\/www.news33.tv\/#\/schema\/logo\/image\/\"},\"sameAs\":[\"https:\/\/www.facebook.com\/press7.tv\"]},{\"@type\":\"Person\",\"@id\":\"https:\/\/www.news33.tv\/#\/schema\/person\/5a04a38a23ccdba82f9bd665cd8f9efa\",\"name\":\"gazetar2\",\"image\":{\"@type\":\"ImageObject\",\"inLanguage\":\"en-US\",\"@id\":\"https:\/\/www.news33.tv\/#\/schema\/person\/image\/\",\"url\":\"https:\/\/www.press7.tv\/wp-content\/litespeed\/avatar\/41975e402c3049d9ddb03adca8f7a883.jpg?ver=1777169572\",\"contentUrl\":\"https:\/\/www.press7.tv\/wp-content\/litespeed\/avatar\/41975e402c3049d9ddb03adca8f7a883.jpg?ver=1777169572\",\"caption\":\"gazetar2\"},\"url\":\"https:\/\/www.press7.tv\/?author=8\"}]}<\/script>\n<!-- \/ Yoast SEO plugin. -->","yoast_head_json":{"title":"Qoku: Pas 23 vitesh premtime boshe, l\u00ebshohet p\u00ebr qarkullim segmenti i par\u00eb i Autostrad\u00ebs Oh\u00ebr\u2013K\u00ebr\u00e7ov\u00eb - press7.tv","robots":{"index":"index","follow":"follow","max-snippet":"max-snippet:-1","max-image-preview":"max-image-preview:large","max-video-preview":"max-video-preview:-1"},"canonical":"https:\/\/www.press7.tv\/?p=20881","og_locale":"en_US","og_type":"article","og_title":"Qoku: Pas 23 vitesh premtime boshe, l\u00ebshohet p\u00ebr qarkullim segmenti i par\u00eb i Autostrad\u00ebs Oh\u00ebr\u2013K\u00ebr\u00e7ov\u00eb - press7.tv","og_description":"Oh\u00ebr\/K\u00ebr\u00e7ov\u00eb \u2013 Pas m\u00eb shum\u00eb se dy dekadash pritje, m\u00eb n\u00eb fund qytetar\u00ebt po shohin rezultate konkrete n\u00eb nd\u00ebrtimin e Autostrad\u00ebs Oh\u00ebr\u2013K\u00ebr\u00e7ov\u00eb, nj\u00eb pjes\u00eb ky\u00e7e e Korridorit 8. N\u00eb nj\u00eb status t\u00eb publikuar n\u00eb rrjetet sociale, deputeti Bekim Qoku njoftoi se jan\u00eb l\u00ebshuar p\u00ebr qarkullim 20 kilometrat e par\u00eb t\u00eb k\u00ebsaj autostrade strategjike. \u201cN\u00eb vet\u00ebm [&hellip;]","og_url":"https:\/\/www.press7.tv\/?p=20881","og_site_name":"press7.tv","article_publisher":"https:\/\/www.facebook.com\/press7.tv","article_published_time":"2025-07-13T15:29:23+00:00","article_modified_time":"2025-07-13T22:13:13+00:00","og_image":[{"width":2048,"height":1364,"url":"https:\/\/www.press7.tv\/wp-content\/uploads\/2025\/07\/d184382f-d310-41df-980d-ed25b7695517.avif","type":"image\/jpeg"}],"author":"gazetar2","twitter_card":"summary_large_image","twitter_misc":{"Written by":"gazetar2","Est. reading time":"2 minutes"},"schema":{"@context":"https:\/\/schema.org","@graph":[{"@type":"Article","@id":"https:\/\/www.press7.tv\/?p=20881#article","isPartOf":{"@id":"https:\/\/www.press7.tv\/?p=20881"},"author":{"name":"gazetar2","@id":"https:\/\/www.news33.tv\/#\/schema\/person\/5a04a38a23ccdba82f9bd665cd8f9efa"},"headline":"Qoku: Pas 23 vitesh premtime boshe, l\u00ebshohet p\u00ebr qarkullim segmenti i par\u00eb i Autostrad\u00ebs Oh\u00ebr\u2013K\u00ebr\u00e7ov\u00eb","datePublished":"2025-07-13T15:29:23+00:00","dateModified":"2025-07-13T22:13:13+00:00","mainEntityOfPage":{"@id":"https:\/\/www.press7.tv\/?p=20881"},"wordCount":202,"publisher":{"@id":"https:\/\/www.news33.tv\/#organization"},"image":{"@id":"https:\/\/www.press7.tv\/?p=20881#primaryimage"},"thumbnailUrl":"https:\/\/www.press7.tv\/wp-content\/uploads\/2025\/07\/d184382f-d310-41df-980d-ed25b7695517.avif","articleSection":["Lajme","Maqedoni"],"inLanguage":"en-US"},{"@type":"WebPage","@id":"https:\/\/www.press7.tv\/?p=20881","url":"https:\/\/www.press7.tv\/?p=20881","name":"Qoku: Pas 23 vitesh premtime boshe, l\u00ebshohet p\u00ebr qarkullim segmenti i par\u00eb i Autostrad\u00ebs Oh\u00ebr\u2013K\u00ebr\u00e7ov\u00eb - press7.tv","isPartOf":{"@id":"https:\/\/www.news33.tv\/#website"},"primaryImageOfPage":{"@id":"https:\/\/www.press7.tv\/?p=20881#primaryimage"},"image":{"@id":"https:\/\/www.press7.tv\/?p=20881#primaryimage"},"thumbnailUrl":"https:\/\/www.press7.tv\/wp-content\/uploads\/2025\/07\/d184382f-d310-41df-980d-ed25b7695517.avif","datePublished":"2025-07-13T15:29:23+00:00","dateModified":"2025-07-13T22:13:13+00:00","breadcrumb":{"@id":"https:\/\/www.press7.tv\/?p=20881#breadcrumb"},"inLanguage":"en-US","potentialAction":[{"@type":"ReadAction","target":["https:\/\/www.press7.tv\/?p=20881"]}]},{"@type":"ImageObject","inLanguage":"en-US","@id":"https:\/\/www.press7.tv\/?p=20881#primaryimage","url":"https:\/\/www.press7.tv\/wp-content\/uploads\/2025\/07\/d184382f-d310-41df-980d-ed25b7695517.avif","contentUrl":"https:\/\/www.press7.tv\/wp-content\/uploads\/2025\/07\/d184382f-d310-41df-980d-ed25b7695517.avif","width":2048,"height":1364},{"@type":"BreadcrumbList","@id":"https:\/\/www.press7.tv\/?p=20881#breadcrumb","itemListElement":[{"@type":"ListItem","position":1,"name":"Home","item":"https:\/\/www.press7.tv\/"},{"@type":"ListItem","position":2,"name":"Qoku: Pas 23 vitesh premtime boshe, l\u00ebshohet p\u00ebr qarkullim segmenti i par\u00eb i Autostrad\u00ebs Oh\u00ebr\u2013K\u00ebr\u00e7ov\u00eb"}]},{"@type":"WebSite","@id":"https:\/\/www.news33.tv\/#website","url":"https:\/\/www.news33.tv\/","name":"News33.tv Media","description":"Media","publisher":{"@id":"https:\/\/www.news33.tv\/#organization"},"potentialAction":[{"@type":"SearchAction","target":{"@type":"EntryPoint","urlTemplate":"https:\/\/www.news33.tv\/?s={search_term_string}"},"query-input":{"@type":"PropertyValueSpecification","valueRequired":true,"valueName":"search_term_string"}}],"inLanguage":"en-US"},{"@type":"Organization","@id":"https:\/\/www.news33.tv\/#organization","name":"News33.tv Media","url":"https:\/\/www.news33.tv\/","logo":{"@type":"ImageObject","inLanguage":"en-US","@id":"https:\/\/www.news33.tv\/#\/schema\/logo\/image\/","url":"https:\/\/www.press7.tv\/wp-content\/uploads\/2024\/02\/logo-news33-black.png","contentUrl":"https:\/\/www.press7.tv\/wp-content\/uploads\/2024\/02\/logo-news33-black.png","width":180,"height":37,"caption":"News33.tv Media"},"image":{"@id":"https:\/\/www.news33.tv\/#\/schema\/logo\/image\/"},"sameAs":["https:\/\/www.facebook.com\/press7.tv"]},{"@type":"Person","@id":"https:\/\/www.news33.tv\/#\/schema\/person\/5a04a38a23ccdba82f9bd665cd8f9efa","name":"gazetar2","image":{"@type":"ImageObject","inLanguage":"en-US","@id":"https:\/\/www.news33.tv\/#\/schema\/person\/image\/","url":"https:\/\/www.press7.tv\/wp-content\/litespeed\/avatar\/41975e402c3049d9ddb03adca8f7a883.jpg?ver=1777169572","contentUrl":"https:\/\/www.press7.tv\/wp-content\/litespeed\/avatar\/41975e402c3049d9ddb03adca8f7a883.jpg?ver=1777169572","caption":"gazetar2"},"url":"https:\/\/www.press7.tv\/?author=8"}]}},"amp_enabled":true,"_links":{"self":[{"href":"https:\/\/www.press7.tv\/index.php?rest_route=\/wp\/v2\/posts\/20881","targetHints":{"allow":["GET"]}}],"collection":[{"href":"https:\/\/www.press7.tv\/index.php?rest_route=\/wp\/v2\/posts"}],"about":[{"href":"https:\/\/www.press7.tv\/index.php?rest_route=\/wp\/v2\/types\/post"}],"author":[{"embeddable":true,"href":"https:\/\/www.press7.tv\/index.php?rest_route=\/wp\/v2\/users\/8"}],"replies":[{"embeddable":true,"href":"https:\/\/www.press7.tv\/index.php?rest_route=%2Fwp%2Fv2%2Fcomments&post=20881"}],"version-history":[{"count":2,"href":"https:\/\/www.press7.tv\/index.php?rest_route=\/wp\/v2\/posts\/20881\/revisions"}],"predecessor-version":[{"id":20894,"href":"https:\/\/www.press7.tv\/index.php?rest_route=\/wp\/v2\/posts\/20881\/revisions\/20894"}],"wp:featuredmedia":[{"embeddable":true,"href":"https:\/\/www.press7.tv\/index.php?rest_route=\/wp\/v2\/media\/20882"}],"wp:attachment":[{"href":"https:\/\/www.press7.tv\/index.php?rest_route=%2Fwp%2Fv2%2Fmedia&parent=20881"}],"wp:term":[{"taxonomy":"category","embeddable":true,"href":"https:\/\/www.press7.tv\/index.php?rest_route=%2Fwp%2Fv2%2Fcategories&post=20881"},{"taxonomy":"post_tag","embeddable":true,"href":"https:\/\/www.press7.tv\/index.php?rest_route=%2Fwp%2Fv2%2Ftags&post=20881"}],"curies":[{"name":"wp","href":"https:\/\/api.w.org\/{rel}","templated":true}]}}