{"id":20868,"date":"2025-07-12T19:03:26","date_gmt":"2025-07-12T19:03:26","guid":{"rendered":"https:\/\/www.press7.tv\/?p=20868"},"modified":"2025-07-12T19:04:15","modified_gmt":"2025-07-12T19:04:15","slug":"pacientet-me-kancer-detyrohen-ti-blejne-vete-edhe-ilacet-esenciale","status":"publish","type":"post","link":"https:\/\/www.press7.tv\/?p=20868","title":{"rendered":"Pacient\u00ebt me kancer detyrohen t\u2019i blejn\u00eb vet\u00eb edhe ila\u00e7et esenciale"},"content":{"rendered":"\n    <div class=\"xs_social_share_widget xs_share_url before_content \t\tmain_content  wslu-style-2 wslu-share-box-shaped wslu-fill-colored wslu-share-m-5 wslu-none wslu-share-vertical wslu-theme-font-no wslu-main_content\">\n\n\t\t\n        <ul>\n\t\t\t        <\/ul>\n    <\/div> \n<p>Bashk\u00ebshortja e nj\u00eb pacienti me kancer q\u00eb merr trajtim n\u00eb Klinik\u00ebn e Onkologjis\u00eb n\u00eb QKUK, prej jav\u00ebsh detyrohet q\u00eb t\u2019i blej\u00eb disa prej ila\u00e7eve q\u00eb jan\u00eb n\u00eb List\u00eb e Barnave Esenciale. Ajo tregoi p\u00ebr KOH\u00cbN se p\u00ebr pes\u00eb jav\u00eb radhazi e ka siguruar vet\u00eb injeksionin q\u00eb e ndalon p\u00ebrhapjen e qelizave kancerogjene, si dhe barin p\u00ebr parandalimin e mpiksjes s\u00eb gjakut. N\u00eb SHSKUK pranuan se ka mungesa<\/p>\n<p>Nj\u00eb grua nga Prizreni \u00e7do jav\u00eb udh\u00ebton drejt Klinik\u00ebs s\u00eb Onkologjis\u00eb n\u00eb QKUK p\u00ebr ta shoq\u00ebruar bashk\u00ebshortin q\u00eb aty merr prej nj\u00eb viti trajtim p\u00ebr kancer.<\/p>\n<p>Tek foli n\u00eb kusht anonimiteti, ajo tregoi se prej pes\u00eb jav\u00ebsh \u00ebsht\u00eb detyruar ta blej\u00eb tret\u00ebsin p\u00ebr ndalimin e p\u00ebrhapjes s\u00eb qelizave kancerogjene \u201cGemzar\u201d, e cila \u00ebsht\u00eb n\u00eb List\u00eb Esenciale t\u00eb Barnave, por q\u00eb mungon n\u00eb Klinik\u00eb.<\/p>\n<p>\u201cJena tu ble \u00e7do jav\u00eb, se e ka nj\u00eb her\u00eb n\u00eb jav\u00eb. Po duhet me shku me ble, 100 euro \u00ebsht\u00eb nj\u00eb gjilp\u00ebr\u00eb, dy gjilp\u00ebra jan\u00eb 200 euro. \u00c7do jav\u00eb q\u00eb e blejm\u00eb, na shkojn\u00eb nga 200 euro. Krejt vet\u00eb i kemi ble, s\u2019interesohen hiq\u201d, ka th\u00ebn\u00eb ajo.<\/p>\n<p>Ajo thot\u00eb se mungon edhe tret\u00ebsi q\u00eb e z\u00ebvend\u00ebson \u201cGemzarin\u201d.<\/p>\n<p>\u201cQe 4 her\u00eb, a 5, na jemi tu e ble, e m\u00eb her\u00ebt ka pas\u00eb edhe z\u00ebvend\u00ebsime. Seanca e pest\u00eb \u00ebsht\u00eb, po blejm\u00eb se s\u2019ka z\u00ebvend\u00ebsime, 200 euro \u00e7do her\u00eb. E ila\u00e7et sa po na b\u00ebhen, ka 500 euro, se s\u2019ka\u201d, \u00ebsht\u00eb ankuar ajo.<\/p>\n<p>P\u00ebr bashk\u00ebshortin e saj ajo detyrohet ta blej\u00eb, shkaku i munges\u00ebs, edhe \u201cFraksiparin\u00ebn\u201d, ila\u00e7 ky q\u00eb e parandalon mpiksjen e gjakut dhe q\u00eb \u00ebsht\u00eb, po ashtu n\u00eb list\u00eb t\u00eb barnave esenciale.<\/p>\n<p>\u201cNj\u00eb Fraksiparin\u00eb 6 euro duhet me marr\u00eb vet\u00eb. Fraksiparin\u00ebn jav\u00ebn e kaluar e ka marr\u00eb tri her\u00eb n\u2019dit\u00eb, se e ka pas 10 mij\u00eb, shum\u00eb lart, sa as aparati s\u2019ia ka mat\u00eb\u201d, ka th\u00ebn\u00eb ajo.<\/p>\n<p>Krahas p\u00ebr barna, ajo thot\u00eb se edhe p\u00ebr intervenimin e nevojsh\u00ebm kirurgjikal ka paguar mij\u00ebra euro.<\/p>\n<p>\u201c4000 euro m\u2019kan\u00eb shku ve\u00e7 p\u00ebr operacion, kur \u00ebsht\u00eb bo k\u00ebtu n\u00eb QKUK. Masanej u dashke me i ble se s\u2019i kishin krejt. Tani, duke ble edhe fasha. Kemi ble vall shum\u00eb p\u00ebr operacion, deri sa edhe p\u00ebrpar\u00ebset ua kemi ble\u201d, ka treguar gruaja nga Prizreni, bashk\u00ebshorti i s\u00eb cil\u00ebs \u00ebsht\u00eb me kancer.<\/p>\n<p>Lidhur me ankesat p\u00ebr blerje t\u00eb barnave q\u00eb jan\u00eb n\u00eb list\u00eb esenciale, KOHA adresoi pyetje n\u00eb Klinik\u00ebn e Onkologjis\u00eb, porse nuk mori p\u00ebrgjigje.<\/p>\n<p>E n\u00eb Sh\u00ebrbimin Spitalor Klinik e Universitar, pranuan q\u00eb ka munges\u00eb t\u00eb injeksionit \u201cGemzar\u201d, por nuk treguan p\u00ebr arsyet dhe se kur mund t\u00eb pritet furnizimi.<\/p>\n<p>\u201cSHSKUK-ja \u00ebsht\u00eb n\u00eb dijeni t\u00eb munges\u00ebs s\u00eb barit \u2018Gemzar\u2019 n\u00eb Klinik\u00ebn e Onkologjis\u00eb. Proceset e furnizimit jan\u00eb n\u00eb vazhdim dhe shum\u00eb shpejt pritet q\u00eb kjo klinik\u00eb t\u00eb furnizohet me k\u00ebt\u00eb bar, n\u00eb p\u00ebrputhje me nevojat e pacient\u00ebve\u201d, thuhet n\u00eb p\u00ebrgjigjen e SHSKUK-s\u00eb.<\/p>\n<p>KOHA ka raportuar n\u00eb vazhdim\u00ebsi p\u00ebr mungesa t\u00eb barnave n\u00eb Onkologji. S\u00eb fundi, n\u00eb munges\u00eb ka qen\u00eb ila\u00e7i p\u00ebr kocka \u201cZometan\u201d, e t\u00eb cilin pacient\u00ebt e kan\u00eb bler\u00eb vet\u00eb p\u00ebr realizim t\u00eb trajtimit.<\/p>\n<p><iframe title=\"Pacient\u00ebt me kancer detyrohen t\u2019i blejn\u00eb vet\u00eb edhe ila\u00e7et esenciale\" width=\"1200\" height=\"675\" src=\"https:\/\/www.youtube.com\/embed\/TmQUsBVaFm8?feature=oembed\" frameborder=\"0\" allow=\"accelerometer; autoplay; clipboard-write; encrypted-media; gyroscope; picture-in-picture; web-share\" referrerpolicy=\"strict-origin-when-cross-origin\" allowfullscreen><\/iframe><\/p>\n","protected":false},"excerpt":{"rendered":"<p>Bashk\u00ebshortja e nj\u00eb pacienti me kancer q\u00eb merr trajtim n\u00eb Klinik\u00ebn e Onkologjis\u00eb n\u00eb QKUK, prej jav\u00ebsh detyrohet q\u00eb t\u2019i blej\u00eb disa prej ila\u00e7eve q\u00eb jan\u00eb n\u00eb List\u00eb e Barnave Esenciale. Ajo tregoi p\u00ebr KOH\u00cbN se p\u00ebr pes\u00eb jav\u00eb radhazi e ka siguruar vet\u00eb injeksionin q\u00eb e ndalon p\u00ebrhapjen e qelizave kancerogjene, si dhe barin [&hellip;]<\/p>\n","protected":false},"author":8,"featured_media":20869,"comment_status":"closed","ping_status":"closed","sticky":false,"template":"","format":"standard","meta":{"footnotes":""},"categories":[215,213],"tags":[],"class_list":["post-20868","post","type-post","status-publish","format-standard","has-post-thumbnail","hentry","category-kosove","category-lajme"],"yoast_head":"<!-- This site is optimized with the Yoast SEO plugin v25.1 - https:\/\/yoast.com\/wordpress\/plugins\/seo\/ -->\n<title>Pacient\u00ebt me kancer detyrohen t\u2019i blejn\u00eb vet\u00eb edhe ila\u00e7et esenciale - press7.tv<\/title>\n<meta name=\"robots\" content=\"index, follow, max-snippet:-1, max-image-preview:large, max-video-preview:-1\" \/>\n<link rel=\"canonical\" href=\"https:\/\/www.press7.tv\/?p=20868\" \/>\n<meta property=\"og:locale\" content=\"en_US\" \/>\n<meta property=\"og:type\" content=\"article\" \/>\n<meta property=\"og:title\" content=\"Pacient\u00ebt me kancer detyrohen t\u2019i blejn\u00eb vet\u00eb edhe ila\u00e7et esenciale - press7.tv\" \/>\n<meta property=\"og:description\" content=\"Bashk\u00ebshortja e nj\u00eb pacienti me kancer q\u00eb merr trajtim n\u00eb Klinik\u00ebn e Onkologjis\u00eb n\u00eb QKUK, prej jav\u00ebsh detyrohet q\u00eb t\u2019i blej\u00eb disa prej ila\u00e7eve q\u00eb jan\u00eb n\u00eb List\u00eb e Barnave Esenciale. Ajo tregoi p\u00ebr KOH\u00cbN se p\u00ebr pes\u00eb jav\u00eb radhazi e ka siguruar vet\u00eb injeksionin q\u00eb e ndalon p\u00ebrhapjen e qelizave kancerogjene, si dhe barin [&hellip;]\" \/>\n<meta property=\"og:url\" content=\"https:\/\/www.press7.tv\/?p=20868\" \/>\n<meta property=\"og:site_name\" content=\"press7.tv\" \/>\n<meta property=\"article:publisher\" content=\"https:\/\/www.facebook.com\/press7.tv\" \/>\n<meta property=\"article:published_time\" content=\"2025-07-12T19:03:26+00:00\" \/>\n<meta property=\"article:modified_time\" content=\"2025-07-12T19:04:15+00:00\" \/>\n<meta property=\"og:image\" content=\"https:\/\/www.press7.tv\/wp-content\/uploads\/2025\/07\/IMG_6196.avif\" \/>\n\t<meta property=\"og:image:width\" content=\"1242\" \/>\n\t<meta property=\"og:image:height\" content=\"640\" \/>\n\t<meta property=\"og:image:type\" content=\"image\/jpeg\" \/>\n<meta name=\"author\" content=\"gazetar2\" \/>\n<meta name=\"twitter:card\" content=\"summary_large_image\" \/>\n<meta name=\"twitter:label1\" content=\"Written by\" \/>\n\t<meta name=\"twitter:data1\" content=\"gazetar2\" \/>\n\t<meta name=\"twitter:label2\" content=\"Est. reading time\" \/>\n\t<meta name=\"twitter:data2\" content=\"3 minutes\" \/>\n<script type=\"application\/ld+json\" class=\"yoast-schema-graph\">{\"@context\":\"https:\/\/schema.org\",\"@graph\":[{\"@type\":\"Article\",\"@id\":\"https:\/\/www.press7.tv\/?p=20868#article\",\"isPartOf\":{\"@id\":\"https:\/\/www.press7.tv\/?p=20868\"},\"author\":{\"name\":\"gazetar2\",\"@id\":\"https:\/\/www.news33.tv\/#\/schema\/person\/5a04a38a23ccdba82f9bd665cd8f9efa\"},\"headline\":\"Pacient\u00ebt me kancer detyrohen t\u2019i blejn\u00eb vet\u00eb edhe ila\u00e7et esenciale\",\"datePublished\":\"2025-07-12T19:03:26+00:00\",\"dateModified\":\"2025-07-12T19:04:15+00:00\",\"mainEntityOfPage\":{\"@id\":\"https:\/\/www.press7.tv\/?p=20868\"},\"wordCount\":576,\"publisher\":{\"@id\":\"https:\/\/www.news33.tv\/#organization\"},\"image\":{\"@id\":\"https:\/\/www.press7.tv\/?p=20868#primaryimage\"},\"thumbnailUrl\":\"https:\/\/www.press7.tv\/wp-content\/uploads\/2025\/07\/IMG_6196.avif\",\"articleSection\":[\"Kosov\u00eb\",\"Lajme\"],\"inLanguage\":\"en-US\"},{\"@type\":\"WebPage\",\"@id\":\"https:\/\/www.press7.tv\/?p=20868\",\"url\":\"https:\/\/www.press7.tv\/?p=20868\",\"name\":\"Pacient\u00ebt me kancer detyrohen t\u2019i blejn\u00eb vet\u00eb edhe ila\u00e7et esenciale - press7.tv\",\"isPartOf\":{\"@id\":\"https:\/\/www.news33.tv\/#website\"},\"primaryImageOfPage\":{\"@id\":\"https:\/\/www.press7.tv\/?p=20868#primaryimage\"},\"image\":{\"@id\":\"https:\/\/www.press7.tv\/?p=20868#primaryimage\"},\"thumbnailUrl\":\"https:\/\/www.press7.tv\/wp-content\/uploads\/2025\/07\/IMG_6196.avif\",\"datePublished\":\"2025-07-12T19:03:26+00:00\",\"dateModified\":\"2025-07-12T19:04:15+00:00\",\"breadcrumb\":{\"@id\":\"https:\/\/www.press7.tv\/?p=20868#breadcrumb\"},\"inLanguage\":\"en-US\",\"potentialAction\":[{\"@type\":\"ReadAction\",\"target\":[\"https:\/\/www.press7.tv\/?p=20868\"]}]},{\"@type\":\"ImageObject\",\"inLanguage\":\"en-US\",\"@id\":\"https:\/\/www.press7.tv\/?p=20868#primaryimage\",\"url\":\"https:\/\/www.press7.tv\/wp-content\/uploads\/2025\/07\/IMG_6196.avif\",\"contentUrl\":\"https:\/\/www.press7.tv\/wp-content\/uploads\/2025\/07\/IMG_6196.avif\",\"width\":1242,\"height\":640,\"caption\":\"Screenshot\"},{\"@type\":\"BreadcrumbList\",\"@id\":\"https:\/\/www.press7.tv\/?p=20868#breadcrumb\",\"itemListElement\":[{\"@type\":\"ListItem\",\"position\":1,\"name\":\"Home\",\"item\":\"https:\/\/www.press7.tv\/\"},{\"@type\":\"ListItem\",\"position\":2,\"name\":\"Pacient\u00ebt me kancer detyrohen t\u2019i blejn\u00eb vet\u00eb edhe ila\u00e7et esenciale\"}]},{\"@type\":\"WebSite\",\"@id\":\"https:\/\/www.news33.tv\/#website\",\"url\":\"https:\/\/www.news33.tv\/\",\"name\":\"News33.tv Media\",\"description\":\"Media\",\"publisher\":{\"@id\":\"https:\/\/www.news33.tv\/#organization\"},\"potentialAction\":[{\"@type\":\"SearchAction\",\"target\":{\"@type\":\"EntryPoint\",\"urlTemplate\":\"https:\/\/www.news33.tv\/?s={search_term_string}\"},\"query-input\":{\"@type\":\"PropertyValueSpecification\",\"valueRequired\":true,\"valueName\":\"search_term_string\"}}],\"inLanguage\":\"en-US\"},{\"@type\":\"Organization\",\"@id\":\"https:\/\/www.news33.tv\/#organization\",\"name\":\"News33.tv Media\",\"url\":\"https:\/\/www.news33.tv\/\",\"logo\":{\"@type\":\"ImageObject\",\"inLanguage\":\"en-US\",\"@id\":\"https:\/\/www.news33.tv\/#\/schema\/logo\/image\/\",\"url\":\"https:\/\/www.press7.tv\/wp-content\/uploads\/2024\/02\/logo-news33-black.png\",\"contentUrl\":\"https:\/\/www.press7.tv\/wp-content\/uploads\/2024\/02\/logo-news33-black.png\",\"width\":180,\"height\":37,\"caption\":\"News33.tv Media\"},\"image\":{\"@id\":\"https:\/\/www.news33.tv\/#\/schema\/logo\/image\/\"},\"sameAs\":[\"https:\/\/www.facebook.com\/press7.tv\"]},{\"@type\":\"Person\",\"@id\":\"https:\/\/www.news33.tv\/#\/schema\/person\/5a04a38a23ccdba82f9bd665cd8f9efa\",\"name\":\"gazetar2\",\"image\":{\"@type\":\"ImageObject\",\"inLanguage\":\"en-US\",\"@id\":\"https:\/\/www.news33.tv\/#\/schema\/person\/image\/\",\"url\":\"https:\/\/www.press7.tv\/wp-content\/litespeed\/avatar\/41975e402c3049d9ddb03adca8f7a883.jpg?ver=1777169572\",\"contentUrl\":\"https:\/\/www.press7.tv\/wp-content\/litespeed\/avatar\/41975e402c3049d9ddb03adca8f7a883.jpg?ver=1777169572\",\"caption\":\"gazetar2\"},\"url\":\"https:\/\/www.press7.tv\/?author=8\"}]}<\/script>\n<!-- \/ Yoast SEO plugin. -->","yoast_head_json":{"title":"Pacient\u00ebt me kancer detyrohen t\u2019i blejn\u00eb vet\u00eb edhe ila\u00e7et esenciale - press7.tv","robots":{"index":"index","follow":"follow","max-snippet":"max-snippet:-1","max-image-preview":"max-image-preview:large","max-video-preview":"max-video-preview:-1"},"canonical":"https:\/\/www.press7.tv\/?p=20868","og_locale":"en_US","og_type":"article","og_title":"Pacient\u00ebt me kancer detyrohen t\u2019i blejn\u00eb vet\u00eb edhe ila\u00e7et esenciale - press7.tv","og_description":"Bashk\u00ebshortja e nj\u00eb pacienti me kancer q\u00eb merr trajtim n\u00eb Klinik\u00ebn e Onkologjis\u00eb n\u00eb QKUK, prej jav\u00ebsh detyrohet q\u00eb t\u2019i blej\u00eb disa prej ila\u00e7eve q\u00eb jan\u00eb n\u00eb List\u00eb e Barnave Esenciale. Ajo tregoi p\u00ebr KOH\u00cbN se p\u00ebr pes\u00eb jav\u00eb radhazi e ka siguruar vet\u00eb injeksionin q\u00eb e ndalon p\u00ebrhapjen e qelizave kancerogjene, si dhe barin [&hellip;]","og_url":"https:\/\/www.press7.tv\/?p=20868","og_site_name":"press7.tv","article_publisher":"https:\/\/www.facebook.com\/press7.tv","article_published_time":"2025-07-12T19:03:26+00:00","article_modified_time":"2025-07-12T19:04:15+00:00","og_image":[{"width":1242,"height":640,"url":"https:\/\/www.press7.tv\/wp-content\/uploads\/2025\/07\/IMG_6196.avif","type":"image\/jpeg"}],"author":"gazetar2","twitter_card":"summary_large_image","twitter_misc":{"Written by":"gazetar2","Est. reading time":"3 minutes"},"schema":{"@context":"https:\/\/schema.org","@graph":[{"@type":"Article","@id":"https:\/\/www.press7.tv\/?p=20868#article","isPartOf":{"@id":"https:\/\/www.press7.tv\/?p=20868"},"author":{"name":"gazetar2","@id":"https:\/\/www.news33.tv\/#\/schema\/person\/5a04a38a23ccdba82f9bd665cd8f9efa"},"headline":"Pacient\u00ebt me kancer detyrohen t\u2019i blejn\u00eb vet\u00eb edhe ila\u00e7et esenciale","datePublished":"2025-07-12T19:03:26+00:00","dateModified":"2025-07-12T19:04:15+00:00","mainEntityOfPage":{"@id":"https:\/\/www.press7.tv\/?p=20868"},"wordCount":576,"publisher":{"@id":"https:\/\/www.news33.tv\/#organization"},"image":{"@id":"https:\/\/www.press7.tv\/?p=20868#primaryimage"},"thumbnailUrl":"https:\/\/www.press7.tv\/wp-content\/uploads\/2025\/07\/IMG_6196.avif","articleSection":["Kosov\u00eb","Lajme"],"inLanguage":"en-US"},{"@type":"WebPage","@id":"https:\/\/www.press7.tv\/?p=20868","url":"https:\/\/www.press7.tv\/?p=20868","name":"Pacient\u00ebt me kancer detyrohen t\u2019i blejn\u00eb vet\u00eb edhe ila\u00e7et esenciale - press7.tv","isPartOf":{"@id":"https:\/\/www.news33.tv\/#website"},"primaryImageOfPage":{"@id":"https:\/\/www.press7.tv\/?p=20868#primaryimage"},"image":{"@id":"https:\/\/www.press7.tv\/?p=20868#primaryimage"},"thumbnailUrl":"https:\/\/www.press7.tv\/wp-content\/uploads\/2025\/07\/IMG_6196.avif","datePublished":"2025-07-12T19:03:26+00:00","dateModified":"2025-07-12T19:04:15+00:00","breadcrumb":{"@id":"https:\/\/www.press7.tv\/?p=20868#breadcrumb"},"inLanguage":"en-US","potentialAction":[{"@type":"ReadAction","target":["https:\/\/www.press7.tv\/?p=20868"]}]},{"@type":"ImageObject","inLanguage":"en-US","@id":"https:\/\/www.press7.tv\/?p=20868#primaryimage","url":"https:\/\/www.press7.tv\/wp-content\/uploads\/2025\/07\/IMG_6196.avif","contentUrl":"https:\/\/www.press7.tv\/wp-content\/uploads\/2025\/07\/IMG_6196.avif","width":1242,"height":640,"caption":"Screenshot"},{"@type":"BreadcrumbList","@id":"https:\/\/www.press7.tv\/?p=20868#breadcrumb","itemListElement":[{"@type":"ListItem","position":1,"name":"Home","item":"https:\/\/www.press7.tv\/"},{"@type":"ListItem","position":2,"name":"Pacient\u00ebt me kancer detyrohen t\u2019i blejn\u00eb vet\u00eb edhe ila\u00e7et esenciale"}]},{"@type":"WebSite","@id":"https:\/\/www.news33.tv\/#website","url":"https:\/\/www.news33.tv\/","name":"News33.tv Media","description":"Media","publisher":{"@id":"https:\/\/www.news33.tv\/#organization"},"potentialAction":[{"@type":"SearchAction","target":{"@type":"EntryPoint","urlTemplate":"https:\/\/www.news33.tv\/?s={search_term_string}"},"query-input":{"@type":"PropertyValueSpecification","valueRequired":true,"valueName":"search_term_string"}}],"inLanguage":"en-US"},{"@type":"Organization","@id":"https:\/\/www.news33.tv\/#organization","name":"News33.tv Media","url":"https:\/\/www.news33.tv\/","logo":{"@type":"ImageObject","inLanguage":"en-US","@id":"https:\/\/www.news33.tv\/#\/schema\/logo\/image\/","url":"https:\/\/www.press7.tv\/wp-content\/uploads\/2024\/02\/logo-news33-black.png","contentUrl":"https:\/\/www.press7.tv\/wp-content\/uploads\/2024\/02\/logo-news33-black.png","width":180,"height":37,"caption":"News33.tv Media"},"image":{"@id":"https:\/\/www.news33.tv\/#\/schema\/logo\/image\/"},"sameAs":["https:\/\/www.facebook.com\/press7.tv"]},{"@type":"Person","@id":"https:\/\/www.news33.tv\/#\/schema\/person\/5a04a38a23ccdba82f9bd665cd8f9efa","name":"gazetar2","image":{"@type":"ImageObject","inLanguage":"en-US","@id":"https:\/\/www.news33.tv\/#\/schema\/person\/image\/","url":"https:\/\/www.press7.tv\/wp-content\/litespeed\/avatar\/41975e402c3049d9ddb03adca8f7a883.jpg?ver=1777169572","contentUrl":"https:\/\/www.press7.tv\/wp-content\/litespeed\/avatar\/41975e402c3049d9ddb03adca8f7a883.jpg?ver=1777169572","caption":"gazetar2"},"url":"https:\/\/www.press7.tv\/?author=8"}]}},"amp_enabled":true,"_links":{"self":[{"href":"https:\/\/www.press7.tv\/index.php?rest_route=\/wp\/v2\/posts\/20868","targetHints":{"allow":["GET"]}}],"collection":[{"href":"https:\/\/www.press7.tv\/index.php?rest_route=\/wp\/v2\/posts"}],"about":[{"href":"https:\/\/www.press7.tv\/index.php?rest_route=\/wp\/v2\/types\/post"}],"author":[{"embeddable":true,"href":"https:\/\/www.press7.tv\/index.php?rest_route=\/wp\/v2\/users\/8"}],"replies":[{"embeddable":true,"href":"https:\/\/www.press7.tv\/index.php?rest_route=%2Fwp%2Fv2%2Fcomments&post=20868"}],"version-history":[{"count":2,"href":"https:\/\/www.press7.tv\/index.php?rest_route=\/wp\/v2\/posts\/20868\/revisions"}],"predecessor-version":[{"id":20871,"href":"https:\/\/www.press7.tv\/index.php?rest_route=\/wp\/v2\/posts\/20868\/revisions\/20871"}],"wp:featuredmedia":[{"embeddable":true,"href":"https:\/\/www.press7.tv\/index.php?rest_route=\/wp\/v2\/media\/20869"}],"wp:attachment":[{"href":"https:\/\/www.press7.tv\/index.php?rest_route=%2Fwp%2Fv2%2Fmedia&parent=20868"}],"wp:term":[{"taxonomy":"category","embeddable":true,"href":"https:\/\/www.press7.tv\/index.php?rest_route=%2Fwp%2Fv2%2Fcategories&post=20868"},{"taxonomy":"post_tag","embeddable":true,"href":"https:\/\/www.press7.tv\/index.php?rest_route=%2Fwp%2Fv2%2Ftags&post=20868"}],"curies":[{"name":"wp","href":"https:\/\/api.w.org\/{rel}","templated":true}]}}