{"id":20865,"date":"2025-07-12T14:58:57","date_gmt":"2025-07-12T14:58:57","guid":{"rendered":"https:\/\/www.press7.tv\/?p=20865"},"modified":"2025-07-12T14:58:57","modified_gmt":"2025-07-12T14:58:57","slug":"mickoski-bullgaria-deshiron-asimilimin-e-popullit-maqedonas","status":"publish","type":"post","link":"https:\/\/www.press7.tv\/?p=20865","title":{"rendered":"Mickoski: Bullgaria d\u00ebshiron asimilimin e popullit maqedonas"},"content":{"rendered":"\n    <div class=\"xs_social_share_widget xs_share_url before_content \t\tmain_content  wslu-style-2 wslu-share-box-shaped wslu-fill-colored wslu-share-m-5 wslu-none wslu-share-vertical wslu-theme-font-no wslu-main_content\">\n\n\t\t\n        <ul>\n\t\t\t        <\/ul>\n    <\/div> \n<p>Kryeministri i vendit, Hristijan Mickoski edhe sot ka dal\u00eb me akuza t\u00eb r\u00ebnda p\u00ebr Bullgarin\u00eb.<\/p>\n<p>Bota dhe Europa e kan\u00eb par\u00eb se cili ka qen\u00eb q\u00ebllimi i politikan\u00ebve bullgar\u00eb. Q\u00ebllimi i politikan\u00ebve bullgar\u00eb n\u00eb asgj\u00eb nuk dallon nga q\u00ebllimi q\u00eb e ka udh\u00ebheq\u00ebsia ruse n\u00eb Ukrain\u00eb dhe ajo \u00ebsht\u00eb p\u00ebrpjekja p\u00ebr asimilim t\u00eb popullit maqedonas\u201d, tha Mickoski nga Ohri.<\/p>\n<p>Mickoski p\u00ebrmendi dhe rastin e sulmit ndaj kryetares s\u00eb Shkupit, Danella Arsovska.<\/p>\n<p>\u201cSa i p\u00ebrket kryetares s\u00eb Qytetit t\u00eb Shkupit, jan\u00eb th\u00ebn\u00eb shum\u00eb gj\u00ebra, nuk kam se \u00e7ka t\u00eb shtoj. Institucionet duhet t\u00eb veprojn\u00eb\u201d, u p\u00ebrgjigj shkurtimisht Mickoski.<\/p>\n<p>Arsovska dje informoi se gjat\u00eb ekspertiz\u00ebs dhe kontrollit inspektues ndaj nd\u00ebrtimeve pa leje n\u00eb Komun\u00ebn e \u00c7airit, \u00ebsht\u00eb sulmuar, s\u00eb pari verbalisht, e m\u00eb pas edhe fizikisht, para pjes\u00ebtar\u00ebve t\u00eb MPB-s\u00eb.<\/p>\n","protected":false},"excerpt":{"rendered":"<p>Kryeministri i vendit, Hristijan Mickoski edhe sot ka dal\u00eb me akuza t\u00eb r\u00ebnda p\u00ebr Bullgarin\u00eb. Bota dhe Europa e kan\u00eb par\u00eb se cili ka qen\u00eb q\u00ebllimi i politikan\u00ebve bullgar\u00eb. Q\u00ebllimi i politikan\u00ebve bullgar\u00eb n\u00eb asgj\u00eb nuk dallon nga q\u00ebllimi q\u00eb e ka udh\u00ebheq\u00ebsia ruse n\u00eb Ukrain\u00eb dhe ajo \u00ebsht\u00eb p\u00ebrpjekja p\u00ebr asimilim t\u00eb popullit maqedonas\u201d, [&hellip;]<\/p>\n","protected":false},"author":8,"featured_media":20866,"comment_status":"closed","ping_status":"closed","sticky":false,"template":"","format":"standard","meta":{"footnotes":""},"categories":[213,214],"tags":[],"class_list":["post-20865","post","type-post","status-publish","format-standard","has-post-thumbnail","hentry","category-lajme","category-maqedoni"],"yoast_head":"<!-- This site is optimized with the Yoast SEO plugin v25.1 - https:\/\/yoast.com\/wordpress\/plugins\/seo\/ -->\n<title>Mickoski: Bullgaria d\u00ebshiron asimilimin e popullit maqedonas - press7.tv<\/title>\n<meta name=\"robots\" content=\"index, follow, max-snippet:-1, max-image-preview:large, max-video-preview:-1\" \/>\n<link rel=\"canonical\" href=\"https:\/\/www.press7.tv\/?p=20865\" \/>\n<meta property=\"og:locale\" content=\"en_US\" \/>\n<meta property=\"og:type\" content=\"article\" \/>\n<meta property=\"og:title\" content=\"Mickoski: Bullgaria d\u00ebshiron asimilimin e popullit maqedonas - press7.tv\" \/>\n<meta property=\"og:description\" content=\"Kryeministri i vendit, Hristijan Mickoski edhe sot ka dal\u00eb me akuza t\u00eb r\u00ebnda p\u00ebr Bullgarin\u00eb. Bota dhe Europa e kan\u00eb par\u00eb se cili ka qen\u00eb q\u00ebllimi i politikan\u00ebve bullgar\u00eb. Q\u00ebllimi i politikan\u00ebve bullgar\u00eb n\u00eb asgj\u00eb nuk dallon nga q\u00ebllimi q\u00eb e ka udh\u00ebheq\u00ebsia ruse n\u00eb Ukrain\u00eb dhe ajo \u00ebsht\u00eb p\u00ebrpjekja p\u00ebr asimilim t\u00eb popullit maqedonas\u201d, [&hellip;]\" \/>\n<meta property=\"og:url\" content=\"https:\/\/www.press7.tv\/?p=20865\" \/>\n<meta property=\"og:site_name\" content=\"press7.tv\" \/>\n<meta property=\"article:publisher\" content=\"https:\/\/www.facebook.com\/press7.tv\" \/>\n<meta property=\"article:published_time\" content=\"2025-07-12T14:58:57+00:00\" \/>\n<meta property=\"og:image\" content=\"https:\/\/www.press7.tv\/wp-content\/uploads\/2025\/07\/IMG_6194.avif\" \/>\n\t<meta property=\"og:image:width\" content=\"780\" \/>\n\t<meta property=\"og:image:height\" content=\"470\" \/>\n\t<meta property=\"og:image:type\" content=\"image\/png\" \/>\n<meta name=\"author\" content=\"gazetar2\" \/>\n<meta name=\"twitter:card\" content=\"summary_large_image\" \/>\n<meta name=\"twitter:label1\" content=\"Written by\" \/>\n\t<meta name=\"twitter:data1\" content=\"gazetar2\" \/>\n\t<meta name=\"twitter:label2\" content=\"Est. reading time\" \/>\n\t<meta name=\"twitter:data2\" content=\"1 minute\" \/>\n<script type=\"application\/ld+json\" class=\"yoast-schema-graph\">{\"@context\":\"https:\/\/schema.org\",\"@graph\":[{\"@type\":\"Article\",\"@id\":\"https:\/\/www.press7.tv\/?p=20865#article\",\"isPartOf\":{\"@id\":\"https:\/\/www.press7.tv\/?p=20865\"},\"author\":{\"name\":\"gazetar2\",\"@id\":\"https:\/\/www.news33.tv\/#\/schema\/person\/5a04a38a23ccdba82f9bd665cd8f9efa\"},\"headline\":\"Mickoski: Bullgaria d\u00ebshiron asimilimin e popullit maqedonas\",\"datePublished\":\"2025-07-12T14:58:57+00:00\",\"mainEntityOfPage\":{\"@id\":\"https:\/\/www.press7.tv\/?p=20865\"},\"wordCount\":157,\"publisher\":{\"@id\":\"https:\/\/www.news33.tv\/#organization\"},\"image\":{\"@id\":\"https:\/\/www.press7.tv\/?p=20865#primaryimage\"},\"thumbnailUrl\":\"https:\/\/www.press7.tv\/wp-content\/uploads\/2025\/07\/IMG_6194.avif\",\"articleSection\":[\"Lajme\",\"Maqedoni\"],\"inLanguage\":\"en-US\"},{\"@type\":\"WebPage\",\"@id\":\"https:\/\/www.press7.tv\/?p=20865\",\"url\":\"https:\/\/www.press7.tv\/?p=20865\",\"name\":\"Mickoski: Bullgaria d\u00ebshiron asimilimin e popullit maqedonas - press7.tv\",\"isPartOf\":{\"@id\":\"https:\/\/www.news33.tv\/#website\"},\"primaryImageOfPage\":{\"@id\":\"https:\/\/www.press7.tv\/?p=20865#primaryimage\"},\"image\":{\"@id\":\"https:\/\/www.press7.tv\/?p=20865#primaryimage\"},\"thumbnailUrl\":\"https:\/\/www.press7.tv\/wp-content\/uploads\/2025\/07\/IMG_6194.avif\",\"datePublished\":\"2025-07-12T14:58:57+00:00\",\"breadcrumb\":{\"@id\":\"https:\/\/www.press7.tv\/?p=20865#breadcrumb\"},\"inLanguage\":\"en-US\",\"potentialAction\":[{\"@type\":\"ReadAction\",\"target\":[\"https:\/\/www.press7.tv\/?p=20865\"]}]},{\"@type\":\"ImageObject\",\"inLanguage\":\"en-US\",\"@id\":\"https:\/\/www.press7.tv\/?p=20865#primaryimage\",\"url\":\"https:\/\/www.press7.tv\/wp-content\/uploads\/2025\/07\/IMG_6194.avif\",\"contentUrl\":\"https:\/\/www.press7.tv\/wp-content\/uploads\/2025\/07\/IMG_6194.avif\",\"width\":780,\"height\":470},{\"@type\":\"BreadcrumbList\",\"@id\":\"https:\/\/www.press7.tv\/?p=20865#breadcrumb\",\"itemListElement\":[{\"@type\":\"ListItem\",\"position\":1,\"name\":\"Home\",\"item\":\"https:\/\/www.press7.tv\/\"},{\"@type\":\"ListItem\",\"position\":2,\"name\":\"Mickoski: Bullgaria d\u00ebshiron asimilimin e popullit maqedonas\"}]},{\"@type\":\"WebSite\",\"@id\":\"https:\/\/www.news33.tv\/#website\",\"url\":\"https:\/\/www.news33.tv\/\",\"name\":\"News33.tv Media\",\"description\":\"Media\",\"publisher\":{\"@id\":\"https:\/\/www.news33.tv\/#organization\"},\"potentialAction\":[{\"@type\":\"SearchAction\",\"target\":{\"@type\":\"EntryPoint\",\"urlTemplate\":\"https:\/\/www.news33.tv\/?s={search_term_string}\"},\"query-input\":{\"@type\":\"PropertyValueSpecification\",\"valueRequired\":true,\"valueName\":\"search_term_string\"}}],\"inLanguage\":\"en-US\"},{\"@type\":\"Organization\",\"@id\":\"https:\/\/www.news33.tv\/#organization\",\"name\":\"News33.tv Media\",\"url\":\"https:\/\/www.news33.tv\/\",\"logo\":{\"@type\":\"ImageObject\",\"inLanguage\":\"en-US\",\"@id\":\"https:\/\/www.news33.tv\/#\/schema\/logo\/image\/\",\"url\":\"https:\/\/www.press7.tv\/wp-content\/uploads\/2024\/02\/logo-news33-black.png\",\"contentUrl\":\"https:\/\/www.press7.tv\/wp-content\/uploads\/2024\/02\/logo-news33-black.png\",\"width\":180,\"height\":37,\"caption\":\"News33.tv Media\"},\"image\":{\"@id\":\"https:\/\/www.news33.tv\/#\/schema\/logo\/image\/\"},\"sameAs\":[\"https:\/\/www.facebook.com\/press7.tv\"]},{\"@type\":\"Person\",\"@id\":\"https:\/\/www.news33.tv\/#\/schema\/person\/5a04a38a23ccdba82f9bd665cd8f9efa\",\"name\":\"gazetar2\",\"image\":{\"@type\":\"ImageObject\",\"inLanguage\":\"en-US\",\"@id\":\"https:\/\/www.news33.tv\/#\/schema\/person\/image\/\",\"url\":\"https:\/\/www.press7.tv\/wp-content\/litespeed\/avatar\/41975e402c3049d9ddb03adca8f7a883.jpg?ver=1777169572\",\"contentUrl\":\"https:\/\/www.press7.tv\/wp-content\/litespeed\/avatar\/41975e402c3049d9ddb03adca8f7a883.jpg?ver=1777169572\",\"caption\":\"gazetar2\"},\"url\":\"https:\/\/www.press7.tv\/?author=8\"}]}<\/script>\n<!-- \/ Yoast SEO plugin. -->","yoast_head_json":{"title":"Mickoski: Bullgaria d\u00ebshiron asimilimin e popullit maqedonas - press7.tv","robots":{"index":"index","follow":"follow","max-snippet":"max-snippet:-1","max-image-preview":"max-image-preview:large","max-video-preview":"max-video-preview:-1"},"canonical":"https:\/\/www.press7.tv\/?p=20865","og_locale":"en_US","og_type":"article","og_title":"Mickoski: Bullgaria d\u00ebshiron asimilimin e popullit maqedonas - press7.tv","og_description":"Kryeministri i vendit, Hristijan Mickoski edhe sot ka dal\u00eb me akuza t\u00eb r\u00ebnda p\u00ebr Bullgarin\u00eb. Bota dhe Europa e kan\u00eb par\u00eb se cili ka qen\u00eb q\u00ebllimi i politikan\u00ebve bullgar\u00eb. Q\u00ebllimi i politikan\u00ebve bullgar\u00eb n\u00eb asgj\u00eb nuk dallon nga q\u00ebllimi q\u00eb e ka udh\u00ebheq\u00ebsia ruse n\u00eb Ukrain\u00eb dhe ajo \u00ebsht\u00eb p\u00ebrpjekja p\u00ebr asimilim t\u00eb popullit maqedonas\u201d, [&hellip;]","og_url":"https:\/\/www.press7.tv\/?p=20865","og_site_name":"press7.tv","article_publisher":"https:\/\/www.facebook.com\/press7.tv","article_published_time":"2025-07-12T14:58:57+00:00","og_image":[{"width":780,"height":470,"url":"https:\/\/www.press7.tv\/wp-content\/uploads\/2025\/07\/IMG_6194.avif","type":"image\/png"}],"author":"gazetar2","twitter_card":"summary_large_image","twitter_misc":{"Written by":"gazetar2","Est. reading time":"1 minute"},"schema":{"@context":"https:\/\/schema.org","@graph":[{"@type":"Article","@id":"https:\/\/www.press7.tv\/?p=20865#article","isPartOf":{"@id":"https:\/\/www.press7.tv\/?p=20865"},"author":{"name":"gazetar2","@id":"https:\/\/www.news33.tv\/#\/schema\/person\/5a04a38a23ccdba82f9bd665cd8f9efa"},"headline":"Mickoski: Bullgaria d\u00ebshiron asimilimin e popullit maqedonas","datePublished":"2025-07-12T14:58:57+00:00","mainEntityOfPage":{"@id":"https:\/\/www.press7.tv\/?p=20865"},"wordCount":157,"publisher":{"@id":"https:\/\/www.news33.tv\/#organization"},"image":{"@id":"https:\/\/www.press7.tv\/?p=20865#primaryimage"},"thumbnailUrl":"https:\/\/www.press7.tv\/wp-content\/uploads\/2025\/07\/IMG_6194.avif","articleSection":["Lajme","Maqedoni"],"inLanguage":"en-US"},{"@type":"WebPage","@id":"https:\/\/www.press7.tv\/?p=20865","url":"https:\/\/www.press7.tv\/?p=20865","name":"Mickoski: Bullgaria d\u00ebshiron asimilimin e popullit maqedonas - press7.tv","isPartOf":{"@id":"https:\/\/www.news33.tv\/#website"},"primaryImageOfPage":{"@id":"https:\/\/www.press7.tv\/?p=20865#primaryimage"},"image":{"@id":"https:\/\/www.press7.tv\/?p=20865#primaryimage"},"thumbnailUrl":"https:\/\/www.press7.tv\/wp-content\/uploads\/2025\/07\/IMG_6194.avif","datePublished":"2025-07-12T14:58:57+00:00","breadcrumb":{"@id":"https:\/\/www.press7.tv\/?p=20865#breadcrumb"},"inLanguage":"en-US","potentialAction":[{"@type":"ReadAction","target":["https:\/\/www.press7.tv\/?p=20865"]}]},{"@type":"ImageObject","inLanguage":"en-US","@id":"https:\/\/www.press7.tv\/?p=20865#primaryimage","url":"https:\/\/www.press7.tv\/wp-content\/uploads\/2025\/07\/IMG_6194.avif","contentUrl":"https:\/\/www.press7.tv\/wp-content\/uploads\/2025\/07\/IMG_6194.avif","width":780,"height":470},{"@type":"BreadcrumbList","@id":"https:\/\/www.press7.tv\/?p=20865#breadcrumb","itemListElement":[{"@type":"ListItem","position":1,"name":"Home","item":"https:\/\/www.press7.tv\/"},{"@type":"ListItem","position":2,"name":"Mickoski: Bullgaria d\u00ebshiron asimilimin e popullit maqedonas"}]},{"@type":"WebSite","@id":"https:\/\/www.news33.tv\/#website","url":"https:\/\/www.news33.tv\/","name":"News33.tv Media","description":"Media","publisher":{"@id":"https:\/\/www.news33.tv\/#organization"},"potentialAction":[{"@type":"SearchAction","target":{"@type":"EntryPoint","urlTemplate":"https:\/\/www.news33.tv\/?s={search_term_string}"},"query-input":{"@type":"PropertyValueSpecification","valueRequired":true,"valueName":"search_term_string"}}],"inLanguage":"en-US"},{"@type":"Organization","@id":"https:\/\/www.news33.tv\/#organization","name":"News33.tv Media","url":"https:\/\/www.news33.tv\/","logo":{"@type":"ImageObject","inLanguage":"en-US","@id":"https:\/\/www.news33.tv\/#\/schema\/logo\/image\/","url":"https:\/\/www.press7.tv\/wp-content\/uploads\/2024\/02\/logo-news33-black.png","contentUrl":"https:\/\/www.press7.tv\/wp-content\/uploads\/2024\/02\/logo-news33-black.png","width":180,"height":37,"caption":"News33.tv Media"},"image":{"@id":"https:\/\/www.news33.tv\/#\/schema\/logo\/image\/"},"sameAs":["https:\/\/www.facebook.com\/press7.tv"]},{"@type":"Person","@id":"https:\/\/www.news33.tv\/#\/schema\/person\/5a04a38a23ccdba82f9bd665cd8f9efa","name":"gazetar2","image":{"@type":"ImageObject","inLanguage":"en-US","@id":"https:\/\/www.news33.tv\/#\/schema\/person\/image\/","url":"https:\/\/www.press7.tv\/wp-content\/litespeed\/avatar\/41975e402c3049d9ddb03adca8f7a883.jpg?ver=1777169572","contentUrl":"https:\/\/www.press7.tv\/wp-content\/litespeed\/avatar\/41975e402c3049d9ddb03adca8f7a883.jpg?ver=1777169572","caption":"gazetar2"},"url":"https:\/\/www.press7.tv\/?author=8"}]}},"amp_enabled":true,"_links":{"self":[{"href":"https:\/\/www.press7.tv\/index.php?rest_route=\/wp\/v2\/posts\/20865","targetHints":{"allow":["GET"]}}],"collection":[{"href":"https:\/\/www.press7.tv\/index.php?rest_route=\/wp\/v2\/posts"}],"about":[{"href":"https:\/\/www.press7.tv\/index.php?rest_route=\/wp\/v2\/types\/post"}],"author":[{"embeddable":true,"href":"https:\/\/www.press7.tv\/index.php?rest_route=\/wp\/v2\/users\/8"}],"replies":[{"embeddable":true,"href":"https:\/\/www.press7.tv\/index.php?rest_route=%2Fwp%2Fv2%2Fcomments&post=20865"}],"version-history":[{"count":1,"href":"https:\/\/www.press7.tv\/index.php?rest_route=\/wp\/v2\/posts\/20865\/revisions"}],"predecessor-version":[{"id":20867,"href":"https:\/\/www.press7.tv\/index.php?rest_route=\/wp\/v2\/posts\/20865\/revisions\/20867"}],"wp:featuredmedia":[{"embeddable":true,"href":"https:\/\/www.press7.tv\/index.php?rest_route=\/wp\/v2\/media\/20866"}],"wp:attachment":[{"href":"https:\/\/www.press7.tv\/index.php?rest_route=%2Fwp%2Fv2%2Fmedia&parent=20865"}],"wp:term":[{"taxonomy":"category","embeddable":true,"href":"https:\/\/www.press7.tv\/index.php?rest_route=%2Fwp%2Fv2%2Fcategories&post=20865"},{"taxonomy":"post_tag","embeddable":true,"href":"https:\/\/www.press7.tv\/index.php?rest_route=%2Fwp%2Fv2%2Ftags&post=20865"}],"curies":[{"name":"wp","href":"https:\/\/api.w.org\/{rel}","templated":true}]}}