{"id":20862,"date":"2025-07-12T14:51:04","date_gmt":"2025-07-12T14:51:04","guid":{"rendered":"https:\/\/www.press7.tv\/?p=20862"},"modified":"2025-07-12T14:51:04","modified_gmt":"2025-07-12T14:51:04","slug":"trumpi-vendos-tarife-30-ndaj-mallrave-nga-bashkimi-evropian-dhe-meksika","status":"publish","type":"post","link":"https:\/\/www.press7.tv\/?p=20862","title":{"rendered":"Trumpi vendos tarif\u00eb 30% ndaj mallrave nga Bashkimi Evropian dhe Meksika"},"content":{"rendered":"\n    <div class=\"xs_social_share_widget xs_share_url before_content \t\tmain_content  wslu-style-2 wslu-share-box-shaped wslu-fill-colored wslu-share-m-5 wslu-none wslu-share-vertical wslu-theme-font-no wslu-main_content\">\n\n\t\t\n        <ul>\n\t\t\t        <\/ul>\n    <\/div> \n<p>Presidenti i Shteteve t\u00eb Bashkuara t\u00eb Amerik\u00ebs, Donald Trump, ka njoftuar se duke filluar nga data 1 gusht, mallrat q\u00eb importohen n\u00eb Amerik\u00eb nga Bashkimi Evropian dhe Meksika do t\u2019i n\u00ebnshtrohen nj\u00eb takse doganore prej 30 p\u00ebr qind, shkruan \u201cThe Guardian\u201d.<\/p>\n<p>Vendimi u komunikua nga Trumpi n\u00eb \u201cTruth Social\u201d, duke th\u00ebn\u00eb se u ka d\u00ebrguar let\u00ebr presidentes s\u00eb Komisionit Evropian, Ursula von der Leyen dhe presidentes s\u00eb Meksik\u00ebs, Claudia Sheinbaum.<\/p>\n<p>Trumpi ka deklaruar se arsyeja kryesore p\u00ebr vendosjen e taks\u00ebs ndaj Meksik\u00ebs \u00ebsht\u00eb kontrabanda me fentanil \u2013 nj\u00eb narkotik sintetik q\u00eb, vet\u00ebm vitin e kaluar, ka shkaktuar mbi 50 mij\u00eb viktima n\u00eb SHBA. Sipas tij, autoritetet meksikane nuk kan\u00eb b\u00ebr\u00eb mjaftuesh\u00ebm p\u00ebr t\u00eb ndaluar kartel\u00ebt e drog\u00ebs q\u00eb trafikojn\u00eb k\u00ebt\u00eb substanc\u00eb drejt Shteteve t\u00eb Bashkuara.<\/p>\n<p>Presidenti amerikan ka paralajm\u00ebruar se nuk do t\u00eb ket\u00eb shtyrje t\u00eb afatit.<\/p>\n<p>Sa i p\u00ebrket BE-s\u00eb, tarifa \u00ebsht\u00eb m\u00eb e lart\u00eb sesa pritej dhe k\u00ebshtu i jep goditje shpresave t\u00eb bllokut p\u00ebr uljen e tensioneve dhe arritjes s\u00eb nj\u00eb marr\u00ebveshje tregtare. Tarifa \u00ebsht\u00eb shum\u00eb mbi 10 p\u00ebrqind\u00ebshin q\u00eb mendohej gjer\u00ebsisht se ishte negociuar nga komisioneri evropian p\u00ebr Tregtin\u00eb, Marosh Shef\u00e7oviq, dhe mund t\u00eb rrezikoj\u00eb luft\u00eb tregtare p\u00ebr mallra me marzh fitimi t\u00eb ul\u00ebt, si \u00e7okollata belge, gjalpi irlandez dhe vaji i ullirit italian.<\/p>\n<p>Brukseli pritet pothuajse me siguri t\u00eb k\u00ebrkoj\u00eb rihapjen e negociatave, duke e par\u00eb k\u00ebrc\u00ebnimin e fundit si manov\u00ebr t\u00eb Trumpit p\u00ebr t\u00eb nxjerr\u00eb m\u00eb shum\u00eb l\u00ebshime nga BE\u2011ja, t\u00eb cil\u00ebn ai dikur e p\u00ebrshkroi si \u201cm\u00eb e v\u00ebshtir\u00eb\u201d se Kina sa i p\u00ebrket tregtis\u00eb.<\/p>\n<p>N\u00eb \u00e7do rast nevojiten negociata shtes\u00eb p\u00ebr t\u00eb hartuar nj\u00eb tekst ligjor q\u00eb mund t\u00eb regjistrohet zyrtarisht nga qeveria amerikane\u202f\u2014\u202fnj\u00eb proces q\u00eb mbart rreziqet e veta.<\/p>\n<p>Letra e Trumpit:<\/p>\n<p>https:\/\/twitter.com\/clashreport?ref_src=twsrc%5Etfw%7Ctwcamp%5Etweetembed%7Ctwterm%5E1944013214045409306%7Ctwgr%5E354b6395c4b74e69c59292f1238ac36e672c141c%7Ctwcon%5Es1_&#038;ref_url=https%3A%2F%2Fwww.koha.net%2Fbote%2Ftrumpi-vendos-tarife-30percent-ndaj-mallrave-nga-bashkimi-evropian-dhe-meksika<\/p>\n","protected":false},"excerpt":{"rendered":"<p>Presidenti i Shteteve t\u00eb Bashkuara t\u00eb Amerik\u00ebs, Donald Trump, ka njoftuar se duke filluar nga data 1 gusht, mallrat q\u00eb importohen n\u00eb Amerik\u00eb nga Bashkimi Evropian dhe Meksika do t\u2019i n\u00ebnshtrohen nj\u00eb takse doganore prej 30 p\u00ebr qind, shkruan \u201cThe Guardian\u201d. Vendimi u komunikua nga Trumpi n\u00eb \u201cTruth Social\u201d, duke th\u00ebn\u00eb se u ka d\u00ebrguar [&hellip;]<\/p>\n","protected":false},"author":8,"featured_media":20863,"comment_status":"closed","ping_status":"closed","sticky":false,"template":"","format":"standard","meta":{"footnotes":""},"categories":[217,213],"tags":[],"class_list":["post-20862","post","type-post","status-publish","format-standard","has-post-thumbnail","hentry","category-bote","category-lajme"],"yoast_head":"<!-- This site is optimized with the Yoast SEO plugin v25.1 - https:\/\/yoast.com\/wordpress\/plugins\/seo\/ -->\n<title>Trumpi vendos tarif\u00eb 30% ndaj mallrave nga Bashkimi Evropian dhe Meksika - press7.tv<\/title>\n<meta name=\"robots\" content=\"index, follow, max-snippet:-1, max-image-preview:large, max-video-preview:-1\" \/>\n<link rel=\"canonical\" href=\"https:\/\/www.press7.tv\/?p=20862\" \/>\n<meta property=\"og:locale\" content=\"en_US\" \/>\n<meta property=\"og:type\" content=\"article\" \/>\n<meta property=\"og:title\" content=\"Trumpi vendos tarif\u00eb 30% ndaj mallrave nga Bashkimi Evropian dhe Meksika - press7.tv\" \/>\n<meta property=\"og:description\" content=\"Presidenti i Shteteve t\u00eb Bashkuara t\u00eb Amerik\u00ebs, Donald Trump, ka njoftuar se duke filluar nga data 1 gusht, mallrat q\u00eb importohen n\u00eb Amerik\u00eb nga Bashkimi Evropian dhe Meksika do t\u2019i n\u00ebnshtrohen nj\u00eb takse doganore prej 30 p\u00ebr qind, shkruan \u201cThe Guardian\u201d. Vendimi u komunikua nga Trumpi n\u00eb \u201cTruth Social\u201d, duke th\u00ebn\u00eb se u ka d\u00ebrguar [&hellip;]\" \/>\n<meta property=\"og:url\" content=\"https:\/\/www.press7.tv\/?p=20862\" \/>\n<meta property=\"og:site_name\" content=\"press7.tv\" \/>\n<meta property=\"article:publisher\" content=\"https:\/\/www.facebook.com\/press7.tv\" \/>\n<meta property=\"article:published_time\" content=\"2025-07-12T14:51:04+00:00\" \/>\n<meta property=\"og:image\" content=\"https:\/\/www.press7.tv\/wp-content\/uploads\/2025\/07\/IMG_5614.avif\" \/>\n\t<meta property=\"og:image:width\" content=\"1360\" \/>\n\t<meta property=\"og:image:height\" content=\"870\" \/>\n\t<meta property=\"og:image:type\" content=\"image\/webp\" \/>\n<meta name=\"author\" content=\"gazetar2\" \/>\n<meta name=\"twitter:card\" content=\"summary_large_image\" \/>\n<meta name=\"twitter:label1\" content=\"Written by\" \/>\n\t<meta name=\"twitter:data1\" content=\"gazetar2\" \/>\n\t<meta name=\"twitter:label2\" content=\"Est. reading time\" \/>\n\t<meta name=\"twitter:data2\" content=\"1 minute\" \/>\n<script type=\"application\/ld+json\" class=\"yoast-schema-graph\">{\"@context\":\"https:\/\/schema.org\",\"@graph\":[{\"@type\":\"Article\",\"@id\":\"https:\/\/www.press7.tv\/?p=20862#article\",\"isPartOf\":{\"@id\":\"https:\/\/www.press7.tv\/?p=20862\"},\"author\":{\"name\":\"gazetar2\",\"@id\":\"https:\/\/www.news33.tv\/#\/schema\/person\/5a04a38a23ccdba82f9bd665cd8f9efa\"},\"headline\":\"Trumpi vendos tarif\u00eb 30% ndaj mallrave nga Bashkimi Evropian dhe Meksika\",\"datePublished\":\"2025-07-12T14:51:04+00:00\",\"mainEntityOfPage\":{\"@id\":\"https:\/\/www.press7.tv\/?p=20862\"},\"wordCount\":366,\"publisher\":{\"@id\":\"https:\/\/www.news33.tv\/#organization\"},\"image\":{\"@id\":\"https:\/\/www.press7.tv\/?p=20862#primaryimage\"},\"thumbnailUrl\":\"https:\/\/www.press7.tv\/wp-content\/uploads\/2025\/07\/IMG_5614.avif\",\"articleSection\":[\"Bot\u00eb\",\"Lajme\"],\"inLanguage\":\"en-US\"},{\"@type\":\"WebPage\",\"@id\":\"https:\/\/www.press7.tv\/?p=20862\",\"url\":\"https:\/\/www.press7.tv\/?p=20862\",\"name\":\"Trumpi vendos tarif\u00eb 30% ndaj mallrave nga Bashkimi Evropian dhe Meksika - press7.tv\",\"isPartOf\":{\"@id\":\"https:\/\/www.news33.tv\/#website\"},\"primaryImageOfPage\":{\"@id\":\"https:\/\/www.press7.tv\/?p=20862#primaryimage\"},\"image\":{\"@id\":\"https:\/\/www.press7.tv\/?p=20862#primaryimage\"},\"thumbnailUrl\":\"https:\/\/www.press7.tv\/wp-content\/uploads\/2025\/07\/IMG_5614.avif\",\"datePublished\":\"2025-07-12T14:51:04+00:00\",\"breadcrumb\":{\"@id\":\"https:\/\/www.press7.tv\/?p=20862#breadcrumb\"},\"inLanguage\":\"en-US\",\"potentialAction\":[{\"@type\":\"ReadAction\",\"target\":[\"https:\/\/www.press7.tv\/?p=20862\"]}]},{\"@type\":\"ImageObject\",\"inLanguage\":\"en-US\",\"@id\":\"https:\/\/www.press7.tv\/?p=20862#primaryimage\",\"url\":\"https:\/\/www.press7.tv\/wp-content\/uploads\/2025\/07\/IMG_5614.avif\",\"contentUrl\":\"https:\/\/www.press7.tv\/wp-content\/uploads\/2025\/07\/IMG_5614.avif\",\"width\":1360,\"height\":870},{\"@type\":\"BreadcrumbList\",\"@id\":\"https:\/\/www.press7.tv\/?p=20862#breadcrumb\",\"itemListElement\":[{\"@type\":\"ListItem\",\"position\":1,\"name\":\"Home\",\"item\":\"https:\/\/www.press7.tv\/\"},{\"@type\":\"ListItem\",\"position\":2,\"name\":\"Trumpi vendos tarif\u00eb 30% ndaj mallrave nga Bashkimi Evropian dhe Meksika\"}]},{\"@type\":\"WebSite\",\"@id\":\"https:\/\/www.news33.tv\/#website\",\"url\":\"https:\/\/www.news33.tv\/\",\"name\":\"News33.tv Media\",\"description\":\"Media\",\"publisher\":{\"@id\":\"https:\/\/www.news33.tv\/#organization\"},\"potentialAction\":[{\"@type\":\"SearchAction\",\"target\":{\"@type\":\"EntryPoint\",\"urlTemplate\":\"https:\/\/www.news33.tv\/?s={search_term_string}\"},\"query-input\":{\"@type\":\"PropertyValueSpecification\",\"valueRequired\":true,\"valueName\":\"search_term_string\"}}],\"inLanguage\":\"en-US\"},{\"@type\":\"Organization\",\"@id\":\"https:\/\/www.news33.tv\/#organization\",\"name\":\"News33.tv Media\",\"url\":\"https:\/\/www.news33.tv\/\",\"logo\":{\"@type\":\"ImageObject\",\"inLanguage\":\"en-US\",\"@id\":\"https:\/\/www.news33.tv\/#\/schema\/logo\/image\/\",\"url\":\"https:\/\/www.press7.tv\/wp-content\/uploads\/2024\/02\/logo-news33-black.png\",\"contentUrl\":\"https:\/\/www.press7.tv\/wp-content\/uploads\/2024\/02\/logo-news33-black.png\",\"width\":180,\"height\":37,\"caption\":\"News33.tv Media\"},\"image\":{\"@id\":\"https:\/\/www.news33.tv\/#\/schema\/logo\/image\/\"},\"sameAs\":[\"https:\/\/www.facebook.com\/press7.tv\"]},{\"@type\":\"Person\",\"@id\":\"https:\/\/www.news33.tv\/#\/schema\/person\/5a04a38a23ccdba82f9bd665cd8f9efa\",\"name\":\"gazetar2\",\"image\":{\"@type\":\"ImageObject\",\"inLanguage\":\"en-US\",\"@id\":\"https:\/\/www.news33.tv\/#\/schema\/person\/image\/\",\"url\":\"https:\/\/www.press7.tv\/wp-content\/litespeed\/avatar\/41975e402c3049d9ddb03adca8f7a883.jpg?ver=1777169572\",\"contentUrl\":\"https:\/\/www.press7.tv\/wp-content\/litespeed\/avatar\/41975e402c3049d9ddb03adca8f7a883.jpg?ver=1777169572\",\"caption\":\"gazetar2\"},\"url\":\"https:\/\/www.press7.tv\/?author=8\"}]}<\/script>\n<!-- \/ Yoast SEO plugin. -->","yoast_head_json":{"title":"Trumpi vendos tarif\u00eb 30% ndaj mallrave nga Bashkimi Evropian dhe Meksika - press7.tv","robots":{"index":"index","follow":"follow","max-snippet":"max-snippet:-1","max-image-preview":"max-image-preview:large","max-video-preview":"max-video-preview:-1"},"canonical":"https:\/\/www.press7.tv\/?p=20862","og_locale":"en_US","og_type":"article","og_title":"Trumpi vendos tarif\u00eb 30% ndaj mallrave nga Bashkimi Evropian dhe Meksika - press7.tv","og_description":"Presidenti i Shteteve t\u00eb Bashkuara t\u00eb Amerik\u00ebs, Donald Trump, ka njoftuar se duke filluar nga data 1 gusht, mallrat q\u00eb importohen n\u00eb Amerik\u00eb nga Bashkimi Evropian dhe Meksika do t\u2019i n\u00ebnshtrohen nj\u00eb takse doganore prej 30 p\u00ebr qind, shkruan \u201cThe Guardian\u201d. Vendimi u komunikua nga Trumpi n\u00eb \u201cTruth Social\u201d, duke th\u00ebn\u00eb se u ka d\u00ebrguar [&hellip;]","og_url":"https:\/\/www.press7.tv\/?p=20862","og_site_name":"press7.tv","article_publisher":"https:\/\/www.facebook.com\/press7.tv","article_published_time":"2025-07-12T14:51:04+00:00","og_image":[{"width":1360,"height":870,"url":"https:\/\/www.press7.tv\/wp-content\/uploads\/2025\/07\/IMG_5614.avif","type":"image\/webp"}],"author":"gazetar2","twitter_card":"summary_large_image","twitter_misc":{"Written by":"gazetar2","Est. reading time":"1 minute"},"schema":{"@context":"https:\/\/schema.org","@graph":[{"@type":"Article","@id":"https:\/\/www.press7.tv\/?p=20862#article","isPartOf":{"@id":"https:\/\/www.press7.tv\/?p=20862"},"author":{"name":"gazetar2","@id":"https:\/\/www.news33.tv\/#\/schema\/person\/5a04a38a23ccdba82f9bd665cd8f9efa"},"headline":"Trumpi vendos tarif\u00eb 30% ndaj mallrave nga Bashkimi Evropian dhe Meksika","datePublished":"2025-07-12T14:51:04+00:00","mainEntityOfPage":{"@id":"https:\/\/www.press7.tv\/?p=20862"},"wordCount":366,"publisher":{"@id":"https:\/\/www.news33.tv\/#organization"},"image":{"@id":"https:\/\/www.press7.tv\/?p=20862#primaryimage"},"thumbnailUrl":"https:\/\/www.press7.tv\/wp-content\/uploads\/2025\/07\/IMG_5614.avif","articleSection":["Bot\u00eb","Lajme"],"inLanguage":"en-US"},{"@type":"WebPage","@id":"https:\/\/www.press7.tv\/?p=20862","url":"https:\/\/www.press7.tv\/?p=20862","name":"Trumpi vendos tarif\u00eb 30% ndaj mallrave nga Bashkimi Evropian dhe Meksika - press7.tv","isPartOf":{"@id":"https:\/\/www.news33.tv\/#website"},"primaryImageOfPage":{"@id":"https:\/\/www.press7.tv\/?p=20862#primaryimage"},"image":{"@id":"https:\/\/www.press7.tv\/?p=20862#primaryimage"},"thumbnailUrl":"https:\/\/www.press7.tv\/wp-content\/uploads\/2025\/07\/IMG_5614.avif","datePublished":"2025-07-12T14:51:04+00:00","breadcrumb":{"@id":"https:\/\/www.press7.tv\/?p=20862#breadcrumb"},"inLanguage":"en-US","potentialAction":[{"@type":"ReadAction","target":["https:\/\/www.press7.tv\/?p=20862"]}]},{"@type":"ImageObject","inLanguage":"en-US","@id":"https:\/\/www.press7.tv\/?p=20862#primaryimage","url":"https:\/\/www.press7.tv\/wp-content\/uploads\/2025\/07\/IMG_5614.avif","contentUrl":"https:\/\/www.press7.tv\/wp-content\/uploads\/2025\/07\/IMG_5614.avif","width":1360,"height":870},{"@type":"BreadcrumbList","@id":"https:\/\/www.press7.tv\/?p=20862#breadcrumb","itemListElement":[{"@type":"ListItem","position":1,"name":"Home","item":"https:\/\/www.press7.tv\/"},{"@type":"ListItem","position":2,"name":"Trumpi vendos tarif\u00eb 30% ndaj mallrave nga Bashkimi Evropian dhe Meksika"}]},{"@type":"WebSite","@id":"https:\/\/www.news33.tv\/#website","url":"https:\/\/www.news33.tv\/","name":"News33.tv Media","description":"Media","publisher":{"@id":"https:\/\/www.news33.tv\/#organization"},"potentialAction":[{"@type":"SearchAction","target":{"@type":"EntryPoint","urlTemplate":"https:\/\/www.news33.tv\/?s={search_term_string}"},"query-input":{"@type":"PropertyValueSpecification","valueRequired":true,"valueName":"search_term_string"}}],"inLanguage":"en-US"},{"@type":"Organization","@id":"https:\/\/www.news33.tv\/#organization","name":"News33.tv Media","url":"https:\/\/www.news33.tv\/","logo":{"@type":"ImageObject","inLanguage":"en-US","@id":"https:\/\/www.news33.tv\/#\/schema\/logo\/image\/","url":"https:\/\/www.press7.tv\/wp-content\/uploads\/2024\/02\/logo-news33-black.png","contentUrl":"https:\/\/www.press7.tv\/wp-content\/uploads\/2024\/02\/logo-news33-black.png","width":180,"height":37,"caption":"News33.tv Media"},"image":{"@id":"https:\/\/www.news33.tv\/#\/schema\/logo\/image\/"},"sameAs":["https:\/\/www.facebook.com\/press7.tv"]},{"@type":"Person","@id":"https:\/\/www.news33.tv\/#\/schema\/person\/5a04a38a23ccdba82f9bd665cd8f9efa","name":"gazetar2","image":{"@type":"ImageObject","inLanguage":"en-US","@id":"https:\/\/www.news33.tv\/#\/schema\/person\/image\/","url":"https:\/\/www.press7.tv\/wp-content\/litespeed\/avatar\/41975e402c3049d9ddb03adca8f7a883.jpg?ver=1777169572","contentUrl":"https:\/\/www.press7.tv\/wp-content\/litespeed\/avatar\/41975e402c3049d9ddb03adca8f7a883.jpg?ver=1777169572","caption":"gazetar2"},"url":"https:\/\/www.press7.tv\/?author=8"}]}},"amp_enabled":true,"_links":{"self":[{"href":"https:\/\/www.press7.tv\/index.php?rest_route=\/wp\/v2\/posts\/20862","targetHints":{"allow":["GET"]}}],"collection":[{"href":"https:\/\/www.press7.tv\/index.php?rest_route=\/wp\/v2\/posts"}],"about":[{"href":"https:\/\/www.press7.tv\/index.php?rest_route=\/wp\/v2\/types\/post"}],"author":[{"embeddable":true,"href":"https:\/\/www.press7.tv\/index.php?rest_route=\/wp\/v2\/users\/8"}],"replies":[{"embeddable":true,"href":"https:\/\/www.press7.tv\/index.php?rest_route=%2Fwp%2Fv2%2Fcomments&post=20862"}],"version-history":[{"count":1,"href":"https:\/\/www.press7.tv\/index.php?rest_route=\/wp\/v2\/posts\/20862\/revisions"}],"predecessor-version":[{"id":20864,"href":"https:\/\/www.press7.tv\/index.php?rest_route=\/wp\/v2\/posts\/20862\/revisions\/20864"}],"wp:featuredmedia":[{"embeddable":true,"href":"https:\/\/www.press7.tv\/index.php?rest_route=\/wp\/v2\/media\/20863"}],"wp:attachment":[{"href":"https:\/\/www.press7.tv\/index.php?rest_route=%2Fwp%2Fv2%2Fmedia&parent=20862"}],"wp:term":[{"taxonomy":"category","embeddable":true,"href":"https:\/\/www.press7.tv\/index.php?rest_route=%2Fwp%2Fv2%2Fcategories&post=20862"},{"taxonomy":"post_tag","embeddable":true,"href":"https:\/\/www.press7.tv\/index.php?rest_route=%2Fwp%2Fv2%2Ftags&post=20862"}],"curies":[{"name":"wp","href":"https:\/\/api.w.org\/{rel}","templated":true}]}}