{"id":20856,"date":"2025-07-11T19:58:01","date_gmt":"2025-07-11T19:58:01","guid":{"rendered":"https:\/\/www.press7.tv\/?p=20856"},"modified":"2025-07-11T19:58:01","modified_gmt":"2025-07-11T19:58:01","slug":"kater-zjarre-ende-aktive-gjashte-nen-kontrolle","status":"publish","type":"post","link":"https:\/\/www.press7.tv\/?p=20856","title":{"rendered":"Kat\u00ebr zjarre ende aktive, gjasht\u00eb n\u00ebn kontroll\u00eb"},"content":{"rendered":"\n    <div class=\"xs_social_share_widget xs_share_url before_content \t\tmain_content  wslu-style-2 wslu-share-box-shaped wslu-fill-colored wslu-share-m-5 wslu-none wslu-share-vertical wslu-theme-font-no wslu-main_content\">\n\n\t\t\n        <ul>\n\t\t\t        <\/ul>\n    <\/div> \n<p>Deri n\u00eb mesdit\u00eb, n\u00eb vend jan\u00eb regjistruar gjithsej 14 zjarre n\u00eb hap\u00ebsira t\u00eb hapura. Nga Drejtoria p\u00ebr Mbrojtje dhe Shp\u00ebtim kumtojn\u00eb se 4 prej tyre mbeten aktive \u2013 n\u00eb komun\u00ebn e Dojranit af\u00ebr fshatit Nikoli\u00e7, ku digjet pyll me drur\u00eb t\u00eb ul\u00ebt, n\u00eb komun\u00ebn e \u00c7ashk\u00ebs n\u00ebn Solunska Glava ku ka tym n\u00eb nj\u00eb zon\u00eb shk\u00ebmbore pa flak\u00eb t\u00eb dukshme, njoftojn\u00eb autoritet. Po ashtu, n\u00eb Kumanov\u00eb n\u00eb vendin Preovc\u00eb me djegie t\u00eb vegjetacionit t\u00eb ul\u00ebt, si dhe n\u00eb Nagori\u00e7an t\u00eb Vjet\u00ebr n\u00eb fshatin Ruginc\u00eb.<\/p>\n<p>Gjasht\u00eb zjarre jan\u00eb v\u00ebn\u00eb n\u00ebn kontroll. Dy jan\u00eb lokalizuar \u2013 n\u00eb komun\u00ebn e Prilepit af\u00ebr fshatit Beshishte dhe n\u00eb komun\u00ebn e Sh\u00ebn Nikoll\u00ebs af\u00ebr fshatit Delisinc\u00eb, ku u p\u00ebrfshi vegjetacion i ul\u00ebt dhe nj\u00eb sht\u00ebpi e vjet\u00ebr e braktisur. N\u00eb or\u00ebt e kaluara jan\u00eb shuar plot\u00ebsisht dy zjarre \u2013 n\u00eb \u00c7u\u00e7er Sandev\u00eb af\u00ebr kish\u00ebs Sh\u00ebn Trinia dhe n\u00eb Makedonski Brod af\u00ebr fshatit Belic\u00eb\u201d, thon\u00eb nga Drejtoria p\u00ebr Mbrojtje dhe Shp\u00ebtim.<\/p>\n<p>Duke iu referuar hart\u00ebs q\u00eb tregon indeksin meteorologjik t\u00eb rrezikut nga zjarri, nga QMK thot\u00eb se p\u00ebrve\u00e7 pjes\u00ebs qendrore t\u00eb vendit, pjesa tjet\u00ebr e territorit t\u00eb shtetit \u00ebsht\u00eb n\u00ebn rrezik t\u00eb lart\u00eb zjarresh, dhe ka nj\u00eb rrezik t\u00eb ul\u00ebt n\u00eb zonat p\u00ebrreth maleve t\u00eb Sharrit dhe rajoneve t\u00eb tjera m\u00eb pak t\u00eb rrezikuara. Pjesa qendrore e vendit dhe zona p\u00ebrreth qytetit t\u00eb Kumanov\u00ebs jan\u00eb n\u00ebn nj\u00eb rrezik shum\u00eb t\u00eb lart\u00eb zjarresh \u2013 informon QMK, duke publikuar harta mbi t\u00eb cilat jan\u00eb zbuluar pika t\u00eb nxehta n\u00eb vend q\u00eb p\u00ebrballen me nj\u00eb shp\u00ebrthim t\u00eb mundsh\u00ebm zjarresh.<\/p>\n<p>\u201cIndeksi meteorologjik i rrezikut nga zjarri llogaritet n\u00eb baz\u00eb t\u00eb t\u00eb dh\u00ebnave nga stacionet automatike meteorologjike t\u00eb Drejtoris\u00eb Hidrometeorologjike, dhe p\u00ebrfshin parametra t\u00eb till\u00eb si temperatura e ajrit, lag\u00ebshtia relative, shpejt\u00ebsia dhe drejtimi i er\u00ebs. Gjithsej dy pika t\u00eb nxehta jan\u00eb zbuluar n\u00eb af\u00ebrsi t\u00eb fshatit Nikoli\u00e7, n\u00eb komun\u00ebn e Dojranit. Qendra e Operacioneve n\u00eb Detyr\u00eb e QMK-s\u00eb konfirmoi shfaqjen e zjarreve n\u00eb aj\u00ebr t\u00eb hapur n\u00eb k\u00ebto vende\u201d, thon\u00eb nga Qendra p\u00ebr Menaxhim me Kriza.<\/p>\n<p>Duke publikuar hart\u00ebn me pikat e nxehta, nga QMK thot\u00eb se ato zbulohen automatikisht n\u00ebp\u00ebrmjet sensor\u00ebve satelitor\u00eb dhe tregojn\u00eb zjarre t\u00eb mundshme aktive ose burime nxeht\u00ebsie n\u00eb territor. Harta tjet\u00ebr i referohet gjendjes s\u00eb that\u00ebsis\u00eb s\u00eb bim\u00ebsis\u00eb, e cila, si\u00e7 thot\u00eb QMK-ja, matet n\u00ebp\u00ebrmjet t\u00eb dh\u00ebnave satelitore nga Sistemi i Informacionit p\u00ebr Zjarret i NASA-s p\u00ebr Menaxhimin e Burimeve. E kuqja n\u00eb hart\u00eb tregon zonat me that\u00ebsi t\u00eb lart\u00eb t\u00eb bim\u00ebsis\u00eb \u2013 n\u00eb zonat m\u00eb t\u00eb larta malore, duke treguar ndjeshm\u00ebri t\u00eb lart\u00eb t\u00eb bim\u00ebsis\u00eb dhe potencial p\u00ebr zjarre. E verdha tregon that\u00ebsi mesatare t\u00eb bim\u00ebsis\u00eb, dhe that\u00ebsi e ul\u00ebt tregohet nga jeshile \u2013 n\u00eb zonat m\u00eb t\u00eb ul\u00ebta, ku rreziku i zjarreve \u00ebsht\u00eb m\u00eb i ul\u00ebt.<\/p>\n","protected":false},"excerpt":{"rendered":"<p>Deri n\u00eb mesdit\u00eb, n\u00eb vend jan\u00eb regjistruar gjithsej 14 zjarre n\u00eb hap\u00ebsira t\u00eb hapura. Nga Drejtoria p\u00ebr Mbrojtje dhe Shp\u00ebtim kumtojn\u00eb se 4 prej tyre mbeten aktive \u2013 n\u00eb komun\u00ebn e Dojranit af\u00ebr fshatit Nikoli\u00e7, ku digjet pyll me drur\u00eb t\u00eb ul\u00ebt, n\u00eb komun\u00ebn e \u00c7ashk\u00ebs n\u00ebn Solunska Glava ku ka tym n\u00eb nj\u00eb zon\u00eb [&hellip;]<\/p>\n","protected":false},"author":8,"featured_media":20857,"comment_status":"closed","ping_status":"closed","sticky":false,"template":"","format":"standard","meta":{"footnotes":""},"categories":[213,214],"tags":[],"class_list":["post-20856","post","type-post","status-publish","format-standard","has-post-thumbnail","hentry","category-lajme","category-maqedoni"],"yoast_head":"<!-- This site is optimized with the Yoast SEO plugin v25.1 - https:\/\/yoast.com\/wordpress\/plugins\/seo\/ -->\n<title>Kat\u00ebr zjarre ende aktive, gjasht\u00eb n\u00ebn kontroll\u00eb - press7.tv<\/title>\n<meta name=\"robots\" content=\"index, follow, max-snippet:-1, max-image-preview:large, max-video-preview:-1\" \/>\n<link rel=\"canonical\" href=\"https:\/\/www.press7.tv\/?p=20856\" \/>\n<meta property=\"og:locale\" content=\"en_US\" \/>\n<meta property=\"og:type\" content=\"article\" \/>\n<meta property=\"og:title\" content=\"Kat\u00ebr zjarre ende aktive, gjasht\u00eb n\u00ebn kontroll\u00eb - press7.tv\" \/>\n<meta property=\"og:description\" content=\"Deri n\u00eb mesdit\u00eb, n\u00eb vend jan\u00eb regjistruar gjithsej 14 zjarre n\u00eb hap\u00ebsira t\u00eb hapura. Nga Drejtoria p\u00ebr Mbrojtje dhe Shp\u00ebtim kumtojn\u00eb se 4 prej tyre mbeten aktive \u2013 n\u00eb komun\u00ebn e Dojranit af\u00ebr fshatit Nikoli\u00e7, ku digjet pyll me drur\u00eb t\u00eb ul\u00ebt, n\u00eb komun\u00ebn e \u00c7ashk\u00ebs n\u00ebn Solunska Glava ku ka tym n\u00eb nj\u00eb zon\u00eb [&hellip;]\" \/>\n<meta property=\"og:url\" content=\"https:\/\/www.press7.tv\/?p=20856\" \/>\n<meta property=\"og:site_name\" content=\"press7.tv\" \/>\n<meta property=\"article:publisher\" content=\"https:\/\/www.facebook.com\/press7.tv\" \/>\n<meta property=\"article:published_time\" content=\"2025-07-11T19:58:01+00:00\" \/>\n<meta property=\"og:image\" content=\"https:\/\/www.press7.tv\/wp-content\/uploads\/2025\/07\/IMG_6185.avif\" \/>\n\t<meta property=\"og:image:width\" content=\"780\" \/>\n\t<meta property=\"og:image:height\" content=\"470\" \/>\n\t<meta property=\"og:image:type\" content=\"image\/png\" \/>\n<meta name=\"author\" content=\"gazetar2\" \/>\n<meta name=\"twitter:card\" content=\"summary_large_image\" \/>\n<meta name=\"twitter:label1\" content=\"Written by\" \/>\n\t<meta name=\"twitter:data1\" content=\"gazetar2\" \/>\n\t<meta name=\"twitter:label2\" content=\"Est. reading time\" \/>\n\t<meta name=\"twitter:data2\" content=\"1 minute\" \/>\n<script type=\"application\/ld+json\" class=\"yoast-schema-graph\">{\"@context\":\"https:\/\/schema.org\",\"@graph\":[{\"@type\":\"Article\",\"@id\":\"https:\/\/www.press7.tv\/?p=20856#article\",\"isPartOf\":{\"@id\":\"https:\/\/www.press7.tv\/?p=20856\"},\"author\":{\"name\":\"gazetar2\",\"@id\":\"https:\/\/www.news33.tv\/#\/schema\/person\/5a04a38a23ccdba82f9bd665cd8f9efa\"},\"headline\":\"Kat\u00ebr zjarre ende aktive, gjasht\u00eb n\u00ebn kontroll\u00eb\",\"datePublished\":\"2025-07-11T19:58:01+00:00\",\"mainEntityOfPage\":{\"@id\":\"https:\/\/www.press7.tv\/?p=20856\"},\"wordCount\":524,\"publisher\":{\"@id\":\"https:\/\/www.news33.tv\/#organization\"},\"image\":{\"@id\":\"https:\/\/www.press7.tv\/?p=20856#primaryimage\"},\"thumbnailUrl\":\"https:\/\/www.press7.tv\/wp-content\/uploads\/2025\/07\/IMG_6185.avif\",\"articleSection\":[\"Lajme\",\"Maqedoni\"],\"inLanguage\":\"en-US\"},{\"@type\":\"WebPage\",\"@id\":\"https:\/\/www.press7.tv\/?p=20856\",\"url\":\"https:\/\/www.press7.tv\/?p=20856\",\"name\":\"Kat\u00ebr zjarre ende aktive, gjasht\u00eb n\u00ebn kontroll\u00eb - press7.tv\",\"isPartOf\":{\"@id\":\"https:\/\/www.news33.tv\/#website\"},\"primaryImageOfPage\":{\"@id\":\"https:\/\/www.press7.tv\/?p=20856#primaryimage\"},\"image\":{\"@id\":\"https:\/\/www.press7.tv\/?p=20856#primaryimage\"},\"thumbnailUrl\":\"https:\/\/www.press7.tv\/wp-content\/uploads\/2025\/07\/IMG_6185.avif\",\"datePublished\":\"2025-07-11T19:58:01+00:00\",\"breadcrumb\":{\"@id\":\"https:\/\/www.press7.tv\/?p=20856#breadcrumb\"},\"inLanguage\":\"en-US\",\"potentialAction\":[{\"@type\":\"ReadAction\",\"target\":[\"https:\/\/www.press7.tv\/?p=20856\"]}]},{\"@type\":\"ImageObject\",\"inLanguage\":\"en-US\",\"@id\":\"https:\/\/www.press7.tv\/?p=20856#primaryimage\",\"url\":\"https:\/\/www.press7.tv\/wp-content\/uploads\/2025\/07\/IMG_6185.avif\",\"contentUrl\":\"https:\/\/www.press7.tv\/wp-content\/uploads\/2025\/07\/IMG_6185.avif\",\"width\":780,\"height\":470},{\"@type\":\"BreadcrumbList\",\"@id\":\"https:\/\/www.press7.tv\/?p=20856#breadcrumb\",\"itemListElement\":[{\"@type\":\"ListItem\",\"position\":1,\"name\":\"Home\",\"item\":\"https:\/\/www.press7.tv\/\"},{\"@type\":\"ListItem\",\"position\":2,\"name\":\"Kat\u00ebr zjarre ende aktive, gjasht\u00eb n\u00ebn kontroll\u00eb\"}]},{\"@type\":\"WebSite\",\"@id\":\"https:\/\/www.news33.tv\/#website\",\"url\":\"https:\/\/www.news33.tv\/\",\"name\":\"News33.tv Media\",\"description\":\"Media\",\"publisher\":{\"@id\":\"https:\/\/www.news33.tv\/#organization\"},\"potentialAction\":[{\"@type\":\"SearchAction\",\"target\":{\"@type\":\"EntryPoint\",\"urlTemplate\":\"https:\/\/www.news33.tv\/?s={search_term_string}\"},\"query-input\":{\"@type\":\"PropertyValueSpecification\",\"valueRequired\":true,\"valueName\":\"search_term_string\"}}],\"inLanguage\":\"en-US\"},{\"@type\":\"Organization\",\"@id\":\"https:\/\/www.news33.tv\/#organization\",\"name\":\"News33.tv Media\",\"url\":\"https:\/\/www.news33.tv\/\",\"logo\":{\"@type\":\"ImageObject\",\"inLanguage\":\"en-US\",\"@id\":\"https:\/\/www.news33.tv\/#\/schema\/logo\/image\/\",\"url\":\"https:\/\/www.press7.tv\/wp-content\/uploads\/2024\/02\/logo-news33-black.png\",\"contentUrl\":\"https:\/\/www.press7.tv\/wp-content\/uploads\/2024\/02\/logo-news33-black.png\",\"width\":180,\"height\":37,\"caption\":\"News33.tv Media\"},\"image\":{\"@id\":\"https:\/\/www.news33.tv\/#\/schema\/logo\/image\/\"},\"sameAs\":[\"https:\/\/www.facebook.com\/press7.tv\"]},{\"@type\":\"Person\",\"@id\":\"https:\/\/www.news33.tv\/#\/schema\/person\/5a04a38a23ccdba82f9bd665cd8f9efa\",\"name\":\"gazetar2\",\"image\":{\"@type\":\"ImageObject\",\"inLanguage\":\"en-US\",\"@id\":\"https:\/\/www.news33.tv\/#\/schema\/person\/image\/\",\"url\":\"https:\/\/www.press7.tv\/wp-content\/litespeed\/avatar\/41975e402c3049d9ddb03adca8f7a883.jpg?ver=1777169572\",\"contentUrl\":\"https:\/\/www.press7.tv\/wp-content\/litespeed\/avatar\/41975e402c3049d9ddb03adca8f7a883.jpg?ver=1777169572\",\"caption\":\"gazetar2\"},\"url\":\"https:\/\/www.press7.tv\/?author=8\"}]}<\/script>\n<!-- \/ Yoast SEO plugin. -->","yoast_head_json":{"title":"Kat\u00ebr zjarre ende aktive, gjasht\u00eb n\u00ebn kontroll\u00eb - press7.tv","robots":{"index":"index","follow":"follow","max-snippet":"max-snippet:-1","max-image-preview":"max-image-preview:large","max-video-preview":"max-video-preview:-1"},"canonical":"https:\/\/www.press7.tv\/?p=20856","og_locale":"en_US","og_type":"article","og_title":"Kat\u00ebr zjarre ende aktive, gjasht\u00eb n\u00ebn kontroll\u00eb - press7.tv","og_description":"Deri n\u00eb mesdit\u00eb, n\u00eb vend jan\u00eb regjistruar gjithsej 14 zjarre n\u00eb hap\u00ebsira t\u00eb hapura. Nga Drejtoria p\u00ebr Mbrojtje dhe Shp\u00ebtim kumtojn\u00eb se 4 prej tyre mbeten aktive \u2013 n\u00eb komun\u00ebn e Dojranit af\u00ebr fshatit Nikoli\u00e7, ku digjet pyll me drur\u00eb t\u00eb ul\u00ebt, n\u00eb komun\u00ebn e \u00c7ashk\u00ebs n\u00ebn Solunska Glava ku ka tym n\u00eb nj\u00eb zon\u00eb [&hellip;]","og_url":"https:\/\/www.press7.tv\/?p=20856","og_site_name":"press7.tv","article_publisher":"https:\/\/www.facebook.com\/press7.tv","article_published_time":"2025-07-11T19:58:01+00:00","og_image":[{"width":780,"height":470,"url":"https:\/\/www.press7.tv\/wp-content\/uploads\/2025\/07\/IMG_6185.avif","type":"image\/png"}],"author":"gazetar2","twitter_card":"summary_large_image","twitter_misc":{"Written by":"gazetar2","Est. reading time":"1 minute"},"schema":{"@context":"https:\/\/schema.org","@graph":[{"@type":"Article","@id":"https:\/\/www.press7.tv\/?p=20856#article","isPartOf":{"@id":"https:\/\/www.press7.tv\/?p=20856"},"author":{"name":"gazetar2","@id":"https:\/\/www.news33.tv\/#\/schema\/person\/5a04a38a23ccdba82f9bd665cd8f9efa"},"headline":"Kat\u00ebr zjarre ende aktive, gjasht\u00eb n\u00ebn kontroll\u00eb","datePublished":"2025-07-11T19:58:01+00:00","mainEntityOfPage":{"@id":"https:\/\/www.press7.tv\/?p=20856"},"wordCount":524,"publisher":{"@id":"https:\/\/www.news33.tv\/#organization"},"image":{"@id":"https:\/\/www.press7.tv\/?p=20856#primaryimage"},"thumbnailUrl":"https:\/\/www.press7.tv\/wp-content\/uploads\/2025\/07\/IMG_6185.avif","articleSection":["Lajme","Maqedoni"],"inLanguage":"en-US"},{"@type":"WebPage","@id":"https:\/\/www.press7.tv\/?p=20856","url":"https:\/\/www.press7.tv\/?p=20856","name":"Kat\u00ebr zjarre ende aktive, gjasht\u00eb n\u00ebn kontroll\u00eb - press7.tv","isPartOf":{"@id":"https:\/\/www.news33.tv\/#website"},"primaryImageOfPage":{"@id":"https:\/\/www.press7.tv\/?p=20856#primaryimage"},"image":{"@id":"https:\/\/www.press7.tv\/?p=20856#primaryimage"},"thumbnailUrl":"https:\/\/www.press7.tv\/wp-content\/uploads\/2025\/07\/IMG_6185.avif","datePublished":"2025-07-11T19:58:01+00:00","breadcrumb":{"@id":"https:\/\/www.press7.tv\/?p=20856#breadcrumb"},"inLanguage":"en-US","potentialAction":[{"@type":"ReadAction","target":["https:\/\/www.press7.tv\/?p=20856"]}]},{"@type":"ImageObject","inLanguage":"en-US","@id":"https:\/\/www.press7.tv\/?p=20856#primaryimage","url":"https:\/\/www.press7.tv\/wp-content\/uploads\/2025\/07\/IMG_6185.avif","contentUrl":"https:\/\/www.press7.tv\/wp-content\/uploads\/2025\/07\/IMG_6185.avif","width":780,"height":470},{"@type":"BreadcrumbList","@id":"https:\/\/www.press7.tv\/?p=20856#breadcrumb","itemListElement":[{"@type":"ListItem","position":1,"name":"Home","item":"https:\/\/www.press7.tv\/"},{"@type":"ListItem","position":2,"name":"Kat\u00ebr zjarre ende aktive, gjasht\u00eb n\u00ebn kontroll\u00eb"}]},{"@type":"WebSite","@id":"https:\/\/www.news33.tv\/#website","url":"https:\/\/www.news33.tv\/","name":"News33.tv Media","description":"Media","publisher":{"@id":"https:\/\/www.news33.tv\/#organization"},"potentialAction":[{"@type":"SearchAction","target":{"@type":"EntryPoint","urlTemplate":"https:\/\/www.news33.tv\/?s={search_term_string}"},"query-input":{"@type":"PropertyValueSpecification","valueRequired":true,"valueName":"search_term_string"}}],"inLanguage":"en-US"},{"@type":"Organization","@id":"https:\/\/www.news33.tv\/#organization","name":"News33.tv Media","url":"https:\/\/www.news33.tv\/","logo":{"@type":"ImageObject","inLanguage":"en-US","@id":"https:\/\/www.news33.tv\/#\/schema\/logo\/image\/","url":"https:\/\/www.press7.tv\/wp-content\/uploads\/2024\/02\/logo-news33-black.png","contentUrl":"https:\/\/www.press7.tv\/wp-content\/uploads\/2024\/02\/logo-news33-black.png","width":180,"height":37,"caption":"News33.tv Media"},"image":{"@id":"https:\/\/www.news33.tv\/#\/schema\/logo\/image\/"},"sameAs":["https:\/\/www.facebook.com\/press7.tv"]},{"@type":"Person","@id":"https:\/\/www.news33.tv\/#\/schema\/person\/5a04a38a23ccdba82f9bd665cd8f9efa","name":"gazetar2","image":{"@type":"ImageObject","inLanguage":"en-US","@id":"https:\/\/www.news33.tv\/#\/schema\/person\/image\/","url":"https:\/\/www.press7.tv\/wp-content\/litespeed\/avatar\/41975e402c3049d9ddb03adca8f7a883.jpg?ver=1777169572","contentUrl":"https:\/\/www.press7.tv\/wp-content\/litespeed\/avatar\/41975e402c3049d9ddb03adca8f7a883.jpg?ver=1777169572","caption":"gazetar2"},"url":"https:\/\/www.press7.tv\/?author=8"}]}},"amp_enabled":true,"_links":{"self":[{"href":"https:\/\/www.press7.tv\/index.php?rest_route=\/wp\/v2\/posts\/20856","targetHints":{"allow":["GET"]}}],"collection":[{"href":"https:\/\/www.press7.tv\/index.php?rest_route=\/wp\/v2\/posts"}],"about":[{"href":"https:\/\/www.press7.tv\/index.php?rest_route=\/wp\/v2\/types\/post"}],"author":[{"embeddable":true,"href":"https:\/\/www.press7.tv\/index.php?rest_route=\/wp\/v2\/users\/8"}],"replies":[{"embeddable":true,"href":"https:\/\/www.press7.tv\/index.php?rest_route=%2Fwp%2Fv2%2Fcomments&post=20856"}],"version-history":[{"count":1,"href":"https:\/\/www.press7.tv\/index.php?rest_route=\/wp\/v2\/posts\/20856\/revisions"}],"predecessor-version":[{"id":20858,"href":"https:\/\/www.press7.tv\/index.php?rest_route=\/wp\/v2\/posts\/20856\/revisions\/20858"}],"wp:featuredmedia":[{"embeddable":true,"href":"https:\/\/www.press7.tv\/index.php?rest_route=\/wp\/v2\/media\/20857"}],"wp:attachment":[{"href":"https:\/\/www.press7.tv\/index.php?rest_route=%2Fwp%2Fv2%2Fmedia&parent=20856"}],"wp:term":[{"taxonomy":"category","embeddable":true,"href":"https:\/\/www.press7.tv\/index.php?rest_route=%2Fwp%2Fv2%2Fcategories&post=20856"},{"taxonomy":"post_tag","embeddable":true,"href":"https:\/\/www.press7.tv\/index.php?rest_route=%2Fwp%2Fv2%2Ftags&post=20856"}],"curies":[{"name":"wp","href":"https:\/\/api.w.org\/{rel}","templated":true}]}}