{"id":20853,"date":"2025-07-11T18:15:38","date_gmt":"2025-07-11T18:15:38","guid":{"rendered":"https:\/\/www.press7.tv\/?p=20853"},"modified":"2025-07-11T18:15:38","modified_gmt":"2025-07-11T18:15:38","slug":"presidentja-paralajmeron-kapituj-te-rinj-te-bashkepunimit-strategjik-me-shba-ne","status":"publish","type":"post","link":"https:\/\/www.press7.tv\/?p=20853","title":{"rendered":"Presidentja paralajm\u00ebron kapituj t\u00eb rinj t\u00eb bashk\u00ebpunimit strategjik me SHBA-n\u00eb"},"content":{"rendered":"\n    <div class=\"xs_social_share_widget xs_share_url before_content \t\tmain_content  wslu-style-2 wslu-share-box-shaped wslu-fill-colored wslu-share-m-5 wslu-none wslu-share-vertical wslu-theme-font-no wslu-main_content\">\n\n\t\t\n        <ul>\n\t\t\t        <\/ul>\n    <\/div> \n<p>Presidentja Vjosa Osmani ka paralajm\u00ebruar se Kosova dhe Shtetet e Bashkuara jan\u00eb angazhuar p\u00ebr t\u00eb hapur kapituj t\u00eb rinj t\u00eb bashk\u00ebpunimit strategjik, n\u00eb fusha t\u00eb ndryshme e n\u00eb p\u00ebrputhje me vizionin e presidentit amerikan, Donald Trump. K\u00ebt\u00eb ajo e tha pas takimeve me zyrtar\u00eb t\u00eb lart\u00eb t\u00eb administrat\u00ebs amerikane dhe nj\u00eb dit\u00eb pasi i konfirmoi deklaratat e Trumpit se s\u00eb voni \u00ebsht\u00eb parandaluar nj\u00eb p\u00ebrshkall\u00ebzim mes Kosov\u00ebs e Serbis\u00eb<\/p>\n<p>Kapituj t\u00eb rinj t\u00eb bashk\u00ebpunimit strategjik me Shtetet e Bashkuara paralajm\u00ebroi presidentja, Vjosa Osmani, pas takimeve t\u00eb zhvilluara me zyrtar\u00eb t\u00eb lart\u00eb amerikan\u00eb n\u00eb Washington.<\/p>\n<p>Osmani njoftoi se n\u00eb kuad\u00ebr t\u00eb vizit\u00ebs s\u00eb saj n\u00eb SHBA, t\u00eb premten pati takim me z\u00ebvend\u00ebssekretarin e Shtetit, Christopher Landau.<\/p>\n<p>\u201cKosova q\u00ebndron krah p\u00ebr krah me Shtetet e Bashkuara p\u00ebr t\u00eb nd\u00ebrtuar kapituj t\u00eb rinj t\u00eb bashk\u00ebpunimit strategjik, n\u00eb p\u00ebrputhje me vizionin e fort\u00eb t\u00eb presidentit Trump. M\u00eb shum\u00eb siguri. M\u00eb shum\u00eb zhvillim. M\u00eb shum\u00eb mund\u00ebsi p\u00ebr qytetar\u00ebt tan\u00eb dhe bizneset tona\u201d, tha ajo.<\/p>\n<p>E, z\u00ebvend\u00ebssekretari i Shtetit, Landau, tha se me presidenten Osmani ka diskutuar p\u00ebr fushat e mundshme t\u00eb bashk\u00ebpunimit ekonomik.<\/p>\n<p>N\u00eb Washington, Osmani mori pjes\u00eb edhe n\u00eb nj\u00eb tryez\u00eb diskutimi me diplomat\u00eb e ekspert\u00eb, lidhur me synimet strategjike t\u00eb politik\u00ebs s\u00eb jashtme t\u00eb Kosov\u00ebs, p\u00ebrfshir\u00eb an\u00ebtar\u00ebsimin n\u00eb NATO dhe p\u00ebrkushtimin p\u00ebr forcimin e aleanc\u00ebs me SHBA-n\u00eb.<\/p>\n<p>E nj\u00eb dit\u00eb m\u00eb her\u00ebt, Osmani komentoi mbi pretendimet e presidentit amerikan, Donald Trump, se \u00ebsht\u00eb parandaluar p\u00ebrshkall\u00ebzimi i mundsh\u00ebm mes Kosov\u00ebs e Serbis\u00eb. P\u00ebr k\u00ebt\u00eb, ajo tha se \u00ebsht\u00eb e qart\u00eb se b\u00ebhet fjal\u00eb p\u00ebr zhvillim t\u00eb jav\u00ebve t\u00eb fundit.<\/p>\n<p>\u201cNga informatat e siguris\u00eb q\u00eb i marr \u00e7do dit\u00eb, Trumpi e ka parandaluar nj\u00eb ndezje t\u00eb mundshme s\u00eb fundmi. S\u2019po flasim p\u00ebr 2023-t\u00ebn, 2020-\u00ebn, por p\u00ebr zhvillime shum\u00eb, shum\u00eb t\u00eb vona. Meqen\u00ebse ka ndodhur m\u00eb par\u00eb, parandalimi dhe frenimi jan\u00eb thelb\u00ebsor\u00eb&#8230; Duhet nj\u00eb telefonat\u00eb, nj\u00eb paralajm\u00ebrim, dhe kjo \u00ebsht\u00eb pik\u00ebrisht ajo q\u00eb ndodh kur Amerika e merr nj\u00eb rol udh\u00ebheq\u00ebs\u201d, deklaroi Osmani.<\/p>\n<p>Tek e kujtoi sulmin terrorist t\u00eb 2023-t\u00ebs n\u00eb Banjsk\u00eb, Osmani theksoi se rreziqet nga Serbia jan\u00eb t\u00eb vazhdueshme dhe se nuk duhen n\u00ebnvler\u00ebsuar, tek e lavd\u00ebroi angazhimin e KFOR-it p\u00ebr siguri dhe stabilitet n\u00eb Kosov\u00eb.<\/p>\n<p>Kosova \u00ebsht\u00eb rikthyer n\u00eb v\u00ebmendjen nd\u00ebrkomb\u00ebtare me deklarata e fundit t\u00eb presidentit Trump. Ai s\u00eb fundi i ka rikujtuar nj\u00eb s\u00ebr\u00eb nd\u00ebrhyrjesh nd\u00ebrkomb\u00ebtare gjat\u00eb mandatit t\u00eb par\u00eb, p\u00ebrfshir\u00eb edhe rolin e tij n\u00eb ndaljen e asaj q\u00eb e quajti \u201cluft\u00eb t\u00eb mundshme\u201d nd\u00ebrmjet Kosov\u00ebs dhe Serbis\u00eb.<\/p>\n","protected":false},"excerpt":{"rendered":"<p>Presidentja Vjosa Osmani ka paralajm\u00ebruar se Kosova dhe Shtetet e Bashkuara jan\u00eb angazhuar p\u00ebr t\u00eb hapur kapituj t\u00eb rinj t\u00eb bashk\u00ebpunimit strategjik, n\u00eb fusha t\u00eb ndryshme e n\u00eb p\u00ebrputhje me vizionin e presidentit amerikan, Donald Trump. K\u00ebt\u00eb ajo e tha pas takimeve me zyrtar\u00eb t\u00eb lart\u00eb t\u00eb administrat\u00ebs amerikane dhe nj\u00eb dit\u00eb pasi i konfirmoi [&hellip;]<\/p>\n","protected":false},"author":8,"featured_media":20854,"comment_status":"closed","ping_status":"closed","sticky":false,"template":"","format":"standard","meta":{"footnotes":""},"categories":[215,213],"tags":[],"class_list":["post-20853","post","type-post","status-publish","format-standard","has-post-thumbnail","hentry","category-kosove","category-lajme"],"yoast_head":"<!-- This site is optimized with the Yoast SEO plugin v25.1 - https:\/\/yoast.com\/wordpress\/plugins\/seo\/ -->\n<title>Presidentja paralajm\u00ebron kapituj t\u00eb rinj t\u00eb bashk\u00ebpunimit strategjik me SHBA-n\u00eb - press7.tv<\/title>\n<meta name=\"robots\" content=\"index, follow, max-snippet:-1, max-image-preview:large, max-video-preview:-1\" \/>\n<link rel=\"canonical\" href=\"https:\/\/www.press7.tv\/?p=20853\" \/>\n<meta property=\"og:locale\" content=\"en_US\" \/>\n<meta property=\"og:type\" content=\"article\" \/>\n<meta property=\"og:title\" content=\"Presidentja paralajm\u00ebron kapituj t\u00eb rinj t\u00eb bashk\u00ebpunimit strategjik me SHBA-n\u00eb - press7.tv\" \/>\n<meta property=\"og:description\" content=\"Presidentja Vjosa Osmani ka paralajm\u00ebruar se Kosova dhe Shtetet e Bashkuara jan\u00eb angazhuar p\u00ebr t\u00eb hapur kapituj t\u00eb rinj t\u00eb bashk\u00ebpunimit strategjik, n\u00eb fusha t\u00eb ndryshme e n\u00eb p\u00ebrputhje me vizionin e presidentit amerikan, Donald Trump. K\u00ebt\u00eb ajo e tha pas takimeve me zyrtar\u00eb t\u00eb lart\u00eb t\u00eb administrat\u00ebs amerikane dhe nj\u00eb dit\u00eb pasi i konfirmoi [&hellip;]\" \/>\n<meta property=\"og:url\" content=\"https:\/\/www.press7.tv\/?p=20853\" \/>\n<meta property=\"og:site_name\" content=\"press7.tv\" \/>\n<meta property=\"article:publisher\" content=\"https:\/\/www.facebook.com\/press7.tv\" \/>\n<meta property=\"article:published_time\" content=\"2025-07-11T18:15:38+00:00\" \/>\n<meta property=\"og:image\" content=\"https:\/\/www.press7.tv\/wp-content\/uploads\/2025\/07\/IMG_6183.avif\" \/>\n\t<meta property=\"og:image:width\" content=\"1242\" \/>\n\t<meta property=\"og:image:height\" content=\"640\" \/>\n\t<meta property=\"og:image:type\" content=\"image\/jpeg\" \/>\n<meta name=\"author\" content=\"gazetar2\" \/>\n<meta name=\"twitter:card\" content=\"summary_large_image\" \/>\n<meta name=\"twitter:label1\" content=\"Written by\" \/>\n\t<meta name=\"twitter:data1\" content=\"gazetar2\" \/>\n\t<meta name=\"twitter:label2\" content=\"Est. reading time\" \/>\n\t<meta name=\"twitter:data2\" content=\"1 minute\" \/>\n<script type=\"application\/ld+json\" class=\"yoast-schema-graph\">{\"@context\":\"https:\/\/schema.org\",\"@graph\":[{\"@type\":\"Article\",\"@id\":\"https:\/\/www.press7.tv\/?p=20853#article\",\"isPartOf\":{\"@id\":\"https:\/\/www.press7.tv\/?p=20853\"},\"author\":{\"name\":\"gazetar2\",\"@id\":\"https:\/\/www.news33.tv\/#\/schema\/person\/5a04a38a23ccdba82f9bd665cd8f9efa\"},\"headline\":\"Presidentja paralajm\u00ebron kapituj t\u00eb rinj t\u00eb bashk\u00ebpunimit strategjik me SHBA-n\u00eb\",\"datePublished\":\"2025-07-11T18:15:38+00:00\",\"mainEntityOfPage\":{\"@id\":\"https:\/\/www.press7.tv\/?p=20853\"},\"wordCount\":482,\"publisher\":{\"@id\":\"https:\/\/www.news33.tv\/#organization\"},\"image\":{\"@id\":\"https:\/\/www.press7.tv\/?p=20853#primaryimage\"},\"thumbnailUrl\":\"https:\/\/www.press7.tv\/wp-content\/uploads\/2025\/07\/IMG_6183.avif\",\"articleSection\":[\"Kosov\u00eb\",\"Lajme\"],\"inLanguage\":\"en-US\"},{\"@type\":\"WebPage\",\"@id\":\"https:\/\/www.press7.tv\/?p=20853\",\"url\":\"https:\/\/www.press7.tv\/?p=20853\",\"name\":\"Presidentja paralajm\u00ebron kapituj t\u00eb rinj t\u00eb bashk\u00ebpunimit strategjik me SHBA-n\u00eb - press7.tv\",\"isPartOf\":{\"@id\":\"https:\/\/www.news33.tv\/#website\"},\"primaryImageOfPage\":{\"@id\":\"https:\/\/www.press7.tv\/?p=20853#primaryimage\"},\"image\":{\"@id\":\"https:\/\/www.press7.tv\/?p=20853#primaryimage\"},\"thumbnailUrl\":\"https:\/\/www.press7.tv\/wp-content\/uploads\/2025\/07\/IMG_6183.avif\",\"datePublished\":\"2025-07-11T18:15:38+00:00\",\"breadcrumb\":{\"@id\":\"https:\/\/www.press7.tv\/?p=20853#breadcrumb\"},\"inLanguage\":\"en-US\",\"potentialAction\":[{\"@type\":\"ReadAction\",\"target\":[\"https:\/\/www.press7.tv\/?p=20853\"]}]},{\"@type\":\"ImageObject\",\"inLanguage\":\"en-US\",\"@id\":\"https:\/\/www.press7.tv\/?p=20853#primaryimage\",\"url\":\"https:\/\/www.press7.tv\/wp-content\/uploads\/2025\/07\/IMG_6183.avif\",\"contentUrl\":\"https:\/\/www.press7.tv\/wp-content\/uploads\/2025\/07\/IMG_6183.avif\",\"width\":1242,\"height\":640,\"caption\":\"Screenshot\"},{\"@type\":\"BreadcrumbList\",\"@id\":\"https:\/\/www.press7.tv\/?p=20853#breadcrumb\",\"itemListElement\":[{\"@type\":\"ListItem\",\"position\":1,\"name\":\"Home\",\"item\":\"https:\/\/www.press7.tv\/\"},{\"@type\":\"ListItem\",\"position\":2,\"name\":\"Presidentja paralajm\u00ebron kapituj t\u00eb rinj t\u00eb bashk\u00ebpunimit strategjik me SHBA-n\u00eb\"}]},{\"@type\":\"WebSite\",\"@id\":\"https:\/\/www.news33.tv\/#website\",\"url\":\"https:\/\/www.news33.tv\/\",\"name\":\"News33.tv Media\",\"description\":\"Media\",\"publisher\":{\"@id\":\"https:\/\/www.news33.tv\/#organization\"},\"potentialAction\":[{\"@type\":\"SearchAction\",\"target\":{\"@type\":\"EntryPoint\",\"urlTemplate\":\"https:\/\/www.news33.tv\/?s={search_term_string}\"},\"query-input\":{\"@type\":\"PropertyValueSpecification\",\"valueRequired\":true,\"valueName\":\"search_term_string\"}}],\"inLanguage\":\"en-US\"},{\"@type\":\"Organization\",\"@id\":\"https:\/\/www.news33.tv\/#organization\",\"name\":\"News33.tv Media\",\"url\":\"https:\/\/www.news33.tv\/\",\"logo\":{\"@type\":\"ImageObject\",\"inLanguage\":\"en-US\",\"@id\":\"https:\/\/www.news33.tv\/#\/schema\/logo\/image\/\",\"url\":\"https:\/\/www.press7.tv\/wp-content\/uploads\/2024\/02\/logo-news33-black.png\",\"contentUrl\":\"https:\/\/www.press7.tv\/wp-content\/uploads\/2024\/02\/logo-news33-black.png\",\"width\":180,\"height\":37,\"caption\":\"News33.tv Media\"},\"image\":{\"@id\":\"https:\/\/www.news33.tv\/#\/schema\/logo\/image\/\"},\"sameAs\":[\"https:\/\/www.facebook.com\/press7.tv\"]},{\"@type\":\"Person\",\"@id\":\"https:\/\/www.news33.tv\/#\/schema\/person\/5a04a38a23ccdba82f9bd665cd8f9efa\",\"name\":\"gazetar2\",\"image\":{\"@type\":\"ImageObject\",\"inLanguage\":\"en-US\",\"@id\":\"https:\/\/www.news33.tv\/#\/schema\/person\/image\/\",\"url\":\"https:\/\/www.press7.tv\/wp-content\/litespeed\/avatar\/41975e402c3049d9ddb03adca8f7a883.jpg?ver=1777169572\",\"contentUrl\":\"https:\/\/www.press7.tv\/wp-content\/litespeed\/avatar\/41975e402c3049d9ddb03adca8f7a883.jpg?ver=1777169572\",\"caption\":\"gazetar2\"},\"url\":\"https:\/\/www.press7.tv\/?author=8\"}]}<\/script>\n<!-- \/ Yoast SEO plugin. -->","yoast_head_json":{"title":"Presidentja paralajm\u00ebron kapituj t\u00eb rinj t\u00eb bashk\u00ebpunimit strategjik me SHBA-n\u00eb - press7.tv","robots":{"index":"index","follow":"follow","max-snippet":"max-snippet:-1","max-image-preview":"max-image-preview:large","max-video-preview":"max-video-preview:-1"},"canonical":"https:\/\/www.press7.tv\/?p=20853","og_locale":"en_US","og_type":"article","og_title":"Presidentja paralajm\u00ebron kapituj t\u00eb rinj t\u00eb bashk\u00ebpunimit strategjik me SHBA-n\u00eb - press7.tv","og_description":"Presidentja Vjosa Osmani ka paralajm\u00ebruar se Kosova dhe Shtetet e Bashkuara jan\u00eb angazhuar p\u00ebr t\u00eb hapur kapituj t\u00eb rinj t\u00eb bashk\u00ebpunimit strategjik, n\u00eb fusha t\u00eb ndryshme e n\u00eb p\u00ebrputhje me vizionin e presidentit amerikan, Donald Trump. K\u00ebt\u00eb ajo e tha pas takimeve me zyrtar\u00eb t\u00eb lart\u00eb t\u00eb administrat\u00ebs amerikane dhe nj\u00eb dit\u00eb pasi i konfirmoi [&hellip;]","og_url":"https:\/\/www.press7.tv\/?p=20853","og_site_name":"press7.tv","article_publisher":"https:\/\/www.facebook.com\/press7.tv","article_published_time":"2025-07-11T18:15:38+00:00","og_image":[{"width":1242,"height":640,"url":"https:\/\/www.press7.tv\/wp-content\/uploads\/2025\/07\/IMG_6183.avif","type":"image\/jpeg"}],"author":"gazetar2","twitter_card":"summary_large_image","twitter_misc":{"Written by":"gazetar2","Est. reading time":"1 minute"},"schema":{"@context":"https:\/\/schema.org","@graph":[{"@type":"Article","@id":"https:\/\/www.press7.tv\/?p=20853#article","isPartOf":{"@id":"https:\/\/www.press7.tv\/?p=20853"},"author":{"name":"gazetar2","@id":"https:\/\/www.news33.tv\/#\/schema\/person\/5a04a38a23ccdba82f9bd665cd8f9efa"},"headline":"Presidentja paralajm\u00ebron kapituj t\u00eb rinj t\u00eb bashk\u00ebpunimit strategjik me SHBA-n\u00eb","datePublished":"2025-07-11T18:15:38+00:00","mainEntityOfPage":{"@id":"https:\/\/www.press7.tv\/?p=20853"},"wordCount":482,"publisher":{"@id":"https:\/\/www.news33.tv\/#organization"},"image":{"@id":"https:\/\/www.press7.tv\/?p=20853#primaryimage"},"thumbnailUrl":"https:\/\/www.press7.tv\/wp-content\/uploads\/2025\/07\/IMG_6183.avif","articleSection":["Kosov\u00eb","Lajme"],"inLanguage":"en-US"},{"@type":"WebPage","@id":"https:\/\/www.press7.tv\/?p=20853","url":"https:\/\/www.press7.tv\/?p=20853","name":"Presidentja paralajm\u00ebron kapituj t\u00eb rinj t\u00eb bashk\u00ebpunimit strategjik me SHBA-n\u00eb - press7.tv","isPartOf":{"@id":"https:\/\/www.news33.tv\/#website"},"primaryImageOfPage":{"@id":"https:\/\/www.press7.tv\/?p=20853#primaryimage"},"image":{"@id":"https:\/\/www.press7.tv\/?p=20853#primaryimage"},"thumbnailUrl":"https:\/\/www.press7.tv\/wp-content\/uploads\/2025\/07\/IMG_6183.avif","datePublished":"2025-07-11T18:15:38+00:00","breadcrumb":{"@id":"https:\/\/www.press7.tv\/?p=20853#breadcrumb"},"inLanguage":"en-US","potentialAction":[{"@type":"ReadAction","target":["https:\/\/www.press7.tv\/?p=20853"]}]},{"@type":"ImageObject","inLanguage":"en-US","@id":"https:\/\/www.press7.tv\/?p=20853#primaryimage","url":"https:\/\/www.press7.tv\/wp-content\/uploads\/2025\/07\/IMG_6183.avif","contentUrl":"https:\/\/www.press7.tv\/wp-content\/uploads\/2025\/07\/IMG_6183.avif","width":1242,"height":640,"caption":"Screenshot"},{"@type":"BreadcrumbList","@id":"https:\/\/www.press7.tv\/?p=20853#breadcrumb","itemListElement":[{"@type":"ListItem","position":1,"name":"Home","item":"https:\/\/www.press7.tv\/"},{"@type":"ListItem","position":2,"name":"Presidentja paralajm\u00ebron kapituj t\u00eb rinj t\u00eb bashk\u00ebpunimit strategjik me SHBA-n\u00eb"}]},{"@type":"WebSite","@id":"https:\/\/www.news33.tv\/#website","url":"https:\/\/www.news33.tv\/","name":"News33.tv Media","description":"Media","publisher":{"@id":"https:\/\/www.news33.tv\/#organization"},"potentialAction":[{"@type":"SearchAction","target":{"@type":"EntryPoint","urlTemplate":"https:\/\/www.news33.tv\/?s={search_term_string}"},"query-input":{"@type":"PropertyValueSpecification","valueRequired":true,"valueName":"search_term_string"}}],"inLanguage":"en-US"},{"@type":"Organization","@id":"https:\/\/www.news33.tv\/#organization","name":"News33.tv Media","url":"https:\/\/www.news33.tv\/","logo":{"@type":"ImageObject","inLanguage":"en-US","@id":"https:\/\/www.news33.tv\/#\/schema\/logo\/image\/","url":"https:\/\/www.press7.tv\/wp-content\/uploads\/2024\/02\/logo-news33-black.png","contentUrl":"https:\/\/www.press7.tv\/wp-content\/uploads\/2024\/02\/logo-news33-black.png","width":180,"height":37,"caption":"News33.tv Media"},"image":{"@id":"https:\/\/www.news33.tv\/#\/schema\/logo\/image\/"},"sameAs":["https:\/\/www.facebook.com\/press7.tv"]},{"@type":"Person","@id":"https:\/\/www.news33.tv\/#\/schema\/person\/5a04a38a23ccdba82f9bd665cd8f9efa","name":"gazetar2","image":{"@type":"ImageObject","inLanguage":"en-US","@id":"https:\/\/www.news33.tv\/#\/schema\/person\/image\/","url":"https:\/\/www.press7.tv\/wp-content\/litespeed\/avatar\/41975e402c3049d9ddb03adca8f7a883.jpg?ver=1777169572","contentUrl":"https:\/\/www.press7.tv\/wp-content\/litespeed\/avatar\/41975e402c3049d9ddb03adca8f7a883.jpg?ver=1777169572","caption":"gazetar2"},"url":"https:\/\/www.press7.tv\/?author=8"}]}},"amp_enabled":true,"_links":{"self":[{"href":"https:\/\/www.press7.tv\/index.php?rest_route=\/wp\/v2\/posts\/20853","targetHints":{"allow":["GET"]}}],"collection":[{"href":"https:\/\/www.press7.tv\/index.php?rest_route=\/wp\/v2\/posts"}],"about":[{"href":"https:\/\/www.press7.tv\/index.php?rest_route=\/wp\/v2\/types\/post"}],"author":[{"embeddable":true,"href":"https:\/\/www.press7.tv\/index.php?rest_route=\/wp\/v2\/users\/8"}],"replies":[{"embeddable":true,"href":"https:\/\/www.press7.tv\/index.php?rest_route=%2Fwp%2Fv2%2Fcomments&post=20853"}],"version-history":[{"count":1,"href":"https:\/\/www.press7.tv\/index.php?rest_route=\/wp\/v2\/posts\/20853\/revisions"}],"predecessor-version":[{"id":20855,"href":"https:\/\/www.press7.tv\/index.php?rest_route=\/wp\/v2\/posts\/20853\/revisions\/20855"}],"wp:featuredmedia":[{"embeddable":true,"href":"https:\/\/www.press7.tv\/index.php?rest_route=\/wp\/v2\/media\/20854"}],"wp:attachment":[{"href":"https:\/\/www.press7.tv\/index.php?rest_route=%2Fwp%2Fv2%2Fmedia&parent=20853"}],"wp:term":[{"taxonomy":"category","embeddable":true,"href":"https:\/\/www.press7.tv\/index.php?rest_route=%2Fwp%2Fv2%2Fcategories&post=20853"},{"taxonomy":"post_tag","embeddable":true,"href":"https:\/\/www.press7.tv\/index.php?rest_route=%2Fwp%2Fv2%2Ftags&post=20853"}],"curies":[{"name":"wp","href":"https:\/\/api.w.org\/{rel}","templated":true}]}}