{"id":20850,"date":"2025-07-11T16:32:25","date_gmt":"2025-07-11T16:32:25","guid":{"rendered":"https:\/\/www.press7.tv\/?p=20850"},"modified":"2025-07-11T16:32:25","modified_gmt":"2025-07-11T16:32:25","slug":"arsovska-me-sulmuan-fizikisht-me-goditje-dhe-shkelma","status":"publish","type":"post","link":"https:\/\/www.press7.tv\/?p=20850","title":{"rendered":"Arsovska: M\u00eb sulmuan fizikisht me goditje dhe shkelma"},"content":{"rendered":"\n    <div class=\"xs_social_share_widget xs_share_url before_content \t\tmain_content  wslu-style-2 wslu-share-box-shaped wslu-fill-colored wslu-share-m-5 wslu-none wslu-share-vertical wslu-theme-font-no wslu-main_content\">\n\n\t\t\n        <ul>\n\t\t\t        <\/ul>\n    <\/div> \n<p>Kryetarja e Shkupit Danela Arsovska \u00ebsht\u00eb sulmuar fizikisht gjat\u00eb nj\u00eb inspektimi t\u00eb nj\u00eb objekti p\u00ebrball\u00eb stacionit t\u00eb policis\u00eb n\u00eb Bit Pazar. Pas sulmit, Arsovska u pranua shkurtimisht n\u00eb spitalin \u201c8 shtatori\u201d. Para spitalit tha se I gjith\u00eb incidenti kishte ndodhur n\u00eb prani t\u00eb policis\u00eb.<\/p>\n<p>\u201cM\u00eb sulmoi fizikisht duke m\u00eb rrahur, goditur, shkelmuar, para syve t\u00eb Ministris\u00eb s\u00eb Brendshme. K\u00ebrc\u00ebnime t\u00eb rendit m\u00eb t\u00eb ul\u00ebt, me dhunim, p\u00ebr mua, familjen, para vesh\u00ebve dhe syve t\u00eb policis\u00eb. N\u00eb vend q\u00eb t\u00eb ndalohej menj\u00ebher\u00eb, atij iu lejua m\u00eb shum\u00eb se gjysm\u00eb ore t\u00eb th\u00ebrriste njer\u00ebz, miq, t\u00eb fliste, t\u00eb tregonte , \u00e7far\u00eb do t\u00eb m\u00eb b\u00ebnte, me z\u00eb t\u00eb lart\u00eb, \u00e7far\u00eb do t\u00eb m\u00eb b\u00ebnte mua, \u00e7far\u00eb do t\u2019i b\u00ebnte familjes sime\u201d, tha Danela Arsovska Kryetare e Qytetit t\u00eb Shkupit.<\/p>\n<p>Incidentin e ka konfirmuan Ministria e Brendshme<\/p>\n<p>\u201cM\u00eb 11.7.2025 n\u00eb or\u00ebn 12:15 nga A.J. n\u00eb MPB \u00ebsht\u00eb raportuar se gjat\u00eb kryerjes s\u00eb detyrave t\u00eb pun\u00ebs n\u00eb rrug\u00ebn Kumbara, \u00ebsht\u00eb sulmuar fizikisht Kryetarja e Qytetit t\u00eb Shkupit, Danela Arsovska, dhe se disa persona kan\u00eb b\u00ebr\u00eb k\u00ebrc\u00ebnime verbale ndaj saj\u201d, thon\u00eb nga MPB.<\/p>\n<p>Sulmi ndaj Arsovsk\u00ebs u d\u00ebnua edhe nga kryetari i komun\u00ebs s\u00eb \u00c7airit Visar Ganiu. Arsovska m\u00eb par\u00eb informoi se vazhdimisht merrte k\u00ebrc\u00ebnime me jet\u00eb pik\u00ebrisht p\u00ebr shkak t\u00eb inspektimit t\u00eb objekteve ilegale dhe sulme t\u00eb tilla verbale u denoncuan n\u00eb polici.\/Alsat.mk<\/p>\n","protected":false},"excerpt":{"rendered":"<p>Kryetarja e Shkupit Danela Arsovska \u00ebsht\u00eb sulmuar fizikisht gjat\u00eb nj\u00eb inspektimi t\u00eb nj\u00eb objekti p\u00ebrball\u00eb stacionit t\u00eb policis\u00eb n\u00eb Bit Pazar. Pas sulmit, Arsovska u pranua shkurtimisht n\u00eb spitalin \u201c8 shtatori\u201d. Para spitalit tha se I gjith\u00eb incidenti kishte ndodhur n\u00eb prani t\u00eb policis\u00eb. \u201cM\u00eb sulmoi fizikisht duke m\u00eb rrahur, goditur, shkelmuar, para syve t\u00eb [&hellip;]<\/p>\n","protected":false},"author":8,"featured_media":20851,"comment_status":"closed","ping_status":"closed","sticky":false,"template":"","format":"standard","meta":{"footnotes":""},"categories":[213,214],"tags":[],"class_list":["post-20850","post","type-post","status-publish","format-standard","has-post-thumbnail","hentry","category-lajme","category-maqedoni"],"yoast_head":"<!-- This site is optimized with the Yoast SEO plugin v25.1 - https:\/\/yoast.com\/wordpress\/plugins\/seo\/ -->\n<title>Arsovska: M\u00eb sulmuan fizikisht me goditje dhe shkelma - press7.tv<\/title>\n<meta name=\"robots\" content=\"index, follow, max-snippet:-1, max-image-preview:large, max-video-preview:-1\" \/>\n<link rel=\"canonical\" href=\"https:\/\/www.press7.tv\/?p=20850\" \/>\n<meta property=\"og:locale\" content=\"en_US\" \/>\n<meta property=\"og:type\" content=\"article\" \/>\n<meta property=\"og:title\" content=\"Arsovska: M\u00eb sulmuan fizikisht me goditje dhe shkelma - press7.tv\" \/>\n<meta property=\"og:description\" content=\"Kryetarja e Shkupit Danela Arsovska \u00ebsht\u00eb sulmuar fizikisht gjat\u00eb nj\u00eb inspektimi t\u00eb nj\u00eb objekti p\u00ebrball\u00eb stacionit t\u00eb policis\u00eb n\u00eb Bit Pazar. Pas sulmit, Arsovska u pranua shkurtimisht n\u00eb spitalin \u201c8 shtatori\u201d. Para spitalit tha se I gjith\u00eb incidenti kishte ndodhur n\u00eb prani t\u00eb policis\u00eb. \u201cM\u00eb sulmoi fizikisht duke m\u00eb rrahur, goditur, shkelmuar, para syve t\u00eb [&hellip;]\" \/>\n<meta property=\"og:url\" content=\"https:\/\/www.press7.tv\/?p=20850\" \/>\n<meta property=\"og:site_name\" content=\"press7.tv\" \/>\n<meta property=\"article:publisher\" content=\"https:\/\/www.facebook.com\/press7.tv\" \/>\n<meta property=\"article:published_time\" content=\"2025-07-11T16:32:25+00:00\" \/>\n<meta property=\"og:image\" content=\"https:\/\/www.press7.tv\/wp-content\/uploads\/2025\/07\/IMG_6179.avif\" \/>\n\t<meta property=\"og:image:width\" content=\"602\" \/>\n\t<meta property=\"og:image:height\" content=\"348\" \/>\n\t<meta property=\"og:image:type\" content=\"image\/png\" \/>\n<meta name=\"author\" content=\"gazetar2\" \/>\n<meta name=\"twitter:card\" content=\"summary_large_image\" \/>\n<meta name=\"twitter:label1\" content=\"Written by\" \/>\n\t<meta name=\"twitter:data1\" content=\"gazetar2\" \/>\n\t<meta name=\"twitter:label2\" content=\"Est. reading time\" \/>\n\t<meta name=\"twitter:data2\" content=\"1 minute\" \/>\n<script type=\"application\/ld+json\" class=\"yoast-schema-graph\">{\"@context\":\"https:\/\/schema.org\",\"@graph\":[{\"@type\":\"Article\",\"@id\":\"https:\/\/www.press7.tv\/?p=20850#article\",\"isPartOf\":{\"@id\":\"https:\/\/www.press7.tv\/?p=20850\"},\"author\":{\"name\":\"gazetar2\",\"@id\":\"https:\/\/www.news33.tv\/#\/schema\/person\/5a04a38a23ccdba82f9bd665cd8f9efa\"},\"headline\":\"Arsovska: M\u00eb sulmuan fizikisht me goditje dhe shkelma\",\"datePublished\":\"2025-07-11T16:32:25+00:00\",\"mainEntityOfPage\":{\"@id\":\"https:\/\/www.press7.tv\/?p=20850\"},\"wordCount\":252,\"publisher\":{\"@id\":\"https:\/\/www.news33.tv\/#organization\"},\"image\":{\"@id\":\"https:\/\/www.press7.tv\/?p=20850#primaryimage\"},\"thumbnailUrl\":\"https:\/\/www.press7.tv\/wp-content\/uploads\/2025\/07\/IMG_6179.avif\",\"articleSection\":[\"Lajme\",\"Maqedoni\"],\"inLanguage\":\"en-US\"},{\"@type\":\"WebPage\",\"@id\":\"https:\/\/www.press7.tv\/?p=20850\",\"url\":\"https:\/\/www.press7.tv\/?p=20850\",\"name\":\"Arsovska: M\u00eb sulmuan fizikisht me goditje dhe shkelma - press7.tv\",\"isPartOf\":{\"@id\":\"https:\/\/www.news33.tv\/#website\"},\"primaryImageOfPage\":{\"@id\":\"https:\/\/www.press7.tv\/?p=20850#primaryimage\"},\"image\":{\"@id\":\"https:\/\/www.press7.tv\/?p=20850#primaryimage\"},\"thumbnailUrl\":\"https:\/\/www.press7.tv\/wp-content\/uploads\/2025\/07\/IMG_6179.avif\",\"datePublished\":\"2025-07-11T16:32:25+00:00\",\"breadcrumb\":{\"@id\":\"https:\/\/www.press7.tv\/?p=20850#breadcrumb\"},\"inLanguage\":\"en-US\",\"potentialAction\":[{\"@type\":\"ReadAction\",\"target\":[\"https:\/\/www.press7.tv\/?p=20850\"]}]},{\"@type\":\"ImageObject\",\"inLanguage\":\"en-US\",\"@id\":\"https:\/\/www.press7.tv\/?p=20850#primaryimage\",\"url\":\"https:\/\/www.press7.tv\/wp-content\/uploads\/2025\/07\/IMG_6179.avif\",\"contentUrl\":\"https:\/\/www.press7.tv\/wp-content\/uploads\/2025\/07\/IMG_6179.avif\",\"width\":602,\"height\":348},{\"@type\":\"BreadcrumbList\",\"@id\":\"https:\/\/www.press7.tv\/?p=20850#breadcrumb\",\"itemListElement\":[{\"@type\":\"ListItem\",\"position\":1,\"name\":\"Home\",\"item\":\"https:\/\/www.press7.tv\/\"},{\"@type\":\"ListItem\",\"position\":2,\"name\":\"Arsovska: M\u00eb sulmuan fizikisht me goditje dhe shkelma\"}]},{\"@type\":\"WebSite\",\"@id\":\"https:\/\/www.news33.tv\/#website\",\"url\":\"https:\/\/www.news33.tv\/\",\"name\":\"News33.tv Media\",\"description\":\"Media\",\"publisher\":{\"@id\":\"https:\/\/www.news33.tv\/#organization\"},\"potentialAction\":[{\"@type\":\"SearchAction\",\"target\":{\"@type\":\"EntryPoint\",\"urlTemplate\":\"https:\/\/www.news33.tv\/?s={search_term_string}\"},\"query-input\":{\"@type\":\"PropertyValueSpecification\",\"valueRequired\":true,\"valueName\":\"search_term_string\"}}],\"inLanguage\":\"en-US\"},{\"@type\":\"Organization\",\"@id\":\"https:\/\/www.news33.tv\/#organization\",\"name\":\"News33.tv Media\",\"url\":\"https:\/\/www.news33.tv\/\",\"logo\":{\"@type\":\"ImageObject\",\"inLanguage\":\"en-US\",\"@id\":\"https:\/\/www.news33.tv\/#\/schema\/logo\/image\/\",\"url\":\"https:\/\/www.press7.tv\/wp-content\/uploads\/2024\/02\/logo-news33-black.png\",\"contentUrl\":\"https:\/\/www.press7.tv\/wp-content\/uploads\/2024\/02\/logo-news33-black.png\",\"width\":180,\"height\":37,\"caption\":\"News33.tv Media\"},\"image\":{\"@id\":\"https:\/\/www.news33.tv\/#\/schema\/logo\/image\/\"},\"sameAs\":[\"https:\/\/www.facebook.com\/press7.tv\"]},{\"@type\":\"Person\",\"@id\":\"https:\/\/www.news33.tv\/#\/schema\/person\/5a04a38a23ccdba82f9bd665cd8f9efa\",\"name\":\"gazetar2\",\"image\":{\"@type\":\"ImageObject\",\"inLanguage\":\"en-US\",\"@id\":\"https:\/\/www.news33.tv\/#\/schema\/person\/image\/\",\"url\":\"https:\/\/www.press7.tv\/wp-content\/litespeed\/avatar\/41975e402c3049d9ddb03adca8f7a883.jpg?ver=1777169572\",\"contentUrl\":\"https:\/\/www.press7.tv\/wp-content\/litespeed\/avatar\/41975e402c3049d9ddb03adca8f7a883.jpg?ver=1777169572\",\"caption\":\"gazetar2\"},\"url\":\"https:\/\/www.press7.tv\/?author=8\"}]}<\/script>\n<!-- \/ Yoast SEO plugin. -->","yoast_head_json":{"title":"Arsovska: M\u00eb sulmuan fizikisht me goditje dhe shkelma - press7.tv","robots":{"index":"index","follow":"follow","max-snippet":"max-snippet:-1","max-image-preview":"max-image-preview:large","max-video-preview":"max-video-preview:-1"},"canonical":"https:\/\/www.press7.tv\/?p=20850","og_locale":"en_US","og_type":"article","og_title":"Arsovska: M\u00eb sulmuan fizikisht me goditje dhe shkelma - press7.tv","og_description":"Kryetarja e Shkupit Danela Arsovska \u00ebsht\u00eb sulmuar fizikisht gjat\u00eb nj\u00eb inspektimi t\u00eb nj\u00eb objekti p\u00ebrball\u00eb stacionit t\u00eb policis\u00eb n\u00eb Bit Pazar. Pas sulmit, Arsovska u pranua shkurtimisht n\u00eb spitalin \u201c8 shtatori\u201d. Para spitalit tha se I gjith\u00eb incidenti kishte ndodhur n\u00eb prani t\u00eb policis\u00eb. \u201cM\u00eb sulmoi fizikisht duke m\u00eb rrahur, goditur, shkelmuar, para syve t\u00eb [&hellip;]","og_url":"https:\/\/www.press7.tv\/?p=20850","og_site_name":"press7.tv","article_publisher":"https:\/\/www.facebook.com\/press7.tv","article_published_time":"2025-07-11T16:32:25+00:00","og_image":[{"width":602,"height":348,"url":"https:\/\/www.press7.tv\/wp-content\/uploads\/2025\/07\/IMG_6179.avif","type":"image\/png"}],"author":"gazetar2","twitter_card":"summary_large_image","twitter_misc":{"Written by":"gazetar2","Est. reading time":"1 minute"},"schema":{"@context":"https:\/\/schema.org","@graph":[{"@type":"Article","@id":"https:\/\/www.press7.tv\/?p=20850#article","isPartOf":{"@id":"https:\/\/www.press7.tv\/?p=20850"},"author":{"name":"gazetar2","@id":"https:\/\/www.news33.tv\/#\/schema\/person\/5a04a38a23ccdba82f9bd665cd8f9efa"},"headline":"Arsovska: M\u00eb sulmuan fizikisht me goditje dhe shkelma","datePublished":"2025-07-11T16:32:25+00:00","mainEntityOfPage":{"@id":"https:\/\/www.press7.tv\/?p=20850"},"wordCount":252,"publisher":{"@id":"https:\/\/www.news33.tv\/#organization"},"image":{"@id":"https:\/\/www.press7.tv\/?p=20850#primaryimage"},"thumbnailUrl":"https:\/\/www.press7.tv\/wp-content\/uploads\/2025\/07\/IMG_6179.avif","articleSection":["Lajme","Maqedoni"],"inLanguage":"en-US"},{"@type":"WebPage","@id":"https:\/\/www.press7.tv\/?p=20850","url":"https:\/\/www.press7.tv\/?p=20850","name":"Arsovska: M\u00eb sulmuan fizikisht me goditje dhe shkelma - press7.tv","isPartOf":{"@id":"https:\/\/www.news33.tv\/#website"},"primaryImageOfPage":{"@id":"https:\/\/www.press7.tv\/?p=20850#primaryimage"},"image":{"@id":"https:\/\/www.press7.tv\/?p=20850#primaryimage"},"thumbnailUrl":"https:\/\/www.press7.tv\/wp-content\/uploads\/2025\/07\/IMG_6179.avif","datePublished":"2025-07-11T16:32:25+00:00","breadcrumb":{"@id":"https:\/\/www.press7.tv\/?p=20850#breadcrumb"},"inLanguage":"en-US","potentialAction":[{"@type":"ReadAction","target":["https:\/\/www.press7.tv\/?p=20850"]}]},{"@type":"ImageObject","inLanguage":"en-US","@id":"https:\/\/www.press7.tv\/?p=20850#primaryimage","url":"https:\/\/www.press7.tv\/wp-content\/uploads\/2025\/07\/IMG_6179.avif","contentUrl":"https:\/\/www.press7.tv\/wp-content\/uploads\/2025\/07\/IMG_6179.avif","width":602,"height":348},{"@type":"BreadcrumbList","@id":"https:\/\/www.press7.tv\/?p=20850#breadcrumb","itemListElement":[{"@type":"ListItem","position":1,"name":"Home","item":"https:\/\/www.press7.tv\/"},{"@type":"ListItem","position":2,"name":"Arsovska: M\u00eb sulmuan fizikisht me goditje dhe shkelma"}]},{"@type":"WebSite","@id":"https:\/\/www.news33.tv\/#website","url":"https:\/\/www.news33.tv\/","name":"News33.tv Media","description":"Media","publisher":{"@id":"https:\/\/www.news33.tv\/#organization"},"potentialAction":[{"@type":"SearchAction","target":{"@type":"EntryPoint","urlTemplate":"https:\/\/www.news33.tv\/?s={search_term_string}"},"query-input":{"@type":"PropertyValueSpecification","valueRequired":true,"valueName":"search_term_string"}}],"inLanguage":"en-US"},{"@type":"Organization","@id":"https:\/\/www.news33.tv\/#organization","name":"News33.tv Media","url":"https:\/\/www.news33.tv\/","logo":{"@type":"ImageObject","inLanguage":"en-US","@id":"https:\/\/www.news33.tv\/#\/schema\/logo\/image\/","url":"https:\/\/www.press7.tv\/wp-content\/uploads\/2024\/02\/logo-news33-black.png","contentUrl":"https:\/\/www.press7.tv\/wp-content\/uploads\/2024\/02\/logo-news33-black.png","width":180,"height":37,"caption":"News33.tv Media"},"image":{"@id":"https:\/\/www.news33.tv\/#\/schema\/logo\/image\/"},"sameAs":["https:\/\/www.facebook.com\/press7.tv"]},{"@type":"Person","@id":"https:\/\/www.news33.tv\/#\/schema\/person\/5a04a38a23ccdba82f9bd665cd8f9efa","name":"gazetar2","image":{"@type":"ImageObject","inLanguage":"en-US","@id":"https:\/\/www.news33.tv\/#\/schema\/person\/image\/","url":"https:\/\/www.press7.tv\/wp-content\/litespeed\/avatar\/41975e402c3049d9ddb03adca8f7a883.jpg?ver=1777169572","contentUrl":"https:\/\/www.press7.tv\/wp-content\/litespeed\/avatar\/41975e402c3049d9ddb03adca8f7a883.jpg?ver=1777169572","caption":"gazetar2"},"url":"https:\/\/www.press7.tv\/?author=8"}]}},"amp_enabled":true,"_links":{"self":[{"href":"https:\/\/www.press7.tv\/index.php?rest_route=\/wp\/v2\/posts\/20850","targetHints":{"allow":["GET"]}}],"collection":[{"href":"https:\/\/www.press7.tv\/index.php?rest_route=\/wp\/v2\/posts"}],"about":[{"href":"https:\/\/www.press7.tv\/index.php?rest_route=\/wp\/v2\/types\/post"}],"author":[{"embeddable":true,"href":"https:\/\/www.press7.tv\/index.php?rest_route=\/wp\/v2\/users\/8"}],"replies":[{"embeddable":true,"href":"https:\/\/www.press7.tv\/index.php?rest_route=%2Fwp%2Fv2%2Fcomments&post=20850"}],"version-history":[{"count":1,"href":"https:\/\/www.press7.tv\/index.php?rest_route=\/wp\/v2\/posts\/20850\/revisions"}],"predecessor-version":[{"id":20852,"href":"https:\/\/www.press7.tv\/index.php?rest_route=\/wp\/v2\/posts\/20850\/revisions\/20852"}],"wp:featuredmedia":[{"embeddable":true,"href":"https:\/\/www.press7.tv\/index.php?rest_route=\/wp\/v2\/media\/20851"}],"wp:attachment":[{"href":"https:\/\/www.press7.tv\/index.php?rest_route=%2Fwp%2Fv2%2Fmedia&parent=20850"}],"wp:term":[{"taxonomy":"category","embeddable":true,"href":"https:\/\/www.press7.tv\/index.php?rest_route=%2Fwp%2Fv2%2Fcategories&post=20850"},{"taxonomy":"post_tag","embeddable":true,"href":"https:\/\/www.press7.tv\/index.php?rest_route=%2Fwp%2Fv2%2Ftags&post=20850"}],"curies":[{"name":"wp","href":"https:\/\/api.w.org\/{rel}","templated":true}]}}