{"id":20838,"date":"2025-07-11T11:40:25","date_gmt":"2025-07-11T11:40:25","guid":{"rendered":"https:\/\/www.press7.tv\/?p=20838"},"modified":"2025-07-11T11:40:25","modified_gmt":"2025-07-11T11:40:25","slug":"zevendessekretari-i-shtetit-diskuton-me-osmanin-per-fushat-e-mundshme-te-bashkepunimit","status":"publish","type":"post","link":"https:\/\/www.press7.tv\/?p=20838","title":{"rendered":"Z\u00ebvend\u00ebssekretari i Shtetit diskuton me Osmanin p\u00ebr fushat e mundshme t\u00eb bashk\u00ebpunimit"},"content":{"rendered":"\n    <div class=\"xs_social_share_widget xs_share_url before_content \t\tmain_content  wslu-style-2 wslu-share-box-shaped wslu-fill-colored wslu-share-m-5 wslu-none wslu-share-vertical wslu-theme-font-no wslu-main_content\">\n\n\t\t\n        <ul>\n\t\t\t        <\/ul>\n    <\/div> \n<p>Z\u00ebvend\u00ebssekretari i Shtetit Christopher Landa, ka th\u00ebn\u00eb se n\u00eb takim me presidenten e Kosov\u00ebs, Vjosa Osmani, kan\u00eb diskutuar p\u00ebr fushat e mundshme t\u00eb bashk\u00ebpunimit ekonomik n\u00eb t\u00eb ardhmen. <\/p>\n<p>N\u00eb nj\u00eb postim n\u00eb rrjetin social X ai ka shkruar se t\u00eb dy kan\u00eb shprehur \u201cbesimin se prosperiteti dhe bashk\u00ebpunimi ekonomik do t\u00eb ndihmojn\u00eb n\u00eb largimin e Ballkanit Per\u00ebndimor nga p\u00ebr\u00e7arjet e s\u00eb kaluar\u00ebs dhe do t\u00eb promovojn\u00eb paqe dhe stabilitet t\u00eb q\u00ebndruesh\u00ebm n\u00eb rajon\u201d.<\/p>\n<p><a href=\"https:\/\/twitter.com\/DeputySecState?ref_src=twsrc%5Etfw%7Ctwcamp%5Etweetembed%7Ctwterm%5E1943472771989934581%7Ctwgr%5Ea5744c2b592dee775e6c3505d4cac182c561345c%7Ctwcon%5Es1_&#038;ref_url=https%3A%2F%2Fwww.koha.net%2Farberi%2Fosmani-takon-landaunt-bashkepunimi-shba-kosove-ne-perputhje-me-vizionin-e-trumpit\">https:\/\/twitter.com\/DeputySecState?ref_src=twsrc%5Etfw%7Ctwcamp%5Etweetembed%7Ctwterm%5E1943472771989934581%7Ctwgr%5Ea5744c2b592dee775e6c3505d4cac182c561345c%7Ctwcon%5Es1_&#038;ref_url=https%3A%2F%2Fwww.koha.net%2Farberi%2Fosmani-takon-landaunt-bashkepunimi-shba-kosove-ne-perputhje-me-vizionin-e-trumpit<\/a><\/p>\n","protected":false},"excerpt":{"rendered":"<p>Z\u00ebvend\u00ebssekretari i Shtetit Christopher Landa, ka th\u00ebn\u00eb se n\u00eb takim me presidenten e Kosov\u00ebs, Vjosa Osmani, kan\u00eb diskutuar p\u00ebr fushat e mundshme t\u00eb bashk\u00ebpunimit ekonomik n\u00eb t\u00eb ardhmen. N\u00eb nj\u00eb postim n\u00eb rrjetin social X ai ka shkruar se t\u00eb dy kan\u00eb shprehur \u201cbesimin se prosperiteti dhe bashk\u00ebpunimi ekonomik do t\u00eb ndihmojn\u00eb n\u00eb largimin e [&hellip;]<\/p>\n","protected":false},"author":8,"featured_media":20839,"comment_status":"closed","ping_status":"closed","sticky":false,"template":"","format":"standard","meta":{"footnotes":""},"categories":[215,213],"tags":[],"class_list":["post-20838","post","type-post","status-publish","format-standard","has-post-thumbnail","hentry","category-kosove","category-lajme"],"yoast_head":"<!-- This site is optimized with the Yoast SEO plugin v25.1 - https:\/\/yoast.com\/wordpress\/plugins\/seo\/ -->\n<title>Z\u00ebvend\u00ebssekretari i Shtetit diskuton me Osmanin p\u00ebr fushat e mundshme t\u00eb bashk\u00ebpunimit - press7.tv<\/title>\n<meta name=\"robots\" content=\"index, follow, max-snippet:-1, max-image-preview:large, max-video-preview:-1\" \/>\n<link rel=\"canonical\" href=\"https:\/\/www.press7.tv\/?p=20838\" \/>\n<meta property=\"og:locale\" content=\"en_US\" \/>\n<meta property=\"og:type\" content=\"article\" \/>\n<meta property=\"og:title\" content=\"Z\u00ebvend\u00ebssekretari i Shtetit diskuton me Osmanin p\u00ebr fushat e mundshme t\u00eb bashk\u00ebpunimit - press7.tv\" \/>\n<meta property=\"og:description\" content=\"Z\u00ebvend\u00ebssekretari i Shtetit Christopher Landa, ka th\u00ebn\u00eb se n\u00eb takim me presidenten e Kosov\u00ebs, Vjosa Osmani, kan\u00eb diskutuar p\u00ebr fushat e mundshme t\u00eb bashk\u00ebpunimit ekonomik n\u00eb t\u00eb ardhmen. N\u00eb nj\u00eb postim n\u00eb rrjetin social X ai ka shkruar se t\u00eb dy kan\u00eb shprehur \u201cbesimin se prosperiteti dhe bashk\u00ebpunimi ekonomik do t\u00eb ndihmojn\u00eb n\u00eb largimin e [&hellip;]\" \/>\n<meta property=\"og:url\" content=\"https:\/\/www.press7.tv\/?p=20838\" \/>\n<meta property=\"og:site_name\" content=\"press7.tv\" \/>\n<meta property=\"article:publisher\" content=\"https:\/\/www.facebook.com\/press7.tv\" \/>\n<meta property=\"article:published_time\" content=\"2025-07-11T11:40:25+00:00\" \/>\n<meta property=\"og:image\" content=\"https:\/\/www.press7.tv\/wp-content\/uploads\/2025\/07\/IMG_6170.avif\" \/>\n\t<meta property=\"og:image:width\" content=\"1360\" \/>\n\t<meta property=\"og:image:height\" content=\"870\" \/>\n\t<meta property=\"og:image:type\" content=\"image\/webp\" \/>\n<meta name=\"author\" content=\"gazetar2\" \/>\n<meta name=\"twitter:card\" content=\"summary_large_image\" \/>\n<meta name=\"twitter:label1\" content=\"Written by\" \/>\n\t<meta name=\"twitter:data1\" content=\"gazetar2\" \/>\n\t<meta name=\"twitter:label2\" content=\"Est. reading time\" \/>\n\t<meta name=\"twitter:data2\" content=\"1 minute\" \/>\n<script type=\"application\/ld+json\" class=\"yoast-schema-graph\">{\"@context\":\"https:\/\/schema.org\",\"@graph\":[{\"@type\":\"Article\",\"@id\":\"https:\/\/www.press7.tv\/?p=20838#article\",\"isPartOf\":{\"@id\":\"https:\/\/www.press7.tv\/?p=20838\"},\"author\":{\"name\":\"gazetar2\",\"@id\":\"https:\/\/www.news33.tv\/#\/schema\/person\/5a04a38a23ccdba82f9bd665cd8f9efa\"},\"headline\":\"Z\u00ebvend\u00ebssekretari i Shtetit diskuton me Osmanin p\u00ebr fushat e mundshme t\u00eb bashk\u00ebpunimit\",\"datePublished\":\"2025-07-11T11:40:25+00:00\",\"mainEntityOfPage\":{\"@id\":\"https:\/\/www.press7.tv\/?p=20838\"},\"wordCount\":137,\"publisher\":{\"@id\":\"https:\/\/www.news33.tv\/#organization\"},\"image\":{\"@id\":\"https:\/\/www.press7.tv\/?p=20838#primaryimage\"},\"thumbnailUrl\":\"https:\/\/www.press7.tv\/wp-content\/uploads\/2025\/07\/IMG_6170.avif\",\"articleSection\":[\"Kosov\u00eb\",\"Lajme\"],\"inLanguage\":\"en-US\"},{\"@type\":\"WebPage\",\"@id\":\"https:\/\/www.press7.tv\/?p=20838\",\"url\":\"https:\/\/www.press7.tv\/?p=20838\",\"name\":\"Z\u00ebvend\u00ebssekretari i Shtetit diskuton me Osmanin p\u00ebr fushat e mundshme t\u00eb bashk\u00ebpunimit - press7.tv\",\"isPartOf\":{\"@id\":\"https:\/\/www.news33.tv\/#website\"},\"primaryImageOfPage\":{\"@id\":\"https:\/\/www.press7.tv\/?p=20838#primaryimage\"},\"image\":{\"@id\":\"https:\/\/www.press7.tv\/?p=20838#primaryimage\"},\"thumbnailUrl\":\"https:\/\/www.press7.tv\/wp-content\/uploads\/2025\/07\/IMG_6170.avif\",\"datePublished\":\"2025-07-11T11:40:25+00:00\",\"breadcrumb\":{\"@id\":\"https:\/\/www.press7.tv\/?p=20838#breadcrumb\"},\"inLanguage\":\"en-US\",\"potentialAction\":[{\"@type\":\"ReadAction\",\"target\":[\"https:\/\/www.press7.tv\/?p=20838\"]}]},{\"@type\":\"ImageObject\",\"inLanguage\":\"en-US\",\"@id\":\"https:\/\/www.press7.tv\/?p=20838#primaryimage\",\"url\":\"https:\/\/www.press7.tv\/wp-content\/uploads\/2025\/07\/IMG_6170.avif\",\"contentUrl\":\"https:\/\/www.press7.tv\/wp-content\/uploads\/2025\/07\/IMG_6170.avif\",\"width\":1360,\"height\":870},{\"@type\":\"BreadcrumbList\",\"@id\":\"https:\/\/www.press7.tv\/?p=20838#breadcrumb\",\"itemListElement\":[{\"@type\":\"ListItem\",\"position\":1,\"name\":\"Home\",\"item\":\"https:\/\/www.press7.tv\/\"},{\"@type\":\"ListItem\",\"position\":2,\"name\":\"Z\u00ebvend\u00ebssekretari i Shtetit diskuton me Osmanin p\u00ebr fushat e mundshme t\u00eb bashk\u00ebpunimit\"}]},{\"@type\":\"WebSite\",\"@id\":\"https:\/\/www.news33.tv\/#website\",\"url\":\"https:\/\/www.news33.tv\/\",\"name\":\"News33.tv Media\",\"description\":\"Media\",\"publisher\":{\"@id\":\"https:\/\/www.news33.tv\/#organization\"},\"potentialAction\":[{\"@type\":\"SearchAction\",\"target\":{\"@type\":\"EntryPoint\",\"urlTemplate\":\"https:\/\/www.news33.tv\/?s={search_term_string}\"},\"query-input\":{\"@type\":\"PropertyValueSpecification\",\"valueRequired\":true,\"valueName\":\"search_term_string\"}}],\"inLanguage\":\"en-US\"},{\"@type\":\"Organization\",\"@id\":\"https:\/\/www.news33.tv\/#organization\",\"name\":\"News33.tv Media\",\"url\":\"https:\/\/www.news33.tv\/\",\"logo\":{\"@type\":\"ImageObject\",\"inLanguage\":\"en-US\",\"@id\":\"https:\/\/www.news33.tv\/#\/schema\/logo\/image\/\",\"url\":\"https:\/\/www.press7.tv\/wp-content\/uploads\/2024\/02\/logo-news33-black.png\",\"contentUrl\":\"https:\/\/www.press7.tv\/wp-content\/uploads\/2024\/02\/logo-news33-black.png\",\"width\":180,\"height\":37,\"caption\":\"News33.tv Media\"},\"image\":{\"@id\":\"https:\/\/www.news33.tv\/#\/schema\/logo\/image\/\"},\"sameAs\":[\"https:\/\/www.facebook.com\/press7.tv\"]},{\"@type\":\"Person\",\"@id\":\"https:\/\/www.news33.tv\/#\/schema\/person\/5a04a38a23ccdba82f9bd665cd8f9efa\",\"name\":\"gazetar2\",\"image\":{\"@type\":\"ImageObject\",\"inLanguage\":\"en-US\",\"@id\":\"https:\/\/www.news33.tv\/#\/schema\/person\/image\/\",\"url\":\"https:\/\/www.press7.tv\/wp-content\/litespeed\/avatar\/41975e402c3049d9ddb03adca8f7a883.jpg?ver=1777169572\",\"contentUrl\":\"https:\/\/www.press7.tv\/wp-content\/litespeed\/avatar\/41975e402c3049d9ddb03adca8f7a883.jpg?ver=1777169572\",\"caption\":\"gazetar2\"},\"url\":\"https:\/\/www.press7.tv\/?author=8\"}]}<\/script>\n<!-- \/ Yoast SEO plugin. -->","yoast_head_json":{"title":"Z\u00ebvend\u00ebssekretari i Shtetit diskuton me Osmanin p\u00ebr fushat e mundshme t\u00eb bashk\u00ebpunimit - press7.tv","robots":{"index":"index","follow":"follow","max-snippet":"max-snippet:-1","max-image-preview":"max-image-preview:large","max-video-preview":"max-video-preview:-1"},"canonical":"https:\/\/www.press7.tv\/?p=20838","og_locale":"en_US","og_type":"article","og_title":"Z\u00ebvend\u00ebssekretari i Shtetit diskuton me Osmanin p\u00ebr fushat e mundshme t\u00eb bashk\u00ebpunimit - press7.tv","og_description":"Z\u00ebvend\u00ebssekretari i Shtetit Christopher Landa, ka th\u00ebn\u00eb se n\u00eb takim me presidenten e Kosov\u00ebs, Vjosa Osmani, kan\u00eb diskutuar p\u00ebr fushat e mundshme t\u00eb bashk\u00ebpunimit ekonomik n\u00eb t\u00eb ardhmen. N\u00eb nj\u00eb postim n\u00eb rrjetin social X ai ka shkruar se t\u00eb dy kan\u00eb shprehur \u201cbesimin se prosperiteti dhe bashk\u00ebpunimi ekonomik do t\u00eb ndihmojn\u00eb n\u00eb largimin e [&hellip;]","og_url":"https:\/\/www.press7.tv\/?p=20838","og_site_name":"press7.tv","article_publisher":"https:\/\/www.facebook.com\/press7.tv","article_published_time":"2025-07-11T11:40:25+00:00","og_image":[{"width":1360,"height":870,"url":"https:\/\/www.press7.tv\/wp-content\/uploads\/2025\/07\/IMG_6170.avif","type":"image\/webp"}],"author":"gazetar2","twitter_card":"summary_large_image","twitter_misc":{"Written by":"gazetar2","Est. reading time":"1 minute"},"schema":{"@context":"https:\/\/schema.org","@graph":[{"@type":"Article","@id":"https:\/\/www.press7.tv\/?p=20838#article","isPartOf":{"@id":"https:\/\/www.press7.tv\/?p=20838"},"author":{"name":"gazetar2","@id":"https:\/\/www.news33.tv\/#\/schema\/person\/5a04a38a23ccdba82f9bd665cd8f9efa"},"headline":"Z\u00ebvend\u00ebssekretari i Shtetit diskuton me Osmanin p\u00ebr fushat e mundshme t\u00eb bashk\u00ebpunimit","datePublished":"2025-07-11T11:40:25+00:00","mainEntityOfPage":{"@id":"https:\/\/www.press7.tv\/?p=20838"},"wordCount":137,"publisher":{"@id":"https:\/\/www.news33.tv\/#organization"},"image":{"@id":"https:\/\/www.press7.tv\/?p=20838#primaryimage"},"thumbnailUrl":"https:\/\/www.press7.tv\/wp-content\/uploads\/2025\/07\/IMG_6170.avif","articleSection":["Kosov\u00eb","Lajme"],"inLanguage":"en-US"},{"@type":"WebPage","@id":"https:\/\/www.press7.tv\/?p=20838","url":"https:\/\/www.press7.tv\/?p=20838","name":"Z\u00ebvend\u00ebssekretari i Shtetit diskuton me Osmanin p\u00ebr fushat e mundshme t\u00eb bashk\u00ebpunimit - press7.tv","isPartOf":{"@id":"https:\/\/www.news33.tv\/#website"},"primaryImageOfPage":{"@id":"https:\/\/www.press7.tv\/?p=20838#primaryimage"},"image":{"@id":"https:\/\/www.press7.tv\/?p=20838#primaryimage"},"thumbnailUrl":"https:\/\/www.press7.tv\/wp-content\/uploads\/2025\/07\/IMG_6170.avif","datePublished":"2025-07-11T11:40:25+00:00","breadcrumb":{"@id":"https:\/\/www.press7.tv\/?p=20838#breadcrumb"},"inLanguage":"en-US","potentialAction":[{"@type":"ReadAction","target":["https:\/\/www.press7.tv\/?p=20838"]}]},{"@type":"ImageObject","inLanguage":"en-US","@id":"https:\/\/www.press7.tv\/?p=20838#primaryimage","url":"https:\/\/www.press7.tv\/wp-content\/uploads\/2025\/07\/IMG_6170.avif","contentUrl":"https:\/\/www.press7.tv\/wp-content\/uploads\/2025\/07\/IMG_6170.avif","width":1360,"height":870},{"@type":"BreadcrumbList","@id":"https:\/\/www.press7.tv\/?p=20838#breadcrumb","itemListElement":[{"@type":"ListItem","position":1,"name":"Home","item":"https:\/\/www.press7.tv\/"},{"@type":"ListItem","position":2,"name":"Z\u00ebvend\u00ebssekretari i Shtetit diskuton me Osmanin p\u00ebr fushat e mundshme t\u00eb bashk\u00ebpunimit"}]},{"@type":"WebSite","@id":"https:\/\/www.news33.tv\/#website","url":"https:\/\/www.news33.tv\/","name":"News33.tv Media","description":"Media","publisher":{"@id":"https:\/\/www.news33.tv\/#organization"},"potentialAction":[{"@type":"SearchAction","target":{"@type":"EntryPoint","urlTemplate":"https:\/\/www.news33.tv\/?s={search_term_string}"},"query-input":{"@type":"PropertyValueSpecification","valueRequired":true,"valueName":"search_term_string"}}],"inLanguage":"en-US"},{"@type":"Organization","@id":"https:\/\/www.news33.tv\/#organization","name":"News33.tv Media","url":"https:\/\/www.news33.tv\/","logo":{"@type":"ImageObject","inLanguage":"en-US","@id":"https:\/\/www.news33.tv\/#\/schema\/logo\/image\/","url":"https:\/\/www.press7.tv\/wp-content\/uploads\/2024\/02\/logo-news33-black.png","contentUrl":"https:\/\/www.press7.tv\/wp-content\/uploads\/2024\/02\/logo-news33-black.png","width":180,"height":37,"caption":"News33.tv Media"},"image":{"@id":"https:\/\/www.news33.tv\/#\/schema\/logo\/image\/"},"sameAs":["https:\/\/www.facebook.com\/press7.tv"]},{"@type":"Person","@id":"https:\/\/www.news33.tv\/#\/schema\/person\/5a04a38a23ccdba82f9bd665cd8f9efa","name":"gazetar2","image":{"@type":"ImageObject","inLanguage":"en-US","@id":"https:\/\/www.news33.tv\/#\/schema\/person\/image\/","url":"https:\/\/www.press7.tv\/wp-content\/litespeed\/avatar\/41975e402c3049d9ddb03adca8f7a883.jpg?ver=1777169572","contentUrl":"https:\/\/www.press7.tv\/wp-content\/litespeed\/avatar\/41975e402c3049d9ddb03adca8f7a883.jpg?ver=1777169572","caption":"gazetar2"},"url":"https:\/\/www.press7.tv\/?author=8"}]}},"amp_enabled":true,"_links":{"self":[{"href":"https:\/\/www.press7.tv\/index.php?rest_route=\/wp\/v2\/posts\/20838","targetHints":{"allow":["GET"]}}],"collection":[{"href":"https:\/\/www.press7.tv\/index.php?rest_route=\/wp\/v2\/posts"}],"about":[{"href":"https:\/\/www.press7.tv\/index.php?rest_route=\/wp\/v2\/types\/post"}],"author":[{"embeddable":true,"href":"https:\/\/www.press7.tv\/index.php?rest_route=\/wp\/v2\/users\/8"}],"replies":[{"embeddable":true,"href":"https:\/\/www.press7.tv\/index.php?rest_route=%2Fwp%2Fv2%2Fcomments&post=20838"}],"version-history":[{"count":1,"href":"https:\/\/www.press7.tv\/index.php?rest_route=\/wp\/v2\/posts\/20838\/revisions"}],"predecessor-version":[{"id":20840,"href":"https:\/\/www.press7.tv\/index.php?rest_route=\/wp\/v2\/posts\/20838\/revisions\/20840"}],"wp:featuredmedia":[{"embeddable":true,"href":"https:\/\/www.press7.tv\/index.php?rest_route=\/wp\/v2\/media\/20839"}],"wp:attachment":[{"href":"https:\/\/www.press7.tv\/index.php?rest_route=%2Fwp%2Fv2%2Fmedia&parent=20838"}],"wp:term":[{"taxonomy":"category","embeddable":true,"href":"https:\/\/www.press7.tv\/index.php?rest_route=%2Fwp%2Fv2%2Fcategories&post=20838"},{"taxonomy":"post_tag","embeddable":true,"href":"https:\/\/www.press7.tv\/index.php?rest_route=%2Fwp%2Fv2%2Ftags&post=20838"}],"curies":[{"name":"wp","href":"https:\/\/api.w.org\/{rel}","templated":true}]}}