{"id":20834,"date":"2025-07-10T19:44:25","date_gmt":"2025-07-10T19:44:25","guid":{"rendered":"https:\/\/www.press7.tv\/?p=20834"},"modified":"2025-07-10T19:44:25","modified_gmt":"2025-07-10T19:44:25","slug":"osmani-trump-ka-parandaluar-se-voni-mundesine-e-nje-pershkallezimi-te-mundshem-te-situates-nga-serbia-ne-kosove","status":"publish","type":"post","link":"https:\/\/www.press7.tv\/?p=20834","title":{"rendered":"Osmani: Trump, ka parandaluar s\u00eb voni mund\u00ebsin\u00eb e nj\u00eb p\u00ebrshkall\u00ebzimi t\u00eb mundsh\u00ebm t\u00eb situat\u00ebs nga Serbia n\u00eb Kosov\u00eb"},"content":{"rendered":"\n    <div class=\"xs_social_share_widget xs_share_url before_content \t\tmain_content  wslu-style-2 wslu-share-box-shaped wslu-fill-colored wslu-share-m-5 wslu-none wslu-share-vertical wslu-theme-font-no wslu-main_content\">\n\n\t\t\n        <ul>\n\t\t\t        <\/ul>\n    <\/div> \n<p>Presidentja e Kosov\u00ebs, Vjosa Osmani, tha se ka \u201cinformacione t\u00eb besueshme\u201d se presidenti amerikan, Donald Trump, ka parandaluar s\u00eb voni mund\u00ebsin\u00eb e nj\u00eb p\u00ebrshkall\u00ebzimi t\u00eb mundsh\u00ebm t\u00eb situat\u00ebs nga Serbia n\u00eb Kosov\u00eb. Ajo i b\u00ebri komentet gjat\u00eb nj\u00eb ligj\u00ebrate n\u00eb Uashington, ku, po ashtu, rikujtoi sulmin e shtatorit 2023 n\u00eb Banjsk\u00eb, duke e cil\u00ebsuar at\u00eb si nj\u00eb \u201cakt agresioni\u201d nga Serbia \u2013 \u201ct\u00eb p\u00ebrgatitur t\u00ebr\u00ebsisht brenda Serbis\u00eb\u201d. N\u00eb fjal\u00ebn e saj, presidentja Osmani paralajm\u00ebroi se rreziqet nga Serbia jan\u00eb t\u00eb vazhdueshme dhe se ato nuk duhen n\u00ebnvler\u00ebsuar. Ajo tha se Kosova punon ngusht\u00eb me t\u00eb gjitha nivelet e Qeveris\u00eb amerikane \u2013 qoft\u00eb n\u00eb fush\u00ebn e siguris\u00eb dhe inteligjenc\u00ebs, t\u00eb mbrojtjes apo t\u00eb politik\u00ebs \u2013 me synimin q\u00eb \u201cs\u00eb bashku t\u00eb mbrojm\u00eb dhe ruajm\u00eb paqen\u201d.<\/p>\n<p>Ai (Trump) \u00ebsht\u00eb shum\u00eb i qart\u00eb n\u00eb deklarat\u00ebn e tij se po flet p\u00ebr jav\u00ebt e fundit. Nuk b \u00ebhet fjal\u00eb p\u00ebr zhvillime t\u00eb vitit 2023 apo 2020, por \u201cp\u00ebr zhvillime shum\u00eb, shum\u00eb t\u00eb vona. Ndaj, nuk duhet ta mohojm\u00eb mund\u00ebsin\u00eb, sepse ka ndodhur m\u00eb par\u00eb. Meqen\u00ebse ka ndodhur edhe m\u00eb par\u00eb, parandalimi dhe frenimi jan\u00eb thelb\u00ebsor\u00eb. Dhe, ndonj\u00ebher\u00eb, parandalimi dhe frenimi k\u00ebrkojn\u00eb m\u00eb shum\u00eb sesa vet\u00ebm pranin\u00eb e ushtris\u00eb. K\u00ebrkojn\u00eb edhe udh\u00ebheqje politike. Duhet nj\u00eb telefonat\u00eb, nj\u00eb paralajm\u00ebrim, dhe kjo \u00ebsht\u00eb pik\u00ebrisht ajo q\u00eb ndodh kur Amerika merr nj\u00eb rol udh\u00ebheq\u00ebs. Ne kemi institucionet tona q\u00eb po b\u00ebjn\u00eb nj\u00eb pun\u00eb t\u00eb shk\u00eblqyer n\u00eb mbledhjen e informacioneve dhe punojm\u00eb me partner\u00eb individual\u00eb p\u00ebr t\u00eb konfirmuar informacionin q\u00eb mbledhin institucionet tona. Pra, nuk jemi kurr\u00eb vet\u00ebm\u201d, tha Vjosa Osmani, Presidente e Kosov\u00ebs. \/Alsat.mk<\/p>\n","protected":false},"excerpt":{"rendered":"<p>Presidentja e Kosov\u00ebs, Vjosa Osmani, tha se ka \u201cinformacione t\u00eb besueshme\u201d se presidenti amerikan, Donald Trump, ka parandaluar s\u00eb voni mund\u00ebsin\u00eb e nj\u00eb p\u00ebrshkall\u00ebzimi t\u00eb mundsh\u00ebm t\u00eb situat\u00ebs nga Serbia n\u00eb Kosov\u00eb. Ajo i b\u00ebri komentet gjat\u00eb nj\u00eb ligj\u00ebrate n\u00eb Uashington, ku, po ashtu, rikujtoi sulmin e shtatorit 2023 n\u00eb Banjsk\u00eb, duke e cil\u00ebsuar at\u00eb [&hellip;]<\/p>\n","protected":false},"author":8,"featured_media":20835,"comment_status":"closed","ping_status":"closed","sticky":false,"template":"","format":"standard","meta":{"footnotes":""},"categories":[217,213],"tags":[],"class_list":["post-20834","post","type-post","status-publish","format-standard","has-post-thumbnail","hentry","category-bote","category-lajme"],"yoast_head":"<!-- This site is optimized with the Yoast SEO plugin v25.1 - https:\/\/yoast.com\/wordpress\/plugins\/seo\/ -->\n<title>Osmani: Trump, ka parandaluar s\u00eb voni mund\u00ebsin\u00eb e nj\u00eb p\u00ebrshkall\u00ebzimi t\u00eb mundsh\u00ebm t\u00eb situat\u00ebs nga Serbia n\u00eb Kosov\u00eb - press7.tv<\/title>\n<meta name=\"robots\" content=\"index, follow, max-snippet:-1, max-image-preview:large, max-video-preview:-1\" \/>\n<link rel=\"canonical\" href=\"https:\/\/www.press7.tv\/?p=20834\" \/>\n<meta property=\"og:locale\" content=\"en_US\" \/>\n<meta property=\"og:type\" content=\"article\" \/>\n<meta property=\"og:title\" content=\"Osmani: Trump, ka parandaluar s\u00eb voni mund\u00ebsin\u00eb e nj\u00eb p\u00ebrshkall\u00ebzimi t\u00eb mundsh\u00ebm t\u00eb situat\u00ebs nga Serbia n\u00eb Kosov\u00eb - press7.tv\" \/>\n<meta property=\"og:description\" content=\"Presidentja e Kosov\u00ebs, Vjosa Osmani, tha se ka \u201cinformacione t\u00eb besueshme\u201d se presidenti amerikan, Donald Trump, ka parandaluar s\u00eb voni mund\u00ebsin\u00eb e nj\u00eb p\u00ebrshkall\u00ebzimi t\u00eb mundsh\u00ebm t\u00eb situat\u00ebs nga Serbia n\u00eb Kosov\u00eb. Ajo i b\u00ebri komentet gjat\u00eb nj\u00eb ligj\u00ebrate n\u00eb Uashington, ku, po ashtu, rikujtoi sulmin e shtatorit 2023 n\u00eb Banjsk\u00eb, duke e cil\u00ebsuar at\u00eb [&hellip;]\" \/>\n<meta property=\"og:url\" content=\"https:\/\/www.press7.tv\/?p=20834\" \/>\n<meta property=\"og:site_name\" content=\"press7.tv\" \/>\n<meta property=\"article:publisher\" content=\"https:\/\/www.facebook.com\/press7.tv\" \/>\n<meta property=\"article:published_time\" content=\"2025-07-10T19:44:25+00:00\" \/>\n<meta property=\"og:image\" content=\"https:\/\/www.press7.tv\/wp-content\/uploads\/2025\/07\/IMG_6165.avif\" \/>\n\t<meta property=\"og:image:width\" content=\"582\" \/>\n\t<meta property=\"og:image:height\" content=\"367\" \/>\n\t<meta property=\"og:image:type\" content=\"image\/webp\" \/>\n<meta name=\"author\" content=\"gazetar2\" \/>\n<meta name=\"twitter:card\" content=\"summary_large_image\" \/>\n<meta name=\"twitter:label1\" content=\"Written by\" \/>\n\t<meta name=\"twitter:data1\" content=\"gazetar2\" \/>\n\t<meta name=\"twitter:label2\" content=\"Est. reading time\" \/>\n\t<meta name=\"twitter:data2\" content=\"1 minute\" \/>\n<script type=\"application\/ld+json\" class=\"yoast-schema-graph\">{\"@context\":\"https:\/\/schema.org\",\"@graph\":[{\"@type\":\"Article\",\"@id\":\"https:\/\/www.press7.tv\/?p=20834#article\",\"isPartOf\":{\"@id\":\"https:\/\/www.press7.tv\/?p=20834\"},\"author\":{\"name\":\"gazetar2\",\"@id\":\"https:\/\/www.news33.tv\/#\/schema\/person\/5a04a38a23ccdba82f9bd665cd8f9efa\"},\"headline\":\"Osmani: Trump, ka parandaluar s\u00eb voni mund\u00ebsin\u00eb e nj\u00eb p\u00ebrshkall\u00ebzimi t\u00eb mundsh\u00ebm t\u00eb situat\u00ebs nga Serbia n\u00eb Kosov\u00eb\",\"datePublished\":\"2025-07-10T19:44:25+00:00\",\"mainEntityOfPage\":{\"@id\":\"https:\/\/www.press7.tv\/?p=20834\"},\"wordCount\":315,\"publisher\":{\"@id\":\"https:\/\/www.news33.tv\/#organization\"},\"image\":{\"@id\":\"https:\/\/www.press7.tv\/?p=20834#primaryimage\"},\"thumbnailUrl\":\"https:\/\/www.press7.tv\/wp-content\/uploads\/2025\/07\/IMG_6165.avif\",\"articleSection\":[\"Bot\u00eb\",\"Lajme\"],\"inLanguage\":\"en-US\"},{\"@type\":\"WebPage\",\"@id\":\"https:\/\/www.press7.tv\/?p=20834\",\"url\":\"https:\/\/www.press7.tv\/?p=20834\",\"name\":\"Osmani: Trump, ka parandaluar s\u00eb voni mund\u00ebsin\u00eb e nj\u00eb p\u00ebrshkall\u00ebzimi t\u00eb mundsh\u00ebm t\u00eb situat\u00ebs nga Serbia n\u00eb Kosov\u00eb - press7.tv\",\"isPartOf\":{\"@id\":\"https:\/\/www.news33.tv\/#website\"},\"primaryImageOfPage\":{\"@id\":\"https:\/\/www.press7.tv\/?p=20834#primaryimage\"},\"image\":{\"@id\":\"https:\/\/www.press7.tv\/?p=20834#primaryimage\"},\"thumbnailUrl\":\"https:\/\/www.press7.tv\/wp-content\/uploads\/2025\/07\/IMG_6165.avif\",\"datePublished\":\"2025-07-10T19:44:25+00:00\",\"breadcrumb\":{\"@id\":\"https:\/\/www.press7.tv\/?p=20834#breadcrumb\"},\"inLanguage\":\"en-US\",\"potentialAction\":[{\"@type\":\"ReadAction\",\"target\":[\"https:\/\/www.press7.tv\/?p=20834\"]}]},{\"@type\":\"ImageObject\",\"inLanguage\":\"en-US\",\"@id\":\"https:\/\/www.press7.tv\/?p=20834#primaryimage\",\"url\":\"https:\/\/www.press7.tv\/wp-content\/uploads\/2025\/07\/IMG_6165.avif\",\"contentUrl\":\"https:\/\/www.press7.tv\/wp-content\/uploads\/2025\/07\/IMG_6165.avif\",\"width\":582,\"height\":367},{\"@type\":\"BreadcrumbList\",\"@id\":\"https:\/\/www.press7.tv\/?p=20834#breadcrumb\",\"itemListElement\":[{\"@type\":\"ListItem\",\"position\":1,\"name\":\"Home\",\"item\":\"https:\/\/www.press7.tv\/\"},{\"@type\":\"ListItem\",\"position\":2,\"name\":\"Osmani: Trump, ka parandaluar s\u00eb voni mund\u00ebsin\u00eb e nj\u00eb p\u00ebrshkall\u00ebzimi t\u00eb mundsh\u00ebm t\u00eb situat\u00ebs nga Serbia n\u00eb Kosov\u00eb\"}]},{\"@type\":\"WebSite\",\"@id\":\"https:\/\/www.news33.tv\/#website\",\"url\":\"https:\/\/www.news33.tv\/\",\"name\":\"News33.tv Media\",\"description\":\"Media\",\"publisher\":{\"@id\":\"https:\/\/www.news33.tv\/#organization\"},\"potentialAction\":[{\"@type\":\"SearchAction\",\"target\":{\"@type\":\"EntryPoint\",\"urlTemplate\":\"https:\/\/www.news33.tv\/?s={search_term_string}\"},\"query-input\":{\"@type\":\"PropertyValueSpecification\",\"valueRequired\":true,\"valueName\":\"search_term_string\"}}],\"inLanguage\":\"en-US\"},{\"@type\":\"Organization\",\"@id\":\"https:\/\/www.news33.tv\/#organization\",\"name\":\"News33.tv Media\",\"url\":\"https:\/\/www.news33.tv\/\",\"logo\":{\"@type\":\"ImageObject\",\"inLanguage\":\"en-US\",\"@id\":\"https:\/\/www.news33.tv\/#\/schema\/logo\/image\/\",\"url\":\"https:\/\/www.press7.tv\/wp-content\/uploads\/2024\/02\/logo-news33-black.png\",\"contentUrl\":\"https:\/\/www.press7.tv\/wp-content\/uploads\/2024\/02\/logo-news33-black.png\",\"width\":180,\"height\":37,\"caption\":\"News33.tv Media\"},\"image\":{\"@id\":\"https:\/\/www.news33.tv\/#\/schema\/logo\/image\/\"},\"sameAs\":[\"https:\/\/www.facebook.com\/press7.tv\"]},{\"@type\":\"Person\",\"@id\":\"https:\/\/www.news33.tv\/#\/schema\/person\/5a04a38a23ccdba82f9bd665cd8f9efa\",\"name\":\"gazetar2\",\"image\":{\"@type\":\"ImageObject\",\"inLanguage\":\"en-US\",\"@id\":\"https:\/\/www.news33.tv\/#\/schema\/person\/image\/\",\"url\":\"https:\/\/www.press7.tv\/wp-content\/litespeed\/avatar\/41975e402c3049d9ddb03adca8f7a883.jpg?ver=1777169572\",\"contentUrl\":\"https:\/\/www.press7.tv\/wp-content\/litespeed\/avatar\/41975e402c3049d9ddb03adca8f7a883.jpg?ver=1777169572\",\"caption\":\"gazetar2\"},\"url\":\"https:\/\/www.press7.tv\/?author=8\"}]}<\/script>\n<!-- \/ Yoast SEO plugin. -->","yoast_head_json":{"title":"Osmani: Trump, ka parandaluar s\u00eb voni mund\u00ebsin\u00eb e nj\u00eb p\u00ebrshkall\u00ebzimi t\u00eb mundsh\u00ebm t\u00eb situat\u00ebs nga Serbia n\u00eb Kosov\u00eb - press7.tv","robots":{"index":"index","follow":"follow","max-snippet":"max-snippet:-1","max-image-preview":"max-image-preview:large","max-video-preview":"max-video-preview:-1"},"canonical":"https:\/\/www.press7.tv\/?p=20834","og_locale":"en_US","og_type":"article","og_title":"Osmani: Trump, ka parandaluar s\u00eb voni mund\u00ebsin\u00eb e nj\u00eb p\u00ebrshkall\u00ebzimi t\u00eb mundsh\u00ebm t\u00eb situat\u00ebs nga Serbia n\u00eb Kosov\u00eb - press7.tv","og_description":"Presidentja e Kosov\u00ebs, Vjosa Osmani, tha se ka \u201cinformacione t\u00eb besueshme\u201d se presidenti amerikan, Donald Trump, ka parandaluar s\u00eb voni mund\u00ebsin\u00eb e nj\u00eb p\u00ebrshkall\u00ebzimi t\u00eb mundsh\u00ebm t\u00eb situat\u00ebs nga Serbia n\u00eb Kosov\u00eb. Ajo i b\u00ebri komentet gjat\u00eb nj\u00eb ligj\u00ebrate n\u00eb Uashington, ku, po ashtu, rikujtoi sulmin e shtatorit 2023 n\u00eb Banjsk\u00eb, duke e cil\u00ebsuar at\u00eb [&hellip;]","og_url":"https:\/\/www.press7.tv\/?p=20834","og_site_name":"press7.tv","article_publisher":"https:\/\/www.facebook.com\/press7.tv","article_published_time":"2025-07-10T19:44:25+00:00","og_image":[{"width":582,"height":367,"url":"https:\/\/www.press7.tv\/wp-content\/uploads\/2025\/07\/IMG_6165.avif","type":"image\/webp"}],"author":"gazetar2","twitter_card":"summary_large_image","twitter_misc":{"Written by":"gazetar2","Est. reading time":"1 minute"},"schema":{"@context":"https:\/\/schema.org","@graph":[{"@type":"Article","@id":"https:\/\/www.press7.tv\/?p=20834#article","isPartOf":{"@id":"https:\/\/www.press7.tv\/?p=20834"},"author":{"name":"gazetar2","@id":"https:\/\/www.news33.tv\/#\/schema\/person\/5a04a38a23ccdba82f9bd665cd8f9efa"},"headline":"Osmani: Trump, ka parandaluar s\u00eb voni mund\u00ebsin\u00eb e nj\u00eb p\u00ebrshkall\u00ebzimi t\u00eb mundsh\u00ebm t\u00eb situat\u00ebs nga Serbia n\u00eb Kosov\u00eb","datePublished":"2025-07-10T19:44:25+00:00","mainEntityOfPage":{"@id":"https:\/\/www.press7.tv\/?p=20834"},"wordCount":315,"publisher":{"@id":"https:\/\/www.news33.tv\/#organization"},"image":{"@id":"https:\/\/www.press7.tv\/?p=20834#primaryimage"},"thumbnailUrl":"https:\/\/www.press7.tv\/wp-content\/uploads\/2025\/07\/IMG_6165.avif","articleSection":["Bot\u00eb","Lajme"],"inLanguage":"en-US"},{"@type":"WebPage","@id":"https:\/\/www.press7.tv\/?p=20834","url":"https:\/\/www.press7.tv\/?p=20834","name":"Osmani: Trump, ka parandaluar s\u00eb voni mund\u00ebsin\u00eb e nj\u00eb p\u00ebrshkall\u00ebzimi t\u00eb mundsh\u00ebm t\u00eb situat\u00ebs nga Serbia n\u00eb Kosov\u00eb - press7.tv","isPartOf":{"@id":"https:\/\/www.news33.tv\/#website"},"primaryImageOfPage":{"@id":"https:\/\/www.press7.tv\/?p=20834#primaryimage"},"image":{"@id":"https:\/\/www.press7.tv\/?p=20834#primaryimage"},"thumbnailUrl":"https:\/\/www.press7.tv\/wp-content\/uploads\/2025\/07\/IMG_6165.avif","datePublished":"2025-07-10T19:44:25+00:00","breadcrumb":{"@id":"https:\/\/www.press7.tv\/?p=20834#breadcrumb"},"inLanguage":"en-US","potentialAction":[{"@type":"ReadAction","target":["https:\/\/www.press7.tv\/?p=20834"]}]},{"@type":"ImageObject","inLanguage":"en-US","@id":"https:\/\/www.press7.tv\/?p=20834#primaryimage","url":"https:\/\/www.press7.tv\/wp-content\/uploads\/2025\/07\/IMG_6165.avif","contentUrl":"https:\/\/www.press7.tv\/wp-content\/uploads\/2025\/07\/IMG_6165.avif","width":582,"height":367},{"@type":"BreadcrumbList","@id":"https:\/\/www.press7.tv\/?p=20834#breadcrumb","itemListElement":[{"@type":"ListItem","position":1,"name":"Home","item":"https:\/\/www.press7.tv\/"},{"@type":"ListItem","position":2,"name":"Osmani: Trump, ka parandaluar s\u00eb voni mund\u00ebsin\u00eb e nj\u00eb p\u00ebrshkall\u00ebzimi t\u00eb mundsh\u00ebm t\u00eb situat\u00ebs nga Serbia n\u00eb Kosov\u00eb"}]},{"@type":"WebSite","@id":"https:\/\/www.news33.tv\/#website","url":"https:\/\/www.news33.tv\/","name":"News33.tv Media","description":"Media","publisher":{"@id":"https:\/\/www.news33.tv\/#organization"},"potentialAction":[{"@type":"SearchAction","target":{"@type":"EntryPoint","urlTemplate":"https:\/\/www.news33.tv\/?s={search_term_string}"},"query-input":{"@type":"PropertyValueSpecification","valueRequired":true,"valueName":"search_term_string"}}],"inLanguage":"en-US"},{"@type":"Organization","@id":"https:\/\/www.news33.tv\/#organization","name":"News33.tv Media","url":"https:\/\/www.news33.tv\/","logo":{"@type":"ImageObject","inLanguage":"en-US","@id":"https:\/\/www.news33.tv\/#\/schema\/logo\/image\/","url":"https:\/\/www.press7.tv\/wp-content\/uploads\/2024\/02\/logo-news33-black.png","contentUrl":"https:\/\/www.press7.tv\/wp-content\/uploads\/2024\/02\/logo-news33-black.png","width":180,"height":37,"caption":"News33.tv Media"},"image":{"@id":"https:\/\/www.news33.tv\/#\/schema\/logo\/image\/"},"sameAs":["https:\/\/www.facebook.com\/press7.tv"]},{"@type":"Person","@id":"https:\/\/www.news33.tv\/#\/schema\/person\/5a04a38a23ccdba82f9bd665cd8f9efa","name":"gazetar2","image":{"@type":"ImageObject","inLanguage":"en-US","@id":"https:\/\/www.news33.tv\/#\/schema\/person\/image\/","url":"https:\/\/www.press7.tv\/wp-content\/litespeed\/avatar\/41975e402c3049d9ddb03adca8f7a883.jpg?ver=1777169572","contentUrl":"https:\/\/www.press7.tv\/wp-content\/litespeed\/avatar\/41975e402c3049d9ddb03adca8f7a883.jpg?ver=1777169572","caption":"gazetar2"},"url":"https:\/\/www.press7.tv\/?author=8"}]}},"amp_enabled":true,"_links":{"self":[{"href":"https:\/\/www.press7.tv\/index.php?rest_route=\/wp\/v2\/posts\/20834","targetHints":{"allow":["GET"]}}],"collection":[{"href":"https:\/\/www.press7.tv\/index.php?rest_route=\/wp\/v2\/posts"}],"about":[{"href":"https:\/\/www.press7.tv\/index.php?rest_route=\/wp\/v2\/types\/post"}],"author":[{"embeddable":true,"href":"https:\/\/www.press7.tv\/index.php?rest_route=\/wp\/v2\/users\/8"}],"replies":[{"embeddable":true,"href":"https:\/\/www.press7.tv\/index.php?rest_route=%2Fwp%2Fv2%2Fcomments&post=20834"}],"version-history":[{"count":1,"href":"https:\/\/www.press7.tv\/index.php?rest_route=\/wp\/v2\/posts\/20834\/revisions"}],"predecessor-version":[{"id":20836,"href":"https:\/\/www.press7.tv\/index.php?rest_route=\/wp\/v2\/posts\/20834\/revisions\/20836"}],"wp:featuredmedia":[{"embeddable":true,"href":"https:\/\/www.press7.tv\/index.php?rest_route=\/wp\/v2\/media\/20835"}],"wp:attachment":[{"href":"https:\/\/www.press7.tv\/index.php?rest_route=%2Fwp%2Fv2%2Fmedia&parent=20834"}],"wp:term":[{"taxonomy":"category","embeddable":true,"href":"https:\/\/www.press7.tv\/index.php?rest_route=%2Fwp%2Fv2%2Fcategories&post=20834"},{"taxonomy":"post_tag","embeddable":true,"href":"https:\/\/www.press7.tv\/index.php?rest_route=%2Fwp%2Fv2%2Ftags&post=20834"}],"curies":[{"name":"wp","href":"https:\/\/api.w.org\/{rel}","templated":true}]}}