{"id":20829,"date":"2025-07-10T17:00:15","date_gmt":"2025-07-10T17:00:15","guid":{"rendered":"https:\/\/www.press7.tv\/?p=20829"},"modified":"2025-07-10T17:00:15","modified_gmt":"2025-07-10T17:00:15","slug":"lirohet-nozy-reagon-per-here-te-pare-ne-rrjete-sociale","status":"publish","type":"post","link":"https:\/\/www.press7.tv\/?p=20829","title":{"rendered":"Lirohet Nozy, reagon p\u00ebr her\u00eb t\u00eb par\u00eb n\u00eb rrjete sociale"},"content":{"rendered":"\n    <div class=\"xs_social_share_widget xs_share_url before_content \t\tmain_content  wslu-style-2 wslu-share-box-shaped wslu-fill-colored wslu-share-m-5 wslu-none wslu-share-vertical wslu-theme-font-no wslu-main_content\">\n\n\t\t\n        <ul>\n\t\t\t        <\/ul>\n    <\/div> \n<p>Pas arrestimit t\u00eb shtun\u00ebn e kaluar (5 korrik) nga policia zvicerane n\u00eb aeroportin e Zyrihut, ka ardhur nj\u00eb reagim nga profili i reperit Noizy.<\/p>\n<p>Aty shkruhet se gjith\u00e7ka ishte keqkuptim dhe se reperi \u00ebsht\u00eb kthyer s\u00ebrish.<\/p>\n<p>\u201cNj\u00eb keqkuptim i r\u00ebnd\u00eb, i shkaktuar nga nj\u00eb shpifje e past\u00ebr, m\u00eb p\u00ebrfshiu padrejt\u00ebsisht n\u00eb nj\u00eb procedur\u00eb verifikimi nga autoritetet zvicerane. Autori i k\u00ebsaj shpifjeje do t\u00eb p\u00ebrballet me pasojat ligjore.<\/p>\n<p>Tani gjith\u00e7ka \u00ebsht\u00eb pas krah\u00ebve. Jam s\u00ebrish me ju, p\u00ebr t\u00eb \u00e7uar p\u00ebrpara koncertet dhe albumin e ri. MAMA JA DOLA\u201d, shkroi ai.<\/p>\n<p><iframe title=\"A q\u00ebndron Medi Iseni prapa? - Krejt \u00e7ka dihet p\u00ebr arrestimin e Noizyt n\u00eb Zvic\u00ebr\" width=\"1200\" height=\"675\" src=\"https:\/\/www.youtube.com\/embed\/RV1yu8ec-wk?feature=oembed\" frameborder=\"0\" allow=\"accelerometer; autoplay; clipboard-write; encrypted-media; gyroscope; picture-in-picture; web-share\" referrerpolicy=\"strict-origin-when-cross-origin\" allowfullscreen><\/iframe><\/p>\n","protected":false},"excerpt":{"rendered":"<p>Pas arrestimit t\u00eb shtun\u00ebn e kaluar (5 korrik) nga policia zvicerane n\u00eb aeroportin e Zyrihut, ka ardhur nj\u00eb reagim nga profili i reperit Noizy. Aty shkruhet se gjith\u00e7ka ishte keqkuptim dhe se reperi \u00ebsht\u00eb kthyer s\u00ebrish. \u201cNj\u00eb keqkuptim i r\u00ebnd\u00eb, i shkaktuar nga nj\u00eb shpifje e past\u00ebr, m\u00eb p\u00ebrfshiu padrejt\u00ebsisht n\u00eb nj\u00eb procedur\u00eb verifikimi nga [&hellip;]<\/p>\n","protected":false},"author":8,"featured_media":20830,"comment_status":"closed","ping_status":"closed","sticky":false,"template":"","format":"standard","meta":{"footnotes":""},"categories":[238],"tags":[],"class_list":["post-20829","post","type-post","status-publish","format-standard","has-post-thumbnail","hentry","category-showbiz"],"yoast_head":"<!-- This site is optimized with the Yoast SEO plugin v25.1 - https:\/\/yoast.com\/wordpress\/plugins\/seo\/ -->\n<title>Lirohet Nozy, reagon p\u00ebr her\u00eb t\u00eb par\u00eb n\u00eb rrjete sociale - press7.tv<\/title>\n<meta name=\"robots\" content=\"index, follow, max-snippet:-1, max-image-preview:large, max-video-preview:-1\" \/>\n<link rel=\"canonical\" href=\"https:\/\/www.press7.tv\/?p=20829\" \/>\n<meta property=\"og:locale\" content=\"en_US\" \/>\n<meta property=\"og:type\" content=\"article\" \/>\n<meta property=\"og:title\" content=\"Lirohet Nozy, reagon p\u00ebr her\u00eb t\u00eb par\u00eb n\u00eb rrjete sociale - press7.tv\" \/>\n<meta property=\"og:description\" content=\"Pas arrestimit t\u00eb shtun\u00ebn e kaluar (5 korrik) nga policia zvicerane n\u00eb aeroportin e Zyrihut, ka ardhur nj\u00eb reagim nga profili i reperit Noizy. Aty shkruhet se gjith\u00e7ka ishte keqkuptim dhe se reperi \u00ebsht\u00eb kthyer s\u00ebrish. \u201cNj\u00eb keqkuptim i r\u00ebnd\u00eb, i shkaktuar nga nj\u00eb shpifje e past\u00ebr, m\u00eb p\u00ebrfshiu padrejt\u00ebsisht n\u00eb nj\u00eb procedur\u00eb verifikimi nga [&hellip;]\" \/>\n<meta property=\"og:url\" content=\"https:\/\/www.press7.tv\/?p=20829\" \/>\n<meta property=\"og:site_name\" content=\"press7.tv\" \/>\n<meta property=\"article:publisher\" content=\"https:\/\/www.facebook.com\/press7.tv\" \/>\n<meta property=\"article:published_time\" content=\"2025-07-10T17:00:15+00:00\" \/>\n<meta property=\"og:image\" content=\"https:\/\/www.press7.tv\/wp-content\/uploads\/2025\/07\/IMG_6160.avif\" \/>\n\t<meta property=\"og:image:width\" content=\"750\" \/>\n\t<meta property=\"og:image:height\" content=\"500\" \/>\n\t<meta property=\"og:image:type\" content=\"image\/webp\" \/>\n<meta name=\"author\" content=\"gazetar2\" \/>\n<meta name=\"twitter:card\" content=\"summary_large_image\" \/>\n<meta name=\"twitter:label1\" content=\"Written by\" \/>\n\t<meta name=\"twitter:data1\" content=\"gazetar2\" \/>\n\t<meta name=\"twitter:label2\" content=\"Est. reading time\" \/>\n\t<meta name=\"twitter:data2\" content=\"1 minute\" \/>\n<script type=\"application\/ld+json\" class=\"yoast-schema-graph\">{\"@context\":\"https:\/\/schema.org\",\"@graph\":[{\"@type\":\"Article\",\"@id\":\"https:\/\/www.press7.tv\/?p=20829#article\",\"isPartOf\":{\"@id\":\"https:\/\/www.press7.tv\/?p=20829\"},\"author\":{\"name\":\"gazetar2\",\"@id\":\"https:\/\/www.news33.tv\/#\/schema\/person\/5a04a38a23ccdba82f9bd665cd8f9efa\"},\"headline\":\"Lirohet Nozy, reagon p\u00ebr her\u00eb t\u00eb par\u00eb n\u00eb rrjete sociale\",\"datePublished\":\"2025-07-10T17:00:15+00:00\",\"mainEntityOfPage\":{\"@id\":\"https:\/\/www.press7.tv\/?p=20829\"},\"wordCount\":123,\"publisher\":{\"@id\":\"https:\/\/www.news33.tv\/#organization\"},\"image\":{\"@id\":\"https:\/\/www.press7.tv\/?p=20829#primaryimage\"},\"thumbnailUrl\":\"https:\/\/www.press7.tv\/wp-content\/uploads\/2025\/07\/IMG_6160.avif\",\"articleSection\":[\"ShowBiz\"],\"inLanguage\":\"en-US\"},{\"@type\":\"WebPage\",\"@id\":\"https:\/\/www.press7.tv\/?p=20829\",\"url\":\"https:\/\/www.press7.tv\/?p=20829\",\"name\":\"Lirohet Nozy, reagon p\u00ebr her\u00eb t\u00eb par\u00eb n\u00eb rrjete sociale - press7.tv\",\"isPartOf\":{\"@id\":\"https:\/\/www.news33.tv\/#website\"},\"primaryImageOfPage\":{\"@id\":\"https:\/\/www.press7.tv\/?p=20829#primaryimage\"},\"image\":{\"@id\":\"https:\/\/www.press7.tv\/?p=20829#primaryimage\"},\"thumbnailUrl\":\"https:\/\/www.press7.tv\/wp-content\/uploads\/2025\/07\/IMG_6160.avif\",\"datePublished\":\"2025-07-10T17:00:15+00:00\",\"breadcrumb\":{\"@id\":\"https:\/\/www.press7.tv\/?p=20829#breadcrumb\"},\"inLanguage\":\"en-US\",\"potentialAction\":[{\"@type\":\"ReadAction\",\"target\":[\"https:\/\/www.press7.tv\/?p=20829\"]}]},{\"@type\":\"ImageObject\",\"inLanguage\":\"en-US\",\"@id\":\"https:\/\/www.press7.tv\/?p=20829#primaryimage\",\"url\":\"https:\/\/www.press7.tv\/wp-content\/uploads\/2025\/07\/IMG_6160.avif\",\"contentUrl\":\"https:\/\/www.press7.tv\/wp-content\/uploads\/2025\/07\/IMG_6160.avif\",\"width\":750,\"height\":500},{\"@type\":\"BreadcrumbList\",\"@id\":\"https:\/\/www.press7.tv\/?p=20829#breadcrumb\",\"itemListElement\":[{\"@type\":\"ListItem\",\"position\":1,\"name\":\"Home\",\"item\":\"https:\/\/www.press7.tv\/\"},{\"@type\":\"ListItem\",\"position\":2,\"name\":\"Lirohet Nozy, reagon p\u00ebr her\u00eb t\u00eb par\u00eb n\u00eb rrjete sociale\"}]},{\"@type\":\"WebSite\",\"@id\":\"https:\/\/www.news33.tv\/#website\",\"url\":\"https:\/\/www.news33.tv\/\",\"name\":\"News33.tv Media\",\"description\":\"Media\",\"publisher\":{\"@id\":\"https:\/\/www.news33.tv\/#organization\"},\"potentialAction\":[{\"@type\":\"SearchAction\",\"target\":{\"@type\":\"EntryPoint\",\"urlTemplate\":\"https:\/\/www.news33.tv\/?s={search_term_string}\"},\"query-input\":{\"@type\":\"PropertyValueSpecification\",\"valueRequired\":true,\"valueName\":\"search_term_string\"}}],\"inLanguage\":\"en-US\"},{\"@type\":\"Organization\",\"@id\":\"https:\/\/www.news33.tv\/#organization\",\"name\":\"News33.tv Media\",\"url\":\"https:\/\/www.news33.tv\/\",\"logo\":{\"@type\":\"ImageObject\",\"inLanguage\":\"en-US\",\"@id\":\"https:\/\/www.news33.tv\/#\/schema\/logo\/image\/\",\"url\":\"https:\/\/www.press7.tv\/wp-content\/uploads\/2024\/02\/logo-news33-black.png\",\"contentUrl\":\"https:\/\/www.press7.tv\/wp-content\/uploads\/2024\/02\/logo-news33-black.png\",\"width\":180,\"height\":37,\"caption\":\"News33.tv Media\"},\"image\":{\"@id\":\"https:\/\/www.news33.tv\/#\/schema\/logo\/image\/\"},\"sameAs\":[\"https:\/\/www.facebook.com\/press7.tv\"]},{\"@type\":\"Person\",\"@id\":\"https:\/\/www.news33.tv\/#\/schema\/person\/5a04a38a23ccdba82f9bd665cd8f9efa\",\"name\":\"gazetar2\",\"image\":{\"@type\":\"ImageObject\",\"inLanguage\":\"en-US\",\"@id\":\"https:\/\/www.news33.tv\/#\/schema\/person\/image\/\",\"url\":\"https:\/\/www.press7.tv\/wp-content\/litespeed\/avatar\/41975e402c3049d9ddb03adca8f7a883.jpg?ver=1777169572\",\"contentUrl\":\"https:\/\/www.press7.tv\/wp-content\/litespeed\/avatar\/41975e402c3049d9ddb03adca8f7a883.jpg?ver=1777169572\",\"caption\":\"gazetar2\"},\"url\":\"https:\/\/www.press7.tv\/?author=8\"}]}<\/script>\n<!-- \/ Yoast SEO plugin. -->","yoast_head_json":{"title":"Lirohet Nozy, reagon p\u00ebr her\u00eb t\u00eb par\u00eb n\u00eb rrjete sociale - press7.tv","robots":{"index":"index","follow":"follow","max-snippet":"max-snippet:-1","max-image-preview":"max-image-preview:large","max-video-preview":"max-video-preview:-1"},"canonical":"https:\/\/www.press7.tv\/?p=20829","og_locale":"en_US","og_type":"article","og_title":"Lirohet Nozy, reagon p\u00ebr her\u00eb t\u00eb par\u00eb n\u00eb rrjete sociale - press7.tv","og_description":"Pas arrestimit t\u00eb shtun\u00ebn e kaluar (5 korrik) nga policia zvicerane n\u00eb aeroportin e Zyrihut, ka ardhur nj\u00eb reagim nga profili i reperit Noizy. Aty shkruhet se gjith\u00e7ka ishte keqkuptim dhe se reperi \u00ebsht\u00eb kthyer s\u00ebrish. \u201cNj\u00eb keqkuptim i r\u00ebnd\u00eb, i shkaktuar nga nj\u00eb shpifje e past\u00ebr, m\u00eb p\u00ebrfshiu padrejt\u00ebsisht n\u00eb nj\u00eb procedur\u00eb verifikimi nga [&hellip;]","og_url":"https:\/\/www.press7.tv\/?p=20829","og_site_name":"press7.tv","article_publisher":"https:\/\/www.facebook.com\/press7.tv","article_published_time":"2025-07-10T17:00:15+00:00","og_image":[{"width":750,"height":500,"url":"https:\/\/www.press7.tv\/wp-content\/uploads\/2025\/07\/IMG_6160.avif","type":"image\/webp"}],"author":"gazetar2","twitter_card":"summary_large_image","twitter_misc":{"Written by":"gazetar2","Est. reading time":"1 minute"},"schema":{"@context":"https:\/\/schema.org","@graph":[{"@type":"Article","@id":"https:\/\/www.press7.tv\/?p=20829#article","isPartOf":{"@id":"https:\/\/www.press7.tv\/?p=20829"},"author":{"name":"gazetar2","@id":"https:\/\/www.news33.tv\/#\/schema\/person\/5a04a38a23ccdba82f9bd665cd8f9efa"},"headline":"Lirohet Nozy, reagon p\u00ebr her\u00eb t\u00eb par\u00eb n\u00eb rrjete sociale","datePublished":"2025-07-10T17:00:15+00:00","mainEntityOfPage":{"@id":"https:\/\/www.press7.tv\/?p=20829"},"wordCount":123,"publisher":{"@id":"https:\/\/www.news33.tv\/#organization"},"image":{"@id":"https:\/\/www.press7.tv\/?p=20829#primaryimage"},"thumbnailUrl":"https:\/\/www.press7.tv\/wp-content\/uploads\/2025\/07\/IMG_6160.avif","articleSection":["ShowBiz"],"inLanguage":"en-US"},{"@type":"WebPage","@id":"https:\/\/www.press7.tv\/?p=20829","url":"https:\/\/www.press7.tv\/?p=20829","name":"Lirohet Nozy, reagon p\u00ebr her\u00eb t\u00eb par\u00eb n\u00eb rrjete sociale - press7.tv","isPartOf":{"@id":"https:\/\/www.news33.tv\/#website"},"primaryImageOfPage":{"@id":"https:\/\/www.press7.tv\/?p=20829#primaryimage"},"image":{"@id":"https:\/\/www.press7.tv\/?p=20829#primaryimage"},"thumbnailUrl":"https:\/\/www.press7.tv\/wp-content\/uploads\/2025\/07\/IMG_6160.avif","datePublished":"2025-07-10T17:00:15+00:00","breadcrumb":{"@id":"https:\/\/www.press7.tv\/?p=20829#breadcrumb"},"inLanguage":"en-US","potentialAction":[{"@type":"ReadAction","target":["https:\/\/www.press7.tv\/?p=20829"]}]},{"@type":"ImageObject","inLanguage":"en-US","@id":"https:\/\/www.press7.tv\/?p=20829#primaryimage","url":"https:\/\/www.press7.tv\/wp-content\/uploads\/2025\/07\/IMG_6160.avif","contentUrl":"https:\/\/www.press7.tv\/wp-content\/uploads\/2025\/07\/IMG_6160.avif","width":750,"height":500},{"@type":"BreadcrumbList","@id":"https:\/\/www.press7.tv\/?p=20829#breadcrumb","itemListElement":[{"@type":"ListItem","position":1,"name":"Home","item":"https:\/\/www.press7.tv\/"},{"@type":"ListItem","position":2,"name":"Lirohet Nozy, reagon p\u00ebr her\u00eb t\u00eb par\u00eb n\u00eb rrjete sociale"}]},{"@type":"WebSite","@id":"https:\/\/www.news33.tv\/#website","url":"https:\/\/www.news33.tv\/","name":"News33.tv Media","description":"Media","publisher":{"@id":"https:\/\/www.news33.tv\/#organization"},"potentialAction":[{"@type":"SearchAction","target":{"@type":"EntryPoint","urlTemplate":"https:\/\/www.news33.tv\/?s={search_term_string}"},"query-input":{"@type":"PropertyValueSpecification","valueRequired":true,"valueName":"search_term_string"}}],"inLanguage":"en-US"},{"@type":"Organization","@id":"https:\/\/www.news33.tv\/#organization","name":"News33.tv Media","url":"https:\/\/www.news33.tv\/","logo":{"@type":"ImageObject","inLanguage":"en-US","@id":"https:\/\/www.news33.tv\/#\/schema\/logo\/image\/","url":"https:\/\/www.press7.tv\/wp-content\/uploads\/2024\/02\/logo-news33-black.png","contentUrl":"https:\/\/www.press7.tv\/wp-content\/uploads\/2024\/02\/logo-news33-black.png","width":180,"height":37,"caption":"News33.tv Media"},"image":{"@id":"https:\/\/www.news33.tv\/#\/schema\/logo\/image\/"},"sameAs":["https:\/\/www.facebook.com\/press7.tv"]},{"@type":"Person","@id":"https:\/\/www.news33.tv\/#\/schema\/person\/5a04a38a23ccdba82f9bd665cd8f9efa","name":"gazetar2","image":{"@type":"ImageObject","inLanguage":"en-US","@id":"https:\/\/www.news33.tv\/#\/schema\/person\/image\/","url":"https:\/\/www.press7.tv\/wp-content\/litespeed\/avatar\/41975e402c3049d9ddb03adca8f7a883.jpg?ver=1777169572","contentUrl":"https:\/\/www.press7.tv\/wp-content\/litespeed\/avatar\/41975e402c3049d9ddb03adca8f7a883.jpg?ver=1777169572","caption":"gazetar2"},"url":"https:\/\/www.press7.tv\/?author=8"}]}},"amp_enabled":true,"_links":{"self":[{"href":"https:\/\/www.press7.tv\/index.php?rest_route=\/wp\/v2\/posts\/20829","targetHints":{"allow":["GET"]}}],"collection":[{"href":"https:\/\/www.press7.tv\/index.php?rest_route=\/wp\/v2\/posts"}],"about":[{"href":"https:\/\/www.press7.tv\/index.php?rest_route=\/wp\/v2\/types\/post"}],"author":[{"embeddable":true,"href":"https:\/\/www.press7.tv\/index.php?rest_route=\/wp\/v2\/users\/8"}],"replies":[{"embeddable":true,"href":"https:\/\/www.press7.tv\/index.php?rest_route=%2Fwp%2Fv2%2Fcomments&post=20829"}],"version-history":[{"count":1,"href":"https:\/\/www.press7.tv\/index.php?rest_route=\/wp\/v2\/posts\/20829\/revisions"}],"predecessor-version":[{"id":20831,"href":"https:\/\/www.press7.tv\/index.php?rest_route=\/wp\/v2\/posts\/20829\/revisions\/20831"}],"wp:featuredmedia":[{"embeddable":true,"href":"https:\/\/www.press7.tv\/index.php?rest_route=\/wp\/v2\/media\/20830"}],"wp:attachment":[{"href":"https:\/\/www.press7.tv\/index.php?rest_route=%2Fwp%2Fv2%2Fmedia&parent=20829"}],"wp:term":[{"taxonomy":"category","embeddable":true,"href":"https:\/\/www.press7.tv\/index.php?rest_route=%2Fwp%2Fv2%2Fcategories&post=20829"},{"taxonomy":"post_tag","embeddable":true,"href":"https:\/\/www.press7.tv\/index.php?rest_route=%2Fwp%2Fv2%2Ftags&post=20829"}],"curies":[{"name":"wp","href":"https:\/\/api.w.org\/{rel}","templated":true}]}}