{"id":20825,"date":"2025-07-10T15:44:03","date_gmt":"2025-07-10T15:44:03","guid":{"rendered":"https:\/\/www.press7.tv\/?p=20825"},"modified":"2025-07-10T15:44:03","modified_gmt":"2025-07-10T15:44:03","slug":"arben-fetai-ne-vetem-dy-jave-kemi-bere-me-shume-se-sa-te-tjeret-ne-dy-dekada","status":"publish","type":"post","link":"https:\/\/www.press7.tv\/?p=20825","title":{"rendered":"Arben Fetai: N\u00eb vet\u00ebm dy jav\u00eb, kemi b\u00ebr\u00eb m\u00eb shum\u00eb se sa t\u00eb tjer\u00ebt n\u00eb dy dekada"},"content":{"rendered":"\n    <div class=\"xs_social_share_widget xs_share_url before_content \t\tmain_content  wslu-style-2 wslu-share-box-shaped wslu-fill-colored wslu-share-m-5 wslu-none wslu-share-vertical wslu-theme-font-no wslu-main_content\">\n\n\t\t\n        <ul>\n\t\t\t        <\/ul>\n    <\/div> \n<p>Fetai: Ne vetem dy jave, kemi bere me shume se sa te tjer\u00ebt ne dy dekada<br \/>\nZevendeskryeministri per Sistemin Politik dhe<br \/>\nMarredheniet ndermjet Bashkesive, Arben Fetai, ka publikuar nje permbledhje te puneve te realizuara nga<br \/>\ngeveria ne vetem dy jav\u00ebt e fundit, duke theksuar se rezultatet flasin vete dhe se qytetar\u00ebt tashme b\u00ebjn\u00eb<br \/>\ndallimin mes punes dhe propagandes.<br \/>\nSipas Fetait, keto jane disa nga arritjet kryesore te kesaj periudhe:<br \/>\nMiratimi ne Qeveri i Projektligjit historik per Perfaq\u00ebsim te Drejte dhe Adekuat, i cili vien pas me shume se dy dekadash premtime te pambatura nga pushtetet e m\u00ebparshme.<\/p>\n<p>Zgjidhja perfundimtare e te gjitha rasteve te personave pa shtet\u00ebsi, nj problematike q\u00eb rridhte nga shperb\u00ebrja<br \/>\ne ish-Jugosllavis\u00ae, dhe q\u00eb e b\u00ebn Magedonin\u00eb e Veriut<br \/>\nshtetin e pare ne rajon qe e mbyll kete geshtje sipas<br \/>\nUNHCR-se.<br \/>\nMiratimi i Strategjise se re per Bashk\u00ebpunim me Shogerine Civile per periudhen 2025-2029, pas nj\u00eb periudhe te gjate te anashkalimit te ketij sektori nga geverite e kaluara.<br \/>\nZgjidhja e statusit te dhjetera inspektoreve tatimore<br \/>\nkomunale, te cilet per vite me radhe ishin lene pa licenca dhe te kategorizuar si punonjes administrative.<br \/>\n&#8220;Qytetar\u00ebt nuk bien me pre e mashtrimeve te atyre q\u00eb vajtojne privilegjet e tyre personale. Keto arritje dhe shume te tjera qe do te vijne jane per te gjithe&#8221;, theksoi<br \/>\nFetai ne postimin e tij, duke perfunduar me mesazhin:<br \/>\n&#8220;Vazhdojme&#8221;.<\/p>\n","protected":false},"excerpt":{"rendered":"<p>Fetai: Ne vetem dy jave, kemi bere me shume se sa te tjer\u00ebt ne dy dekada Zevendeskryeministri per Sistemin Politik dhe Marredheniet ndermjet Bashkesive, Arben Fetai, ka publikuar nje permbledhje te puneve te realizuara nga geveria ne vetem dy jav\u00ebt e fundit, duke theksuar se rezultatet flasin vete dhe se qytetar\u00ebt tashme b\u00ebjn\u00eb dallimin mes [&hellip;]<\/p>\n","protected":false},"author":8,"featured_media":20826,"comment_status":"closed","ping_status":"closed","sticky":false,"template":"","format":"standard","meta":{"footnotes":""},"categories":[213,214],"tags":[],"class_list":["post-20825","post","type-post","status-publish","format-standard","has-post-thumbnail","hentry","category-lajme","category-maqedoni"],"yoast_head":"<!-- This site is optimized with the Yoast SEO plugin v25.1 - https:\/\/yoast.com\/wordpress\/plugins\/seo\/ -->\n<title>Arben Fetai: N\u00eb vet\u00ebm dy jav\u00eb, kemi b\u00ebr\u00eb m\u00eb shum\u00eb se sa t\u00eb tjer\u00ebt n\u00eb dy dekada - press7.tv<\/title>\n<meta name=\"robots\" content=\"index, follow, max-snippet:-1, max-image-preview:large, max-video-preview:-1\" \/>\n<link rel=\"canonical\" href=\"https:\/\/www.press7.tv\/?p=20825\" \/>\n<meta property=\"og:locale\" content=\"en_US\" \/>\n<meta property=\"og:type\" content=\"article\" \/>\n<meta property=\"og:title\" content=\"Arben Fetai: N\u00eb vet\u00ebm dy jav\u00eb, kemi b\u00ebr\u00eb m\u00eb shum\u00eb se sa t\u00eb tjer\u00ebt n\u00eb dy dekada - press7.tv\" \/>\n<meta property=\"og:description\" content=\"Fetai: Ne vetem dy jave, kemi bere me shume se sa te tjer\u00ebt ne dy dekada Zevendeskryeministri per Sistemin Politik dhe Marredheniet ndermjet Bashkesive, Arben Fetai, ka publikuar nje permbledhje te puneve te realizuara nga geveria ne vetem dy jav\u00ebt e fundit, duke theksuar se rezultatet flasin vete dhe se qytetar\u00ebt tashme b\u00ebjn\u00eb dallimin mes [&hellip;]\" \/>\n<meta property=\"og:url\" content=\"https:\/\/www.press7.tv\/?p=20825\" \/>\n<meta property=\"og:site_name\" content=\"press7.tv\" \/>\n<meta property=\"article:publisher\" content=\"https:\/\/www.facebook.com\/press7.tv\" \/>\n<meta property=\"article:published_time\" content=\"2025-07-10T15:44:03+00:00\" \/>\n<meta property=\"og:image\" content=\"https:\/\/www.press7.tv\/wp-content\/uploads\/2025\/07\/IMG_6156.avif\" \/>\n\t<meta property=\"og:image:width\" content=\"1242\" \/>\n\t<meta property=\"og:image:height\" content=\"737\" \/>\n\t<meta property=\"og:image:type\" content=\"image\/jpeg\" \/>\n<meta name=\"author\" content=\"gazetar2\" \/>\n<meta name=\"twitter:card\" content=\"summary_large_image\" \/>\n<meta name=\"twitter:label1\" content=\"Written by\" \/>\n\t<meta name=\"twitter:data1\" content=\"gazetar2\" \/>\n\t<meta name=\"twitter:label2\" content=\"Est. reading time\" \/>\n\t<meta name=\"twitter:data2\" content=\"2 minutes\" \/>\n<script type=\"application\/ld+json\" class=\"yoast-schema-graph\">{\"@context\":\"https:\/\/schema.org\",\"@graph\":[{\"@type\":\"Article\",\"@id\":\"https:\/\/www.press7.tv\/?p=20825#article\",\"isPartOf\":{\"@id\":\"https:\/\/www.press7.tv\/?p=20825\"},\"author\":{\"name\":\"gazetar2\",\"@id\":\"https:\/\/www.news33.tv\/#\/schema\/person\/5a04a38a23ccdba82f9bd665cd8f9efa\"},\"headline\":\"Arben Fetai: N\u00eb vet\u00ebm dy jav\u00eb, kemi b\u00ebr\u00eb m\u00eb shum\u00eb se sa t\u00eb tjer\u00ebt n\u00eb dy dekada\",\"datePublished\":\"2025-07-10T15:44:03+00:00\",\"mainEntityOfPage\":{\"@id\":\"https:\/\/www.press7.tv\/?p=20825\"},\"wordCount\":256,\"publisher\":{\"@id\":\"https:\/\/www.news33.tv\/#organization\"},\"image\":{\"@id\":\"https:\/\/www.press7.tv\/?p=20825#primaryimage\"},\"thumbnailUrl\":\"https:\/\/www.press7.tv\/wp-content\/uploads\/2025\/07\/IMG_6156.avif\",\"articleSection\":[\"Lajme\",\"Maqedoni\"],\"inLanguage\":\"en-US\"},{\"@type\":\"WebPage\",\"@id\":\"https:\/\/www.press7.tv\/?p=20825\",\"url\":\"https:\/\/www.press7.tv\/?p=20825\",\"name\":\"Arben Fetai: N\u00eb vet\u00ebm dy jav\u00eb, kemi b\u00ebr\u00eb m\u00eb shum\u00eb se sa t\u00eb tjer\u00ebt n\u00eb dy dekada - press7.tv\",\"isPartOf\":{\"@id\":\"https:\/\/www.news33.tv\/#website\"},\"primaryImageOfPage\":{\"@id\":\"https:\/\/www.press7.tv\/?p=20825#primaryimage\"},\"image\":{\"@id\":\"https:\/\/www.press7.tv\/?p=20825#primaryimage\"},\"thumbnailUrl\":\"https:\/\/www.press7.tv\/wp-content\/uploads\/2025\/07\/IMG_6156.avif\",\"datePublished\":\"2025-07-10T15:44:03+00:00\",\"breadcrumb\":{\"@id\":\"https:\/\/www.press7.tv\/?p=20825#breadcrumb\"},\"inLanguage\":\"en-US\",\"potentialAction\":[{\"@type\":\"ReadAction\",\"target\":[\"https:\/\/www.press7.tv\/?p=20825\"]}]},{\"@type\":\"ImageObject\",\"inLanguage\":\"en-US\",\"@id\":\"https:\/\/www.press7.tv\/?p=20825#primaryimage\",\"url\":\"https:\/\/www.press7.tv\/wp-content\/uploads\/2025\/07\/IMG_6156.avif\",\"contentUrl\":\"https:\/\/www.press7.tv\/wp-content\/uploads\/2025\/07\/IMG_6156.avif\",\"width\":1242,\"height\":737,\"caption\":\"Screenshot\"},{\"@type\":\"BreadcrumbList\",\"@id\":\"https:\/\/www.press7.tv\/?p=20825#breadcrumb\",\"itemListElement\":[{\"@type\":\"ListItem\",\"position\":1,\"name\":\"Home\",\"item\":\"https:\/\/www.press7.tv\/\"},{\"@type\":\"ListItem\",\"position\":2,\"name\":\"Arben Fetai: N\u00eb vet\u00ebm dy jav\u00eb, kemi b\u00ebr\u00eb m\u00eb shum\u00eb se sa t\u00eb tjer\u00ebt n\u00eb dy dekada\"}]},{\"@type\":\"WebSite\",\"@id\":\"https:\/\/www.news33.tv\/#website\",\"url\":\"https:\/\/www.news33.tv\/\",\"name\":\"News33.tv Media\",\"description\":\"Media\",\"publisher\":{\"@id\":\"https:\/\/www.news33.tv\/#organization\"},\"potentialAction\":[{\"@type\":\"SearchAction\",\"target\":{\"@type\":\"EntryPoint\",\"urlTemplate\":\"https:\/\/www.news33.tv\/?s={search_term_string}\"},\"query-input\":{\"@type\":\"PropertyValueSpecification\",\"valueRequired\":true,\"valueName\":\"search_term_string\"}}],\"inLanguage\":\"en-US\"},{\"@type\":\"Organization\",\"@id\":\"https:\/\/www.news33.tv\/#organization\",\"name\":\"News33.tv Media\",\"url\":\"https:\/\/www.news33.tv\/\",\"logo\":{\"@type\":\"ImageObject\",\"inLanguage\":\"en-US\",\"@id\":\"https:\/\/www.news33.tv\/#\/schema\/logo\/image\/\",\"url\":\"https:\/\/www.press7.tv\/wp-content\/uploads\/2024\/02\/logo-news33-black.png\",\"contentUrl\":\"https:\/\/www.press7.tv\/wp-content\/uploads\/2024\/02\/logo-news33-black.png\",\"width\":180,\"height\":37,\"caption\":\"News33.tv Media\"},\"image\":{\"@id\":\"https:\/\/www.news33.tv\/#\/schema\/logo\/image\/\"},\"sameAs\":[\"https:\/\/www.facebook.com\/press7.tv\"]},{\"@type\":\"Person\",\"@id\":\"https:\/\/www.news33.tv\/#\/schema\/person\/5a04a38a23ccdba82f9bd665cd8f9efa\",\"name\":\"gazetar2\",\"image\":{\"@type\":\"ImageObject\",\"inLanguage\":\"en-US\",\"@id\":\"https:\/\/www.news33.tv\/#\/schema\/person\/image\/\",\"url\":\"https:\/\/www.press7.tv\/wp-content\/litespeed\/avatar\/41975e402c3049d9ddb03adca8f7a883.jpg?ver=1777169572\",\"contentUrl\":\"https:\/\/www.press7.tv\/wp-content\/litespeed\/avatar\/41975e402c3049d9ddb03adca8f7a883.jpg?ver=1777169572\",\"caption\":\"gazetar2\"},\"url\":\"https:\/\/www.press7.tv\/?author=8\"}]}<\/script>\n<!-- \/ Yoast SEO plugin. -->","yoast_head_json":{"title":"Arben Fetai: N\u00eb vet\u00ebm dy jav\u00eb, kemi b\u00ebr\u00eb m\u00eb shum\u00eb se sa t\u00eb tjer\u00ebt n\u00eb dy dekada - press7.tv","robots":{"index":"index","follow":"follow","max-snippet":"max-snippet:-1","max-image-preview":"max-image-preview:large","max-video-preview":"max-video-preview:-1"},"canonical":"https:\/\/www.press7.tv\/?p=20825","og_locale":"en_US","og_type":"article","og_title":"Arben Fetai: N\u00eb vet\u00ebm dy jav\u00eb, kemi b\u00ebr\u00eb m\u00eb shum\u00eb se sa t\u00eb tjer\u00ebt n\u00eb dy dekada - press7.tv","og_description":"Fetai: Ne vetem dy jave, kemi bere me shume se sa te tjer\u00ebt ne dy dekada Zevendeskryeministri per Sistemin Politik dhe Marredheniet ndermjet Bashkesive, Arben Fetai, ka publikuar nje permbledhje te puneve te realizuara nga geveria ne vetem dy jav\u00ebt e fundit, duke theksuar se rezultatet flasin vete dhe se qytetar\u00ebt tashme b\u00ebjn\u00eb dallimin mes [&hellip;]","og_url":"https:\/\/www.press7.tv\/?p=20825","og_site_name":"press7.tv","article_publisher":"https:\/\/www.facebook.com\/press7.tv","article_published_time":"2025-07-10T15:44:03+00:00","og_image":[{"width":1242,"height":737,"url":"https:\/\/www.press7.tv\/wp-content\/uploads\/2025\/07\/IMG_6156.avif","type":"image\/jpeg"}],"author":"gazetar2","twitter_card":"summary_large_image","twitter_misc":{"Written by":"gazetar2","Est. reading time":"2 minutes"},"schema":{"@context":"https:\/\/schema.org","@graph":[{"@type":"Article","@id":"https:\/\/www.press7.tv\/?p=20825#article","isPartOf":{"@id":"https:\/\/www.press7.tv\/?p=20825"},"author":{"name":"gazetar2","@id":"https:\/\/www.news33.tv\/#\/schema\/person\/5a04a38a23ccdba82f9bd665cd8f9efa"},"headline":"Arben Fetai: N\u00eb vet\u00ebm dy jav\u00eb, kemi b\u00ebr\u00eb m\u00eb shum\u00eb se sa t\u00eb tjer\u00ebt n\u00eb dy dekada","datePublished":"2025-07-10T15:44:03+00:00","mainEntityOfPage":{"@id":"https:\/\/www.press7.tv\/?p=20825"},"wordCount":256,"publisher":{"@id":"https:\/\/www.news33.tv\/#organization"},"image":{"@id":"https:\/\/www.press7.tv\/?p=20825#primaryimage"},"thumbnailUrl":"https:\/\/www.press7.tv\/wp-content\/uploads\/2025\/07\/IMG_6156.avif","articleSection":["Lajme","Maqedoni"],"inLanguage":"en-US"},{"@type":"WebPage","@id":"https:\/\/www.press7.tv\/?p=20825","url":"https:\/\/www.press7.tv\/?p=20825","name":"Arben Fetai: N\u00eb vet\u00ebm dy jav\u00eb, kemi b\u00ebr\u00eb m\u00eb shum\u00eb se sa t\u00eb tjer\u00ebt n\u00eb dy dekada - press7.tv","isPartOf":{"@id":"https:\/\/www.news33.tv\/#website"},"primaryImageOfPage":{"@id":"https:\/\/www.press7.tv\/?p=20825#primaryimage"},"image":{"@id":"https:\/\/www.press7.tv\/?p=20825#primaryimage"},"thumbnailUrl":"https:\/\/www.press7.tv\/wp-content\/uploads\/2025\/07\/IMG_6156.avif","datePublished":"2025-07-10T15:44:03+00:00","breadcrumb":{"@id":"https:\/\/www.press7.tv\/?p=20825#breadcrumb"},"inLanguage":"en-US","potentialAction":[{"@type":"ReadAction","target":["https:\/\/www.press7.tv\/?p=20825"]}]},{"@type":"ImageObject","inLanguage":"en-US","@id":"https:\/\/www.press7.tv\/?p=20825#primaryimage","url":"https:\/\/www.press7.tv\/wp-content\/uploads\/2025\/07\/IMG_6156.avif","contentUrl":"https:\/\/www.press7.tv\/wp-content\/uploads\/2025\/07\/IMG_6156.avif","width":1242,"height":737,"caption":"Screenshot"},{"@type":"BreadcrumbList","@id":"https:\/\/www.press7.tv\/?p=20825#breadcrumb","itemListElement":[{"@type":"ListItem","position":1,"name":"Home","item":"https:\/\/www.press7.tv\/"},{"@type":"ListItem","position":2,"name":"Arben Fetai: N\u00eb vet\u00ebm dy jav\u00eb, kemi b\u00ebr\u00eb m\u00eb shum\u00eb se sa t\u00eb tjer\u00ebt n\u00eb dy dekada"}]},{"@type":"WebSite","@id":"https:\/\/www.news33.tv\/#website","url":"https:\/\/www.news33.tv\/","name":"News33.tv Media","description":"Media","publisher":{"@id":"https:\/\/www.news33.tv\/#organization"},"potentialAction":[{"@type":"SearchAction","target":{"@type":"EntryPoint","urlTemplate":"https:\/\/www.news33.tv\/?s={search_term_string}"},"query-input":{"@type":"PropertyValueSpecification","valueRequired":true,"valueName":"search_term_string"}}],"inLanguage":"en-US"},{"@type":"Organization","@id":"https:\/\/www.news33.tv\/#organization","name":"News33.tv Media","url":"https:\/\/www.news33.tv\/","logo":{"@type":"ImageObject","inLanguage":"en-US","@id":"https:\/\/www.news33.tv\/#\/schema\/logo\/image\/","url":"https:\/\/www.press7.tv\/wp-content\/uploads\/2024\/02\/logo-news33-black.png","contentUrl":"https:\/\/www.press7.tv\/wp-content\/uploads\/2024\/02\/logo-news33-black.png","width":180,"height":37,"caption":"News33.tv Media"},"image":{"@id":"https:\/\/www.news33.tv\/#\/schema\/logo\/image\/"},"sameAs":["https:\/\/www.facebook.com\/press7.tv"]},{"@type":"Person","@id":"https:\/\/www.news33.tv\/#\/schema\/person\/5a04a38a23ccdba82f9bd665cd8f9efa","name":"gazetar2","image":{"@type":"ImageObject","inLanguage":"en-US","@id":"https:\/\/www.news33.tv\/#\/schema\/person\/image\/","url":"https:\/\/www.press7.tv\/wp-content\/litespeed\/avatar\/41975e402c3049d9ddb03adca8f7a883.jpg?ver=1777169572","contentUrl":"https:\/\/www.press7.tv\/wp-content\/litespeed\/avatar\/41975e402c3049d9ddb03adca8f7a883.jpg?ver=1777169572","caption":"gazetar2"},"url":"https:\/\/www.press7.tv\/?author=8"}]}},"amp_enabled":true,"_links":{"self":[{"href":"https:\/\/www.press7.tv\/index.php?rest_route=\/wp\/v2\/posts\/20825","targetHints":{"allow":["GET"]}}],"collection":[{"href":"https:\/\/www.press7.tv\/index.php?rest_route=\/wp\/v2\/posts"}],"about":[{"href":"https:\/\/www.press7.tv\/index.php?rest_route=\/wp\/v2\/types\/post"}],"author":[{"embeddable":true,"href":"https:\/\/www.press7.tv\/index.php?rest_route=\/wp\/v2\/users\/8"}],"replies":[{"embeddable":true,"href":"https:\/\/www.press7.tv\/index.php?rest_route=%2Fwp%2Fv2%2Fcomments&post=20825"}],"version-history":[{"count":1,"href":"https:\/\/www.press7.tv\/index.php?rest_route=\/wp\/v2\/posts\/20825\/revisions"}],"predecessor-version":[{"id":20828,"href":"https:\/\/www.press7.tv\/index.php?rest_route=\/wp\/v2\/posts\/20825\/revisions\/20828"}],"wp:featuredmedia":[{"embeddable":true,"href":"https:\/\/www.press7.tv\/index.php?rest_route=\/wp\/v2\/media\/20826"}],"wp:attachment":[{"href":"https:\/\/www.press7.tv\/index.php?rest_route=%2Fwp%2Fv2%2Fmedia&parent=20825"}],"wp:term":[{"taxonomy":"category","embeddable":true,"href":"https:\/\/www.press7.tv\/index.php?rest_route=%2Fwp%2Fv2%2Fcategories&post=20825"},{"taxonomy":"post_tag","embeddable":true,"href":"https:\/\/www.press7.tv\/index.php?rest_route=%2Fwp%2Fv2%2Ftags&post=20825"}],"curies":[{"name":"wp","href":"https:\/\/api.w.org\/{rel}","templated":true}]}}