{"id":20820,"date":"2025-07-10T15:19:31","date_gmt":"2025-07-10T15:19:31","guid":{"rendered":"https:\/\/www.press7.tv\/?p=20820"},"modified":"2025-07-10T15:19:31","modified_gmt":"2025-07-10T15:19:31","slug":"media-zvicerane-watson-noizy-akuzohet-jo-per-nje-por-per-disa-vepra-penale-ne-zvicer","status":"publish","type":"post","link":"https:\/\/www.press7.tv\/?p=20820","title":{"rendered":"Media zvicerane \u2018Watson\u2019: Noizy akuzohet jo p\u00ebr nj\u00eb, por p\u00ebr disa vepra penale n\u00eb Zvic\u00ebr"},"content":{"rendered":"\n    <div class=\"xs_social_share_widget xs_share_url before_content \t\tmain_content  wslu-style-2 wslu-share-box-shaped wslu-fill-colored wslu-share-m-5 wslu-none wslu-share-vertical wslu-theme-font-no wslu-main_content\">\n\n\t\t\n        <ul>\n\t\t\t        <\/ul>\n    <\/div> \n<p>Policia kantonale e Cyrihut t\u00eb shtun\u00ebn e kaluar ka arrestuar reperin e njohur shqiptar Noizy n\u00eb Aeroportin e Cyrihut, me urdh\u00ebr t\u00eb Prokuroris\u00eb I p\u00ebr Krime t\u00eb R\u00ebnda me Dhun\u00eb.<\/p>\n<p>Lajmi \u00ebsht\u00eb b\u00ebr\u00eb i ditur t\u00eb h\u00ebn\u00ebn, por autoritetet nuk kan\u00eb dh\u00ebn\u00eb detaje t\u00eb m\u00ebtejshme p\u00ebr shkaqet e arrestimit, shkruan media zvicerane Watson.ch.<\/p>\n<p>Sipas njoftimit t\u00eb Prokuroris\u00eb t\u00eb mart\u00ebn, 38-vje\u00e7ari akuzohet p\u00ebr disa vepra penale, p\u00ebr t\u00eb cilat \u00ebsht\u00eb duke u zhvilluar nj\u00eb procedur\u00eb penale. P\u00ebr shkak t\u00eb procesit ende n\u00eb zhvillim, nuk jan\u00eb dh\u00ebn\u00eb m\u00eb shum\u00eb holl\u00ebsi.<\/p>\n<p>Prokuroria ka k\u00ebrkuar nga gjykata p\u00ebr masat e detyrueshme q\u00eb Noizy t\u00eb mbahet n\u00eb paraburgim, por ende nuk \u00ebsht\u00eb marr\u00eb nj\u00eb vendim zyrtar. Deri n\u00eb shpalljen e nj\u00eb gjykimi p\u00ebrfundimtar, reperi g\u00ebzon prezumimin e pafaj\u00ebsis\u00eb.<\/p>\n<p>Noizy kishte planifikuar t\u00eb performonte t\u00eb shtun\u00ebn mbr\u00ebma n\u00eb klubin Rinora 4 n\u00eb R\u00fcmlang, ku pritej t\u00eb prezantonte albumin e tij t\u00eb ri para publikut zviceran. Megjithat\u00eb, planet u nd\u00ebrpren\u00eb n\u00eb momentin q\u00eb reperi mb\u00ebrriti n\u00eb Zvic\u00ebr dhe u arrestua menj\u00ebher\u00eb n\u00eb aeroport. Eventi u anulua dhe t\u00eb gjitha njoftimet p\u00ebr koncertin u fshin\u00eb nga rrjetet sociale.<\/p>\n<p>Noizy, nj\u00eb nga emrat m\u00eb t\u00eb njohur t\u00eb muzik\u00ebs urbane shqiptare, num\u00ebron afro kat\u00ebr milion\u00eb ndjek\u00ebs n\u00eb Spotify dhe mbi dy milion\u00eb ndjek\u00ebs n\u00eb Instagram. Ai ka qen\u00eb edhe n\u00eb qend\u00ebr t\u00eb v\u00ebmendjes publike kur ka ndar\u00eb sken\u00ebn me kryeministrin e Shqip\u00ebris\u00eb, Edi Rama, gjat\u00eb fushat\u00ebs s\u00eb tij zgjedhore dhe pas rizgjedhjes.<\/p>\n<p>P\u00ebr momentin, Noizy ndodhet n\u00eb paraburgim n\u00eb Zvic\u00ebr, dhe mbetet t\u00eb shihet se si do t\u00eb zhvillohet m\u00eb tej procesi ndaj tij. \/Telegrafi\/<\/p>\n","protected":false},"excerpt":{"rendered":"<p>Policia kantonale e Cyrihut t\u00eb shtun\u00ebn e kaluar ka arrestuar reperin e njohur shqiptar Noizy n\u00eb Aeroportin e Cyrihut, me urdh\u00ebr t\u00eb Prokuroris\u00eb I p\u00ebr Krime t\u00eb R\u00ebnda me Dhun\u00eb. Lajmi \u00ebsht\u00eb b\u00ebr\u00eb i ditur t\u00eb h\u00ebn\u00ebn, por autoritetet nuk kan\u00eb dh\u00ebn\u00eb detaje t\u00eb m\u00ebtejshme p\u00ebr shkaqet e arrestimit, shkruan media zvicerane Watson.ch. Sipas njoftimit [&hellip;]<\/p>\n","protected":false},"author":8,"featured_media":20821,"comment_status":"closed","ping_status":"closed","sticky":false,"template":"","format":"standard","meta":{"footnotes":""},"categories":[238],"tags":[],"class_list":["post-20820","post","type-post","status-publish","format-standard","has-post-thumbnail","hentry","category-showbiz"],"yoast_head":"<!-- This site is optimized with the Yoast SEO plugin v25.1 - https:\/\/yoast.com\/wordpress\/plugins\/seo\/ -->\n<title>Media zvicerane \u2018Watson\u2019: Noizy akuzohet jo p\u00ebr nj\u00eb, por p\u00ebr disa vepra penale n\u00eb Zvic\u00ebr - press7.tv<\/title>\n<meta name=\"robots\" content=\"index, follow, max-snippet:-1, max-image-preview:large, max-video-preview:-1\" \/>\n<link rel=\"canonical\" href=\"https:\/\/www.press7.tv\/?p=20820\" \/>\n<meta property=\"og:locale\" content=\"en_US\" \/>\n<meta property=\"og:type\" content=\"article\" \/>\n<meta property=\"og:title\" content=\"Media zvicerane \u2018Watson\u2019: Noizy akuzohet jo p\u00ebr nj\u00eb, por p\u00ebr disa vepra penale n\u00eb Zvic\u00ebr - press7.tv\" \/>\n<meta property=\"og:description\" content=\"Policia kantonale e Cyrihut t\u00eb shtun\u00ebn e kaluar ka arrestuar reperin e njohur shqiptar Noizy n\u00eb Aeroportin e Cyrihut, me urdh\u00ebr t\u00eb Prokuroris\u00eb I p\u00ebr Krime t\u00eb R\u00ebnda me Dhun\u00eb. Lajmi \u00ebsht\u00eb b\u00ebr\u00eb i ditur t\u00eb h\u00ebn\u00ebn, por autoritetet nuk kan\u00eb dh\u00ebn\u00eb detaje t\u00eb m\u00ebtejshme p\u00ebr shkaqet e arrestimit, shkruan media zvicerane Watson.ch. Sipas njoftimit [&hellip;]\" \/>\n<meta property=\"og:url\" content=\"https:\/\/www.press7.tv\/?p=20820\" \/>\n<meta property=\"og:site_name\" content=\"press7.tv\" \/>\n<meta property=\"article:publisher\" content=\"https:\/\/www.facebook.com\/press7.tv\" \/>\n<meta property=\"article:published_time\" content=\"2025-07-10T15:19:31+00:00\" \/>\n<meta property=\"og:image\" content=\"https:\/\/www.press7.tv\/wp-content\/uploads\/2025\/07\/IMG_6153.avif\" \/>\n\t<meta property=\"og:image:width\" content=\"780\" \/>\n\t<meta property=\"og:image:height\" content=\"439\" \/>\n\t<meta property=\"og:image:type\" content=\"image\/jpeg\" \/>\n<meta name=\"author\" content=\"gazetar2\" \/>\n<meta name=\"twitter:card\" content=\"summary_large_image\" \/>\n<meta name=\"twitter:label1\" content=\"Written by\" \/>\n\t<meta name=\"twitter:data1\" content=\"gazetar2\" \/>\n\t<meta name=\"twitter:label2\" content=\"Est. reading time\" \/>\n\t<meta name=\"twitter:data2\" content=\"1 minute\" \/>\n<script type=\"application\/ld+json\" class=\"yoast-schema-graph\">{\"@context\":\"https:\/\/schema.org\",\"@graph\":[{\"@type\":\"Article\",\"@id\":\"https:\/\/www.press7.tv\/?p=20820#article\",\"isPartOf\":{\"@id\":\"https:\/\/www.press7.tv\/?p=20820\"},\"author\":{\"name\":\"gazetar2\",\"@id\":\"https:\/\/www.news33.tv\/#\/schema\/person\/5a04a38a23ccdba82f9bd665cd8f9efa\"},\"headline\":\"Media zvicerane \u2018Watson\u2019: Noizy akuzohet jo p\u00ebr nj\u00eb, por p\u00ebr disa vepra penale n\u00eb Zvic\u00ebr\",\"datePublished\":\"2025-07-10T15:19:31+00:00\",\"mainEntityOfPage\":{\"@id\":\"https:\/\/www.press7.tv\/?p=20820\"},\"wordCount\":315,\"publisher\":{\"@id\":\"https:\/\/www.news33.tv\/#organization\"},\"image\":{\"@id\":\"https:\/\/www.press7.tv\/?p=20820#primaryimage\"},\"thumbnailUrl\":\"https:\/\/www.press7.tv\/wp-content\/uploads\/2025\/07\/IMG_6153.avif\",\"articleSection\":[\"ShowBiz\"],\"inLanguage\":\"en-US\"},{\"@type\":\"WebPage\",\"@id\":\"https:\/\/www.press7.tv\/?p=20820\",\"url\":\"https:\/\/www.press7.tv\/?p=20820\",\"name\":\"Media zvicerane \u2018Watson\u2019: Noizy akuzohet jo p\u00ebr nj\u00eb, por p\u00ebr disa vepra penale n\u00eb Zvic\u00ebr - press7.tv\",\"isPartOf\":{\"@id\":\"https:\/\/www.news33.tv\/#website\"},\"primaryImageOfPage\":{\"@id\":\"https:\/\/www.press7.tv\/?p=20820#primaryimage\"},\"image\":{\"@id\":\"https:\/\/www.press7.tv\/?p=20820#primaryimage\"},\"thumbnailUrl\":\"https:\/\/www.press7.tv\/wp-content\/uploads\/2025\/07\/IMG_6153.avif\",\"datePublished\":\"2025-07-10T15:19:31+00:00\",\"breadcrumb\":{\"@id\":\"https:\/\/www.press7.tv\/?p=20820#breadcrumb\"},\"inLanguage\":\"en-US\",\"potentialAction\":[{\"@type\":\"ReadAction\",\"target\":[\"https:\/\/www.press7.tv\/?p=20820\"]}]},{\"@type\":\"ImageObject\",\"inLanguage\":\"en-US\",\"@id\":\"https:\/\/www.press7.tv\/?p=20820#primaryimage\",\"url\":\"https:\/\/www.press7.tv\/wp-content\/uploads\/2025\/07\/IMG_6153.avif\",\"contentUrl\":\"https:\/\/www.press7.tv\/wp-content\/uploads\/2025\/07\/IMG_6153.avif\",\"width\":780,\"height\":439},{\"@type\":\"BreadcrumbList\",\"@id\":\"https:\/\/www.press7.tv\/?p=20820#breadcrumb\",\"itemListElement\":[{\"@type\":\"ListItem\",\"position\":1,\"name\":\"Home\",\"item\":\"https:\/\/www.press7.tv\/\"},{\"@type\":\"ListItem\",\"position\":2,\"name\":\"Media zvicerane \u2018Watson\u2019: Noizy akuzohet jo p\u00ebr nj\u00eb, por p\u00ebr disa vepra penale n\u00eb Zvic\u00ebr\"}]},{\"@type\":\"WebSite\",\"@id\":\"https:\/\/www.news33.tv\/#website\",\"url\":\"https:\/\/www.news33.tv\/\",\"name\":\"News33.tv Media\",\"description\":\"Media\",\"publisher\":{\"@id\":\"https:\/\/www.news33.tv\/#organization\"},\"potentialAction\":[{\"@type\":\"SearchAction\",\"target\":{\"@type\":\"EntryPoint\",\"urlTemplate\":\"https:\/\/www.news33.tv\/?s={search_term_string}\"},\"query-input\":{\"@type\":\"PropertyValueSpecification\",\"valueRequired\":true,\"valueName\":\"search_term_string\"}}],\"inLanguage\":\"en-US\"},{\"@type\":\"Organization\",\"@id\":\"https:\/\/www.news33.tv\/#organization\",\"name\":\"News33.tv Media\",\"url\":\"https:\/\/www.news33.tv\/\",\"logo\":{\"@type\":\"ImageObject\",\"inLanguage\":\"en-US\",\"@id\":\"https:\/\/www.news33.tv\/#\/schema\/logo\/image\/\",\"url\":\"https:\/\/www.press7.tv\/wp-content\/uploads\/2024\/02\/logo-news33-black.png\",\"contentUrl\":\"https:\/\/www.press7.tv\/wp-content\/uploads\/2024\/02\/logo-news33-black.png\",\"width\":180,\"height\":37,\"caption\":\"News33.tv Media\"},\"image\":{\"@id\":\"https:\/\/www.news33.tv\/#\/schema\/logo\/image\/\"},\"sameAs\":[\"https:\/\/www.facebook.com\/press7.tv\"]},{\"@type\":\"Person\",\"@id\":\"https:\/\/www.news33.tv\/#\/schema\/person\/5a04a38a23ccdba82f9bd665cd8f9efa\",\"name\":\"gazetar2\",\"image\":{\"@type\":\"ImageObject\",\"inLanguage\":\"en-US\",\"@id\":\"https:\/\/www.news33.tv\/#\/schema\/person\/image\/\",\"url\":\"https:\/\/www.press7.tv\/wp-content\/litespeed\/avatar\/41975e402c3049d9ddb03adca8f7a883.jpg?ver=1777169572\",\"contentUrl\":\"https:\/\/www.press7.tv\/wp-content\/litespeed\/avatar\/41975e402c3049d9ddb03adca8f7a883.jpg?ver=1777169572\",\"caption\":\"gazetar2\"},\"url\":\"https:\/\/www.press7.tv\/?author=8\"}]}<\/script>\n<!-- \/ Yoast SEO plugin. -->","yoast_head_json":{"title":"Media zvicerane \u2018Watson\u2019: Noizy akuzohet jo p\u00ebr nj\u00eb, por p\u00ebr disa vepra penale n\u00eb Zvic\u00ebr - press7.tv","robots":{"index":"index","follow":"follow","max-snippet":"max-snippet:-1","max-image-preview":"max-image-preview:large","max-video-preview":"max-video-preview:-1"},"canonical":"https:\/\/www.press7.tv\/?p=20820","og_locale":"en_US","og_type":"article","og_title":"Media zvicerane \u2018Watson\u2019: Noizy akuzohet jo p\u00ebr nj\u00eb, por p\u00ebr disa vepra penale n\u00eb Zvic\u00ebr - press7.tv","og_description":"Policia kantonale e Cyrihut t\u00eb shtun\u00ebn e kaluar ka arrestuar reperin e njohur shqiptar Noizy n\u00eb Aeroportin e Cyrihut, me urdh\u00ebr t\u00eb Prokuroris\u00eb I p\u00ebr Krime t\u00eb R\u00ebnda me Dhun\u00eb. Lajmi \u00ebsht\u00eb b\u00ebr\u00eb i ditur t\u00eb h\u00ebn\u00ebn, por autoritetet nuk kan\u00eb dh\u00ebn\u00eb detaje t\u00eb m\u00ebtejshme p\u00ebr shkaqet e arrestimit, shkruan media zvicerane Watson.ch. Sipas njoftimit [&hellip;]","og_url":"https:\/\/www.press7.tv\/?p=20820","og_site_name":"press7.tv","article_publisher":"https:\/\/www.facebook.com\/press7.tv","article_published_time":"2025-07-10T15:19:31+00:00","og_image":[{"width":780,"height":439,"url":"https:\/\/www.press7.tv\/wp-content\/uploads\/2025\/07\/IMG_6153.avif","type":"image\/jpeg"}],"author":"gazetar2","twitter_card":"summary_large_image","twitter_misc":{"Written by":"gazetar2","Est. reading time":"1 minute"},"schema":{"@context":"https:\/\/schema.org","@graph":[{"@type":"Article","@id":"https:\/\/www.press7.tv\/?p=20820#article","isPartOf":{"@id":"https:\/\/www.press7.tv\/?p=20820"},"author":{"name":"gazetar2","@id":"https:\/\/www.news33.tv\/#\/schema\/person\/5a04a38a23ccdba82f9bd665cd8f9efa"},"headline":"Media zvicerane \u2018Watson\u2019: Noizy akuzohet jo p\u00ebr nj\u00eb, por p\u00ebr disa vepra penale n\u00eb Zvic\u00ebr","datePublished":"2025-07-10T15:19:31+00:00","mainEntityOfPage":{"@id":"https:\/\/www.press7.tv\/?p=20820"},"wordCount":315,"publisher":{"@id":"https:\/\/www.news33.tv\/#organization"},"image":{"@id":"https:\/\/www.press7.tv\/?p=20820#primaryimage"},"thumbnailUrl":"https:\/\/www.press7.tv\/wp-content\/uploads\/2025\/07\/IMG_6153.avif","articleSection":["ShowBiz"],"inLanguage":"en-US"},{"@type":"WebPage","@id":"https:\/\/www.press7.tv\/?p=20820","url":"https:\/\/www.press7.tv\/?p=20820","name":"Media zvicerane \u2018Watson\u2019: Noizy akuzohet jo p\u00ebr nj\u00eb, por p\u00ebr disa vepra penale n\u00eb Zvic\u00ebr - press7.tv","isPartOf":{"@id":"https:\/\/www.news33.tv\/#website"},"primaryImageOfPage":{"@id":"https:\/\/www.press7.tv\/?p=20820#primaryimage"},"image":{"@id":"https:\/\/www.press7.tv\/?p=20820#primaryimage"},"thumbnailUrl":"https:\/\/www.press7.tv\/wp-content\/uploads\/2025\/07\/IMG_6153.avif","datePublished":"2025-07-10T15:19:31+00:00","breadcrumb":{"@id":"https:\/\/www.press7.tv\/?p=20820#breadcrumb"},"inLanguage":"en-US","potentialAction":[{"@type":"ReadAction","target":["https:\/\/www.press7.tv\/?p=20820"]}]},{"@type":"ImageObject","inLanguage":"en-US","@id":"https:\/\/www.press7.tv\/?p=20820#primaryimage","url":"https:\/\/www.press7.tv\/wp-content\/uploads\/2025\/07\/IMG_6153.avif","contentUrl":"https:\/\/www.press7.tv\/wp-content\/uploads\/2025\/07\/IMG_6153.avif","width":780,"height":439},{"@type":"BreadcrumbList","@id":"https:\/\/www.press7.tv\/?p=20820#breadcrumb","itemListElement":[{"@type":"ListItem","position":1,"name":"Home","item":"https:\/\/www.press7.tv\/"},{"@type":"ListItem","position":2,"name":"Media zvicerane \u2018Watson\u2019: Noizy akuzohet jo p\u00ebr nj\u00eb, por p\u00ebr disa vepra penale n\u00eb Zvic\u00ebr"}]},{"@type":"WebSite","@id":"https:\/\/www.news33.tv\/#website","url":"https:\/\/www.news33.tv\/","name":"News33.tv Media","description":"Media","publisher":{"@id":"https:\/\/www.news33.tv\/#organization"},"potentialAction":[{"@type":"SearchAction","target":{"@type":"EntryPoint","urlTemplate":"https:\/\/www.news33.tv\/?s={search_term_string}"},"query-input":{"@type":"PropertyValueSpecification","valueRequired":true,"valueName":"search_term_string"}}],"inLanguage":"en-US"},{"@type":"Organization","@id":"https:\/\/www.news33.tv\/#organization","name":"News33.tv Media","url":"https:\/\/www.news33.tv\/","logo":{"@type":"ImageObject","inLanguage":"en-US","@id":"https:\/\/www.news33.tv\/#\/schema\/logo\/image\/","url":"https:\/\/www.press7.tv\/wp-content\/uploads\/2024\/02\/logo-news33-black.png","contentUrl":"https:\/\/www.press7.tv\/wp-content\/uploads\/2024\/02\/logo-news33-black.png","width":180,"height":37,"caption":"News33.tv Media"},"image":{"@id":"https:\/\/www.news33.tv\/#\/schema\/logo\/image\/"},"sameAs":["https:\/\/www.facebook.com\/press7.tv"]},{"@type":"Person","@id":"https:\/\/www.news33.tv\/#\/schema\/person\/5a04a38a23ccdba82f9bd665cd8f9efa","name":"gazetar2","image":{"@type":"ImageObject","inLanguage":"en-US","@id":"https:\/\/www.news33.tv\/#\/schema\/person\/image\/","url":"https:\/\/www.press7.tv\/wp-content\/litespeed\/avatar\/41975e402c3049d9ddb03adca8f7a883.jpg?ver=1777169572","contentUrl":"https:\/\/www.press7.tv\/wp-content\/litespeed\/avatar\/41975e402c3049d9ddb03adca8f7a883.jpg?ver=1777169572","caption":"gazetar2"},"url":"https:\/\/www.press7.tv\/?author=8"}]}},"amp_enabled":true,"_links":{"self":[{"href":"https:\/\/www.press7.tv\/index.php?rest_route=\/wp\/v2\/posts\/20820","targetHints":{"allow":["GET"]}}],"collection":[{"href":"https:\/\/www.press7.tv\/index.php?rest_route=\/wp\/v2\/posts"}],"about":[{"href":"https:\/\/www.press7.tv\/index.php?rest_route=\/wp\/v2\/types\/post"}],"author":[{"embeddable":true,"href":"https:\/\/www.press7.tv\/index.php?rest_route=\/wp\/v2\/users\/8"}],"replies":[{"embeddable":true,"href":"https:\/\/www.press7.tv\/index.php?rest_route=%2Fwp%2Fv2%2Fcomments&post=20820"}],"version-history":[{"count":1,"href":"https:\/\/www.press7.tv\/index.php?rest_route=\/wp\/v2\/posts\/20820\/revisions"}],"predecessor-version":[{"id":20822,"href":"https:\/\/www.press7.tv\/index.php?rest_route=\/wp\/v2\/posts\/20820\/revisions\/20822"}],"wp:featuredmedia":[{"embeddable":true,"href":"https:\/\/www.press7.tv\/index.php?rest_route=\/wp\/v2\/media\/20821"}],"wp:attachment":[{"href":"https:\/\/www.press7.tv\/index.php?rest_route=%2Fwp%2Fv2%2Fmedia&parent=20820"}],"wp:term":[{"taxonomy":"category","embeddable":true,"href":"https:\/\/www.press7.tv\/index.php?rest_route=%2Fwp%2Fv2%2Fcategories&post=20820"},{"taxonomy":"post_tag","embeddable":true,"href":"https:\/\/www.press7.tv\/index.php?rest_route=%2Fwp%2Fv2%2Ftags&post=20820"}],"curies":[{"name":"wp","href":"https:\/\/api.w.org\/{rel}","templated":true}]}}