{"id":20806,"date":"2025-07-09T19:25:42","date_gmt":"2025-07-09T19:25:42","guid":{"rendered":"https:\/\/www.press7.tv\/?p=20806"},"modified":"2025-07-09T19:25:42","modified_gmt":"2025-07-09T19:25:42","slug":"qeveria-ndan-580-mije-euro-per-ndertimin-e-shkolles-se-muzikes-dhe-muzeut-ne-presheve","status":"publish","type":"post","link":"https:\/\/www.press7.tv\/?p=20806","title":{"rendered":"Qeveria ndan 580 mij\u00eb euro p\u00ebr nd\u00ebrtimin e shkoll\u00ebs s\u00eb muzik\u00ebs dhe muzeut n\u00eb Preshev\u00eb"},"content":{"rendered":"\n    <div class=\"xs_social_share_widget xs_share_url before_content \t\tmain_content  wslu-style-2 wslu-share-box-shaped wslu-fill-colored wslu-share-m-5 wslu-none wslu-share-vertical wslu-theme-font-no wslu-main_content\">\n\n\t\t\n        <ul>\n\t\t\t        <\/ul>\n    <\/div> \n<p>Qeveria e Kosov\u00ebs n\u00eb detyr\u00eb, ka ndar\u00eb t\u00eb m\u00ebrkur\u00ebn, 580 mij\u00eb euro p\u00ebr nd\u00ebrtimin e shkoll\u00ebs s\u00eb muzik\u00ebs dhe muzeut n\u00eb Preshev\u00eb.<\/p>\n<p>Kryeministri n\u00eb detyr\u00eb, Albin Kurti tha se Qeveria \u00ebsht\u00eb zotuar q\u00eb nga fillimi p\u00ebr angazhim t\u00eb vazhduesh\u00ebm n\u00eb rritjen e mir\u00ebqenies s\u00eb qytetar\u00ebve n\u00eb Lugin\u00ebn e Preshev\u00ebs.<\/p>\n<p>\u201cQeveria jon\u00eb \u00ebsht\u00eb zotuar q\u00eb nga fillimi p\u00ebr angazhim t\u00eb vazhduesh\u00ebm n\u00eb rritjen e mir\u00ebqenies s\u00eb qytetar\u00ebve n\u00eb Preshev\u00eb, Medvegj\u00eb dhe Bujanoc\u2026 K\u00ebt\u00eb mb\u00ebshtetje financiare institucionale e politike p\u00ebr Lugin\u00ebn po e vazhdojm\u00eb edhe sot me ndarjen e 580 mij\u00eb euro t\u00eb shkoll\u00ebs s\u00eb muzik\u00ebs dhe muzeut t\u00eb Preshev\u00ebs\u201d, tha Kurti.<\/p>\n<p>Nd\u00ebrsa, ministri n\u00eb detyr\u00eb i kultur\u00ebs, Hajrulla \u00c7eku, u shpreh se ky projekt paraqet nj\u00eb aset me vler\u00eb t\u00eb shum\u00ebfisht\u00eb edukative, artistike e identitare t\u00eb shqiptar\u00ebve n\u00eb Lugin\u00ebn e Preshev\u00ebs.<\/p>\n<p>\u201cKjo k\u00ebrkes\u00eb \u00ebsht\u00eb bazuar n\u00eb dakordimin nd\u00ebrmjet Qeveris\u00eb dhe K\u00ebshillit Komb\u00ebtar Shqiptar\u00eb n\u00eb Lugin\u00eb dhe parasheh mb\u00ebshtetje buxhetore prej 580 mij\u00eb euro p\u00ebr t\u00eb cil\u00ebn \u00ebsht\u00eb planifikuar bashk\u00ebfinancim i projektit n\u00eb fjal\u00eb. Ky projekt p\u00ebrfaq\u00ebson nj\u00eb nd\u00ebr investimet m\u00eb t\u00eb r\u00ebnd\u00ebsishme p\u00ebr jet\u00ebn kulturore t\u00eb shqiptar\u00ebve n\u00eb Lugin\u00ebn e Preshev\u00ebs dhe paraqet nj\u00eb aset me vler\u00eb t\u00eb shum\u00ebfisht\u00eb edukative artistike dhe identitare \u201c, tha \u00c7eku.<\/p>\n<p>N\u00eb k\u00ebt\u00eb mbledhje u miratua edhe lidhja e marr\u00ebveshjes s\u00eb grantit mes Kosov\u00ebs dhe Asociacionit Nd\u00ebrkomb\u00ebtar p\u00ebr Zhvillim p\u00ebr p\u00ebrgatitjen e projektit q\u00eb nxit dhe lejon mund\u00ebsit\u00eb p\u00ebr sigurin\u00eb e ujit (faza dy).<\/p>\n<p>Ministri n\u00eb detyr\u00eb i Financave, Hekuran Murati tha se fal\u00eb bashk\u00ebpunimit t\u00eb mir\u00eb me Bank\u00ebn Bot\u00ebrore \u00ebsht\u00eb v\u00ebn\u00eb n\u00eb dispozicion nj\u00eb shum\u00eb e granteve n\u00eb vler\u00eb prej nj\u00eb milion\u00eb dollar\u00eb dhe do financohet p\u00ebrmes nj\u00eb kombinimi t\u00eb shtesave nga Banka Nd\u00ebrkomb\u00ebtare p\u00ebr Zhvillim dhe Rind\u00ebrtim.<\/p>\n<p>\u201cFal\u00eb bashk\u00ebpunimit t\u00eb mir\u00eb q\u00eb kemi me Bank\u00ebn Bot\u00ebrore, na \u00ebsht\u00eb v\u00ebn\u00eb n\u00eb dispozicion kjo shum\u00eb e granteve n\u00eb vler\u00eb nj\u00eb milion\u00eb dollar\u00eb dhe do financohet p\u00ebrmes nj\u00eb kombinimi t\u00eb shtesave nga Banka Nd\u00ebrkomb\u00ebtare p\u00ebr Zhvillim dhe Rind\u00ebrtim si dhe alokimin e nj\u00eb asosacioni nd\u00ebrkomb\u00ebtar\u00eb p\u00ebr zhvillim t\u00eb strukturuara k\u00ebto n\u00eb dy linja t\u00eb ve\u00e7anta t\u00eb financimit\u201d, tha Murati.<\/p>\n<p>Gjithashtu n\u00eb k\u00ebt\u00eb mbledhje u miratua edhe ndarja e mjeteve buxhetore p\u00ebr Ministrin\u00eb p\u00ebr Komunitete dhe Kthim p\u00ebr zbatimin e mas\u00ebs s\u00eb mb\u00ebshtetjes t\u00eb pun\u00ebsimit t\u00eb personave nga komunitetet jo shumic\u00eb t\u00eb pakos s\u00eb ringjalljes ekonomike<\/p>\n","protected":false},"excerpt":{"rendered":"<p>Qeveria e Kosov\u00ebs n\u00eb detyr\u00eb, ka ndar\u00eb t\u00eb m\u00ebrkur\u00ebn, 580 mij\u00eb euro p\u00ebr nd\u00ebrtimin e shkoll\u00ebs s\u00eb muzik\u00ebs dhe muzeut n\u00eb Preshev\u00eb. Kryeministri n\u00eb detyr\u00eb, Albin Kurti tha se Qeveria \u00ebsht\u00eb zotuar q\u00eb nga fillimi p\u00ebr angazhim t\u00eb vazhduesh\u00ebm n\u00eb rritjen e mir\u00ebqenies s\u00eb qytetar\u00ebve n\u00eb Lugin\u00ebn e Preshev\u00ebs. \u201cQeveria jon\u00eb \u00ebsht\u00eb zotuar q\u00eb nga [&hellip;]<\/p>\n","protected":false},"author":8,"featured_media":20807,"comment_status":"closed","ping_status":"closed","sticky":false,"template":"","format":"standard","meta":{"footnotes":""},"categories":[215,213],"tags":[],"class_list":["post-20806","post","type-post","status-publish","format-standard","has-post-thumbnail","hentry","category-kosove","category-lajme"],"yoast_head":"<!-- This site is optimized with the Yoast SEO plugin v25.1 - https:\/\/yoast.com\/wordpress\/plugins\/seo\/ -->\n<title>Qeveria ndan 580 mij\u00eb euro p\u00ebr nd\u00ebrtimin e shkoll\u00ebs s\u00eb muzik\u00ebs dhe muzeut n\u00eb Preshev\u00eb - press7.tv<\/title>\n<meta name=\"robots\" content=\"index, follow, max-snippet:-1, max-image-preview:large, max-video-preview:-1\" \/>\n<link rel=\"canonical\" href=\"https:\/\/www.press7.tv\/?p=20806\" \/>\n<meta property=\"og:locale\" content=\"en_US\" \/>\n<meta property=\"og:type\" content=\"article\" \/>\n<meta property=\"og:title\" content=\"Qeveria ndan 580 mij\u00eb euro p\u00ebr nd\u00ebrtimin e shkoll\u00ebs s\u00eb muzik\u00ebs dhe muzeut n\u00eb Preshev\u00eb - press7.tv\" \/>\n<meta property=\"og:description\" content=\"Qeveria e Kosov\u00ebs n\u00eb detyr\u00eb, ka ndar\u00eb t\u00eb m\u00ebrkur\u00ebn, 580 mij\u00eb euro p\u00ebr nd\u00ebrtimin e shkoll\u00ebs s\u00eb muzik\u00ebs dhe muzeut n\u00eb Preshev\u00eb. Kryeministri n\u00eb detyr\u00eb, Albin Kurti tha se Qeveria \u00ebsht\u00eb zotuar q\u00eb nga fillimi p\u00ebr angazhim t\u00eb vazhduesh\u00ebm n\u00eb rritjen e mir\u00ebqenies s\u00eb qytetar\u00ebve n\u00eb Lugin\u00ebn e Preshev\u00ebs. \u201cQeveria jon\u00eb \u00ebsht\u00eb zotuar q\u00eb nga [&hellip;]\" \/>\n<meta property=\"og:url\" content=\"https:\/\/www.press7.tv\/?p=20806\" \/>\n<meta property=\"og:site_name\" content=\"press7.tv\" \/>\n<meta property=\"article:publisher\" content=\"https:\/\/www.facebook.com\/press7.tv\" \/>\n<meta property=\"article:published_time\" content=\"2025-07-09T19:25:42+00:00\" \/>\n<meta property=\"og:image\" content=\"https:\/\/www.press7.tv\/wp-content\/uploads\/2025\/07\/IMG_6138.avif\" \/>\n\t<meta property=\"og:image:width\" content=\"800\" \/>\n\t<meta property=\"og:image:height\" content=\"445\" \/>\n\t<meta property=\"og:image:type\" content=\"image\/jpeg\" \/>\n<meta name=\"author\" content=\"gazetar2\" \/>\n<meta name=\"twitter:card\" content=\"summary_large_image\" \/>\n<meta name=\"twitter:label1\" content=\"Written by\" \/>\n\t<meta name=\"twitter:data1\" content=\"gazetar2\" \/>\n\t<meta name=\"twitter:label2\" content=\"Est. reading time\" \/>\n\t<meta name=\"twitter:data2\" content=\"1 minute\" \/>\n<script type=\"application\/ld+json\" class=\"yoast-schema-graph\">{\"@context\":\"https:\/\/schema.org\",\"@graph\":[{\"@type\":\"Article\",\"@id\":\"https:\/\/www.press7.tv\/?p=20806#article\",\"isPartOf\":{\"@id\":\"https:\/\/www.press7.tv\/?p=20806\"},\"author\":{\"name\":\"gazetar2\",\"@id\":\"https:\/\/www.news33.tv\/#\/schema\/person\/5a04a38a23ccdba82f9bd665cd8f9efa\"},\"headline\":\"Qeveria ndan 580 mij\u00eb euro p\u00ebr nd\u00ebrtimin e shkoll\u00ebs s\u00eb muzik\u00ebs dhe muzeut n\u00eb Preshev\u00eb\",\"datePublished\":\"2025-07-09T19:25:42+00:00\",\"mainEntityOfPage\":{\"@id\":\"https:\/\/www.press7.tv\/?p=20806\"},\"wordCount\":471,\"publisher\":{\"@id\":\"https:\/\/www.news33.tv\/#organization\"},\"image\":{\"@id\":\"https:\/\/www.press7.tv\/?p=20806#primaryimage\"},\"thumbnailUrl\":\"https:\/\/www.press7.tv\/wp-content\/uploads\/2025\/07\/IMG_6138.avif\",\"articleSection\":[\"Kosov\u00eb\",\"Lajme\"],\"inLanguage\":\"en-US\"},{\"@type\":\"WebPage\",\"@id\":\"https:\/\/www.press7.tv\/?p=20806\",\"url\":\"https:\/\/www.press7.tv\/?p=20806\",\"name\":\"Qeveria ndan 580 mij\u00eb euro p\u00ebr nd\u00ebrtimin e shkoll\u00ebs s\u00eb muzik\u00ebs dhe muzeut n\u00eb Preshev\u00eb - press7.tv\",\"isPartOf\":{\"@id\":\"https:\/\/www.news33.tv\/#website\"},\"primaryImageOfPage\":{\"@id\":\"https:\/\/www.press7.tv\/?p=20806#primaryimage\"},\"image\":{\"@id\":\"https:\/\/www.press7.tv\/?p=20806#primaryimage\"},\"thumbnailUrl\":\"https:\/\/www.press7.tv\/wp-content\/uploads\/2025\/07\/IMG_6138.avif\",\"datePublished\":\"2025-07-09T19:25:42+00:00\",\"breadcrumb\":{\"@id\":\"https:\/\/www.press7.tv\/?p=20806#breadcrumb\"},\"inLanguage\":\"en-US\",\"potentialAction\":[{\"@type\":\"ReadAction\",\"target\":[\"https:\/\/www.press7.tv\/?p=20806\"]}]},{\"@type\":\"ImageObject\",\"inLanguage\":\"en-US\",\"@id\":\"https:\/\/www.press7.tv\/?p=20806#primaryimage\",\"url\":\"https:\/\/www.press7.tv\/wp-content\/uploads\/2025\/07\/IMG_6138.avif\",\"contentUrl\":\"https:\/\/www.press7.tv\/wp-content\/uploads\/2025\/07\/IMG_6138.avif\",\"width\":800,\"height\":445},{\"@type\":\"BreadcrumbList\",\"@id\":\"https:\/\/www.press7.tv\/?p=20806#breadcrumb\",\"itemListElement\":[{\"@type\":\"ListItem\",\"position\":1,\"name\":\"Home\",\"item\":\"https:\/\/www.press7.tv\/\"},{\"@type\":\"ListItem\",\"position\":2,\"name\":\"Qeveria ndan 580 mij\u00eb euro p\u00ebr nd\u00ebrtimin e shkoll\u00ebs s\u00eb muzik\u00ebs dhe muzeut n\u00eb Preshev\u00eb\"}]},{\"@type\":\"WebSite\",\"@id\":\"https:\/\/www.news33.tv\/#website\",\"url\":\"https:\/\/www.news33.tv\/\",\"name\":\"News33.tv Media\",\"description\":\"Media\",\"publisher\":{\"@id\":\"https:\/\/www.news33.tv\/#organization\"},\"potentialAction\":[{\"@type\":\"SearchAction\",\"target\":{\"@type\":\"EntryPoint\",\"urlTemplate\":\"https:\/\/www.news33.tv\/?s={search_term_string}\"},\"query-input\":{\"@type\":\"PropertyValueSpecification\",\"valueRequired\":true,\"valueName\":\"search_term_string\"}}],\"inLanguage\":\"en-US\"},{\"@type\":\"Organization\",\"@id\":\"https:\/\/www.news33.tv\/#organization\",\"name\":\"News33.tv Media\",\"url\":\"https:\/\/www.news33.tv\/\",\"logo\":{\"@type\":\"ImageObject\",\"inLanguage\":\"en-US\",\"@id\":\"https:\/\/www.news33.tv\/#\/schema\/logo\/image\/\",\"url\":\"https:\/\/www.press7.tv\/wp-content\/uploads\/2024\/02\/logo-news33-black.png\",\"contentUrl\":\"https:\/\/www.press7.tv\/wp-content\/uploads\/2024\/02\/logo-news33-black.png\",\"width\":180,\"height\":37,\"caption\":\"News33.tv Media\"},\"image\":{\"@id\":\"https:\/\/www.news33.tv\/#\/schema\/logo\/image\/\"},\"sameAs\":[\"https:\/\/www.facebook.com\/press7.tv\"]},{\"@type\":\"Person\",\"@id\":\"https:\/\/www.news33.tv\/#\/schema\/person\/5a04a38a23ccdba82f9bd665cd8f9efa\",\"name\":\"gazetar2\",\"image\":{\"@type\":\"ImageObject\",\"inLanguage\":\"en-US\",\"@id\":\"https:\/\/www.news33.tv\/#\/schema\/person\/image\/\",\"url\":\"https:\/\/www.press7.tv\/wp-content\/litespeed\/avatar\/41975e402c3049d9ddb03adca8f7a883.jpg?ver=1777169572\",\"contentUrl\":\"https:\/\/www.press7.tv\/wp-content\/litespeed\/avatar\/41975e402c3049d9ddb03adca8f7a883.jpg?ver=1777169572\",\"caption\":\"gazetar2\"},\"url\":\"https:\/\/www.press7.tv\/?author=8\"}]}<\/script>\n<!-- \/ Yoast SEO plugin. -->","yoast_head_json":{"title":"Qeveria ndan 580 mij\u00eb euro p\u00ebr nd\u00ebrtimin e shkoll\u00ebs s\u00eb muzik\u00ebs dhe muzeut n\u00eb Preshev\u00eb - press7.tv","robots":{"index":"index","follow":"follow","max-snippet":"max-snippet:-1","max-image-preview":"max-image-preview:large","max-video-preview":"max-video-preview:-1"},"canonical":"https:\/\/www.press7.tv\/?p=20806","og_locale":"en_US","og_type":"article","og_title":"Qeveria ndan 580 mij\u00eb euro p\u00ebr nd\u00ebrtimin e shkoll\u00ebs s\u00eb muzik\u00ebs dhe muzeut n\u00eb Preshev\u00eb - press7.tv","og_description":"Qeveria e Kosov\u00ebs n\u00eb detyr\u00eb, ka ndar\u00eb t\u00eb m\u00ebrkur\u00ebn, 580 mij\u00eb euro p\u00ebr nd\u00ebrtimin e shkoll\u00ebs s\u00eb muzik\u00ebs dhe muzeut n\u00eb Preshev\u00eb. Kryeministri n\u00eb detyr\u00eb, Albin Kurti tha se Qeveria \u00ebsht\u00eb zotuar q\u00eb nga fillimi p\u00ebr angazhim t\u00eb vazhduesh\u00ebm n\u00eb rritjen e mir\u00ebqenies s\u00eb qytetar\u00ebve n\u00eb Lugin\u00ebn e Preshev\u00ebs. \u201cQeveria jon\u00eb \u00ebsht\u00eb zotuar q\u00eb nga [&hellip;]","og_url":"https:\/\/www.press7.tv\/?p=20806","og_site_name":"press7.tv","article_publisher":"https:\/\/www.facebook.com\/press7.tv","article_published_time":"2025-07-09T19:25:42+00:00","og_image":[{"width":800,"height":445,"url":"https:\/\/www.press7.tv\/wp-content\/uploads\/2025\/07\/IMG_6138.avif","type":"image\/jpeg"}],"author":"gazetar2","twitter_card":"summary_large_image","twitter_misc":{"Written by":"gazetar2","Est. reading time":"1 minute"},"schema":{"@context":"https:\/\/schema.org","@graph":[{"@type":"Article","@id":"https:\/\/www.press7.tv\/?p=20806#article","isPartOf":{"@id":"https:\/\/www.press7.tv\/?p=20806"},"author":{"name":"gazetar2","@id":"https:\/\/www.news33.tv\/#\/schema\/person\/5a04a38a23ccdba82f9bd665cd8f9efa"},"headline":"Qeveria ndan 580 mij\u00eb euro p\u00ebr nd\u00ebrtimin e shkoll\u00ebs s\u00eb muzik\u00ebs dhe muzeut n\u00eb Preshev\u00eb","datePublished":"2025-07-09T19:25:42+00:00","mainEntityOfPage":{"@id":"https:\/\/www.press7.tv\/?p=20806"},"wordCount":471,"publisher":{"@id":"https:\/\/www.news33.tv\/#organization"},"image":{"@id":"https:\/\/www.press7.tv\/?p=20806#primaryimage"},"thumbnailUrl":"https:\/\/www.press7.tv\/wp-content\/uploads\/2025\/07\/IMG_6138.avif","articleSection":["Kosov\u00eb","Lajme"],"inLanguage":"en-US"},{"@type":"WebPage","@id":"https:\/\/www.press7.tv\/?p=20806","url":"https:\/\/www.press7.tv\/?p=20806","name":"Qeveria ndan 580 mij\u00eb euro p\u00ebr nd\u00ebrtimin e shkoll\u00ebs s\u00eb muzik\u00ebs dhe muzeut n\u00eb Preshev\u00eb - press7.tv","isPartOf":{"@id":"https:\/\/www.news33.tv\/#website"},"primaryImageOfPage":{"@id":"https:\/\/www.press7.tv\/?p=20806#primaryimage"},"image":{"@id":"https:\/\/www.press7.tv\/?p=20806#primaryimage"},"thumbnailUrl":"https:\/\/www.press7.tv\/wp-content\/uploads\/2025\/07\/IMG_6138.avif","datePublished":"2025-07-09T19:25:42+00:00","breadcrumb":{"@id":"https:\/\/www.press7.tv\/?p=20806#breadcrumb"},"inLanguage":"en-US","potentialAction":[{"@type":"ReadAction","target":["https:\/\/www.press7.tv\/?p=20806"]}]},{"@type":"ImageObject","inLanguage":"en-US","@id":"https:\/\/www.press7.tv\/?p=20806#primaryimage","url":"https:\/\/www.press7.tv\/wp-content\/uploads\/2025\/07\/IMG_6138.avif","contentUrl":"https:\/\/www.press7.tv\/wp-content\/uploads\/2025\/07\/IMG_6138.avif","width":800,"height":445},{"@type":"BreadcrumbList","@id":"https:\/\/www.press7.tv\/?p=20806#breadcrumb","itemListElement":[{"@type":"ListItem","position":1,"name":"Home","item":"https:\/\/www.press7.tv\/"},{"@type":"ListItem","position":2,"name":"Qeveria ndan 580 mij\u00eb euro p\u00ebr nd\u00ebrtimin e shkoll\u00ebs s\u00eb muzik\u00ebs dhe muzeut n\u00eb Preshev\u00eb"}]},{"@type":"WebSite","@id":"https:\/\/www.news33.tv\/#website","url":"https:\/\/www.news33.tv\/","name":"News33.tv Media","description":"Media","publisher":{"@id":"https:\/\/www.news33.tv\/#organization"},"potentialAction":[{"@type":"SearchAction","target":{"@type":"EntryPoint","urlTemplate":"https:\/\/www.news33.tv\/?s={search_term_string}"},"query-input":{"@type":"PropertyValueSpecification","valueRequired":true,"valueName":"search_term_string"}}],"inLanguage":"en-US"},{"@type":"Organization","@id":"https:\/\/www.news33.tv\/#organization","name":"News33.tv Media","url":"https:\/\/www.news33.tv\/","logo":{"@type":"ImageObject","inLanguage":"en-US","@id":"https:\/\/www.news33.tv\/#\/schema\/logo\/image\/","url":"https:\/\/www.press7.tv\/wp-content\/uploads\/2024\/02\/logo-news33-black.png","contentUrl":"https:\/\/www.press7.tv\/wp-content\/uploads\/2024\/02\/logo-news33-black.png","width":180,"height":37,"caption":"News33.tv Media"},"image":{"@id":"https:\/\/www.news33.tv\/#\/schema\/logo\/image\/"},"sameAs":["https:\/\/www.facebook.com\/press7.tv"]},{"@type":"Person","@id":"https:\/\/www.news33.tv\/#\/schema\/person\/5a04a38a23ccdba82f9bd665cd8f9efa","name":"gazetar2","image":{"@type":"ImageObject","inLanguage":"en-US","@id":"https:\/\/www.news33.tv\/#\/schema\/person\/image\/","url":"https:\/\/www.press7.tv\/wp-content\/litespeed\/avatar\/41975e402c3049d9ddb03adca8f7a883.jpg?ver=1777169572","contentUrl":"https:\/\/www.press7.tv\/wp-content\/litespeed\/avatar\/41975e402c3049d9ddb03adca8f7a883.jpg?ver=1777169572","caption":"gazetar2"},"url":"https:\/\/www.press7.tv\/?author=8"}]}},"amp_enabled":true,"_links":{"self":[{"href":"https:\/\/www.press7.tv\/index.php?rest_route=\/wp\/v2\/posts\/20806","targetHints":{"allow":["GET"]}}],"collection":[{"href":"https:\/\/www.press7.tv\/index.php?rest_route=\/wp\/v2\/posts"}],"about":[{"href":"https:\/\/www.press7.tv\/index.php?rest_route=\/wp\/v2\/types\/post"}],"author":[{"embeddable":true,"href":"https:\/\/www.press7.tv\/index.php?rest_route=\/wp\/v2\/users\/8"}],"replies":[{"embeddable":true,"href":"https:\/\/www.press7.tv\/index.php?rest_route=%2Fwp%2Fv2%2Fcomments&post=20806"}],"version-history":[{"count":1,"href":"https:\/\/www.press7.tv\/index.php?rest_route=\/wp\/v2\/posts\/20806\/revisions"}],"predecessor-version":[{"id":20808,"href":"https:\/\/www.press7.tv\/index.php?rest_route=\/wp\/v2\/posts\/20806\/revisions\/20808"}],"wp:featuredmedia":[{"embeddable":true,"href":"https:\/\/www.press7.tv\/index.php?rest_route=\/wp\/v2\/media\/20807"}],"wp:attachment":[{"href":"https:\/\/www.press7.tv\/index.php?rest_route=%2Fwp%2Fv2%2Fmedia&parent=20806"}],"wp:term":[{"taxonomy":"category","embeddable":true,"href":"https:\/\/www.press7.tv\/index.php?rest_route=%2Fwp%2Fv2%2Fcategories&post=20806"},{"taxonomy":"post_tag","embeddable":true,"href":"https:\/\/www.press7.tv\/index.php?rest_route=%2Fwp%2Fv2%2Ftags&post=20806"}],"curies":[{"name":"wp","href":"https:\/\/api.w.org\/{rel}","templated":true}]}}