{"id":20803,"date":"2025-07-09T17:50:12","date_gmt":"2025-07-09T17:50:12","guid":{"rendered":"https:\/\/www.press7.tv\/?p=20803"},"modified":"2025-07-09T17:53:39","modified_gmt":"2025-07-09T17:53:39","slug":"bekim-qoku-bdi-ja-eshte-me-e-padenja-per-te-folur-per-drejtesine-drejtesia-nuk-mund-te-vije-nga-ata-qe-e-shkaterruan","status":"publish","type":"post","link":"https:\/\/www.press7.tv\/?p=20803","title":{"rendered":"Bekim Qoku: BDI-ja \u00ebsht\u00eb m\u00eb e padenja p\u00ebr t\u00eb folur p\u00ebr drejt\u00ebsin\u00eb \u2013 drejt\u00ebsia nuk mund t\u00eb vij\u00eb nga ata q\u00eb e shkat\u00ebrruan"},"content":{"rendered":"\n    <div class=\"xs_social_share_widget xs_share_url before_content \t\tmain_content  wslu-style-2 wslu-share-box-shaped wslu-fill-colored wslu-share-m-5 wslu-none wslu-share-vertical wslu-theme-font-no wslu-main_content\">\n\n\t\t\n        <ul>\n\t\t\t        <\/ul>\n    <\/div> \n<p>Shkup, 9 Korrik 2025 \u2013 Deputeti i koalicionit VLEN, Bekim Qoku, ka reaguar ashp\u00ebr p\u00ebrmes nj\u00eb postimi n\u00eb rrjetin social Facebook, ku ka denoncuar publikisht p\u00ebrpjekjet e Bashkimit Demokratik p\u00ebr Integrim (BDI) p\u00ebr t\u00eb nd\u00ebrhyr\u00eb n\u00eb sistemin gjyq\u00ebsor dhe p\u00ebr ta instrumentalizuar at\u00eb p\u00ebr interesa t\u00eb ngushta politike dhe klanore.<\/p>\n<p>\u201cNuk ka pasur n\u00eb k\u00ebto 30 vjet pluraliz\u00ebm nj\u00eb struktur\u00eb m\u00eb t\u00eb pap\u00ebrshtatshme dhe m\u00eb t\u00eb padenj\u00eb moralisht p\u00ebr t\u00eb folur mbi drejt\u00ebsin\u00eb, sesa BDI-ja e sotme dhe satelit\u00ebt e saj,\u201d \u2013 shkruan Qoku.<\/p>\n<p>Ai akuzon k\u00ebt\u00eb subjekt politik se \u00ebsht\u00eb nj\u00eb nga faktor\u00ebt kryesor\u00eb t\u00eb komprometimit t\u00eb gjyq\u00ebsorit n\u00eb Maqedonin\u00eb e Veriut, duke p\u00ebrmendur raportet e Komisionit Evropian, si dhe q\u00ebndrimet kritike t\u00eb ambasadave t\u00eb SHBA-s\u00eb dhe Holand\u00ebs, t\u00eb cilat \u2013 sipas tij \u2013 kan\u00eb ngritur gishtin ndaj nd\u00ebrhyrjeve politike n\u00eb drejt\u00ebsi.<\/p>\n<p>N\u00eb statusin e tij, Qoku risjell n\u00eb kujtes\u00eb edhe skandale t\u00eb njohura t\u00eb sistemit gjyq\u00ebsor, si rasti i Ixhet Memetit, i d\u00ebnuar p\u00ebr korrupsion, dhe gjyqtarit Enver Bexheti, i cili \u2013 sipas tij \u2013 ka ndihmuar n\u00eb leht\u00ebsimin e arratisjes s\u00eb ish-kryeministrit Nikolla Gruevski dhe ka shp\u00ebtuar figura t\u00eb af\u00ebrta me pushtetin e vjet\u00ebr.<\/p>\n<p>Qoku akuzon se BDI-ja ka vendosur gjyqtar\u00eb q\u00eb jan\u00eb futur n\u00eb List\u00ebn e Zez\u00eb t\u00eb SHBA-ve, nd\u00ebrsa n\u00eb t\u00eb nj\u00ebjt\u00ebn koh\u00eb p\u00ebrpiqet t\u00eb sulmoj\u00eb dhe kontrolloj\u00eb institucionet q\u00eb nuk i binden.<\/p>\n<p>Ai ndalet ve\u00e7an\u00ebrisht n\u00eb rastin e Besa Ademit, kryetare e Gjykat\u00ebs Supreme, q\u00eb \u2013 sipas tij \u2013 \u00ebsht\u00eb v\u00ebn\u00eb n\u00eb sh\u00ebnjest\u00ebr t\u00eb BDI-s\u00eb sepse refuzoi t\u00eb p\u00ebrkulej ndaj presioneve politike.<\/p>\n<p>Po ashtu, Qoku ngre pik\u00ebpyetje t\u00eb forta rreth largimit t\u00eb gjykat\u00ebses Elizabeta Dukovska nga Gjykata Kushtetuese, duke sugjeruar se pas k\u00ebsaj q\u00ebndron nj\u00eb loj\u00eb politike dhe hakmarrje e maskuar si debat mbi p\u00ebrdorimin e gjuh\u00ebs shqipe n\u00eb institucione.<\/p>\n<p>Deputeti i VLEN thekson se kjo struktur\u00eb politike nuk e ka mbrojtur kurr\u00eb drejt\u00ebsin\u00eb n\u00eb funksion t\u00eb qytetarit shqiptar, por e ka p\u00ebrdorur p\u00ebr t\u00eb mbrojtur vetveten dhe p\u00ebr t\u00eb instaluar kontroll politik n\u00eb \u00e7do hallk\u00eb t\u00eb sistemit.<\/p>\n<p>VLEN, sipas Qokut, ka vendosur t\u00eb mos e mb\u00ebshtes\u00eb interpelanc\u00ebn ndaj kryetarit t\u00eb Gjykat\u00ebs Kushtetuese, duke e cil\u00ebsuar si nj\u00eb akt q\u00eb do t\u00eb cenonte ndarjen e pushteteve dhe do t\u00eb krijonte precedent t\u00eb rreziksh\u00ebm.<\/p>\n<p>\u201cNuk do t\u00eb b\u00ebhemi bashk\u00ebfajtor\u00eb n\u00eb p\u00ebrbuzjen e drejt\u00ebsis\u00eb sipas nevojave t\u00eb partive. Drejt\u00ebsia nuk mund t\u00eb vij\u00eb nga ata q\u00eb e shkat\u00ebrruan,\u201d \u2013 p\u00ebrfundon ai.\/press7.tv<\/p>\n","protected":false},"excerpt":{"rendered":"<p>Shkup, 9 Korrik 2025 \u2013 Deputeti i koalicionit VLEN, Bekim Qoku, ka reaguar ashp\u00ebr p\u00ebrmes nj\u00eb postimi n\u00eb rrjetin social Facebook, ku ka denoncuar publikisht p\u00ebrpjekjet e Bashkimit Demokratik p\u00ebr Integrim (BDI) p\u00ebr t\u00eb nd\u00ebrhyr\u00eb n\u00eb sistemin gjyq\u00ebsor dhe p\u00ebr ta instrumentalizuar at\u00eb p\u00ebr interesa t\u00eb ngushta politike dhe klanore. \u201cNuk ka pasur n\u00eb k\u00ebto [&hellip;]<\/p>\n","protected":false},"author":8,"featured_media":20805,"comment_status":"closed","ping_status":"closed","sticky":false,"template":"","format":"standard","meta":{"footnotes":""},"categories":[213,214],"tags":[],"class_list":["post-20803","post","type-post","status-publish","format-standard","has-post-thumbnail","hentry","category-lajme","category-maqedoni"],"yoast_head":"<!-- This site is optimized with the Yoast SEO plugin v25.1 - https:\/\/yoast.com\/wordpress\/plugins\/seo\/ -->\n<title>Bekim Qoku: BDI-ja \u00ebsht\u00eb m\u00eb e padenja p\u00ebr t\u00eb folur p\u00ebr drejt\u00ebsin\u00eb \u2013 drejt\u00ebsia nuk mund t\u00eb vij\u00eb nga ata q\u00eb e shkat\u00ebrruan - press7.tv<\/title>\n<meta name=\"robots\" content=\"index, follow, max-snippet:-1, max-image-preview:large, max-video-preview:-1\" \/>\n<link rel=\"canonical\" href=\"https:\/\/www.press7.tv\/?p=20803\" \/>\n<meta property=\"og:locale\" content=\"en_US\" \/>\n<meta property=\"og:type\" content=\"article\" \/>\n<meta property=\"og:title\" content=\"Bekim Qoku: BDI-ja \u00ebsht\u00eb m\u00eb e padenja p\u00ebr t\u00eb folur p\u00ebr drejt\u00ebsin\u00eb \u2013 drejt\u00ebsia nuk mund t\u00eb vij\u00eb nga ata q\u00eb e shkat\u00ebrruan - press7.tv\" \/>\n<meta property=\"og:description\" content=\"Shkup, 9 Korrik 2025 \u2013 Deputeti i koalicionit VLEN, Bekim Qoku, ka reaguar ashp\u00ebr p\u00ebrmes nj\u00eb postimi n\u00eb rrjetin social Facebook, ku ka denoncuar publikisht p\u00ebrpjekjet e Bashkimit Demokratik p\u00ebr Integrim (BDI) p\u00ebr t\u00eb nd\u00ebrhyr\u00eb n\u00eb sistemin gjyq\u00ebsor dhe p\u00ebr ta instrumentalizuar at\u00eb p\u00ebr interesa t\u00eb ngushta politike dhe klanore. \u201cNuk ka pasur n\u00eb k\u00ebto [&hellip;]\" \/>\n<meta property=\"og:url\" content=\"https:\/\/www.press7.tv\/?p=20803\" \/>\n<meta property=\"og:site_name\" content=\"press7.tv\" \/>\n<meta property=\"article:publisher\" content=\"https:\/\/www.facebook.com\/press7.tv\" \/>\n<meta property=\"article:published_time\" content=\"2025-07-09T17:50:12+00:00\" \/>\n<meta property=\"article:modified_time\" content=\"2025-07-09T17:53:39+00:00\" \/>\n<meta property=\"og:image\" content=\"https:\/\/www.press7.tv\/wp-content\/uploads\/2025\/07\/IMG_6124.avif\" \/>\n\t<meta property=\"og:image:width\" content=\"1208\" \/>\n\t<meta property=\"og:image:height\" content=\"1099\" \/>\n\t<meta property=\"og:image:type\" content=\"image\/jpeg\" \/>\n<meta name=\"author\" content=\"gazetar2\" \/>\n<meta name=\"twitter:card\" content=\"summary_large_image\" \/>\n<meta name=\"twitter:label1\" content=\"Written by\" \/>\n\t<meta name=\"twitter:data1\" content=\"gazetar2\" \/>\n\t<meta name=\"twitter:label2\" content=\"Est. reading time\" \/>\n\t<meta name=\"twitter:data2\" content=\"2 minutes\" \/>\n<script type=\"application\/ld+json\" class=\"yoast-schema-graph\">{\"@context\":\"https:\/\/schema.org\",\"@graph\":[{\"@type\":\"Article\",\"@id\":\"https:\/\/www.press7.tv\/?p=20803#article\",\"isPartOf\":{\"@id\":\"https:\/\/www.press7.tv\/?p=20803\"},\"author\":{\"name\":\"gazetar2\",\"@id\":\"https:\/\/www.news33.tv\/#\/schema\/person\/5a04a38a23ccdba82f9bd665cd8f9efa\"},\"headline\":\"Bekim Qoku: BDI-ja \u00ebsht\u00eb m\u00eb e padenja p\u00ebr t\u00eb folur p\u00ebr drejt\u00ebsin\u00eb \u2013 drejt\u00ebsia nuk mund t\u00eb vij\u00eb nga ata q\u00eb e shkat\u00ebrruan\",\"datePublished\":\"2025-07-09T17:50:12+00:00\",\"dateModified\":\"2025-07-09T17:53:39+00:00\",\"mainEntityOfPage\":{\"@id\":\"https:\/\/www.press7.tv\/?p=20803\"},\"wordCount\":466,\"publisher\":{\"@id\":\"https:\/\/www.news33.tv\/#organization\"},\"image\":{\"@id\":\"https:\/\/www.press7.tv\/?p=20803#primaryimage\"},\"thumbnailUrl\":\"https:\/\/www.press7.tv\/wp-content\/uploads\/2025\/07\/IMG_6124.avif\",\"articleSection\":[\"Lajme\",\"Maqedoni\"],\"inLanguage\":\"en-US\"},{\"@type\":\"WebPage\",\"@id\":\"https:\/\/www.press7.tv\/?p=20803\",\"url\":\"https:\/\/www.press7.tv\/?p=20803\",\"name\":\"Bekim Qoku: BDI-ja \u00ebsht\u00eb m\u00eb e padenja p\u00ebr t\u00eb folur p\u00ebr drejt\u00ebsin\u00eb \u2013 drejt\u00ebsia nuk mund t\u00eb vij\u00eb nga ata q\u00eb e shkat\u00ebrruan - press7.tv\",\"isPartOf\":{\"@id\":\"https:\/\/www.news33.tv\/#website\"},\"primaryImageOfPage\":{\"@id\":\"https:\/\/www.press7.tv\/?p=20803#primaryimage\"},\"image\":{\"@id\":\"https:\/\/www.press7.tv\/?p=20803#primaryimage\"},\"thumbnailUrl\":\"https:\/\/www.press7.tv\/wp-content\/uploads\/2025\/07\/IMG_6124.avif\",\"datePublished\":\"2025-07-09T17:50:12+00:00\",\"dateModified\":\"2025-07-09T17:53:39+00:00\",\"breadcrumb\":{\"@id\":\"https:\/\/www.press7.tv\/?p=20803#breadcrumb\"},\"inLanguage\":\"en-US\",\"potentialAction\":[{\"@type\":\"ReadAction\",\"target\":[\"https:\/\/www.press7.tv\/?p=20803\"]}]},{\"@type\":\"ImageObject\",\"inLanguage\":\"en-US\",\"@id\":\"https:\/\/www.press7.tv\/?p=20803#primaryimage\",\"url\":\"https:\/\/www.press7.tv\/wp-content\/uploads\/2025\/07\/IMG_6124.avif\",\"contentUrl\":\"https:\/\/www.press7.tv\/wp-content\/uploads\/2025\/07\/IMG_6124.avif\",\"width\":1208,\"height\":1099,\"caption\":\"Screenshot\"},{\"@type\":\"BreadcrumbList\",\"@id\":\"https:\/\/www.press7.tv\/?p=20803#breadcrumb\",\"itemListElement\":[{\"@type\":\"ListItem\",\"position\":1,\"name\":\"Home\",\"item\":\"https:\/\/www.press7.tv\/\"},{\"@type\":\"ListItem\",\"position\":2,\"name\":\"Bekim Qoku: BDI-ja \u00ebsht\u00eb m\u00eb e padenja p\u00ebr t\u00eb folur p\u00ebr drejt\u00ebsin\u00eb \u2013 drejt\u00ebsia nuk mund t\u00eb vij\u00eb nga ata q\u00eb e shkat\u00ebrruan\"}]},{\"@type\":\"WebSite\",\"@id\":\"https:\/\/www.news33.tv\/#website\",\"url\":\"https:\/\/www.news33.tv\/\",\"name\":\"News33.tv Media\",\"description\":\"Media\",\"publisher\":{\"@id\":\"https:\/\/www.news33.tv\/#organization\"},\"potentialAction\":[{\"@type\":\"SearchAction\",\"target\":{\"@type\":\"EntryPoint\",\"urlTemplate\":\"https:\/\/www.news33.tv\/?s={search_term_string}\"},\"query-input\":{\"@type\":\"PropertyValueSpecification\",\"valueRequired\":true,\"valueName\":\"search_term_string\"}}],\"inLanguage\":\"en-US\"},{\"@type\":\"Organization\",\"@id\":\"https:\/\/www.news33.tv\/#organization\",\"name\":\"News33.tv Media\",\"url\":\"https:\/\/www.news33.tv\/\",\"logo\":{\"@type\":\"ImageObject\",\"inLanguage\":\"en-US\",\"@id\":\"https:\/\/www.news33.tv\/#\/schema\/logo\/image\/\",\"url\":\"https:\/\/www.press7.tv\/wp-content\/uploads\/2024\/02\/logo-news33-black.png\",\"contentUrl\":\"https:\/\/www.press7.tv\/wp-content\/uploads\/2024\/02\/logo-news33-black.png\",\"width\":180,\"height\":37,\"caption\":\"News33.tv Media\"},\"image\":{\"@id\":\"https:\/\/www.news33.tv\/#\/schema\/logo\/image\/\"},\"sameAs\":[\"https:\/\/www.facebook.com\/press7.tv\"]},{\"@type\":\"Person\",\"@id\":\"https:\/\/www.news33.tv\/#\/schema\/person\/5a04a38a23ccdba82f9bd665cd8f9efa\",\"name\":\"gazetar2\",\"image\":{\"@type\":\"ImageObject\",\"inLanguage\":\"en-US\",\"@id\":\"https:\/\/www.news33.tv\/#\/schema\/person\/image\/\",\"url\":\"https:\/\/www.press7.tv\/wp-content\/litespeed\/avatar\/41975e402c3049d9ddb03adca8f7a883.jpg?ver=1777169572\",\"contentUrl\":\"https:\/\/www.press7.tv\/wp-content\/litespeed\/avatar\/41975e402c3049d9ddb03adca8f7a883.jpg?ver=1777169572\",\"caption\":\"gazetar2\"},\"url\":\"https:\/\/www.press7.tv\/?author=8\"}]}<\/script>\n<!-- \/ Yoast SEO plugin. -->","yoast_head_json":{"title":"Bekim Qoku: BDI-ja \u00ebsht\u00eb m\u00eb e padenja p\u00ebr t\u00eb folur p\u00ebr drejt\u00ebsin\u00eb \u2013 drejt\u00ebsia nuk mund t\u00eb vij\u00eb nga ata q\u00eb e shkat\u00ebrruan - press7.tv","robots":{"index":"index","follow":"follow","max-snippet":"max-snippet:-1","max-image-preview":"max-image-preview:large","max-video-preview":"max-video-preview:-1"},"canonical":"https:\/\/www.press7.tv\/?p=20803","og_locale":"en_US","og_type":"article","og_title":"Bekim Qoku: BDI-ja \u00ebsht\u00eb m\u00eb e padenja p\u00ebr t\u00eb folur p\u00ebr drejt\u00ebsin\u00eb \u2013 drejt\u00ebsia nuk mund t\u00eb vij\u00eb nga ata q\u00eb e shkat\u00ebrruan - press7.tv","og_description":"Shkup, 9 Korrik 2025 \u2013 Deputeti i koalicionit VLEN, Bekim Qoku, ka reaguar ashp\u00ebr p\u00ebrmes nj\u00eb postimi n\u00eb rrjetin social Facebook, ku ka denoncuar publikisht p\u00ebrpjekjet e Bashkimit Demokratik p\u00ebr Integrim (BDI) p\u00ebr t\u00eb nd\u00ebrhyr\u00eb n\u00eb sistemin gjyq\u00ebsor dhe p\u00ebr ta instrumentalizuar at\u00eb p\u00ebr interesa t\u00eb ngushta politike dhe klanore. \u201cNuk ka pasur n\u00eb k\u00ebto [&hellip;]","og_url":"https:\/\/www.press7.tv\/?p=20803","og_site_name":"press7.tv","article_publisher":"https:\/\/www.facebook.com\/press7.tv","article_published_time":"2025-07-09T17:50:12+00:00","article_modified_time":"2025-07-09T17:53:39+00:00","og_image":[{"width":1208,"height":1099,"url":"https:\/\/www.press7.tv\/wp-content\/uploads\/2025\/07\/IMG_6124.avif","type":"image\/jpeg"}],"author":"gazetar2","twitter_card":"summary_large_image","twitter_misc":{"Written by":"gazetar2","Est. reading time":"2 minutes"},"schema":{"@context":"https:\/\/schema.org","@graph":[{"@type":"Article","@id":"https:\/\/www.press7.tv\/?p=20803#article","isPartOf":{"@id":"https:\/\/www.press7.tv\/?p=20803"},"author":{"name":"gazetar2","@id":"https:\/\/www.news33.tv\/#\/schema\/person\/5a04a38a23ccdba82f9bd665cd8f9efa"},"headline":"Bekim Qoku: BDI-ja \u00ebsht\u00eb m\u00eb e padenja p\u00ebr t\u00eb folur p\u00ebr drejt\u00ebsin\u00eb \u2013 drejt\u00ebsia nuk mund t\u00eb vij\u00eb nga ata q\u00eb e shkat\u00ebrruan","datePublished":"2025-07-09T17:50:12+00:00","dateModified":"2025-07-09T17:53:39+00:00","mainEntityOfPage":{"@id":"https:\/\/www.press7.tv\/?p=20803"},"wordCount":466,"publisher":{"@id":"https:\/\/www.news33.tv\/#organization"},"image":{"@id":"https:\/\/www.press7.tv\/?p=20803#primaryimage"},"thumbnailUrl":"https:\/\/www.press7.tv\/wp-content\/uploads\/2025\/07\/IMG_6124.avif","articleSection":["Lajme","Maqedoni"],"inLanguage":"en-US"},{"@type":"WebPage","@id":"https:\/\/www.press7.tv\/?p=20803","url":"https:\/\/www.press7.tv\/?p=20803","name":"Bekim Qoku: BDI-ja \u00ebsht\u00eb m\u00eb e padenja p\u00ebr t\u00eb folur p\u00ebr drejt\u00ebsin\u00eb \u2013 drejt\u00ebsia nuk mund t\u00eb vij\u00eb nga ata q\u00eb e shkat\u00ebrruan - press7.tv","isPartOf":{"@id":"https:\/\/www.news33.tv\/#website"},"primaryImageOfPage":{"@id":"https:\/\/www.press7.tv\/?p=20803#primaryimage"},"image":{"@id":"https:\/\/www.press7.tv\/?p=20803#primaryimage"},"thumbnailUrl":"https:\/\/www.press7.tv\/wp-content\/uploads\/2025\/07\/IMG_6124.avif","datePublished":"2025-07-09T17:50:12+00:00","dateModified":"2025-07-09T17:53:39+00:00","breadcrumb":{"@id":"https:\/\/www.press7.tv\/?p=20803#breadcrumb"},"inLanguage":"en-US","potentialAction":[{"@type":"ReadAction","target":["https:\/\/www.press7.tv\/?p=20803"]}]},{"@type":"ImageObject","inLanguage":"en-US","@id":"https:\/\/www.press7.tv\/?p=20803#primaryimage","url":"https:\/\/www.press7.tv\/wp-content\/uploads\/2025\/07\/IMG_6124.avif","contentUrl":"https:\/\/www.press7.tv\/wp-content\/uploads\/2025\/07\/IMG_6124.avif","width":1208,"height":1099,"caption":"Screenshot"},{"@type":"BreadcrumbList","@id":"https:\/\/www.press7.tv\/?p=20803#breadcrumb","itemListElement":[{"@type":"ListItem","position":1,"name":"Home","item":"https:\/\/www.press7.tv\/"},{"@type":"ListItem","position":2,"name":"Bekim Qoku: BDI-ja \u00ebsht\u00eb m\u00eb e padenja p\u00ebr t\u00eb folur p\u00ebr drejt\u00ebsin\u00eb \u2013 drejt\u00ebsia nuk mund t\u00eb vij\u00eb nga ata q\u00eb e shkat\u00ebrruan"}]},{"@type":"WebSite","@id":"https:\/\/www.news33.tv\/#website","url":"https:\/\/www.news33.tv\/","name":"News33.tv Media","description":"Media","publisher":{"@id":"https:\/\/www.news33.tv\/#organization"},"potentialAction":[{"@type":"SearchAction","target":{"@type":"EntryPoint","urlTemplate":"https:\/\/www.news33.tv\/?s={search_term_string}"},"query-input":{"@type":"PropertyValueSpecification","valueRequired":true,"valueName":"search_term_string"}}],"inLanguage":"en-US"},{"@type":"Organization","@id":"https:\/\/www.news33.tv\/#organization","name":"News33.tv Media","url":"https:\/\/www.news33.tv\/","logo":{"@type":"ImageObject","inLanguage":"en-US","@id":"https:\/\/www.news33.tv\/#\/schema\/logo\/image\/","url":"https:\/\/www.press7.tv\/wp-content\/uploads\/2024\/02\/logo-news33-black.png","contentUrl":"https:\/\/www.press7.tv\/wp-content\/uploads\/2024\/02\/logo-news33-black.png","width":180,"height":37,"caption":"News33.tv Media"},"image":{"@id":"https:\/\/www.news33.tv\/#\/schema\/logo\/image\/"},"sameAs":["https:\/\/www.facebook.com\/press7.tv"]},{"@type":"Person","@id":"https:\/\/www.news33.tv\/#\/schema\/person\/5a04a38a23ccdba82f9bd665cd8f9efa","name":"gazetar2","image":{"@type":"ImageObject","inLanguage":"en-US","@id":"https:\/\/www.news33.tv\/#\/schema\/person\/image\/","url":"https:\/\/www.press7.tv\/wp-content\/litespeed\/avatar\/41975e402c3049d9ddb03adca8f7a883.jpg?ver=1777169572","contentUrl":"https:\/\/www.press7.tv\/wp-content\/litespeed\/avatar\/41975e402c3049d9ddb03adca8f7a883.jpg?ver=1777169572","caption":"gazetar2"},"url":"https:\/\/www.press7.tv\/?author=8"}]}},"amp_enabled":true,"_links":{"self":[{"href":"https:\/\/www.press7.tv\/index.php?rest_route=\/wp\/v2\/posts\/20803","targetHints":{"allow":["GET"]}}],"collection":[{"href":"https:\/\/www.press7.tv\/index.php?rest_route=\/wp\/v2\/posts"}],"about":[{"href":"https:\/\/www.press7.tv\/index.php?rest_route=\/wp\/v2\/types\/post"}],"author":[{"embeddable":true,"href":"https:\/\/www.press7.tv\/index.php?rest_route=\/wp\/v2\/users\/8"}],"replies":[{"embeddable":true,"href":"https:\/\/www.press7.tv\/index.php?rest_route=%2Fwp%2Fv2%2Fcomments&post=20803"}],"version-history":[{"count":1,"href":"https:\/\/www.press7.tv\/index.php?rest_route=\/wp\/v2\/posts\/20803\/revisions"}],"predecessor-version":[{"id":20804,"href":"https:\/\/www.press7.tv\/index.php?rest_route=\/wp\/v2\/posts\/20803\/revisions\/20804"}],"wp:featuredmedia":[{"embeddable":true,"href":"https:\/\/www.press7.tv\/index.php?rest_route=\/wp\/v2\/media\/20805"}],"wp:attachment":[{"href":"https:\/\/www.press7.tv\/index.php?rest_route=%2Fwp%2Fv2%2Fmedia&parent=20803"}],"wp:term":[{"taxonomy":"category","embeddable":true,"href":"https:\/\/www.press7.tv\/index.php?rest_route=%2Fwp%2Fv2%2Fcategories&post=20803"},{"taxonomy":"post_tag","embeddable":true,"href":"https:\/\/www.press7.tv\/index.php?rest_route=%2Fwp%2Fv2%2Ftags&post=20803"}],"curies":[{"name":"wp","href":"https:\/\/api.w.org\/{rel}","templated":true}]}}