{"id":20798,"date":"2025-07-09T15:12:37","date_gmt":"2025-07-09T15:12:37","guid":{"rendered":"https:\/\/www.press7.tv\/?p=20798"},"modified":"2025-07-09T15:12:37","modified_gmt":"2025-07-09T15:12:37","slug":"nxehtesia-ekstreme-ne-evrope-shkaktoi-2300-vdekje-vleresojne-shkencetaret","status":"publish","type":"post","link":"https:\/\/www.press7.tv\/?p=20798","title":{"rendered":"Nxeht\u00ebsia ekstreme n\u00eb Evrop\u00eb shkaktoi 2,300 vdekje, vler\u00ebsojn\u00eb shkenc\u00ebtar\u00ebt"},"content":{"rendered":"\n    <div class=\"xs_social_share_widget xs_share_url before_content \t\tmain_content  wslu-style-2 wslu-share-box-shaped wslu-fill-colored wslu-share-m-5 wslu-none wslu-share-vertical wslu-theme-font-no wslu-main_content\">\n\n\t\t\n        <ul>\n\t\t\t        <\/ul>\n    <\/div> \n<p>Rreth 2,300 njer\u00ebz vdiq\u00ebn nga shkaqe t\u00eb lidhura me nxeht\u00ebsin\u00eb n\u00eb 12 qytete evropiane gjat\u00eb val\u00ebs s\u00eb r\u00ebnd\u00eb t\u00eb t\u00eb nxehtit q\u00eb p\u00ebrfundoi jav\u00ebn e kaluar, sipas nj\u00eb analize shkencore t\u00eb publikuar t\u00eb m\u00ebrkur\u00ebn.<\/p>\n<p>Studimi synonte 10 dit\u00ebt, q\u00eb p\u00ebrfunduan m\u00eb 2 korrik, gjat\u00eb t\u00eb cilave pjes\u00eb t\u00eb m\u00ebdha t\u00eb Evrop\u00ebs Per\u00ebndimore u godit\u00ebn nga nxeht\u00ebsia ekstreme, me temperatura q\u00eb tejkaluan 40 grad\u00eb celsius n\u00eb Spanj\u00eb dhe zjarre q\u00eb shp\u00ebrthyen n\u00eb Franc\u00eb, raporton Reuters.<\/p>\n<p>Nga 2,300 njer\u00ebzit q\u00eb vler\u00ebsohet se kan\u00eb vdekur gjat\u00eb k\u00ebsaj periudhe, 1,500 vdekje ishin t\u00eb lidhura me ndryshimin e klim\u00ebs, gj\u00eb q\u00eb e b\u00ebri val\u00ebn e t\u00eb nxehtit m\u00eb t\u00eb r\u00ebnd\u00eb, sipas studimit t\u00eb kryer nga shkenc\u00ebtar\u00ebt n\u00eb Imperial College London dhe London School of Hygiene and Tropical Medicine.<\/p>\n<p>&#8220;Ndryshimi i klim\u00ebs e ka b\u00ebr\u00eb at\u00eb duksh\u00ebm m\u00eb t\u00eb nxeht\u00eb se sa do t\u00eb kishte qen\u00eb, gj\u00eb q\u00eb nga ana tjet\u00ebr e b\u00ebn at\u00eb shum\u00eb m\u00eb t\u00eb rrezikshme&#8221;, ka th\u00ebn\u00eb Dr. Ben Clarke, nj\u00eb studiues n\u00eb Imperial College London.<\/p>\n<p>Studimi mbuloi 12 qytete duke p\u00ebrfshir\u00eb Barcelon\u00ebn, Madridin, Londr\u00ebn dhe Milanon, ku studiuesit than\u00eb se ndryshimi i klim\u00ebs kishte rritur temperaturat p\u00ebr 4 grad\u00eb celsius.<\/p>\n<p>Studiuesit p\u00ebrdor\u00ebn modele epidemiologjike t\u00eb p\u00ebrcaktuara dhe t\u00eb dh\u00ebna historike t\u00eb vdekshm\u00ebris\u00eb p\u00ebr t\u00eb vler\u00ebsuar numrin e vdekjeve, i cili pasqyron vdekjet ku nxeht\u00ebsia ishte arsyeja themelore e vdekshm\u00ebris\u00eb, duke p\u00ebrfshir\u00eb edhe n\u00ebse ekspozimi p\u00ebrkeq\u00ebsoi gjendjet sh\u00ebndet\u00ebsore para-ekzistuese.<\/p>\n<p>Shkenc\u00ebtar\u00ebt than\u00eb se p\u00ebrdor\u00ebn metoda t\u00eb rishikuara nga koleg\u00ebt p\u00ebr t\u00eb nxjerr\u00eb shpejt numrin e vdekshm\u00ebris\u00eb s\u00eb vler\u00ebsuar, sepse shumica e vdekshm\u00ebrive t\u00eb lidhura me nxeht\u00ebsin\u00eb nuk raportohen zyrtarisht dhe disa qeveri nuk i publikojn\u00eb k\u00ebto t\u00eb dh\u00ebna.<\/p>\n<p>Muaji i kaluar ishte qershori i tret\u00eb m\u00eb i nxeht\u00eb i regjistruar ndonj\u00ebher\u00eb n\u00eb planet, pas t\u00eb nj\u00ebjtit muaj n\u00eb vitet 2024 dhe 2023, ka th\u00ebn\u00eb Sh\u00ebrbimi i Ndryshimeve Klimatike Copernicus i BE-s\u00eb n\u00eb nj\u00eb buletin mujor t\u00eb m\u00ebrkur\u00ebn.<\/p>\n<p>Evropa Per\u00ebndimore p\u00ebrjetoi qershorin e saj m\u00eb t\u00eb ngroht\u00eb t\u00eb regjistruar ndonj\u00ebher\u00eb, me pjes\u00ebn m\u00eb t\u00eb madhe t\u00eb rajonit q\u00eb p\u00ebrjetoi &#8220;nxeht\u00ebsi shum\u00eb t\u00eb fort\u00eb&#8221; &#8211; t\u00eb p\u00ebrcaktuar nga kushte q\u00eb ndihen si nj\u00eb temperatur\u00eb prej 38 grad\u00eb celsius ose m\u00eb shum\u00eb, tha Copernicus.<\/p>\n<p>&#8220;N\u00eb nj\u00eb bot\u00eb q\u00eb po ngrohet, val\u00ebt e nxeht\u00ebsis\u00eb ka t\u00eb ngjar\u00eb t\u00eb b\u00ebhen m\u00eb t\u00eb shpeshta, m\u00eb intensive dhe t\u00eb ndikojn\u00eb m\u00eb shum\u00eb njer\u00ebz n\u00eb t\u00eb gjith\u00eb Evrop\u00ebn&#8221;, ka th\u00ebn\u00eb Samantha Burgess, udh\u00ebheq\u00ebse strategjike e Copernicus p\u00ebr klim\u00ebn.<\/p>\n<p>Studiues nga institutet evropiane t\u00eb sh\u00ebndetit raportuan n\u00eb vitin 2023 se deri n\u00eb 61,000 njer\u00ebz mund t\u00eb ken\u00eb vdekur n\u00eb val\u00ebt e t\u00eb nxehtit p\u00ebrv\u00eblues t\u00eb Evrop\u00ebs n\u00eb vitin 2022, sipas nj\u00eb studimi t\u00eb ri, duke sugjeruar se p\u00ebrpjekjet e vendeve p\u00ebr p\u00ebrgatitjen p\u00ebr nxeht\u00ebsin\u00eb po d\u00ebshtojn\u00eb n\u00eb m\u00ebnyr\u00eb fatale.<\/p>\n<p>Akumulimi i emetimeve t\u00eb gazrave serr\u00eb n\u00eb atmosfer\u00eb t\u00eb cilat vijn\u00eb kryesisht nga djegia e l\u00ebnd\u00ebve djeg\u00ebse fosile, do t\u00eb thot\u00eb se temperatura mesatare e planetit \u00ebsht\u00eb rritur me kalimin e koh\u00ebs. <\/p>\n<p>Kjo rritje e temperaturave baz\u00eb do t\u00eb thot\u00eb q\u00eb kur vjen nj\u00eb val\u00eb e t\u00eb nxehtit, temperaturat mund t\u00eb arrijn\u00eb majat m\u00eb t\u00eb larta.<\/p>\n","protected":false},"excerpt":{"rendered":"<p>Rreth 2,300 njer\u00ebz vdiq\u00ebn nga shkaqe t\u00eb lidhura me nxeht\u00ebsin\u00eb n\u00eb 12 qytete evropiane gjat\u00eb val\u00ebs s\u00eb r\u00ebnd\u00eb t\u00eb t\u00eb nxehtit q\u00eb p\u00ebrfundoi jav\u00ebn e kaluar, sipas nj\u00eb analize shkencore t\u00eb publikuar t\u00eb m\u00ebrkur\u00ebn. Studimi synonte 10 dit\u00ebt, q\u00eb p\u00ebrfunduan m\u00eb 2 korrik, gjat\u00eb t\u00eb cilave pjes\u00eb t\u00eb m\u00ebdha t\u00eb Evrop\u00ebs Per\u00ebndimore u godit\u00ebn nga [&hellip;]<\/p>\n","protected":false},"author":8,"featured_media":20799,"comment_status":"closed","ping_status":"closed","sticky":false,"template":"","format":"standard","meta":{"footnotes":""},"categories":[217,213],"tags":[],"class_list":["post-20798","post","type-post","status-publish","format-standard","has-post-thumbnail","hentry","category-bote","category-lajme"],"yoast_head":"<!-- This site is optimized with the Yoast SEO plugin v25.1 - https:\/\/yoast.com\/wordpress\/plugins\/seo\/ -->\n<title>Nxeht\u00ebsia ekstreme n\u00eb Evrop\u00eb shkaktoi 2,300 vdekje, vler\u00ebsojn\u00eb shkenc\u00ebtar\u00ebt - press7.tv<\/title>\n<meta name=\"robots\" content=\"index, follow, max-snippet:-1, max-image-preview:large, max-video-preview:-1\" \/>\n<link rel=\"canonical\" href=\"https:\/\/www.press7.tv\/?p=20798\" \/>\n<meta property=\"og:locale\" content=\"en_US\" \/>\n<meta property=\"og:type\" content=\"article\" \/>\n<meta property=\"og:title\" content=\"Nxeht\u00ebsia ekstreme n\u00eb Evrop\u00eb shkaktoi 2,300 vdekje, vler\u00ebsojn\u00eb shkenc\u00ebtar\u00ebt - press7.tv\" \/>\n<meta property=\"og:description\" content=\"Rreth 2,300 njer\u00ebz vdiq\u00ebn nga shkaqe t\u00eb lidhura me nxeht\u00ebsin\u00eb n\u00eb 12 qytete evropiane gjat\u00eb val\u00ebs s\u00eb r\u00ebnd\u00eb t\u00eb t\u00eb nxehtit q\u00eb p\u00ebrfundoi jav\u00ebn e kaluar, sipas nj\u00eb analize shkencore t\u00eb publikuar t\u00eb m\u00ebrkur\u00ebn. Studimi synonte 10 dit\u00ebt, q\u00eb p\u00ebrfunduan m\u00eb 2 korrik, gjat\u00eb t\u00eb cilave pjes\u00eb t\u00eb m\u00ebdha t\u00eb Evrop\u00ebs Per\u00ebndimore u godit\u00ebn nga [&hellip;]\" \/>\n<meta property=\"og:url\" content=\"https:\/\/www.press7.tv\/?p=20798\" \/>\n<meta property=\"og:site_name\" content=\"press7.tv\" \/>\n<meta property=\"article:publisher\" content=\"https:\/\/www.facebook.com\/press7.tv\" \/>\n<meta property=\"article:published_time\" content=\"2025-07-09T15:12:37+00:00\" \/>\n<meta property=\"og:image\" content=\"https:\/\/www.press7.tv\/wp-content\/uploads\/2025\/07\/IMG_6122.avif\" \/>\n\t<meta property=\"og:image:width\" content=\"1360\" \/>\n\t<meta property=\"og:image:height\" content=\"870\" \/>\n\t<meta property=\"og:image:type\" content=\"image\/webp\" \/>\n<meta name=\"author\" content=\"gazetar2\" \/>\n<meta name=\"twitter:card\" content=\"summary_large_image\" \/>\n<meta name=\"twitter:label1\" content=\"Written by\" \/>\n\t<meta name=\"twitter:data1\" content=\"gazetar2\" \/>\n\t<meta name=\"twitter:label2\" content=\"Est. reading time\" \/>\n\t<meta name=\"twitter:data2\" content=\"1 minute\" \/>\n<script type=\"application\/ld+json\" class=\"yoast-schema-graph\">{\"@context\":\"https:\/\/schema.org\",\"@graph\":[{\"@type\":\"Article\",\"@id\":\"https:\/\/www.press7.tv\/?p=20798#article\",\"isPartOf\":{\"@id\":\"https:\/\/www.press7.tv\/?p=20798\"},\"author\":{\"name\":\"gazetar2\",\"@id\":\"https:\/\/www.news33.tv\/#\/schema\/person\/5a04a38a23ccdba82f9bd665cd8f9efa\"},\"headline\":\"Nxeht\u00ebsia ekstreme n\u00eb Evrop\u00eb shkaktoi 2,300 vdekje, vler\u00ebsojn\u00eb shkenc\u00ebtar\u00ebt\",\"datePublished\":\"2025-07-09T15:12:37+00:00\",\"mainEntityOfPage\":{\"@id\":\"https:\/\/www.press7.tv\/?p=20798\"},\"wordCount\":593,\"publisher\":{\"@id\":\"https:\/\/www.news33.tv\/#organization\"},\"image\":{\"@id\":\"https:\/\/www.press7.tv\/?p=20798#primaryimage\"},\"thumbnailUrl\":\"https:\/\/www.press7.tv\/wp-content\/uploads\/2025\/07\/IMG_6122.avif\",\"articleSection\":[\"Bot\u00eb\",\"Lajme\"],\"inLanguage\":\"en-US\"},{\"@type\":\"WebPage\",\"@id\":\"https:\/\/www.press7.tv\/?p=20798\",\"url\":\"https:\/\/www.press7.tv\/?p=20798\",\"name\":\"Nxeht\u00ebsia ekstreme n\u00eb Evrop\u00eb shkaktoi 2,300 vdekje, vler\u00ebsojn\u00eb shkenc\u00ebtar\u00ebt - press7.tv\",\"isPartOf\":{\"@id\":\"https:\/\/www.news33.tv\/#website\"},\"primaryImageOfPage\":{\"@id\":\"https:\/\/www.press7.tv\/?p=20798#primaryimage\"},\"image\":{\"@id\":\"https:\/\/www.press7.tv\/?p=20798#primaryimage\"},\"thumbnailUrl\":\"https:\/\/www.press7.tv\/wp-content\/uploads\/2025\/07\/IMG_6122.avif\",\"datePublished\":\"2025-07-09T15:12:37+00:00\",\"breadcrumb\":{\"@id\":\"https:\/\/www.press7.tv\/?p=20798#breadcrumb\"},\"inLanguage\":\"en-US\",\"potentialAction\":[{\"@type\":\"ReadAction\",\"target\":[\"https:\/\/www.press7.tv\/?p=20798\"]}]},{\"@type\":\"ImageObject\",\"inLanguage\":\"en-US\",\"@id\":\"https:\/\/www.press7.tv\/?p=20798#primaryimage\",\"url\":\"https:\/\/www.press7.tv\/wp-content\/uploads\/2025\/07\/IMG_6122.avif\",\"contentUrl\":\"https:\/\/www.press7.tv\/wp-content\/uploads\/2025\/07\/IMG_6122.avif\",\"width\":1360,\"height\":870},{\"@type\":\"BreadcrumbList\",\"@id\":\"https:\/\/www.press7.tv\/?p=20798#breadcrumb\",\"itemListElement\":[{\"@type\":\"ListItem\",\"position\":1,\"name\":\"Home\",\"item\":\"https:\/\/www.press7.tv\/\"},{\"@type\":\"ListItem\",\"position\":2,\"name\":\"Nxeht\u00ebsia ekstreme n\u00eb Evrop\u00eb shkaktoi 2,300 vdekje, vler\u00ebsojn\u00eb shkenc\u00ebtar\u00ebt\"}]},{\"@type\":\"WebSite\",\"@id\":\"https:\/\/www.news33.tv\/#website\",\"url\":\"https:\/\/www.news33.tv\/\",\"name\":\"News33.tv Media\",\"description\":\"Media\",\"publisher\":{\"@id\":\"https:\/\/www.news33.tv\/#organization\"},\"potentialAction\":[{\"@type\":\"SearchAction\",\"target\":{\"@type\":\"EntryPoint\",\"urlTemplate\":\"https:\/\/www.news33.tv\/?s={search_term_string}\"},\"query-input\":{\"@type\":\"PropertyValueSpecification\",\"valueRequired\":true,\"valueName\":\"search_term_string\"}}],\"inLanguage\":\"en-US\"},{\"@type\":\"Organization\",\"@id\":\"https:\/\/www.news33.tv\/#organization\",\"name\":\"News33.tv Media\",\"url\":\"https:\/\/www.news33.tv\/\",\"logo\":{\"@type\":\"ImageObject\",\"inLanguage\":\"en-US\",\"@id\":\"https:\/\/www.news33.tv\/#\/schema\/logo\/image\/\",\"url\":\"https:\/\/www.press7.tv\/wp-content\/uploads\/2024\/02\/logo-news33-black.png\",\"contentUrl\":\"https:\/\/www.press7.tv\/wp-content\/uploads\/2024\/02\/logo-news33-black.png\",\"width\":180,\"height\":37,\"caption\":\"News33.tv Media\"},\"image\":{\"@id\":\"https:\/\/www.news33.tv\/#\/schema\/logo\/image\/\"},\"sameAs\":[\"https:\/\/www.facebook.com\/press7.tv\"]},{\"@type\":\"Person\",\"@id\":\"https:\/\/www.news33.tv\/#\/schema\/person\/5a04a38a23ccdba82f9bd665cd8f9efa\",\"name\":\"gazetar2\",\"image\":{\"@type\":\"ImageObject\",\"inLanguage\":\"en-US\",\"@id\":\"https:\/\/www.news33.tv\/#\/schema\/person\/image\/\",\"url\":\"https:\/\/www.press7.tv\/wp-content\/litespeed\/avatar\/41975e402c3049d9ddb03adca8f7a883.jpg?ver=1777169572\",\"contentUrl\":\"https:\/\/www.press7.tv\/wp-content\/litespeed\/avatar\/41975e402c3049d9ddb03adca8f7a883.jpg?ver=1777169572\",\"caption\":\"gazetar2\"},\"url\":\"https:\/\/www.press7.tv\/?author=8\"}]}<\/script>\n<!-- \/ Yoast SEO plugin. -->","yoast_head_json":{"title":"Nxeht\u00ebsia ekstreme n\u00eb Evrop\u00eb shkaktoi 2,300 vdekje, vler\u00ebsojn\u00eb shkenc\u00ebtar\u00ebt - press7.tv","robots":{"index":"index","follow":"follow","max-snippet":"max-snippet:-1","max-image-preview":"max-image-preview:large","max-video-preview":"max-video-preview:-1"},"canonical":"https:\/\/www.press7.tv\/?p=20798","og_locale":"en_US","og_type":"article","og_title":"Nxeht\u00ebsia ekstreme n\u00eb Evrop\u00eb shkaktoi 2,300 vdekje, vler\u00ebsojn\u00eb shkenc\u00ebtar\u00ebt - press7.tv","og_description":"Rreth 2,300 njer\u00ebz vdiq\u00ebn nga shkaqe t\u00eb lidhura me nxeht\u00ebsin\u00eb n\u00eb 12 qytete evropiane gjat\u00eb val\u00ebs s\u00eb r\u00ebnd\u00eb t\u00eb t\u00eb nxehtit q\u00eb p\u00ebrfundoi jav\u00ebn e kaluar, sipas nj\u00eb analize shkencore t\u00eb publikuar t\u00eb m\u00ebrkur\u00ebn. Studimi synonte 10 dit\u00ebt, q\u00eb p\u00ebrfunduan m\u00eb 2 korrik, gjat\u00eb t\u00eb cilave pjes\u00eb t\u00eb m\u00ebdha t\u00eb Evrop\u00ebs Per\u00ebndimore u godit\u00ebn nga [&hellip;]","og_url":"https:\/\/www.press7.tv\/?p=20798","og_site_name":"press7.tv","article_publisher":"https:\/\/www.facebook.com\/press7.tv","article_published_time":"2025-07-09T15:12:37+00:00","og_image":[{"width":1360,"height":870,"url":"https:\/\/www.press7.tv\/wp-content\/uploads\/2025\/07\/IMG_6122.avif","type":"image\/webp"}],"author":"gazetar2","twitter_card":"summary_large_image","twitter_misc":{"Written by":"gazetar2","Est. reading time":"1 minute"},"schema":{"@context":"https:\/\/schema.org","@graph":[{"@type":"Article","@id":"https:\/\/www.press7.tv\/?p=20798#article","isPartOf":{"@id":"https:\/\/www.press7.tv\/?p=20798"},"author":{"name":"gazetar2","@id":"https:\/\/www.news33.tv\/#\/schema\/person\/5a04a38a23ccdba82f9bd665cd8f9efa"},"headline":"Nxeht\u00ebsia ekstreme n\u00eb Evrop\u00eb shkaktoi 2,300 vdekje, vler\u00ebsojn\u00eb shkenc\u00ebtar\u00ebt","datePublished":"2025-07-09T15:12:37+00:00","mainEntityOfPage":{"@id":"https:\/\/www.press7.tv\/?p=20798"},"wordCount":593,"publisher":{"@id":"https:\/\/www.news33.tv\/#organization"},"image":{"@id":"https:\/\/www.press7.tv\/?p=20798#primaryimage"},"thumbnailUrl":"https:\/\/www.press7.tv\/wp-content\/uploads\/2025\/07\/IMG_6122.avif","articleSection":["Bot\u00eb","Lajme"],"inLanguage":"en-US"},{"@type":"WebPage","@id":"https:\/\/www.press7.tv\/?p=20798","url":"https:\/\/www.press7.tv\/?p=20798","name":"Nxeht\u00ebsia ekstreme n\u00eb Evrop\u00eb shkaktoi 2,300 vdekje, vler\u00ebsojn\u00eb shkenc\u00ebtar\u00ebt - press7.tv","isPartOf":{"@id":"https:\/\/www.news33.tv\/#website"},"primaryImageOfPage":{"@id":"https:\/\/www.press7.tv\/?p=20798#primaryimage"},"image":{"@id":"https:\/\/www.press7.tv\/?p=20798#primaryimage"},"thumbnailUrl":"https:\/\/www.press7.tv\/wp-content\/uploads\/2025\/07\/IMG_6122.avif","datePublished":"2025-07-09T15:12:37+00:00","breadcrumb":{"@id":"https:\/\/www.press7.tv\/?p=20798#breadcrumb"},"inLanguage":"en-US","potentialAction":[{"@type":"ReadAction","target":["https:\/\/www.press7.tv\/?p=20798"]}]},{"@type":"ImageObject","inLanguage":"en-US","@id":"https:\/\/www.press7.tv\/?p=20798#primaryimage","url":"https:\/\/www.press7.tv\/wp-content\/uploads\/2025\/07\/IMG_6122.avif","contentUrl":"https:\/\/www.press7.tv\/wp-content\/uploads\/2025\/07\/IMG_6122.avif","width":1360,"height":870},{"@type":"BreadcrumbList","@id":"https:\/\/www.press7.tv\/?p=20798#breadcrumb","itemListElement":[{"@type":"ListItem","position":1,"name":"Home","item":"https:\/\/www.press7.tv\/"},{"@type":"ListItem","position":2,"name":"Nxeht\u00ebsia ekstreme n\u00eb Evrop\u00eb shkaktoi 2,300 vdekje, vler\u00ebsojn\u00eb shkenc\u00ebtar\u00ebt"}]},{"@type":"WebSite","@id":"https:\/\/www.news33.tv\/#website","url":"https:\/\/www.news33.tv\/","name":"News33.tv Media","description":"Media","publisher":{"@id":"https:\/\/www.news33.tv\/#organization"},"potentialAction":[{"@type":"SearchAction","target":{"@type":"EntryPoint","urlTemplate":"https:\/\/www.news33.tv\/?s={search_term_string}"},"query-input":{"@type":"PropertyValueSpecification","valueRequired":true,"valueName":"search_term_string"}}],"inLanguage":"en-US"},{"@type":"Organization","@id":"https:\/\/www.news33.tv\/#organization","name":"News33.tv Media","url":"https:\/\/www.news33.tv\/","logo":{"@type":"ImageObject","inLanguage":"en-US","@id":"https:\/\/www.news33.tv\/#\/schema\/logo\/image\/","url":"https:\/\/www.press7.tv\/wp-content\/uploads\/2024\/02\/logo-news33-black.png","contentUrl":"https:\/\/www.press7.tv\/wp-content\/uploads\/2024\/02\/logo-news33-black.png","width":180,"height":37,"caption":"News33.tv Media"},"image":{"@id":"https:\/\/www.news33.tv\/#\/schema\/logo\/image\/"},"sameAs":["https:\/\/www.facebook.com\/press7.tv"]},{"@type":"Person","@id":"https:\/\/www.news33.tv\/#\/schema\/person\/5a04a38a23ccdba82f9bd665cd8f9efa","name":"gazetar2","image":{"@type":"ImageObject","inLanguage":"en-US","@id":"https:\/\/www.news33.tv\/#\/schema\/person\/image\/","url":"https:\/\/www.press7.tv\/wp-content\/litespeed\/avatar\/41975e402c3049d9ddb03adca8f7a883.jpg?ver=1777169572","contentUrl":"https:\/\/www.press7.tv\/wp-content\/litespeed\/avatar\/41975e402c3049d9ddb03adca8f7a883.jpg?ver=1777169572","caption":"gazetar2"},"url":"https:\/\/www.press7.tv\/?author=8"}]}},"amp_enabled":true,"_links":{"self":[{"href":"https:\/\/www.press7.tv\/index.php?rest_route=\/wp\/v2\/posts\/20798","targetHints":{"allow":["GET"]}}],"collection":[{"href":"https:\/\/www.press7.tv\/index.php?rest_route=\/wp\/v2\/posts"}],"about":[{"href":"https:\/\/www.press7.tv\/index.php?rest_route=\/wp\/v2\/types\/post"}],"author":[{"embeddable":true,"href":"https:\/\/www.press7.tv\/index.php?rest_route=\/wp\/v2\/users\/8"}],"replies":[{"embeddable":true,"href":"https:\/\/www.press7.tv\/index.php?rest_route=%2Fwp%2Fv2%2Fcomments&post=20798"}],"version-history":[{"count":1,"href":"https:\/\/www.press7.tv\/index.php?rest_route=\/wp\/v2\/posts\/20798\/revisions"}],"predecessor-version":[{"id":20800,"href":"https:\/\/www.press7.tv\/index.php?rest_route=\/wp\/v2\/posts\/20798\/revisions\/20800"}],"wp:featuredmedia":[{"embeddable":true,"href":"https:\/\/www.press7.tv\/index.php?rest_route=\/wp\/v2\/media\/20799"}],"wp:attachment":[{"href":"https:\/\/www.press7.tv\/index.php?rest_route=%2Fwp%2Fv2%2Fmedia&parent=20798"}],"wp:term":[{"taxonomy":"category","embeddable":true,"href":"https:\/\/www.press7.tv\/index.php?rest_route=%2Fwp%2Fv2%2Fcategories&post=20798"},{"taxonomy":"post_tag","embeddable":true,"href":"https:\/\/www.press7.tv\/index.php?rest_route=%2Fwp%2Fv2%2Ftags&post=20798"}],"curies":[{"name":"wp","href":"https:\/\/api.w.org\/{rel}","templated":true}]}}