{"id":20786,"date":"2025-07-09T09:33:12","date_gmt":"2025-07-09T09:33:12","guid":{"rendered":"https:\/\/www.press7.tv\/?p=20786"},"modified":"2025-07-09T09:33:12","modified_gmt":"2025-07-09T09:33:12","slug":"zjarri-ne-deponine-mes-shutkes-dhe-vizbegut-qmk-eshte-kerkuar-mbeshtetje-nga-ajri-shqyrtohet-edhe-evakuimi-i-banoreve","status":"publish","type":"post","link":"https:\/\/www.press7.tv\/?p=20786","title":{"rendered":"Zjarri n\u00eb deponin\u00eb mes Shutk\u00ebs dhe Vizbegut, QMK: \u00cbsht\u00eb k\u00ebrkuar mb\u00ebshtetje nga ajri, shqyrtohet edhe evakuimi i banor\u00ebve"},"content":{"rendered":"\n    <div class=\"xs_social_share_widget xs_share_url before_content \t\tmain_content  wslu-style-2 wslu-share-box-shaped wslu-fill-colored wslu-share-m-5 wslu-none wslu-share-vertical wslu-theme-font-no wslu-main_content\">\n\n\t\t\n        <ul>\n\t\t\t        <\/ul>\n    <\/div> \n<p>Nga Qendra p\u00ebr Menaxhim me Kriza thon\u00eb se me k\u00ebrkes\u00eb t\u00eb kryetarit t\u00eb komun\u00ebs s\u00eb Shuto Orizar\u00ebs \u00ebsht\u00eb k\u00ebrkuar mb\u00ebshtetje nga ajri p\u00ebr t\u00eb shuar zjarrin q\u00eb ka shp\u00ebrthyer n\u00eb deponin\u00eb e eg\u00ebr mes Shutk\u00ebs dhe Vizbegut, p\u00ebrcjell TV21. Nga QMK thon\u00eb se zjarri po p\u00ebrhapet n\u00eb af\u00ebrsi t\u00eb zonave t\u00eb banimit dhe se n\u00ebse shihet e nevojshme, do t\u00eb b\u00ebhet edhe evakuimi i banor\u00ebve.<\/p>\n<p>https:\/\/www.instagram.com\/tv21hd\/?utm_source=ig_embed&#038;ig_rid=5cd561fb-3deb-4919-90e9-d1367d10ac38&#038;ig_mid=1EECF06E-393C-4B4B-903C-1BDFC13C3D40<\/p>\n<p>\u201cN\u00eb rajonin e Vizbegut, n\u00eb Komun\u00ebn e Shuto Orizarit, pran\u00eb deponis\u00eb ilegale, ka shp\u00ebrthyer nj\u00eb zjarr i cili po p\u00ebrhapet dhe paraqet rrezik p\u00ebr zgjerim drejt sip\u00ebrfaqeve p\u00ebrreth. Ekziston rrezik pasi q\u00eb af\u00ebr ndodhen sht\u00ebpi banimi. Me k\u00ebrkes\u00eb t\u00eb kryetarit t\u00eb Komun\u00ebs s\u00eb Shuto Orizarit, Kurto Dudush, \u00ebsht\u00eb k\u00ebrkuar mb\u00ebshtetje ajrore p\u00ebr p\u00ebrballimin e zjarrit. Qendra p\u00ebr Menaxhim me Kriza (QMK) menj\u00ebher\u00eb e ka procesuar k\u00ebrkes\u00ebn n\u00eb drejtim t\u00eb Ministris\u00eb p\u00ebr Pun\u00eb t\u00eb Brendshme (MPB) dhe Drejtoris\u00eb p\u00ebr Mbrojtje dhe Shp\u00ebtim (DMS), me q\u00ebllim t\u00eb beh\u00ebt nj\u00eb nd\u00ebrhyrjeje m\u00eb t\u00eb shpejt\u00eb dhe m\u00eb efikase n\u00eb terren. Kryetarit t\u00eb Shuto Orizarit i \u00ebsht\u00eb rekomanduar q\u00eb, n\u00ebse vler\u00ebsohet e nevojshme, t\u00eb nd\u00ebrmarr\u00eb masa p\u00ebr evakuimin e banor\u00ebve t\u00eb asaj zone. Aktualisht, n\u00eb terren po intervenojn\u00eb ekipet e Brigad\u00ebs s\u00eb Zjarrfik\u00ebsve t\u00eb Qytetit t\u00eb Shkupit\u201d, thon\u00eb nga QMK.<\/p>\n","protected":false},"excerpt":{"rendered":"<p>Nga Qendra p\u00ebr Menaxhim me Kriza thon\u00eb se me k\u00ebrkes\u00eb t\u00eb kryetarit t\u00eb komun\u00ebs s\u00eb Shuto Orizar\u00ebs \u00ebsht\u00eb k\u00ebrkuar mb\u00ebshtetje nga ajri p\u00ebr t\u00eb shuar zjarrin q\u00eb ka shp\u00ebrthyer n\u00eb deponin\u00eb e eg\u00ebr mes Shutk\u00ebs dhe Vizbegut, p\u00ebrcjell TV21. Nga QMK thon\u00eb se zjarri po p\u00ebrhapet n\u00eb af\u00ebrsi t\u00eb zonave t\u00eb banimit dhe se n\u00ebse [&hellip;]<\/p>\n","protected":false},"author":8,"featured_media":20787,"comment_status":"closed","ping_status":"closed","sticky":false,"template":"","format":"standard","meta":{"footnotes":""},"categories":[213,214],"tags":[],"class_list":["post-20786","post","type-post","status-publish","format-standard","has-post-thumbnail","hentry","category-lajme","category-maqedoni"],"yoast_head":"<!-- This site is optimized with the Yoast SEO plugin v25.1 - https:\/\/yoast.com\/wordpress\/plugins\/seo\/ -->\n<title>Zjarri n\u00eb deponin\u00eb mes Shutk\u00ebs dhe Vizbegut, QMK: \u00cbsht\u00eb k\u00ebrkuar mb\u00ebshtetje nga ajri, shqyrtohet edhe evakuimi i banor\u00ebve - press7.tv<\/title>\n<meta name=\"robots\" content=\"index, follow, max-snippet:-1, max-image-preview:large, max-video-preview:-1\" \/>\n<link rel=\"canonical\" href=\"https:\/\/www.press7.tv\/?p=20786\" \/>\n<meta property=\"og:locale\" content=\"en_US\" \/>\n<meta property=\"og:type\" content=\"article\" \/>\n<meta property=\"og:title\" content=\"Zjarri n\u00eb deponin\u00eb mes Shutk\u00ebs dhe Vizbegut, QMK: \u00cbsht\u00eb k\u00ebrkuar mb\u00ebshtetje nga ajri, shqyrtohet edhe evakuimi i banor\u00ebve - press7.tv\" \/>\n<meta property=\"og:description\" content=\"Nga Qendra p\u00ebr Menaxhim me Kriza thon\u00eb se me k\u00ebrkes\u00eb t\u00eb kryetarit t\u00eb komun\u00ebs s\u00eb Shuto Orizar\u00ebs \u00ebsht\u00eb k\u00ebrkuar mb\u00ebshtetje nga ajri p\u00ebr t\u00eb shuar zjarrin q\u00eb ka shp\u00ebrthyer n\u00eb deponin\u00eb e eg\u00ebr mes Shutk\u00ebs dhe Vizbegut, p\u00ebrcjell TV21. Nga QMK thon\u00eb se zjarri po p\u00ebrhapet n\u00eb af\u00ebrsi t\u00eb zonave t\u00eb banimit dhe se n\u00ebse [&hellip;]\" \/>\n<meta property=\"og:url\" content=\"https:\/\/www.press7.tv\/?p=20786\" \/>\n<meta property=\"og:site_name\" content=\"press7.tv\" \/>\n<meta property=\"article:publisher\" content=\"https:\/\/www.facebook.com\/press7.tv\" \/>\n<meta property=\"article:published_time\" content=\"2025-07-09T09:33:12+00:00\" \/>\n<meta property=\"og:image\" content=\"https:\/\/www.press7.tv\/wp-content\/uploads\/2025\/07\/IMG_6111.avif\" \/>\n\t<meta property=\"og:image:width\" content=\"1242\" \/>\n\t<meta property=\"og:image:height\" content=\"728\" \/>\n\t<meta property=\"og:image:type\" content=\"image\/jpeg\" \/>\n<meta name=\"author\" content=\"gazetar2\" \/>\n<meta name=\"twitter:card\" content=\"summary_large_image\" \/>\n<meta name=\"twitter:label1\" content=\"Written by\" \/>\n\t<meta name=\"twitter:data1\" content=\"gazetar2\" \/>\n\t<meta name=\"twitter:label2\" content=\"Est. reading time\" \/>\n\t<meta name=\"twitter:data2\" content=\"1 minute\" \/>\n<script type=\"application\/ld+json\" class=\"yoast-schema-graph\">{\"@context\":\"https:\/\/schema.org\",\"@graph\":[{\"@type\":\"Article\",\"@id\":\"https:\/\/www.press7.tv\/?p=20786#article\",\"isPartOf\":{\"@id\":\"https:\/\/www.press7.tv\/?p=20786\"},\"author\":{\"name\":\"gazetar2\",\"@id\":\"https:\/\/www.news33.tv\/#\/schema\/person\/5a04a38a23ccdba82f9bd665cd8f9efa\"},\"headline\":\"Zjarri n\u00eb deponin\u00eb mes Shutk\u00ebs dhe Vizbegut, QMK: \u00cbsht\u00eb k\u00ebrkuar mb\u00ebshtetje nga ajri, shqyrtohet edhe evakuimi i banor\u00ebve\",\"datePublished\":\"2025-07-09T09:33:12+00:00\",\"mainEntityOfPage\":{\"@id\":\"https:\/\/www.press7.tv\/?p=20786\"},\"wordCount\":300,\"publisher\":{\"@id\":\"https:\/\/www.news33.tv\/#organization\"},\"image\":{\"@id\":\"https:\/\/www.press7.tv\/?p=20786#primaryimage\"},\"thumbnailUrl\":\"https:\/\/www.press7.tv\/wp-content\/uploads\/2025\/07\/IMG_6111.avif\",\"articleSection\":[\"Lajme\",\"Maqedoni\"],\"inLanguage\":\"en-US\"},{\"@type\":\"WebPage\",\"@id\":\"https:\/\/www.press7.tv\/?p=20786\",\"url\":\"https:\/\/www.press7.tv\/?p=20786\",\"name\":\"Zjarri n\u00eb deponin\u00eb mes Shutk\u00ebs dhe Vizbegut, QMK: \u00cbsht\u00eb k\u00ebrkuar mb\u00ebshtetje nga ajri, shqyrtohet edhe evakuimi i banor\u00ebve - press7.tv\",\"isPartOf\":{\"@id\":\"https:\/\/www.news33.tv\/#website\"},\"primaryImageOfPage\":{\"@id\":\"https:\/\/www.press7.tv\/?p=20786#primaryimage\"},\"image\":{\"@id\":\"https:\/\/www.press7.tv\/?p=20786#primaryimage\"},\"thumbnailUrl\":\"https:\/\/www.press7.tv\/wp-content\/uploads\/2025\/07\/IMG_6111.avif\",\"datePublished\":\"2025-07-09T09:33:12+00:00\",\"breadcrumb\":{\"@id\":\"https:\/\/www.press7.tv\/?p=20786#breadcrumb\"},\"inLanguage\":\"en-US\",\"potentialAction\":[{\"@type\":\"ReadAction\",\"target\":[\"https:\/\/www.press7.tv\/?p=20786\"]}]},{\"@type\":\"ImageObject\",\"inLanguage\":\"en-US\",\"@id\":\"https:\/\/www.press7.tv\/?p=20786#primaryimage\",\"url\":\"https:\/\/www.press7.tv\/wp-content\/uploads\/2025\/07\/IMG_6111.avif\",\"contentUrl\":\"https:\/\/www.press7.tv\/wp-content\/uploads\/2025\/07\/IMG_6111.avif\",\"width\":1242,\"height\":728,\"caption\":\"Screenshot\"},{\"@type\":\"BreadcrumbList\",\"@id\":\"https:\/\/www.press7.tv\/?p=20786#breadcrumb\",\"itemListElement\":[{\"@type\":\"ListItem\",\"position\":1,\"name\":\"Home\",\"item\":\"https:\/\/www.press7.tv\/\"},{\"@type\":\"ListItem\",\"position\":2,\"name\":\"Zjarri n\u00eb deponin\u00eb mes Shutk\u00ebs dhe Vizbegut, QMK: \u00cbsht\u00eb k\u00ebrkuar mb\u00ebshtetje nga ajri, shqyrtohet edhe evakuimi i banor\u00ebve\"}]},{\"@type\":\"WebSite\",\"@id\":\"https:\/\/www.news33.tv\/#website\",\"url\":\"https:\/\/www.news33.tv\/\",\"name\":\"News33.tv Media\",\"description\":\"Media\",\"publisher\":{\"@id\":\"https:\/\/www.news33.tv\/#organization\"},\"potentialAction\":[{\"@type\":\"SearchAction\",\"target\":{\"@type\":\"EntryPoint\",\"urlTemplate\":\"https:\/\/www.news33.tv\/?s={search_term_string}\"},\"query-input\":{\"@type\":\"PropertyValueSpecification\",\"valueRequired\":true,\"valueName\":\"search_term_string\"}}],\"inLanguage\":\"en-US\"},{\"@type\":\"Organization\",\"@id\":\"https:\/\/www.news33.tv\/#organization\",\"name\":\"News33.tv Media\",\"url\":\"https:\/\/www.news33.tv\/\",\"logo\":{\"@type\":\"ImageObject\",\"inLanguage\":\"en-US\",\"@id\":\"https:\/\/www.news33.tv\/#\/schema\/logo\/image\/\",\"url\":\"https:\/\/www.press7.tv\/wp-content\/uploads\/2024\/02\/logo-news33-black.png\",\"contentUrl\":\"https:\/\/www.press7.tv\/wp-content\/uploads\/2024\/02\/logo-news33-black.png\",\"width\":180,\"height\":37,\"caption\":\"News33.tv Media\"},\"image\":{\"@id\":\"https:\/\/www.news33.tv\/#\/schema\/logo\/image\/\"},\"sameAs\":[\"https:\/\/www.facebook.com\/press7.tv\"]},{\"@type\":\"Person\",\"@id\":\"https:\/\/www.news33.tv\/#\/schema\/person\/5a04a38a23ccdba82f9bd665cd8f9efa\",\"name\":\"gazetar2\",\"image\":{\"@type\":\"ImageObject\",\"inLanguage\":\"en-US\",\"@id\":\"https:\/\/www.news33.tv\/#\/schema\/person\/image\/\",\"url\":\"https:\/\/www.press7.tv\/wp-content\/litespeed\/avatar\/41975e402c3049d9ddb03adca8f7a883.jpg?ver=1777169572\",\"contentUrl\":\"https:\/\/www.press7.tv\/wp-content\/litespeed\/avatar\/41975e402c3049d9ddb03adca8f7a883.jpg?ver=1777169572\",\"caption\":\"gazetar2\"},\"url\":\"https:\/\/www.press7.tv\/?author=8\"}]}<\/script>\n<!-- \/ Yoast SEO plugin. -->","yoast_head_json":{"title":"Zjarri n\u00eb deponin\u00eb mes Shutk\u00ebs dhe Vizbegut, QMK: \u00cbsht\u00eb k\u00ebrkuar mb\u00ebshtetje nga ajri, shqyrtohet edhe evakuimi i banor\u00ebve - press7.tv","robots":{"index":"index","follow":"follow","max-snippet":"max-snippet:-1","max-image-preview":"max-image-preview:large","max-video-preview":"max-video-preview:-1"},"canonical":"https:\/\/www.press7.tv\/?p=20786","og_locale":"en_US","og_type":"article","og_title":"Zjarri n\u00eb deponin\u00eb mes Shutk\u00ebs dhe Vizbegut, QMK: \u00cbsht\u00eb k\u00ebrkuar mb\u00ebshtetje nga ajri, shqyrtohet edhe evakuimi i banor\u00ebve - press7.tv","og_description":"Nga Qendra p\u00ebr Menaxhim me Kriza thon\u00eb se me k\u00ebrkes\u00eb t\u00eb kryetarit t\u00eb komun\u00ebs s\u00eb Shuto Orizar\u00ebs \u00ebsht\u00eb k\u00ebrkuar mb\u00ebshtetje nga ajri p\u00ebr t\u00eb shuar zjarrin q\u00eb ka shp\u00ebrthyer n\u00eb deponin\u00eb e eg\u00ebr mes Shutk\u00ebs dhe Vizbegut, p\u00ebrcjell TV21. Nga QMK thon\u00eb se zjarri po p\u00ebrhapet n\u00eb af\u00ebrsi t\u00eb zonave t\u00eb banimit dhe se n\u00ebse [&hellip;]","og_url":"https:\/\/www.press7.tv\/?p=20786","og_site_name":"press7.tv","article_publisher":"https:\/\/www.facebook.com\/press7.tv","article_published_time":"2025-07-09T09:33:12+00:00","og_image":[{"width":1242,"height":728,"url":"https:\/\/www.press7.tv\/wp-content\/uploads\/2025\/07\/IMG_6111.avif","type":"image\/jpeg"}],"author":"gazetar2","twitter_card":"summary_large_image","twitter_misc":{"Written by":"gazetar2","Est. reading time":"1 minute"},"schema":{"@context":"https:\/\/schema.org","@graph":[{"@type":"Article","@id":"https:\/\/www.press7.tv\/?p=20786#article","isPartOf":{"@id":"https:\/\/www.press7.tv\/?p=20786"},"author":{"name":"gazetar2","@id":"https:\/\/www.news33.tv\/#\/schema\/person\/5a04a38a23ccdba82f9bd665cd8f9efa"},"headline":"Zjarri n\u00eb deponin\u00eb mes Shutk\u00ebs dhe Vizbegut, QMK: \u00cbsht\u00eb k\u00ebrkuar mb\u00ebshtetje nga ajri, shqyrtohet edhe evakuimi i banor\u00ebve","datePublished":"2025-07-09T09:33:12+00:00","mainEntityOfPage":{"@id":"https:\/\/www.press7.tv\/?p=20786"},"wordCount":300,"publisher":{"@id":"https:\/\/www.news33.tv\/#organization"},"image":{"@id":"https:\/\/www.press7.tv\/?p=20786#primaryimage"},"thumbnailUrl":"https:\/\/www.press7.tv\/wp-content\/uploads\/2025\/07\/IMG_6111.avif","articleSection":["Lajme","Maqedoni"],"inLanguage":"en-US"},{"@type":"WebPage","@id":"https:\/\/www.press7.tv\/?p=20786","url":"https:\/\/www.press7.tv\/?p=20786","name":"Zjarri n\u00eb deponin\u00eb mes Shutk\u00ebs dhe Vizbegut, QMK: \u00cbsht\u00eb k\u00ebrkuar mb\u00ebshtetje nga ajri, shqyrtohet edhe evakuimi i banor\u00ebve - press7.tv","isPartOf":{"@id":"https:\/\/www.news33.tv\/#website"},"primaryImageOfPage":{"@id":"https:\/\/www.press7.tv\/?p=20786#primaryimage"},"image":{"@id":"https:\/\/www.press7.tv\/?p=20786#primaryimage"},"thumbnailUrl":"https:\/\/www.press7.tv\/wp-content\/uploads\/2025\/07\/IMG_6111.avif","datePublished":"2025-07-09T09:33:12+00:00","breadcrumb":{"@id":"https:\/\/www.press7.tv\/?p=20786#breadcrumb"},"inLanguage":"en-US","potentialAction":[{"@type":"ReadAction","target":["https:\/\/www.press7.tv\/?p=20786"]}]},{"@type":"ImageObject","inLanguage":"en-US","@id":"https:\/\/www.press7.tv\/?p=20786#primaryimage","url":"https:\/\/www.press7.tv\/wp-content\/uploads\/2025\/07\/IMG_6111.avif","contentUrl":"https:\/\/www.press7.tv\/wp-content\/uploads\/2025\/07\/IMG_6111.avif","width":1242,"height":728,"caption":"Screenshot"},{"@type":"BreadcrumbList","@id":"https:\/\/www.press7.tv\/?p=20786#breadcrumb","itemListElement":[{"@type":"ListItem","position":1,"name":"Home","item":"https:\/\/www.press7.tv\/"},{"@type":"ListItem","position":2,"name":"Zjarri n\u00eb deponin\u00eb mes Shutk\u00ebs dhe Vizbegut, QMK: \u00cbsht\u00eb k\u00ebrkuar mb\u00ebshtetje nga ajri, shqyrtohet edhe evakuimi i banor\u00ebve"}]},{"@type":"WebSite","@id":"https:\/\/www.news33.tv\/#website","url":"https:\/\/www.news33.tv\/","name":"News33.tv Media","description":"Media","publisher":{"@id":"https:\/\/www.news33.tv\/#organization"},"potentialAction":[{"@type":"SearchAction","target":{"@type":"EntryPoint","urlTemplate":"https:\/\/www.news33.tv\/?s={search_term_string}"},"query-input":{"@type":"PropertyValueSpecification","valueRequired":true,"valueName":"search_term_string"}}],"inLanguage":"en-US"},{"@type":"Organization","@id":"https:\/\/www.news33.tv\/#organization","name":"News33.tv Media","url":"https:\/\/www.news33.tv\/","logo":{"@type":"ImageObject","inLanguage":"en-US","@id":"https:\/\/www.news33.tv\/#\/schema\/logo\/image\/","url":"https:\/\/www.press7.tv\/wp-content\/uploads\/2024\/02\/logo-news33-black.png","contentUrl":"https:\/\/www.press7.tv\/wp-content\/uploads\/2024\/02\/logo-news33-black.png","width":180,"height":37,"caption":"News33.tv Media"},"image":{"@id":"https:\/\/www.news33.tv\/#\/schema\/logo\/image\/"},"sameAs":["https:\/\/www.facebook.com\/press7.tv"]},{"@type":"Person","@id":"https:\/\/www.news33.tv\/#\/schema\/person\/5a04a38a23ccdba82f9bd665cd8f9efa","name":"gazetar2","image":{"@type":"ImageObject","inLanguage":"en-US","@id":"https:\/\/www.news33.tv\/#\/schema\/person\/image\/","url":"https:\/\/www.press7.tv\/wp-content\/litespeed\/avatar\/41975e402c3049d9ddb03adca8f7a883.jpg?ver=1777169572","contentUrl":"https:\/\/www.press7.tv\/wp-content\/litespeed\/avatar\/41975e402c3049d9ddb03adca8f7a883.jpg?ver=1777169572","caption":"gazetar2"},"url":"https:\/\/www.press7.tv\/?author=8"}]}},"amp_enabled":true,"_links":{"self":[{"href":"https:\/\/www.press7.tv\/index.php?rest_route=\/wp\/v2\/posts\/20786","targetHints":{"allow":["GET"]}}],"collection":[{"href":"https:\/\/www.press7.tv\/index.php?rest_route=\/wp\/v2\/posts"}],"about":[{"href":"https:\/\/www.press7.tv\/index.php?rest_route=\/wp\/v2\/types\/post"}],"author":[{"embeddable":true,"href":"https:\/\/www.press7.tv\/index.php?rest_route=\/wp\/v2\/users\/8"}],"replies":[{"embeddable":true,"href":"https:\/\/www.press7.tv\/index.php?rest_route=%2Fwp%2Fv2%2Fcomments&post=20786"}],"version-history":[{"count":1,"href":"https:\/\/www.press7.tv\/index.php?rest_route=\/wp\/v2\/posts\/20786\/revisions"}],"predecessor-version":[{"id":20788,"href":"https:\/\/www.press7.tv\/index.php?rest_route=\/wp\/v2\/posts\/20786\/revisions\/20788"}],"wp:featuredmedia":[{"embeddable":true,"href":"https:\/\/www.press7.tv\/index.php?rest_route=\/wp\/v2\/media\/20787"}],"wp:attachment":[{"href":"https:\/\/www.press7.tv\/index.php?rest_route=%2Fwp%2Fv2%2Fmedia&parent=20786"}],"wp:term":[{"taxonomy":"category","embeddable":true,"href":"https:\/\/www.press7.tv\/index.php?rest_route=%2Fwp%2Fv2%2Fcategories&post=20786"},{"taxonomy":"post_tag","embeddable":true,"href":"https:\/\/www.press7.tv\/index.php?rest_route=%2Fwp%2Fv2%2Ftags&post=20786"}],"curies":[{"name":"wp","href":"https:\/\/api.w.org\/{rel}","templated":true}]}}