{"id":20780,"date":"2025-07-09T08:50:35","date_gmt":"2025-07-09T08:50:35","guid":{"rendered":"https:\/\/www.press7.tv\/?p=20780"},"modified":"2025-07-09T08:50:35","modified_gmt":"2025-07-09T08:50:35","slug":"zjarr-dhe-tym-ne-deponine-mes-vizbegut-dhe-shutkes","status":"publish","type":"post","link":"https:\/\/www.press7.tv\/?p=20780","title":{"rendered":"Zjarr dhe tym n\u00eb deponin\u00eb mes Vizbegut dhe Shutk\u00ebs"},"content":{"rendered":"\n    <div class=\"xs_social_share_widget xs_share_url before_content \t\tmain_content  wslu-style-2 wslu-share-box-shaped wslu-fill-colored wslu-share-m-5 wslu-none wslu-share-vertical wslu-theme-font-no wslu-main_content\">\n\n\t\t\n        <ul>\n\t\t\t        <\/ul>\n    <\/div> \n<p>S\u00ebrish ka shp\u00ebrthyer zjarr n\u00eb deponin\u00eb mes Shuto Orizares dhe Vizbegut n\u00eb Shkup, p\u00ebrcjell TV21. Nga pamjet q\u00eb ka siguruar TV21 shihet sesi del tym i zi nga deponia, q\u00eb ka mbuluar nj\u00eb pjes\u00eb t\u00eb vendbanimeve p\u00ebr rreth. Nga pamjet shihet se digjen kryesisht goma. Autoritetet tashm\u00eb jan\u00eb n\u00eb terren, po b\u00ebhen p\u00ebrpjekje p\u00ebr t\u2019u ballafaquar me situat\u00ebn.<\/p>\n<p>Komandanti i Nj\u00ebsis\u00eb Territoriale t\u00eb Zjarrfik\u00ebsve t\u00eb Qytetit t\u00eb Shkupit, Zvonko Tomeski, thot\u00eb se n\u00eb terren jan\u00eb d\u00ebrguar kat\u00ebr automjete q\u00eb po intervenojn\u00eb s\u00eb bashku me dy automjete nga \u201cHigjiena Komunale\u201d.<\/p>\n<p>https:\/\/www.instagram.com\/tv21hd\/?utm_source=ig_embed&#038;ig_rid=f3bfe100-7933-4056-ae62-c3caf81efaf8&#038;ig_mid=7DE48EDC-1E08-49E6-8ECF-856095EF5255<\/p>\n","protected":false},"excerpt":{"rendered":"<p>S\u00ebrish ka shp\u00ebrthyer zjarr n\u00eb deponin\u00eb mes Shuto Orizares dhe Vizbegut n\u00eb Shkup, p\u00ebrcjell TV21. Nga pamjet q\u00eb ka siguruar TV21 shihet sesi del tym i zi nga deponia, q\u00eb ka mbuluar nj\u00eb pjes\u00eb t\u00eb vendbanimeve p\u00ebr rreth. Nga pamjet shihet se digjen kryesisht goma. Autoritetet tashm\u00eb jan\u00eb n\u00eb terren, po b\u00ebhen p\u00ebrpjekje p\u00ebr t\u2019u [&hellip;]<\/p>\n","protected":false},"author":8,"featured_media":20781,"comment_status":"closed","ping_status":"closed","sticky":false,"template":"","format":"standard","meta":{"footnotes":""},"categories":[213,214],"tags":[],"class_list":["post-20780","post","type-post","status-publish","format-standard","has-post-thumbnail","hentry","category-lajme","category-maqedoni"],"yoast_head":"<!-- This site is optimized with the Yoast SEO plugin v25.1 - https:\/\/yoast.com\/wordpress\/plugins\/seo\/ -->\n<title>Zjarr dhe tym n\u00eb deponin\u00eb mes Vizbegut dhe Shutk\u00ebs - press7.tv<\/title>\n<meta name=\"robots\" content=\"index, follow, max-snippet:-1, max-image-preview:large, max-video-preview:-1\" \/>\n<link rel=\"canonical\" href=\"https:\/\/www.press7.tv\/?p=20780\" \/>\n<meta property=\"og:locale\" content=\"en_US\" \/>\n<meta property=\"og:type\" content=\"article\" \/>\n<meta property=\"og:title\" content=\"Zjarr dhe tym n\u00eb deponin\u00eb mes Vizbegut dhe Shutk\u00ebs - press7.tv\" \/>\n<meta property=\"og:description\" content=\"S\u00ebrish ka shp\u00ebrthyer zjarr n\u00eb deponin\u00eb mes Shuto Orizares dhe Vizbegut n\u00eb Shkup, p\u00ebrcjell TV21. Nga pamjet q\u00eb ka siguruar TV21 shihet sesi del tym i zi nga deponia, q\u00eb ka mbuluar nj\u00eb pjes\u00eb t\u00eb vendbanimeve p\u00ebr rreth. Nga pamjet shihet se digjen kryesisht goma. Autoritetet tashm\u00eb jan\u00eb n\u00eb terren, po b\u00ebhen p\u00ebrpjekje p\u00ebr t\u2019u [&hellip;]\" \/>\n<meta property=\"og:url\" content=\"https:\/\/www.press7.tv\/?p=20780\" \/>\n<meta property=\"og:site_name\" content=\"press7.tv\" \/>\n<meta property=\"article:publisher\" content=\"https:\/\/www.facebook.com\/press7.tv\" \/>\n<meta property=\"article:published_time\" content=\"2025-07-09T08:50:35+00:00\" \/>\n<meta property=\"og:image\" content=\"https:\/\/www.press7.tv\/wp-content\/uploads\/2025\/07\/IMG_6107.avif\" \/>\n\t<meta property=\"og:image:width\" content=\"1242\" \/>\n\t<meta property=\"og:image:height\" content=\"729\" \/>\n\t<meta property=\"og:image:type\" content=\"image\/jpeg\" \/>\n<meta name=\"author\" content=\"gazetar2\" \/>\n<meta name=\"twitter:card\" content=\"summary_large_image\" \/>\n<meta name=\"twitter:label1\" content=\"Written by\" \/>\n\t<meta name=\"twitter:data1\" content=\"gazetar2\" \/>\n\t<meta name=\"twitter:label2\" content=\"Est. reading time\" \/>\n\t<meta name=\"twitter:data2\" content=\"1 minute\" \/>\n<script type=\"application\/ld+json\" class=\"yoast-schema-graph\">{\"@context\":\"https:\/\/schema.org\",\"@graph\":[{\"@type\":\"Article\",\"@id\":\"https:\/\/www.press7.tv\/?p=20780#article\",\"isPartOf\":{\"@id\":\"https:\/\/www.press7.tv\/?p=20780\"},\"author\":{\"name\":\"gazetar2\",\"@id\":\"https:\/\/www.news33.tv\/#\/schema\/person\/5a04a38a23ccdba82f9bd665cd8f9efa\"},\"headline\":\"Zjarr dhe tym n\u00eb deponin\u00eb mes Vizbegut dhe Shutk\u00ebs\",\"datePublished\":\"2025-07-09T08:50:35+00:00\",\"mainEntityOfPage\":{\"@id\":\"https:\/\/www.press7.tv\/?p=20780\"},\"wordCount\":142,\"publisher\":{\"@id\":\"https:\/\/www.news33.tv\/#organization\"},\"image\":{\"@id\":\"https:\/\/www.press7.tv\/?p=20780#primaryimage\"},\"thumbnailUrl\":\"https:\/\/www.press7.tv\/wp-content\/uploads\/2025\/07\/IMG_6107.avif\",\"articleSection\":[\"Lajme\",\"Maqedoni\"],\"inLanguage\":\"en-US\"},{\"@type\":\"WebPage\",\"@id\":\"https:\/\/www.press7.tv\/?p=20780\",\"url\":\"https:\/\/www.press7.tv\/?p=20780\",\"name\":\"Zjarr dhe tym n\u00eb deponin\u00eb mes Vizbegut dhe Shutk\u00ebs - press7.tv\",\"isPartOf\":{\"@id\":\"https:\/\/www.news33.tv\/#website\"},\"primaryImageOfPage\":{\"@id\":\"https:\/\/www.press7.tv\/?p=20780#primaryimage\"},\"image\":{\"@id\":\"https:\/\/www.press7.tv\/?p=20780#primaryimage\"},\"thumbnailUrl\":\"https:\/\/www.press7.tv\/wp-content\/uploads\/2025\/07\/IMG_6107.avif\",\"datePublished\":\"2025-07-09T08:50:35+00:00\",\"breadcrumb\":{\"@id\":\"https:\/\/www.press7.tv\/?p=20780#breadcrumb\"},\"inLanguage\":\"en-US\",\"potentialAction\":[{\"@type\":\"ReadAction\",\"target\":[\"https:\/\/www.press7.tv\/?p=20780\"]}]},{\"@type\":\"ImageObject\",\"inLanguage\":\"en-US\",\"@id\":\"https:\/\/www.press7.tv\/?p=20780#primaryimage\",\"url\":\"https:\/\/www.press7.tv\/wp-content\/uploads\/2025\/07\/IMG_6107.avif\",\"contentUrl\":\"https:\/\/www.press7.tv\/wp-content\/uploads\/2025\/07\/IMG_6107.avif\",\"width\":1242,\"height\":729,\"caption\":\"Screenshot\"},{\"@type\":\"BreadcrumbList\",\"@id\":\"https:\/\/www.press7.tv\/?p=20780#breadcrumb\",\"itemListElement\":[{\"@type\":\"ListItem\",\"position\":1,\"name\":\"Home\",\"item\":\"https:\/\/www.press7.tv\/\"},{\"@type\":\"ListItem\",\"position\":2,\"name\":\"Zjarr dhe tym n\u00eb deponin\u00eb mes Vizbegut dhe Shutk\u00ebs\"}]},{\"@type\":\"WebSite\",\"@id\":\"https:\/\/www.news33.tv\/#website\",\"url\":\"https:\/\/www.news33.tv\/\",\"name\":\"News33.tv Media\",\"description\":\"Media\",\"publisher\":{\"@id\":\"https:\/\/www.news33.tv\/#organization\"},\"potentialAction\":[{\"@type\":\"SearchAction\",\"target\":{\"@type\":\"EntryPoint\",\"urlTemplate\":\"https:\/\/www.news33.tv\/?s={search_term_string}\"},\"query-input\":{\"@type\":\"PropertyValueSpecification\",\"valueRequired\":true,\"valueName\":\"search_term_string\"}}],\"inLanguage\":\"en-US\"},{\"@type\":\"Organization\",\"@id\":\"https:\/\/www.news33.tv\/#organization\",\"name\":\"News33.tv Media\",\"url\":\"https:\/\/www.news33.tv\/\",\"logo\":{\"@type\":\"ImageObject\",\"inLanguage\":\"en-US\",\"@id\":\"https:\/\/www.news33.tv\/#\/schema\/logo\/image\/\",\"url\":\"https:\/\/www.press7.tv\/wp-content\/uploads\/2024\/02\/logo-news33-black.png\",\"contentUrl\":\"https:\/\/www.press7.tv\/wp-content\/uploads\/2024\/02\/logo-news33-black.png\",\"width\":180,\"height\":37,\"caption\":\"News33.tv Media\"},\"image\":{\"@id\":\"https:\/\/www.news33.tv\/#\/schema\/logo\/image\/\"},\"sameAs\":[\"https:\/\/www.facebook.com\/press7.tv\"]},{\"@type\":\"Person\",\"@id\":\"https:\/\/www.news33.tv\/#\/schema\/person\/5a04a38a23ccdba82f9bd665cd8f9efa\",\"name\":\"gazetar2\",\"image\":{\"@type\":\"ImageObject\",\"inLanguage\":\"en-US\",\"@id\":\"https:\/\/www.news33.tv\/#\/schema\/person\/image\/\",\"url\":\"https:\/\/www.press7.tv\/wp-content\/litespeed\/avatar\/41975e402c3049d9ddb03adca8f7a883.jpg?ver=1777169572\",\"contentUrl\":\"https:\/\/www.press7.tv\/wp-content\/litespeed\/avatar\/41975e402c3049d9ddb03adca8f7a883.jpg?ver=1777169572\",\"caption\":\"gazetar2\"},\"url\":\"https:\/\/www.press7.tv\/?author=8\"}]}<\/script>\n<!-- \/ Yoast SEO plugin. -->","yoast_head_json":{"title":"Zjarr dhe tym n\u00eb deponin\u00eb mes Vizbegut dhe Shutk\u00ebs - press7.tv","robots":{"index":"index","follow":"follow","max-snippet":"max-snippet:-1","max-image-preview":"max-image-preview:large","max-video-preview":"max-video-preview:-1"},"canonical":"https:\/\/www.press7.tv\/?p=20780","og_locale":"en_US","og_type":"article","og_title":"Zjarr dhe tym n\u00eb deponin\u00eb mes Vizbegut dhe Shutk\u00ebs - press7.tv","og_description":"S\u00ebrish ka shp\u00ebrthyer zjarr n\u00eb deponin\u00eb mes Shuto Orizares dhe Vizbegut n\u00eb Shkup, p\u00ebrcjell TV21. Nga pamjet q\u00eb ka siguruar TV21 shihet sesi del tym i zi nga deponia, q\u00eb ka mbuluar nj\u00eb pjes\u00eb t\u00eb vendbanimeve p\u00ebr rreth. Nga pamjet shihet se digjen kryesisht goma. Autoritetet tashm\u00eb jan\u00eb n\u00eb terren, po b\u00ebhen p\u00ebrpjekje p\u00ebr t\u2019u [&hellip;]","og_url":"https:\/\/www.press7.tv\/?p=20780","og_site_name":"press7.tv","article_publisher":"https:\/\/www.facebook.com\/press7.tv","article_published_time":"2025-07-09T08:50:35+00:00","og_image":[{"width":1242,"height":729,"url":"https:\/\/www.press7.tv\/wp-content\/uploads\/2025\/07\/IMG_6107.avif","type":"image\/jpeg"}],"author":"gazetar2","twitter_card":"summary_large_image","twitter_misc":{"Written by":"gazetar2","Est. reading time":"1 minute"},"schema":{"@context":"https:\/\/schema.org","@graph":[{"@type":"Article","@id":"https:\/\/www.press7.tv\/?p=20780#article","isPartOf":{"@id":"https:\/\/www.press7.tv\/?p=20780"},"author":{"name":"gazetar2","@id":"https:\/\/www.news33.tv\/#\/schema\/person\/5a04a38a23ccdba82f9bd665cd8f9efa"},"headline":"Zjarr dhe tym n\u00eb deponin\u00eb mes Vizbegut dhe Shutk\u00ebs","datePublished":"2025-07-09T08:50:35+00:00","mainEntityOfPage":{"@id":"https:\/\/www.press7.tv\/?p=20780"},"wordCount":142,"publisher":{"@id":"https:\/\/www.news33.tv\/#organization"},"image":{"@id":"https:\/\/www.press7.tv\/?p=20780#primaryimage"},"thumbnailUrl":"https:\/\/www.press7.tv\/wp-content\/uploads\/2025\/07\/IMG_6107.avif","articleSection":["Lajme","Maqedoni"],"inLanguage":"en-US"},{"@type":"WebPage","@id":"https:\/\/www.press7.tv\/?p=20780","url":"https:\/\/www.press7.tv\/?p=20780","name":"Zjarr dhe tym n\u00eb deponin\u00eb mes Vizbegut dhe Shutk\u00ebs - press7.tv","isPartOf":{"@id":"https:\/\/www.news33.tv\/#website"},"primaryImageOfPage":{"@id":"https:\/\/www.press7.tv\/?p=20780#primaryimage"},"image":{"@id":"https:\/\/www.press7.tv\/?p=20780#primaryimage"},"thumbnailUrl":"https:\/\/www.press7.tv\/wp-content\/uploads\/2025\/07\/IMG_6107.avif","datePublished":"2025-07-09T08:50:35+00:00","breadcrumb":{"@id":"https:\/\/www.press7.tv\/?p=20780#breadcrumb"},"inLanguage":"en-US","potentialAction":[{"@type":"ReadAction","target":["https:\/\/www.press7.tv\/?p=20780"]}]},{"@type":"ImageObject","inLanguage":"en-US","@id":"https:\/\/www.press7.tv\/?p=20780#primaryimage","url":"https:\/\/www.press7.tv\/wp-content\/uploads\/2025\/07\/IMG_6107.avif","contentUrl":"https:\/\/www.press7.tv\/wp-content\/uploads\/2025\/07\/IMG_6107.avif","width":1242,"height":729,"caption":"Screenshot"},{"@type":"BreadcrumbList","@id":"https:\/\/www.press7.tv\/?p=20780#breadcrumb","itemListElement":[{"@type":"ListItem","position":1,"name":"Home","item":"https:\/\/www.press7.tv\/"},{"@type":"ListItem","position":2,"name":"Zjarr dhe tym n\u00eb deponin\u00eb mes Vizbegut dhe Shutk\u00ebs"}]},{"@type":"WebSite","@id":"https:\/\/www.news33.tv\/#website","url":"https:\/\/www.news33.tv\/","name":"News33.tv Media","description":"Media","publisher":{"@id":"https:\/\/www.news33.tv\/#organization"},"potentialAction":[{"@type":"SearchAction","target":{"@type":"EntryPoint","urlTemplate":"https:\/\/www.news33.tv\/?s={search_term_string}"},"query-input":{"@type":"PropertyValueSpecification","valueRequired":true,"valueName":"search_term_string"}}],"inLanguage":"en-US"},{"@type":"Organization","@id":"https:\/\/www.news33.tv\/#organization","name":"News33.tv Media","url":"https:\/\/www.news33.tv\/","logo":{"@type":"ImageObject","inLanguage":"en-US","@id":"https:\/\/www.news33.tv\/#\/schema\/logo\/image\/","url":"https:\/\/www.press7.tv\/wp-content\/uploads\/2024\/02\/logo-news33-black.png","contentUrl":"https:\/\/www.press7.tv\/wp-content\/uploads\/2024\/02\/logo-news33-black.png","width":180,"height":37,"caption":"News33.tv Media"},"image":{"@id":"https:\/\/www.news33.tv\/#\/schema\/logo\/image\/"},"sameAs":["https:\/\/www.facebook.com\/press7.tv"]},{"@type":"Person","@id":"https:\/\/www.news33.tv\/#\/schema\/person\/5a04a38a23ccdba82f9bd665cd8f9efa","name":"gazetar2","image":{"@type":"ImageObject","inLanguage":"en-US","@id":"https:\/\/www.news33.tv\/#\/schema\/person\/image\/","url":"https:\/\/www.press7.tv\/wp-content\/litespeed\/avatar\/41975e402c3049d9ddb03adca8f7a883.jpg?ver=1777169572","contentUrl":"https:\/\/www.press7.tv\/wp-content\/litespeed\/avatar\/41975e402c3049d9ddb03adca8f7a883.jpg?ver=1777169572","caption":"gazetar2"},"url":"https:\/\/www.press7.tv\/?author=8"}]}},"amp_enabled":true,"_links":{"self":[{"href":"https:\/\/www.press7.tv\/index.php?rest_route=\/wp\/v2\/posts\/20780","targetHints":{"allow":["GET"]}}],"collection":[{"href":"https:\/\/www.press7.tv\/index.php?rest_route=\/wp\/v2\/posts"}],"about":[{"href":"https:\/\/www.press7.tv\/index.php?rest_route=\/wp\/v2\/types\/post"}],"author":[{"embeddable":true,"href":"https:\/\/www.press7.tv\/index.php?rest_route=\/wp\/v2\/users\/8"}],"replies":[{"embeddable":true,"href":"https:\/\/www.press7.tv\/index.php?rest_route=%2Fwp%2Fv2%2Fcomments&post=20780"}],"version-history":[{"count":1,"href":"https:\/\/www.press7.tv\/index.php?rest_route=\/wp\/v2\/posts\/20780\/revisions"}],"predecessor-version":[{"id":20782,"href":"https:\/\/www.press7.tv\/index.php?rest_route=\/wp\/v2\/posts\/20780\/revisions\/20782"}],"wp:featuredmedia":[{"embeddable":true,"href":"https:\/\/www.press7.tv\/index.php?rest_route=\/wp\/v2\/media\/20781"}],"wp:attachment":[{"href":"https:\/\/www.press7.tv\/index.php?rest_route=%2Fwp%2Fv2%2Fmedia&parent=20780"}],"wp:term":[{"taxonomy":"category","embeddable":true,"href":"https:\/\/www.press7.tv\/index.php?rest_route=%2Fwp%2Fv2%2Fcategories&post=20780"},{"taxonomy":"post_tag","embeddable":true,"href":"https:\/\/www.press7.tv\/index.php?rest_route=%2Fwp%2Fv2%2Ftags&post=20780"}],"curies":[{"name":"wp","href":"https:\/\/api.w.org\/{rel}","templated":true}]}}