{"id":20777,"date":"2025-07-09T08:47:18","date_gmt":"2025-07-09T08:47:18","guid":{"rendered":"https:\/\/www.press7.tv\/?p=20777"},"modified":"2025-07-09T08:47:18","modified_gmt":"2025-07-09T08:47:18","slug":"fetai-kryeministri-i-pare-shqiptar-nuk-pati-asnje-vizite-ne-kosove-pasi-bdi-i-beri-sherr-kosoves","status":"publish","type":"post","link":"https:\/\/www.press7.tv\/?p=20777","title":{"rendered":"Fetai: Kryeministri i par\u00eb shqiptar nuk pati asnj\u00eb vizit\u00eb n\u00eb Kosov\u00eb pasi BDI i b\u00ebri sherr Kosov\u00ebs"},"content":{"rendered":"\n    <div class=\"xs_social_share_widget xs_share_url before_content \t\tmain_content  wslu-style-2 wslu-share-box-shaped wslu-fill-colored wslu-share-m-5 wslu-none wslu-share-vertical wslu-theme-font-no wslu-main_content\">\n\n\t\t\n        <ul>\n\t\t\t        <\/ul>\n    <\/div> \n<p>Z\u00ebv\u00ebnd\u00ebskryeministri, Arben Fetai, n\u00eb intervist\u00eb p\u00ebr Kanal 10 n\u00eb Kosov\u00eb tha se koalicioni VLEN g\u00ebzon legjitetimin e plot\u00eb etnik, dhe shton se BDI e b\u00ebri kryeministrin shqiptar i cili ishte i paaft\u00eb dhe nuk arriti ta largon as barin para godin\u00ebs s\u00eb qeveris\u00eb.<\/p>\n<p>\u201cPushteti i BDI-s\u00eb ishte i d\u00ebmsh\u00ebm p\u00ebr Kosov\u00ebn, plani 9 pik\u00ebsh i p\u00ebrgatitur nga Bujar Osmani n\u00eb koordinim me Da\u00e7iqin pa u konsultuar me Donika G\u00ebrvall\u00ebn. Prandaj, edhe kryeministri shqiptar i BDI-s\u00eb nuk pati asnj\u00eb vizit\u00eb zyrtare n\u00eb Kosov\u00eb. Pastaj, Ballkani i Hapur, BDI e sillte Vu\u00e7iqin e Da\u00e7iqin n\u00eb Shkup. Ahmeti deklaronte se ka ardhur koha q\u00eb t\u00eb pajtohen shqiptar\u00ebt dhe serbet\u201d, tha z\u00ebv\u00ebnd\u00ebskryeministri, Arben Fetai.<\/p>\n<p>Fetai shtoi se raportet me Kosov\u00ebn me qeverisjen aktuale dhe at\u00eb t\u00eb kaluar\u00ebn jan\u00eb diametralisht t\u00eb kund\u00ebrta. Sipas tij, Kosova dhe RMV jan\u00eb m\u00eb af\u00ebr se asnj\u00ebher\u00eb m\u00eb par\u00eb.<\/p>\n<p>\u201cMe Kosov\u00ebn kemi konsultim t\u00eb p\u00ebrditsh\u00ebm, kemi hapur shum\u00eb pika kufitare dhe jemi p\u00ebrafruar. Prandaj, nuk duhet t\u00eb harrojm\u00eb q\u00eb me qeverisjen ton\u00eb nj\u00eb vje\u00e7are kemi arritu nj\u00eb p\u00ebrafrim dhe kemi n\u00ebnshrkuar tre marr\u00ebveshje me Kosov\u00ebn t\u00eb cilat po realizohen n\u00eb plot\u00ebni. Pra, kemi nj\u00eb qasje n\u00eb t\u00ebr\u00ebsi t\u00eb ndryshme kundrejt Kosov\u00ebs, p\u00ebr dallim prej ish pushtetit q\u00eb ve\u00e7se e kishin d\u00ebmtuar edhe p\u00ebrball\u00eb faktorit nd\u00ebrkomb\u00ebtar\u00eb\u201d, p\u00ebrfundoi Fetai.<\/p>\n","protected":false},"excerpt":{"rendered":"<p>Z\u00ebv\u00ebnd\u00ebskryeministri, Arben Fetai, n\u00eb intervist\u00eb p\u00ebr Kanal 10 n\u00eb Kosov\u00eb tha se koalicioni VLEN g\u00ebzon legjitetimin e plot\u00eb etnik, dhe shton se BDI e b\u00ebri kryeministrin shqiptar i cili ishte i paaft\u00eb dhe nuk arriti ta largon as barin para godin\u00ebs s\u00eb qeveris\u00eb. \u201cPushteti i BDI-s\u00eb ishte i d\u00ebmsh\u00ebm p\u00ebr Kosov\u00ebn, plani 9 pik\u00ebsh i [&hellip;]<\/p>\n","protected":false},"author":8,"featured_media":20778,"comment_status":"closed","ping_status":"closed","sticky":false,"template":"","format":"standard","meta":{"footnotes":""},"categories":[215,213],"tags":[],"class_list":["post-20777","post","type-post","status-publish","format-standard","has-post-thumbnail","hentry","category-kosove","category-lajme"],"yoast_head":"<!-- This site is optimized with the Yoast SEO plugin v25.1 - https:\/\/yoast.com\/wordpress\/plugins\/seo\/ -->\n<title>Fetai: Kryeministri i par\u00eb shqiptar nuk pati asnj\u00eb vizit\u00eb n\u00eb Kosov\u00eb pasi BDI i b\u00ebri sherr Kosov\u00ebs - press7.tv<\/title>\n<meta name=\"robots\" content=\"index, follow, max-snippet:-1, max-image-preview:large, max-video-preview:-1\" \/>\n<link rel=\"canonical\" href=\"https:\/\/www.press7.tv\/?p=20777\" \/>\n<meta property=\"og:locale\" content=\"en_US\" \/>\n<meta property=\"og:type\" content=\"article\" \/>\n<meta property=\"og:title\" content=\"Fetai: Kryeministri i par\u00eb shqiptar nuk pati asnj\u00eb vizit\u00eb n\u00eb Kosov\u00eb pasi BDI i b\u00ebri sherr Kosov\u00ebs - press7.tv\" \/>\n<meta property=\"og:description\" content=\"Z\u00ebv\u00ebnd\u00ebskryeministri, Arben Fetai, n\u00eb intervist\u00eb p\u00ebr Kanal 10 n\u00eb Kosov\u00eb tha se koalicioni VLEN g\u00ebzon legjitetimin e plot\u00eb etnik, dhe shton se BDI e b\u00ebri kryeministrin shqiptar i cili ishte i paaft\u00eb dhe nuk arriti ta largon as barin para godin\u00ebs s\u00eb qeveris\u00eb. \u201cPushteti i BDI-s\u00eb ishte i d\u00ebmsh\u00ebm p\u00ebr Kosov\u00ebn, plani 9 pik\u00ebsh i [&hellip;]\" \/>\n<meta property=\"og:url\" content=\"https:\/\/www.press7.tv\/?p=20777\" \/>\n<meta property=\"og:site_name\" content=\"press7.tv\" \/>\n<meta property=\"article:publisher\" content=\"https:\/\/www.facebook.com\/press7.tv\" \/>\n<meta property=\"article:published_time\" content=\"2025-07-09T08:47:18+00:00\" \/>\n<meta property=\"og:image\" content=\"https:\/\/www.press7.tv\/wp-content\/uploads\/2025\/07\/IMG_6105.avif\" \/>\n\t<meta property=\"og:image:width\" content=\"1536\" \/>\n\t<meta property=\"og:image:height\" content=\"1024\" \/>\n\t<meta property=\"og:image:type\" content=\"image\/jpeg\" \/>\n<meta name=\"author\" content=\"gazetar2\" \/>\n<meta name=\"twitter:card\" content=\"summary_large_image\" \/>\n<meta name=\"twitter:label1\" content=\"Written by\" \/>\n\t<meta name=\"twitter:data1\" content=\"gazetar2\" \/>\n\t<meta name=\"twitter:label2\" content=\"Est. reading time\" \/>\n\t<meta name=\"twitter:data2\" content=\"1 minute\" \/>\n<script type=\"application\/ld+json\" class=\"yoast-schema-graph\">{\"@context\":\"https:\/\/schema.org\",\"@graph\":[{\"@type\":\"Article\",\"@id\":\"https:\/\/www.press7.tv\/?p=20777#article\",\"isPartOf\":{\"@id\":\"https:\/\/www.press7.tv\/?p=20777\"},\"author\":{\"name\":\"gazetar2\",\"@id\":\"https:\/\/www.news33.tv\/#\/schema\/person\/5a04a38a23ccdba82f9bd665cd8f9efa\"},\"headline\":\"Fetai: Kryeministri i par\u00eb shqiptar nuk pati asnj\u00eb vizit\u00eb n\u00eb Kosov\u00eb pasi BDI i b\u00ebri sherr Kosov\u00ebs\",\"datePublished\":\"2025-07-09T08:47:18+00:00\",\"mainEntityOfPage\":{\"@id\":\"https:\/\/www.press7.tv\/?p=20777\"},\"wordCount\":271,\"publisher\":{\"@id\":\"https:\/\/www.news33.tv\/#organization\"},\"image\":{\"@id\":\"https:\/\/www.press7.tv\/?p=20777#primaryimage\"},\"thumbnailUrl\":\"https:\/\/www.press7.tv\/wp-content\/uploads\/2025\/07\/IMG_6105.avif\",\"articleSection\":[\"Kosov\u00eb\",\"Lajme\"],\"inLanguage\":\"en-US\"},{\"@type\":\"WebPage\",\"@id\":\"https:\/\/www.press7.tv\/?p=20777\",\"url\":\"https:\/\/www.press7.tv\/?p=20777\",\"name\":\"Fetai: Kryeministri i par\u00eb shqiptar nuk pati asnj\u00eb vizit\u00eb n\u00eb Kosov\u00eb pasi BDI i b\u00ebri sherr Kosov\u00ebs - press7.tv\",\"isPartOf\":{\"@id\":\"https:\/\/www.news33.tv\/#website\"},\"primaryImageOfPage\":{\"@id\":\"https:\/\/www.press7.tv\/?p=20777#primaryimage\"},\"image\":{\"@id\":\"https:\/\/www.press7.tv\/?p=20777#primaryimage\"},\"thumbnailUrl\":\"https:\/\/www.press7.tv\/wp-content\/uploads\/2025\/07\/IMG_6105.avif\",\"datePublished\":\"2025-07-09T08:47:18+00:00\",\"breadcrumb\":{\"@id\":\"https:\/\/www.press7.tv\/?p=20777#breadcrumb\"},\"inLanguage\":\"en-US\",\"potentialAction\":[{\"@type\":\"ReadAction\",\"target\":[\"https:\/\/www.press7.tv\/?p=20777\"]}]},{\"@type\":\"ImageObject\",\"inLanguage\":\"en-US\",\"@id\":\"https:\/\/www.press7.tv\/?p=20777#primaryimage\",\"url\":\"https:\/\/www.press7.tv\/wp-content\/uploads\/2025\/07\/IMG_6105.avif\",\"contentUrl\":\"https:\/\/www.press7.tv\/wp-content\/uploads\/2025\/07\/IMG_6105.avif\",\"width\":1536,\"height\":1024},{\"@type\":\"BreadcrumbList\",\"@id\":\"https:\/\/www.press7.tv\/?p=20777#breadcrumb\",\"itemListElement\":[{\"@type\":\"ListItem\",\"position\":1,\"name\":\"Home\",\"item\":\"https:\/\/www.press7.tv\/\"},{\"@type\":\"ListItem\",\"position\":2,\"name\":\"Fetai: Kryeministri i par\u00eb shqiptar nuk pati asnj\u00eb vizit\u00eb n\u00eb Kosov\u00eb pasi BDI i b\u00ebri sherr Kosov\u00ebs\"}]},{\"@type\":\"WebSite\",\"@id\":\"https:\/\/www.news33.tv\/#website\",\"url\":\"https:\/\/www.news33.tv\/\",\"name\":\"News33.tv Media\",\"description\":\"Media\",\"publisher\":{\"@id\":\"https:\/\/www.news33.tv\/#organization\"},\"potentialAction\":[{\"@type\":\"SearchAction\",\"target\":{\"@type\":\"EntryPoint\",\"urlTemplate\":\"https:\/\/www.news33.tv\/?s={search_term_string}\"},\"query-input\":{\"@type\":\"PropertyValueSpecification\",\"valueRequired\":true,\"valueName\":\"search_term_string\"}}],\"inLanguage\":\"en-US\"},{\"@type\":\"Organization\",\"@id\":\"https:\/\/www.news33.tv\/#organization\",\"name\":\"News33.tv Media\",\"url\":\"https:\/\/www.news33.tv\/\",\"logo\":{\"@type\":\"ImageObject\",\"inLanguage\":\"en-US\",\"@id\":\"https:\/\/www.news33.tv\/#\/schema\/logo\/image\/\",\"url\":\"https:\/\/www.press7.tv\/wp-content\/uploads\/2024\/02\/logo-news33-black.png\",\"contentUrl\":\"https:\/\/www.press7.tv\/wp-content\/uploads\/2024\/02\/logo-news33-black.png\",\"width\":180,\"height\":37,\"caption\":\"News33.tv Media\"},\"image\":{\"@id\":\"https:\/\/www.news33.tv\/#\/schema\/logo\/image\/\"},\"sameAs\":[\"https:\/\/www.facebook.com\/press7.tv\"]},{\"@type\":\"Person\",\"@id\":\"https:\/\/www.news33.tv\/#\/schema\/person\/5a04a38a23ccdba82f9bd665cd8f9efa\",\"name\":\"gazetar2\",\"image\":{\"@type\":\"ImageObject\",\"inLanguage\":\"en-US\",\"@id\":\"https:\/\/www.news33.tv\/#\/schema\/person\/image\/\",\"url\":\"https:\/\/www.press7.tv\/wp-content\/litespeed\/avatar\/41975e402c3049d9ddb03adca8f7a883.jpg?ver=1777169572\",\"contentUrl\":\"https:\/\/www.press7.tv\/wp-content\/litespeed\/avatar\/41975e402c3049d9ddb03adca8f7a883.jpg?ver=1777169572\",\"caption\":\"gazetar2\"},\"url\":\"https:\/\/www.press7.tv\/?author=8\"}]}<\/script>\n<!-- \/ Yoast SEO plugin. -->","yoast_head_json":{"title":"Fetai: Kryeministri i par\u00eb shqiptar nuk pati asnj\u00eb vizit\u00eb n\u00eb Kosov\u00eb pasi BDI i b\u00ebri sherr Kosov\u00ebs - press7.tv","robots":{"index":"index","follow":"follow","max-snippet":"max-snippet:-1","max-image-preview":"max-image-preview:large","max-video-preview":"max-video-preview:-1"},"canonical":"https:\/\/www.press7.tv\/?p=20777","og_locale":"en_US","og_type":"article","og_title":"Fetai: Kryeministri i par\u00eb shqiptar nuk pati asnj\u00eb vizit\u00eb n\u00eb Kosov\u00eb pasi BDI i b\u00ebri sherr Kosov\u00ebs - press7.tv","og_description":"Z\u00ebv\u00ebnd\u00ebskryeministri, Arben Fetai, n\u00eb intervist\u00eb p\u00ebr Kanal 10 n\u00eb Kosov\u00eb tha se koalicioni VLEN g\u00ebzon legjitetimin e plot\u00eb etnik, dhe shton se BDI e b\u00ebri kryeministrin shqiptar i cili ishte i paaft\u00eb dhe nuk arriti ta largon as barin para godin\u00ebs s\u00eb qeveris\u00eb. \u201cPushteti i BDI-s\u00eb ishte i d\u00ebmsh\u00ebm p\u00ebr Kosov\u00ebn, plani 9 pik\u00ebsh i [&hellip;]","og_url":"https:\/\/www.press7.tv\/?p=20777","og_site_name":"press7.tv","article_publisher":"https:\/\/www.facebook.com\/press7.tv","article_published_time":"2025-07-09T08:47:18+00:00","og_image":[{"width":1536,"height":1024,"url":"https:\/\/www.press7.tv\/wp-content\/uploads\/2025\/07\/IMG_6105.avif","type":"image\/jpeg"}],"author":"gazetar2","twitter_card":"summary_large_image","twitter_misc":{"Written by":"gazetar2","Est. reading time":"1 minute"},"schema":{"@context":"https:\/\/schema.org","@graph":[{"@type":"Article","@id":"https:\/\/www.press7.tv\/?p=20777#article","isPartOf":{"@id":"https:\/\/www.press7.tv\/?p=20777"},"author":{"name":"gazetar2","@id":"https:\/\/www.news33.tv\/#\/schema\/person\/5a04a38a23ccdba82f9bd665cd8f9efa"},"headline":"Fetai: Kryeministri i par\u00eb shqiptar nuk pati asnj\u00eb vizit\u00eb n\u00eb Kosov\u00eb pasi BDI i b\u00ebri sherr Kosov\u00ebs","datePublished":"2025-07-09T08:47:18+00:00","mainEntityOfPage":{"@id":"https:\/\/www.press7.tv\/?p=20777"},"wordCount":271,"publisher":{"@id":"https:\/\/www.news33.tv\/#organization"},"image":{"@id":"https:\/\/www.press7.tv\/?p=20777#primaryimage"},"thumbnailUrl":"https:\/\/www.press7.tv\/wp-content\/uploads\/2025\/07\/IMG_6105.avif","articleSection":["Kosov\u00eb","Lajme"],"inLanguage":"en-US"},{"@type":"WebPage","@id":"https:\/\/www.press7.tv\/?p=20777","url":"https:\/\/www.press7.tv\/?p=20777","name":"Fetai: Kryeministri i par\u00eb shqiptar nuk pati asnj\u00eb vizit\u00eb n\u00eb Kosov\u00eb pasi BDI i b\u00ebri sherr Kosov\u00ebs - press7.tv","isPartOf":{"@id":"https:\/\/www.news33.tv\/#website"},"primaryImageOfPage":{"@id":"https:\/\/www.press7.tv\/?p=20777#primaryimage"},"image":{"@id":"https:\/\/www.press7.tv\/?p=20777#primaryimage"},"thumbnailUrl":"https:\/\/www.press7.tv\/wp-content\/uploads\/2025\/07\/IMG_6105.avif","datePublished":"2025-07-09T08:47:18+00:00","breadcrumb":{"@id":"https:\/\/www.press7.tv\/?p=20777#breadcrumb"},"inLanguage":"en-US","potentialAction":[{"@type":"ReadAction","target":["https:\/\/www.press7.tv\/?p=20777"]}]},{"@type":"ImageObject","inLanguage":"en-US","@id":"https:\/\/www.press7.tv\/?p=20777#primaryimage","url":"https:\/\/www.press7.tv\/wp-content\/uploads\/2025\/07\/IMG_6105.avif","contentUrl":"https:\/\/www.press7.tv\/wp-content\/uploads\/2025\/07\/IMG_6105.avif","width":1536,"height":1024},{"@type":"BreadcrumbList","@id":"https:\/\/www.press7.tv\/?p=20777#breadcrumb","itemListElement":[{"@type":"ListItem","position":1,"name":"Home","item":"https:\/\/www.press7.tv\/"},{"@type":"ListItem","position":2,"name":"Fetai: Kryeministri i par\u00eb shqiptar nuk pati asnj\u00eb vizit\u00eb n\u00eb Kosov\u00eb pasi BDI i b\u00ebri sherr Kosov\u00ebs"}]},{"@type":"WebSite","@id":"https:\/\/www.news33.tv\/#website","url":"https:\/\/www.news33.tv\/","name":"News33.tv Media","description":"Media","publisher":{"@id":"https:\/\/www.news33.tv\/#organization"},"potentialAction":[{"@type":"SearchAction","target":{"@type":"EntryPoint","urlTemplate":"https:\/\/www.news33.tv\/?s={search_term_string}"},"query-input":{"@type":"PropertyValueSpecification","valueRequired":true,"valueName":"search_term_string"}}],"inLanguage":"en-US"},{"@type":"Organization","@id":"https:\/\/www.news33.tv\/#organization","name":"News33.tv Media","url":"https:\/\/www.news33.tv\/","logo":{"@type":"ImageObject","inLanguage":"en-US","@id":"https:\/\/www.news33.tv\/#\/schema\/logo\/image\/","url":"https:\/\/www.press7.tv\/wp-content\/uploads\/2024\/02\/logo-news33-black.png","contentUrl":"https:\/\/www.press7.tv\/wp-content\/uploads\/2024\/02\/logo-news33-black.png","width":180,"height":37,"caption":"News33.tv Media"},"image":{"@id":"https:\/\/www.news33.tv\/#\/schema\/logo\/image\/"},"sameAs":["https:\/\/www.facebook.com\/press7.tv"]},{"@type":"Person","@id":"https:\/\/www.news33.tv\/#\/schema\/person\/5a04a38a23ccdba82f9bd665cd8f9efa","name":"gazetar2","image":{"@type":"ImageObject","inLanguage":"en-US","@id":"https:\/\/www.news33.tv\/#\/schema\/person\/image\/","url":"https:\/\/www.press7.tv\/wp-content\/litespeed\/avatar\/41975e402c3049d9ddb03adca8f7a883.jpg?ver=1777169572","contentUrl":"https:\/\/www.press7.tv\/wp-content\/litespeed\/avatar\/41975e402c3049d9ddb03adca8f7a883.jpg?ver=1777169572","caption":"gazetar2"},"url":"https:\/\/www.press7.tv\/?author=8"}]}},"amp_enabled":true,"_links":{"self":[{"href":"https:\/\/www.press7.tv\/index.php?rest_route=\/wp\/v2\/posts\/20777","targetHints":{"allow":["GET"]}}],"collection":[{"href":"https:\/\/www.press7.tv\/index.php?rest_route=\/wp\/v2\/posts"}],"about":[{"href":"https:\/\/www.press7.tv\/index.php?rest_route=\/wp\/v2\/types\/post"}],"author":[{"embeddable":true,"href":"https:\/\/www.press7.tv\/index.php?rest_route=\/wp\/v2\/users\/8"}],"replies":[{"embeddable":true,"href":"https:\/\/www.press7.tv\/index.php?rest_route=%2Fwp%2Fv2%2Fcomments&post=20777"}],"version-history":[{"count":1,"href":"https:\/\/www.press7.tv\/index.php?rest_route=\/wp\/v2\/posts\/20777\/revisions"}],"predecessor-version":[{"id":20779,"href":"https:\/\/www.press7.tv\/index.php?rest_route=\/wp\/v2\/posts\/20777\/revisions\/20779"}],"wp:featuredmedia":[{"embeddable":true,"href":"https:\/\/www.press7.tv\/index.php?rest_route=\/wp\/v2\/media\/20778"}],"wp:attachment":[{"href":"https:\/\/www.press7.tv\/index.php?rest_route=%2Fwp%2Fv2%2Fmedia&parent=20777"}],"wp:term":[{"taxonomy":"category","embeddable":true,"href":"https:\/\/www.press7.tv\/index.php?rest_route=%2Fwp%2Fv2%2Fcategories&post=20777"},{"taxonomy":"post_tag","embeddable":true,"href":"https:\/\/www.press7.tv\/index.php?rest_route=%2Fwp%2Fv2%2Ftags&post=20777"}],"curies":[{"name":"wp","href":"https:\/\/api.w.org\/{rel}","templated":true}]}}