{"id":20763,"date":"2025-07-08T16:54:40","date_gmt":"2025-07-08T16:54:40","guid":{"rendered":"https:\/\/www.press7.tv\/?p=20763"},"modified":"2025-07-08T16:54:40","modified_gmt":"2025-07-08T16:54:40","slug":"osmani-kerkon-pergjegjesi-institucionale-per-vdekjen-e-27-vjecarit","status":"publish","type":"post","link":"https:\/\/www.press7.tv\/?p=20763","title":{"rendered":"Osmani k\u00ebrkon p\u00ebrgjegj\u00ebsi institucionale p\u00ebr vdekjen e 27-vje\u00e7arit"},"content":{"rendered":"\n    <div class=\"xs_social_share_widget xs_share_url before_content \t\tmain_content  wslu-style-2 wslu-share-box-shaped wslu-fill-colored wslu-share-m-5 wslu-none wslu-share-vertical wslu-theme-font-no wslu-main_content\">\n\n\t\t\n        <ul>\n\t\t\t        <\/ul>\n    <\/div> \n<p>Presidenca e Kosov\u00ebs ka reaguar lidhur me vdekjen e 27-vje\u00e7arit n\u00eb Lipjan.<\/p>\n<p>Ajo p\u00ebrmes nj\u00eb komunikate p\u00ebr media ka k\u00ebrkuar transparenc\u00eb t\u00eb plot\u00eb, p\u00ebrgjegj\u00ebsi institucionale dhe drejt\u00ebsi t\u00eb pakompromis\u00eb.<\/p>\n<p>\u201cNgjarja e r\u00ebnd\u00eb dhe trondit\u00ebse e vdekjes s\u00eb nj\u00eb t\u00eb riu 27-vje\u00e7ar, rreth s\u00eb cil\u00ebs ekzistojn\u00eb dyshime serioze se ka ndodhur gjat\u00eb nd\u00ebrhyrjes s\u00eb policis\u00eb, k\u00ebrkon urgjentisht transparenc\u00eb t\u00eb plot\u00eb, p\u00ebrgjegj\u00ebsi institucionale dhe drejt\u00ebsi t\u00eb pakompromis\u201d, thuhet n\u00eb njoftimin e Presidenc\u00ebs.<\/p>\n<p>Tutje theksohet se t\u00eb gjitha rrethanat e k\u00ebtij rasti duhet t\u00eb hetohen menj\u00ebher\u00eb, n\u00eb m\u00ebnyr\u00eb t\u00eb pavarur dhe profesionale dhe secili zyrtar q\u00eb mund t\u00eb ket\u00eb shkelur ligjin apo tejkaluar kompetencat duhet t\u00eb vihet p\u00ebrpara drejt\u00ebsis\u00eb pa asnj\u00eb vones\u00eb.<\/p>\n<p>\u201cAskush nuk \u00ebsht\u00eb mbi ligjin\u201d, p\u00ebrfundon komunikata.<\/p>\n<p>Agon Zejnullahu vdiq n\u00eb or\u00ebt e para t\u00eb m\u00ebngjesit t\u00eb s\u00eb h\u00ebn\u00ebs, pak pas arrestimit nga Policia e Kosov\u00ebs, me dyshimin se po sulmonte automjete dhe kalimtar\u00eb n\u00eb rrug\u00ebt e Lipjanit. N\u00eb nj\u00eb prononcim n\u00eb KTV, v\u00ebllai i viktim\u00ebs, Alban Zejnullahu, ka th\u00ebn\u00eb se ai ka humbur jet\u00ebn si pasoj\u00eb e dhun\u00ebs s\u00eb ushtruar nga policia gjat\u00eb arrestimit.<\/p>\n<p>Pes\u00eb zyrtar\u00ebt policor\u00eb po hetohen p\u00ebr vepr\u00ebn penale \u201cvrasje nga pakujdesia\u201d.<\/p>\n","protected":false},"excerpt":{"rendered":"<p>Presidenca e Kosov\u00ebs ka reaguar lidhur me vdekjen e 27-vje\u00e7arit n\u00eb Lipjan. Ajo p\u00ebrmes nj\u00eb komunikate p\u00ebr media ka k\u00ebrkuar transparenc\u00eb t\u00eb plot\u00eb, p\u00ebrgjegj\u00ebsi institucionale dhe drejt\u00ebsi t\u00eb pakompromis\u00eb. \u201cNgjarja e r\u00ebnd\u00eb dhe trondit\u00ebse e vdekjes s\u00eb nj\u00eb t\u00eb riu 27-vje\u00e7ar, rreth s\u00eb cil\u00ebs ekzistojn\u00eb dyshime serioze se ka ndodhur gjat\u00eb nd\u00ebrhyrjes s\u00eb policis\u00eb, k\u00ebrkon [&hellip;]<\/p>\n","protected":false},"author":8,"featured_media":20764,"comment_status":"closed","ping_status":"closed","sticky":false,"template":"","format":"standard","meta":{"footnotes":""},"categories":[215,213],"tags":[],"class_list":["post-20763","post","type-post","status-publish","format-standard","has-post-thumbnail","hentry","category-kosove","category-lajme"],"yoast_head":"<!-- This site is optimized with the Yoast SEO plugin v25.1 - https:\/\/yoast.com\/wordpress\/plugins\/seo\/ -->\n<title>Osmani k\u00ebrkon p\u00ebrgjegj\u00ebsi institucionale p\u00ebr vdekjen e 27-vje\u00e7arit - press7.tv<\/title>\n<meta name=\"robots\" content=\"index, follow, max-snippet:-1, max-image-preview:large, max-video-preview:-1\" \/>\n<link rel=\"canonical\" href=\"https:\/\/www.press7.tv\/?p=20763\" \/>\n<meta property=\"og:locale\" content=\"en_US\" \/>\n<meta property=\"og:type\" content=\"article\" \/>\n<meta property=\"og:title\" content=\"Osmani k\u00ebrkon p\u00ebrgjegj\u00ebsi institucionale p\u00ebr vdekjen e 27-vje\u00e7arit - press7.tv\" \/>\n<meta property=\"og:description\" content=\"Presidenca e Kosov\u00ebs ka reaguar lidhur me vdekjen e 27-vje\u00e7arit n\u00eb Lipjan. Ajo p\u00ebrmes nj\u00eb komunikate p\u00ebr media ka k\u00ebrkuar transparenc\u00eb t\u00eb plot\u00eb, p\u00ebrgjegj\u00ebsi institucionale dhe drejt\u00ebsi t\u00eb pakompromis\u00eb. \u201cNgjarja e r\u00ebnd\u00eb dhe trondit\u00ebse e vdekjes s\u00eb nj\u00eb t\u00eb riu 27-vje\u00e7ar, rreth s\u00eb cil\u00ebs ekzistojn\u00eb dyshime serioze se ka ndodhur gjat\u00eb nd\u00ebrhyrjes s\u00eb policis\u00eb, k\u00ebrkon [&hellip;]\" \/>\n<meta property=\"og:url\" content=\"https:\/\/www.press7.tv\/?p=20763\" \/>\n<meta property=\"og:site_name\" content=\"press7.tv\" \/>\n<meta property=\"article:publisher\" content=\"https:\/\/www.facebook.com\/press7.tv\" \/>\n<meta property=\"article:published_time\" content=\"2025-07-08T16:54:40+00:00\" \/>\n<meta property=\"og:image\" content=\"https:\/\/www.press7.tv\/wp-content\/uploads\/2025\/07\/IMG_6092.avif\" \/>\n\t<meta property=\"og:image:width\" content=\"750\" \/>\n\t<meta property=\"og:image:height\" content=\"430\" \/>\n\t<meta property=\"og:image:type\" content=\"image\/webp\" \/>\n<meta name=\"author\" content=\"gazetar2\" \/>\n<meta name=\"twitter:card\" content=\"summary_large_image\" \/>\n<meta name=\"twitter:label1\" content=\"Written by\" \/>\n\t<meta name=\"twitter:data1\" content=\"gazetar2\" \/>\n\t<meta name=\"twitter:label2\" content=\"Est. reading time\" \/>\n\t<meta name=\"twitter:data2\" content=\"1 minute\" \/>\n<script type=\"application\/ld+json\" class=\"yoast-schema-graph\">{\"@context\":\"https:\/\/schema.org\",\"@graph\":[{\"@type\":\"Article\",\"@id\":\"https:\/\/www.press7.tv\/?p=20763#article\",\"isPartOf\":{\"@id\":\"https:\/\/www.press7.tv\/?p=20763\"},\"author\":{\"name\":\"gazetar2\",\"@id\":\"https:\/\/www.news33.tv\/#\/schema\/person\/5a04a38a23ccdba82f9bd665cd8f9efa\"},\"headline\":\"Osmani k\u00ebrkon p\u00ebrgjegj\u00ebsi institucionale p\u00ebr vdekjen e 27-vje\u00e7arit\",\"datePublished\":\"2025-07-08T16:54:40+00:00\",\"mainEntityOfPage\":{\"@id\":\"https:\/\/www.press7.tv\/?p=20763\"},\"wordCount\":236,\"publisher\":{\"@id\":\"https:\/\/www.news33.tv\/#organization\"},\"image\":{\"@id\":\"https:\/\/www.press7.tv\/?p=20763#primaryimage\"},\"thumbnailUrl\":\"https:\/\/www.press7.tv\/wp-content\/uploads\/2025\/07\/IMG_6092.avif\",\"articleSection\":[\"Kosov\u00eb\",\"Lajme\"],\"inLanguage\":\"en-US\"},{\"@type\":\"WebPage\",\"@id\":\"https:\/\/www.press7.tv\/?p=20763\",\"url\":\"https:\/\/www.press7.tv\/?p=20763\",\"name\":\"Osmani k\u00ebrkon p\u00ebrgjegj\u00ebsi institucionale p\u00ebr vdekjen e 27-vje\u00e7arit - press7.tv\",\"isPartOf\":{\"@id\":\"https:\/\/www.news33.tv\/#website\"},\"primaryImageOfPage\":{\"@id\":\"https:\/\/www.press7.tv\/?p=20763#primaryimage\"},\"image\":{\"@id\":\"https:\/\/www.press7.tv\/?p=20763#primaryimage\"},\"thumbnailUrl\":\"https:\/\/www.press7.tv\/wp-content\/uploads\/2025\/07\/IMG_6092.avif\",\"datePublished\":\"2025-07-08T16:54:40+00:00\",\"breadcrumb\":{\"@id\":\"https:\/\/www.press7.tv\/?p=20763#breadcrumb\"},\"inLanguage\":\"en-US\",\"potentialAction\":[{\"@type\":\"ReadAction\",\"target\":[\"https:\/\/www.press7.tv\/?p=20763\"]}]},{\"@type\":\"ImageObject\",\"inLanguage\":\"en-US\",\"@id\":\"https:\/\/www.press7.tv\/?p=20763#primaryimage\",\"url\":\"https:\/\/www.press7.tv\/wp-content\/uploads\/2025\/07\/IMG_6092.avif\",\"contentUrl\":\"https:\/\/www.press7.tv\/wp-content\/uploads\/2025\/07\/IMG_6092.avif\",\"width\":750,\"height\":430},{\"@type\":\"BreadcrumbList\",\"@id\":\"https:\/\/www.press7.tv\/?p=20763#breadcrumb\",\"itemListElement\":[{\"@type\":\"ListItem\",\"position\":1,\"name\":\"Home\",\"item\":\"https:\/\/www.press7.tv\/\"},{\"@type\":\"ListItem\",\"position\":2,\"name\":\"Osmani k\u00ebrkon p\u00ebrgjegj\u00ebsi institucionale p\u00ebr vdekjen e 27-vje\u00e7arit\"}]},{\"@type\":\"WebSite\",\"@id\":\"https:\/\/www.news33.tv\/#website\",\"url\":\"https:\/\/www.news33.tv\/\",\"name\":\"News33.tv Media\",\"description\":\"Media\",\"publisher\":{\"@id\":\"https:\/\/www.news33.tv\/#organization\"},\"potentialAction\":[{\"@type\":\"SearchAction\",\"target\":{\"@type\":\"EntryPoint\",\"urlTemplate\":\"https:\/\/www.news33.tv\/?s={search_term_string}\"},\"query-input\":{\"@type\":\"PropertyValueSpecification\",\"valueRequired\":true,\"valueName\":\"search_term_string\"}}],\"inLanguage\":\"en-US\"},{\"@type\":\"Organization\",\"@id\":\"https:\/\/www.news33.tv\/#organization\",\"name\":\"News33.tv Media\",\"url\":\"https:\/\/www.news33.tv\/\",\"logo\":{\"@type\":\"ImageObject\",\"inLanguage\":\"en-US\",\"@id\":\"https:\/\/www.news33.tv\/#\/schema\/logo\/image\/\",\"url\":\"https:\/\/www.press7.tv\/wp-content\/uploads\/2024\/02\/logo-news33-black.png\",\"contentUrl\":\"https:\/\/www.press7.tv\/wp-content\/uploads\/2024\/02\/logo-news33-black.png\",\"width\":180,\"height\":37,\"caption\":\"News33.tv Media\"},\"image\":{\"@id\":\"https:\/\/www.news33.tv\/#\/schema\/logo\/image\/\"},\"sameAs\":[\"https:\/\/www.facebook.com\/press7.tv\"]},{\"@type\":\"Person\",\"@id\":\"https:\/\/www.news33.tv\/#\/schema\/person\/5a04a38a23ccdba82f9bd665cd8f9efa\",\"name\":\"gazetar2\",\"image\":{\"@type\":\"ImageObject\",\"inLanguage\":\"en-US\",\"@id\":\"https:\/\/www.news33.tv\/#\/schema\/person\/image\/\",\"url\":\"https:\/\/www.press7.tv\/wp-content\/litespeed\/avatar\/41975e402c3049d9ddb03adca8f7a883.jpg?ver=1777169572\",\"contentUrl\":\"https:\/\/www.press7.tv\/wp-content\/litespeed\/avatar\/41975e402c3049d9ddb03adca8f7a883.jpg?ver=1777169572\",\"caption\":\"gazetar2\"},\"url\":\"https:\/\/www.press7.tv\/?author=8\"}]}<\/script>\n<!-- \/ Yoast SEO plugin. -->","yoast_head_json":{"title":"Osmani k\u00ebrkon p\u00ebrgjegj\u00ebsi institucionale p\u00ebr vdekjen e 27-vje\u00e7arit - press7.tv","robots":{"index":"index","follow":"follow","max-snippet":"max-snippet:-1","max-image-preview":"max-image-preview:large","max-video-preview":"max-video-preview:-1"},"canonical":"https:\/\/www.press7.tv\/?p=20763","og_locale":"en_US","og_type":"article","og_title":"Osmani k\u00ebrkon p\u00ebrgjegj\u00ebsi institucionale p\u00ebr vdekjen e 27-vje\u00e7arit - press7.tv","og_description":"Presidenca e Kosov\u00ebs ka reaguar lidhur me vdekjen e 27-vje\u00e7arit n\u00eb Lipjan. Ajo p\u00ebrmes nj\u00eb komunikate p\u00ebr media ka k\u00ebrkuar transparenc\u00eb t\u00eb plot\u00eb, p\u00ebrgjegj\u00ebsi institucionale dhe drejt\u00ebsi t\u00eb pakompromis\u00eb. \u201cNgjarja e r\u00ebnd\u00eb dhe trondit\u00ebse e vdekjes s\u00eb nj\u00eb t\u00eb riu 27-vje\u00e7ar, rreth s\u00eb cil\u00ebs ekzistojn\u00eb dyshime serioze se ka ndodhur gjat\u00eb nd\u00ebrhyrjes s\u00eb policis\u00eb, k\u00ebrkon [&hellip;]","og_url":"https:\/\/www.press7.tv\/?p=20763","og_site_name":"press7.tv","article_publisher":"https:\/\/www.facebook.com\/press7.tv","article_published_time":"2025-07-08T16:54:40+00:00","og_image":[{"width":750,"height":430,"url":"https:\/\/www.press7.tv\/wp-content\/uploads\/2025\/07\/IMG_6092.avif","type":"image\/webp"}],"author":"gazetar2","twitter_card":"summary_large_image","twitter_misc":{"Written by":"gazetar2","Est. reading time":"1 minute"},"schema":{"@context":"https:\/\/schema.org","@graph":[{"@type":"Article","@id":"https:\/\/www.press7.tv\/?p=20763#article","isPartOf":{"@id":"https:\/\/www.press7.tv\/?p=20763"},"author":{"name":"gazetar2","@id":"https:\/\/www.news33.tv\/#\/schema\/person\/5a04a38a23ccdba82f9bd665cd8f9efa"},"headline":"Osmani k\u00ebrkon p\u00ebrgjegj\u00ebsi institucionale p\u00ebr vdekjen e 27-vje\u00e7arit","datePublished":"2025-07-08T16:54:40+00:00","mainEntityOfPage":{"@id":"https:\/\/www.press7.tv\/?p=20763"},"wordCount":236,"publisher":{"@id":"https:\/\/www.news33.tv\/#organization"},"image":{"@id":"https:\/\/www.press7.tv\/?p=20763#primaryimage"},"thumbnailUrl":"https:\/\/www.press7.tv\/wp-content\/uploads\/2025\/07\/IMG_6092.avif","articleSection":["Kosov\u00eb","Lajme"],"inLanguage":"en-US"},{"@type":"WebPage","@id":"https:\/\/www.press7.tv\/?p=20763","url":"https:\/\/www.press7.tv\/?p=20763","name":"Osmani k\u00ebrkon p\u00ebrgjegj\u00ebsi institucionale p\u00ebr vdekjen e 27-vje\u00e7arit - press7.tv","isPartOf":{"@id":"https:\/\/www.news33.tv\/#website"},"primaryImageOfPage":{"@id":"https:\/\/www.press7.tv\/?p=20763#primaryimage"},"image":{"@id":"https:\/\/www.press7.tv\/?p=20763#primaryimage"},"thumbnailUrl":"https:\/\/www.press7.tv\/wp-content\/uploads\/2025\/07\/IMG_6092.avif","datePublished":"2025-07-08T16:54:40+00:00","breadcrumb":{"@id":"https:\/\/www.press7.tv\/?p=20763#breadcrumb"},"inLanguage":"en-US","potentialAction":[{"@type":"ReadAction","target":["https:\/\/www.press7.tv\/?p=20763"]}]},{"@type":"ImageObject","inLanguage":"en-US","@id":"https:\/\/www.press7.tv\/?p=20763#primaryimage","url":"https:\/\/www.press7.tv\/wp-content\/uploads\/2025\/07\/IMG_6092.avif","contentUrl":"https:\/\/www.press7.tv\/wp-content\/uploads\/2025\/07\/IMG_6092.avif","width":750,"height":430},{"@type":"BreadcrumbList","@id":"https:\/\/www.press7.tv\/?p=20763#breadcrumb","itemListElement":[{"@type":"ListItem","position":1,"name":"Home","item":"https:\/\/www.press7.tv\/"},{"@type":"ListItem","position":2,"name":"Osmani k\u00ebrkon p\u00ebrgjegj\u00ebsi institucionale p\u00ebr vdekjen e 27-vje\u00e7arit"}]},{"@type":"WebSite","@id":"https:\/\/www.news33.tv\/#website","url":"https:\/\/www.news33.tv\/","name":"News33.tv Media","description":"Media","publisher":{"@id":"https:\/\/www.news33.tv\/#organization"},"potentialAction":[{"@type":"SearchAction","target":{"@type":"EntryPoint","urlTemplate":"https:\/\/www.news33.tv\/?s={search_term_string}"},"query-input":{"@type":"PropertyValueSpecification","valueRequired":true,"valueName":"search_term_string"}}],"inLanguage":"en-US"},{"@type":"Organization","@id":"https:\/\/www.news33.tv\/#organization","name":"News33.tv Media","url":"https:\/\/www.news33.tv\/","logo":{"@type":"ImageObject","inLanguage":"en-US","@id":"https:\/\/www.news33.tv\/#\/schema\/logo\/image\/","url":"https:\/\/www.press7.tv\/wp-content\/uploads\/2024\/02\/logo-news33-black.png","contentUrl":"https:\/\/www.press7.tv\/wp-content\/uploads\/2024\/02\/logo-news33-black.png","width":180,"height":37,"caption":"News33.tv Media"},"image":{"@id":"https:\/\/www.news33.tv\/#\/schema\/logo\/image\/"},"sameAs":["https:\/\/www.facebook.com\/press7.tv"]},{"@type":"Person","@id":"https:\/\/www.news33.tv\/#\/schema\/person\/5a04a38a23ccdba82f9bd665cd8f9efa","name":"gazetar2","image":{"@type":"ImageObject","inLanguage":"en-US","@id":"https:\/\/www.news33.tv\/#\/schema\/person\/image\/","url":"https:\/\/www.press7.tv\/wp-content\/litespeed\/avatar\/41975e402c3049d9ddb03adca8f7a883.jpg?ver=1777169572","contentUrl":"https:\/\/www.press7.tv\/wp-content\/litespeed\/avatar\/41975e402c3049d9ddb03adca8f7a883.jpg?ver=1777169572","caption":"gazetar2"},"url":"https:\/\/www.press7.tv\/?author=8"}]}},"amp_enabled":true,"_links":{"self":[{"href":"https:\/\/www.press7.tv\/index.php?rest_route=\/wp\/v2\/posts\/20763","targetHints":{"allow":["GET"]}}],"collection":[{"href":"https:\/\/www.press7.tv\/index.php?rest_route=\/wp\/v2\/posts"}],"about":[{"href":"https:\/\/www.press7.tv\/index.php?rest_route=\/wp\/v2\/types\/post"}],"author":[{"embeddable":true,"href":"https:\/\/www.press7.tv\/index.php?rest_route=\/wp\/v2\/users\/8"}],"replies":[{"embeddable":true,"href":"https:\/\/www.press7.tv\/index.php?rest_route=%2Fwp%2Fv2%2Fcomments&post=20763"}],"version-history":[{"count":1,"href":"https:\/\/www.press7.tv\/index.php?rest_route=\/wp\/v2\/posts\/20763\/revisions"}],"predecessor-version":[{"id":20765,"href":"https:\/\/www.press7.tv\/index.php?rest_route=\/wp\/v2\/posts\/20763\/revisions\/20765"}],"wp:featuredmedia":[{"embeddable":true,"href":"https:\/\/www.press7.tv\/index.php?rest_route=\/wp\/v2\/media\/20764"}],"wp:attachment":[{"href":"https:\/\/www.press7.tv\/index.php?rest_route=%2Fwp%2Fv2%2Fmedia&parent=20763"}],"wp:term":[{"taxonomy":"category","embeddable":true,"href":"https:\/\/www.press7.tv\/index.php?rest_route=%2Fwp%2Fv2%2Fcategories&post=20763"},{"taxonomy":"post_tag","embeddable":true,"href":"https:\/\/www.press7.tv\/index.php?rest_route=%2Fwp%2Fv2%2Ftags&post=20763"}],"curies":[{"name":"wp","href":"https:\/\/api.w.org\/{rel}","templated":true}]}}