{"id":20759,"date":"2025-07-08T11:37:22","date_gmt":"2025-07-08T11:37:22","guid":{"rendered":"https:\/\/www.press7.tv\/?p=20759"},"modified":"2025-07-08T11:37:22","modified_gmt":"2025-07-08T11:37:22","slug":"jessie-j-tregon-se-kanceri-nuk-i-eshte-perhapur","status":"publish","type":"post","link":"https:\/\/www.press7.tv\/?p=20759","title":{"rendered":"Jessie J tregon se kanceri nuk i \u00ebsht\u00eb p\u00ebrhapur"},"content":{"rendered":"\n    <div class=\"xs_social_share_widget xs_share_url before_content \t\tmain_content  wslu-style-2 wslu-share-box-shaped wslu-fill-colored wslu-share-m-5 wslu-none wslu-share-vertical wslu-theme-font-no wslu-main_content\">\n\n\t\t\n        <ul>\n\t\t\t        <\/ul>\n    <\/div> \n<p>K\u00ebng\u00ebtarja britanike, Jessie J, ka ndar\u00eb nj\u00eb lajm t\u00eb mir\u00eb p\u00ebr sh\u00ebndetin e saj duke b\u00ebr\u00eb t\u00eb ditur se kanceri nuk i \u00ebsht\u00eb p\u00ebrhapur.<\/p>\n<p>P\u00ebrmes nj\u00eb videoje emocionale t\u00eb postuar n\u00eb Instagram, ajo ka treguar se po e merr veten pas operacionit dhe se ndodhet n\u00eb faz\u00eb sh\u00ebrimi, ka raportuar FemaleFirst.<\/p>\n<p>N\u00eb video d\u00ebgjohet djali i saj dyvje\u00e7ar, Sky, duke th\u00ebn\u00eb se \u201cmami do t\u00eb jet\u00eb mir\u00eb\u201d.<\/p>\n<p>37 vje\u00e7ja, e ka shoq\u00ebruar videon me nj\u00eb p\u00ebrshkrim t\u00eb shkurt\u00ebr.<\/p>\n<p>\u201cDhe&#8230; JAM MIR\u00cb. Rezultatet = Nuk ka p\u00ebrhapje t\u00eb kancerit. Lot\u00ebt e g\u00ebzimit jan\u00eb t\u00eb v\u00ebrtet\u00eb. Faleminderit p\u00ebr lutjet, dashurin\u00eb, urimet dhe gjith\u00eb energjin\u00eb pozitive\u201d, ka shkruar k\u00ebng\u00ebtarja.<\/p>\n<p>https:\/\/www.instagram.com\/jessiej\/?utm_source=ig_embed&#038;ig_rid=2006e2dd-967c-4080-a542-f02062a37069&#038;ig_mid=425EF5B9-6B7B-46B0-B70F-3A2632D95F4B<\/p>\n<p>N\u00eb nj\u00eb postim tjet\u00ebr, ajo ka treguar se videoja ishte incizuar nj\u00eb nat\u00eb para operacionit t\u00eb saj.<\/p>\n<p>\u201cJe drita m\u00eb e madhe n\u00eb jet\u00ebn time dhe me ty pran\u00eb, err\u00ebsira nuk ka shans t\u00eb fitoj\u00eb\u201d, i ka th\u00ebn\u00eb ylli t\u00eb birit.<\/p>\n<p>Ajo ka shtuar se ndon\u00ebse i duhet t\u00eb kaloj\u00eb edhe nj\u00eb operacion tjet\u00ebr, tani \u00ebsht\u00eb koha q\u00eb t\u00eb jet\u00eb mir\u00ebnjoh\u00ebse.<\/p>\n<p>\u201cKam ende rrug\u00eb p\u00ebr t\u00eb sh\u00ebruar dhe m\u00eb pret edhe nj\u00eb nd\u00ebrhyrje tjet\u00ebr q\u00eb k\u00ebto \u2018kush\u00ebrirat\u2019 t\u2019i b\u00ebj t\u00eb duken si \u2018motra\u2019. Por tani \u00ebsht\u00eb koha e fal\u00ebnderimeve dhe po e nd\u00ebrroj emrin tim n\u00eb \u2018LopJess Monster\u2019\u201d, ka shkruar Jessie.<\/p>\n<p>K\u00ebng\u00ebtarja e hitit \u201cDo it Like a Dude\u201d, e kishte ndar\u00eb p\u00ebr her\u00eb t\u00eb par\u00eb lajmin p\u00ebr diagnoz\u00ebn me kancer t\u00eb hersh\u00ebm t\u00eb gjirit m\u00eb 3 qershor, p\u00ebrmes nj\u00eb videoje n\u00eb Instagram. Ajo pati treguar se e kishte pasur t\u00eb v\u00ebshtir\u00eb t\u00eb vendoste n\u00ebse duhej ta ndante me publikun apo jo.<\/p>\n<p>\u201cKam qen\u00eb n\u00eb dilem\u00eb n\u00ebse ta ndaj apo jo k\u00ebt\u00eb me njer\u00ebzit. Por e ndjeva t\u00eb nevojshme ta b\u00ebj, sepse gjithmon\u00eb kam ndar\u00eb gjith\u00e7ka q\u00eb kam p\u00ebrjetuar n\u00eb jet\u00ebn time\u201d, ka th\u00ebn\u00eb Jessie.<\/p>\n<p>Ajo tutje pati theksuar edhe r\u00ebnd\u00ebsin\u00eb e faktit q\u00eb kanceri ishte zbuluar her\u00ebt.<\/p>\n<p>\u201cDua t\u00eb n\u00ebnvizoj fjal\u00ebn \u2018her\u00ebt\u2019. Kanceri \u00ebsht\u00eb i tmerrsh\u00ebm n\u00eb \u00e7do form\u00eb, por po mbaj fort fjal\u00ebn \u2018her\u00ebt\u2019. Kam qen\u00eb n\u00eb analiza t\u00eb vazhdueshme gjat\u00eb gjith\u00eb k\u00ebsaj kohe\u201d, ka th\u00ebn\u00eb nd\u00ebr t\u00eb tjera ajo.<\/p>\n<p>Jessie ka pranuar se ishte ende n\u00eb proces p\u00ebr t\u00eb p\u00ebrballuar emocionalisht k\u00ebt\u00eb p\u00ebrvoj\u00eb, por vendosi t\u00eb flas\u00eb hapur me fansat e saj.<\/p>\n","protected":false},"excerpt":{"rendered":"<p>K\u00ebng\u00ebtarja britanike, Jessie J, ka ndar\u00eb nj\u00eb lajm t\u00eb mir\u00eb p\u00ebr sh\u00ebndetin e saj duke b\u00ebr\u00eb t\u00eb ditur se kanceri nuk i \u00ebsht\u00eb p\u00ebrhapur. P\u00ebrmes nj\u00eb videoje emocionale t\u00eb postuar n\u00eb Instagram, ajo ka treguar se po e merr veten pas operacionit dhe se ndodhet n\u00eb faz\u00eb sh\u00ebrimi, ka raportuar FemaleFirst. N\u00eb video d\u00ebgjohet djali [&hellip;]<\/p>\n","protected":false},"author":8,"featured_media":20760,"comment_status":"closed","ping_status":"closed","sticky":false,"template":"","format":"standard","meta":{"footnotes":""},"categories":[238],"tags":[],"class_list":["post-20759","post","type-post","status-publish","format-standard","has-post-thumbnail","hentry","category-showbiz"],"yoast_head":"<!-- This site is optimized with the Yoast SEO plugin v25.1 - https:\/\/yoast.com\/wordpress\/plugins\/seo\/ -->\n<title>Jessie J tregon se kanceri nuk i \u00ebsht\u00eb p\u00ebrhapur - press7.tv<\/title>\n<meta name=\"robots\" content=\"index, follow, max-snippet:-1, max-image-preview:large, max-video-preview:-1\" \/>\n<link rel=\"canonical\" href=\"https:\/\/www.press7.tv\/?p=20759\" \/>\n<meta property=\"og:locale\" content=\"en_US\" \/>\n<meta property=\"og:type\" content=\"article\" \/>\n<meta property=\"og:title\" content=\"Jessie J tregon se kanceri nuk i \u00ebsht\u00eb p\u00ebrhapur - press7.tv\" \/>\n<meta property=\"og:description\" content=\"K\u00ebng\u00ebtarja britanike, Jessie J, ka ndar\u00eb nj\u00eb lajm t\u00eb mir\u00eb p\u00ebr sh\u00ebndetin e saj duke b\u00ebr\u00eb t\u00eb ditur se kanceri nuk i \u00ebsht\u00eb p\u00ebrhapur. P\u00ebrmes nj\u00eb videoje emocionale t\u00eb postuar n\u00eb Instagram, ajo ka treguar se po e merr veten pas operacionit dhe se ndodhet n\u00eb faz\u00eb sh\u00ebrimi, ka raportuar FemaleFirst. N\u00eb video d\u00ebgjohet djali [&hellip;]\" \/>\n<meta property=\"og:url\" content=\"https:\/\/www.press7.tv\/?p=20759\" \/>\n<meta property=\"og:site_name\" content=\"press7.tv\" \/>\n<meta property=\"article:publisher\" content=\"https:\/\/www.facebook.com\/press7.tv\" \/>\n<meta property=\"article:published_time\" content=\"2025-07-08T11:37:22+00:00\" \/>\n<meta property=\"og:image\" content=\"https:\/\/www.press7.tv\/wp-content\/uploads\/2025\/07\/IMG_6090.avif\" \/>\n\t<meta property=\"og:image:width\" content=\"1360\" \/>\n\t<meta property=\"og:image:height\" content=\"870\" \/>\n\t<meta property=\"og:image:type\" content=\"image\/webp\" \/>\n<meta name=\"author\" content=\"gazetar2\" \/>\n<meta name=\"twitter:card\" content=\"summary_large_image\" \/>\n<meta name=\"twitter:label1\" content=\"Written by\" \/>\n\t<meta name=\"twitter:data1\" content=\"gazetar2\" \/>\n\t<meta name=\"twitter:label2\" content=\"Est. reading time\" \/>\n\t<meta name=\"twitter:data2\" content=\"1 minute\" \/>\n<script type=\"application\/ld+json\" class=\"yoast-schema-graph\">{\"@context\":\"https:\/\/schema.org\",\"@graph\":[{\"@type\":\"Article\",\"@id\":\"https:\/\/www.press7.tv\/?p=20759#article\",\"isPartOf\":{\"@id\":\"https:\/\/www.press7.tv\/?p=20759\"},\"author\":{\"name\":\"gazetar2\",\"@id\":\"https:\/\/www.news33.tv\/#\/schema\/person\/5a04a38a23ccdba82f9bd665cd8f9efa\"},\"headline\":\"Jessie J tregon se kanceri nuk i \u00ebsht\u00eb p\u00ebrhapur\",\"datePublished\":\"2025-07-08T11:37:22+00:00\",\"mainEntityOfPage\":{\"@id\":\"https:\/\/www.press7.tv\/?p=20759\"},\"wordCount\":472,\"publisher\":{\"@id\":\"https:\/\/www.news33.tv\/#organization\"},\"image\":{\"@id\":\"https:\/\/www.press7.tv\/?p=20759#primaryimage\"},\"thumbnailUrl\":\"https:\/\/www.press7.tv\/wp-content\/uploads\/2025\/07\/IMG_6090.avif\",\"articleSection\":[\"ShowBiz\"],\"inLanguage\":\"en-US\"},{\"@type\":\"WebPage\",\"@id\":\"https:\/\/www.press7.tv\/?p=20759\",\"url\":\"https:\/\/www.press7.tv\/?p=20759\",\"name\":\"Jessie J tregon se kanceri nuk i \u00ebsht\u00eb p\u00ebrhapur - press7.tv\",\"isPartOf\":{\"@id\":\"https:\/\/www.news33.tv\/#website\"},\"primaryImageOfPage\":{\"@id\":\"https:\/\/www.press7.tv\/?p=20759#primaryimage\"},\"image\":{\"@id\":\"https:\/\/www.press7.tv\/?p=20759#primaryimage\"},\"thumbnailUrl\":\"https:\/\/www.press7.tv\/wp-content\/uploads\/2025\/07\/IMG_6090.avif\",\"datePublished\":\"2025-07-08T11:37:22+00:00\",\"breadcrumb\":{\"@id\":\"https:\/\/www.press7.tv\/?p=20759#breadcrumb\"},\"inLanguage\":\"en-US\",\"potentialAction\":[{\"@type\":\"ReadAction\",\"target\":[\"https:\/\/www.press7.tv\/?p=20759\"]}]},{\"@type\":\"ImageObject\",\"inLanguage\":\"en-US\",\"@id\":\"https:\/\/www.press7.tv\/?p=20759#primaryimage\",\"url\":\"https:\/\/www.press7.tv\/wp-content\/uploads\/2025\/07\/IMG_6090.avif\",\"contentUrl\":\"https:\/\/www.press7.tv\/wp-content\/uploads\/2025\/07\/IMG_6090.avif\",\"width\":1360,\"height\":870},{\"@type\":\"BreadcrumbList\",\"@id\":\"https:\/\/www.press7.tv\/?p=20759#breadcrumb\",\"itemListElement\":[{\"@type\":\"ListItem\",\"position\":1,\"name\":\"Home\",\"item\":\"https:\/\/www.press7.tv\/\"},{\"@type\":\"ListItem\",\"position\":2,\"name\":\"Jessie J tregon se kanceri nuk i \u00ebsht\u00eb p\u00ebrhapur\"}]},{\"@type\":\"WebSite\",\"@id\":\"https:\/\/www.news33.tv\/#website\",\"url\":\"https:\/\/www.news33.tv\/\",\"name\":\"News33.tv Media\",\"description\":\"Media\",\"publisher\":{\"@id\":\"https:\/\/www.news33.tv\/#organization\"},\"potentialAction\":[{\"@type\":\"SearchAction\",\"target\":{\"@type\":\"EntryPoint\",\"urlTemplate\":\"https:\/\/www.news33.tv\/?s={search_term_string}\"},\"query-input\":{\"@type\":\"PropertyValueSpecification\",\"valueRequired\":true,\"valueName\":\"search_term_string\"}}],\"inLanguage\":\"en-US\"},{\"@type\":\"Organization\",\"@id\":\"https:\/\/www.news33.tv\/#organization\",\"name\":\"News33.tv Media\",\"url\":\"https:\/\/www.news33.tv\/\",\"logo\":{\"@type\":\"ImageObject\",\"inLanguage\":\"en-US\",\"@id\":\"https:\/\/www.news33.tv\/#\/schema\/logo\/image\/\",\"url\":\"https:\/\/www.press7.tv\/wp-content\/uploads\/2024\/02\/logo-news33-black.png\",\"contentUrl\":\"https:\/\/www.press7.tv\/wp-content\/uploads\/2024\/02\/logo-news33-black.png\",\"width\":180,\"height\":37,\"caption\":\"News33.tv Media\"},\"image\":{\"@id\":\"https:\/\/www.news33.tv\/#\/schema\/logo\/image\/\"},\"sameAs\":[\"https:\/\/www.facebook.com\/press7.tv\"]},{\"@type\":\"Person\",\"@id\":\"https:\/\/www.news33.tv\/#\/schema\/person\/5a04a38a23ccdba82f9bd665cd8f9efa\",\"name\":\"gazetar2\",\"image\":{\"@type\":\"ImageObject\",\"inLanguage\":\"en-US\",\"@id\":\"https:\/\/www.news33.tv\/#\/schema\/person\/image\/\",\"url\":\"https:\/\/www.press7.tv\/wp-content\/litespeed\/avatar\/41975e402c3049d9ddb03adca8f7a883.jpg?ver=1777169572\",\"contentUrl\":\"https:\/\/www.press7.tv\/wp-content\/litespeed\/avatar\/41975e402c3049d9ddb03adca8f7a883.jpg?ver=1777169572\",\"caption\":\"gazetar2\"},\"url\":\"https:\/\/www.press7.tv\/?author=8\"}]}<\/script>\n<!-- \/ Yoast SEO plugin. -->","yoast_head_json":{"title":"Jessie J tregon se kanceri nuk i \u00ebsht\u00eb p\u00ebrhapur - press7.tv","robots":{"index":"index","follow":"follow","max-snippet":"max-snippet:-1","max-image-preview":"max-image-preview:large","max-video-preview":"max-video-preview:-1"},"canonical":"https:\/\/www.press7.tv\/?p=20759","og_locale":"en_US","og_type":"article","og_title":"Jessie J tregon se kanceri nuk i \u00ebsht\u00eb p\u00ebrhapur - press7.tv","og_description":"K\u00ebng\u00ebtarja britanike, Jessie J, ka ndar\u00eb nj\u00eb lajm t\u00eb mir\u00eb p\u00ebr sh\u00ebndetin e saj duke b\u00ebr\u00eb t\u00eb ditur se kanceri nuk i \u00ebsht\u00eb p\u00ebrhapur. P\u00ebrmes nj\u00eb videoje emocionale t\u00eb postuar n\u00eb Instagram, ajo ka treguar se po e merr veten pas operacionit dhe se ndodhet n\u00eb faz\u00eb sh\u00ebrimi, ka raportuar FemaleFirst. N\u00eb video d\u00ebgjohet djali [&hellip;]","og_url":"https:\/\/www.press7.tv\/?p=20759","og_site_name":"press7.tv","article_publisher":"https:\/\/www.facebook.com\/press7.tv","article_published_time":"2025-07-08T11:37:22+00:00","og_image":[{"width":1360,"height":870,"url":"https:\/\/www.press7.tv\/wp-content\/uploads\/2025\/07\/IMG_6090.avif","type":"image\/webp"}],"author":"gazetar2","twitter_card":"summary_large_image","twitter_misc":{"Written by":"gazetar2","Est. reading time":"1 minute"},"schema":{"@context":"https:\/\/schema.org","@graph":[{"@type":"Article","@id":"https:\/\/www.press7.tv\/?p=20759#article","isPartOf":{"@id":"https:\/\/www.press7.tv\/?p=20759"},"author":{"name":"gazetar2","@id":"https:\/\/www.news33.tv\/#\/schema\/person\/5a04a38a23ccdba82f9bd665cd8f9efa"},"headline":"Jessie J tregon se kanceri nuk i \u00ebsht\u00eb p\u00ebrhapur","datePublished":"2025-07-08T11:37:22+00:00","mainEntityOfPage":{"@id":"https:\/\/www.press7.tv\/?p=20759"},"wordCount":472,"publisher":{"@id":"https:\/\/www.news33.tv\/#organization"},"image":{"@id":"https:\/\/www.press7.tv\/?p=20759#primaryimage"},"thumbnailUrl":"https:\/\/www.press7.tv\/wp-content\/uploads\/2025\/07\/IMG_6090.avif","articleSection":["ShowBiz"],"inLanguage":"en-US"},{"@type":"WebPage","@id":"https:\/\/www.press7.tv\/?p=20759","url":"https:\/\/www.press7.tv\/?p=20759","name":"Jessie J tregon se kanceri nuk i \u00ebsht\u00eb p\u00ebrhapur - press7.tv","isPartOf":{"@id":"https:\/\/www.news33.tv\/#website"},"primaryImageOfPage":{"@id":"https:\/\/www.press7.tv\/?p=20759#primaryimage"},"image":{"@id":"https:\/\/www.press7.tv\/?p=20759#primaryimage"},"thumbnailUrl":"https:\/\/www.press7.tv\/wp-content\/uploads\/2025\/07\/IMG_6090.avif","datePublished":"2025-07-08T11:37:22+00:00","breadcrumb":{"@id":"https:\/\/www.press7.tv\/?p=20759#breadcrumb"},"inLanguage":"en-US","potentialAction":[{"@type":"ReadAction","target":["https:\/\/www.press7.tv\/?p=20759"]}]},{"@type":"ImageObject","inLanguage":"en-US","@id":"https:\/\/www.press7.tv\/?p=20759#primaryimage","url":"https:\/\/www.press7.tv\/wp-content\/uploads\/2025\/07\/IMG_6090.avif","contentUrl":"https:\/\/www.press7.tv\/wp-content\/uploads\/2025\/07\/IMG_6090.avif","width":1360,"height":870},{"@type":"BreadcrumbList","@id":"https:\/\/www.press7.tv\/?p=20759#breadcrumb","itemListElement":[{"@type":"ListItem","position":1,"name":"Home","item":"https:\/\/www.press7.tv\/"},{"@type":"ListItem","position":2,"name":"Jessie J tregon se kanceri nuk i \u00ebsht\u00eb p\u00ebrhapur"}]},{"@type":"WebSite","@id":"https:\/\/www.news33.tv\/#website","url":"https:\/\/www.news33.tv\/","name":"News33.tv Media","description":"Media","publisher":{"@id":"https:\/\/www.news33.tv\/#organization"},"potentialAction":[{"@type":"SearchAction","target":{"@type":"EntryPoint","urlTemplate":"https:\/\/www.news33.tv\/?s={search_term_string}"},"query-input":{"@type":"PropertyValueSpecification","valueRequired":true,"valueName":"search_term_string"}}],"inLanguage":"en-US"},{"@type":"Organization","@id":"https:\/\/www.news33.tv\/#organization","name":"News33.tv Media","url":"https:\/\/www.news33.tv\/","logo":{"@type":"ImageObject","inLanguage":"en-US","@id":"https:\/\/www.news33.tv\/#\/schema\/logo\/image\/","url":"https:\/\/www.press7.tv\/wp-content\/uploads\/2024\/02\/logo-news33-black.png","contentUrl":"https:\/\/www.press7.tv\/wp-content\/uploads\/2024\/02\/logo-news33-black.png","width":180,"height":37,"caption":"News33.tv Media"},"image":{"@id":"https:\/\/www.news33.tv\/#\/schema\/logo\/image\/"},"sameAs":["https:\/\/www.facebook.com\/press7.tv"]},{"@type":"Person","@id":"https:\/\/www.news33.tv\/#\/schema\/person\/5a04a38a23ccdba82f9bd665cd8f9efa","name":"gazetar2","image":{"@type":"ImageObject","inLanguage":"en-US","@id":"https:\/\/www.news33.tv\/#\/schema\/person\/image\/","url":"https:\/\/www.press7.tv\/wp-content\/litespeed\/avatar\/41975e402c3049d9ddb03adca8f7a883.jpg?ver=1777169572","contentUrl":"https:\/\/www.press7.tv\/wp-content\/litespeed\/avatar\/41975e402c3049d9ddb03adca8f7a883.jpg?ver=1777169572","caption":"gazetar2"},"url":"https:\/\/www.press7.tv\/?author=8"}]}},"amp_enabled":true,"_links":{"self":[{"href":"https:\/\/www.press7.tv\/index.php?rest_route=\/wp\/v2\/posts\/20759","targetHints":{"allow":["GET"]}}],"collection":[{"href":"https:\/\/www.press7.tv\/index.php?rest_route=\/wp\/v2\/posts"}],"about":[{"href":"https:\/\/www.press7.tv\/index.php?rest_route=\/wp\/v2\/types\/post"}],"author":[{"embeddable":true,"href":"https:\/\/www.press7.tv\/index.php?rest_route=\/wp\/v2\/users\/8"}],"replies":[{"embeddable":true,"href":"https:\/\/www.press7.tv\/index.php?rest_route=%2Fwp%2Fv2%2Fcomments&post=20759"}],"version-history":[{"count":1,"href":"https:\/\/www.press7.tv\/index.php?rest_route=\/wp\/v2\/posts\/20759\/revisions"}],"predecessor-version":[{"id":20761,"href":"https:\/\/www.press7.tv\/index.php?rest_route=\/wp\/v2\/posts\/20759\/revisions\/20761"}],"wp:featuredmedia":[{"embeddable":true,"href":"https:\/\/www.press7.tv\/index.php?rest_route=\/wp\/v2\/media\/20760"}],"wp:attachment":[{"href":"https:\/\/www.press7.tv\/index.php?rest_route=%2Fwp%2Fv2%2Fmedia&parent=20759"}],"wp:term":[{"taxonomy":"category","embeddable":true,"href":"https:\/\/www.press7.tv\/index.php?rest_route=%2Fwp%2Fv2%2Fcategories&post=20759"},{"taxonomy":"post_tag","embeddable":true,"href":"https:\/\/www.press7.tv\/index.php?rest_route=%2Fwp%2Fv2%2Ftags&post=20759"}],"curies":[{"name":"wp","href":"https:\/\/api.w.org\/{rel}","templated":true}]}}