{"id":20756,"date":"2025-07-08T11:28:57","date_gmt":"2025-07-08T11:28:57","guid":{"rendered":"https:\/\/www.press7.tv\/?p=20756"},"modified":"2025-07-08T11:28:57","modified_gmt":"2025-07-08T11:28:57","slug":"teksa-komuna-e-ministria-fajesojne-njera-tjetren-prishtinasve-ne-nevoje-u-ndalen-ndihmat","status":"publish","type":"post","link":"https:\/\/www.press7.tv\/?p=20756","title":{"rendered":"Teksa komuna e ministria faj\u00ebsojn\u00eb nj\u00ebra-tjetr\u00ebn, prishtinasve n\u00eb nevoj\u00eb u ndalen ndihmat"},"content":{"rendered":"\n    <div class=\"xs_social_share_widget xs_share_url before_content \t\tmain_content  wslu-style-2 wslu-share-box-shaped wslu-fill-colored wslu-share-m-5 wslu-none wslu-share-vertical wslu-theme-font-no wslu-main_content\">\n\n\t\t\n        <ul>\n\t\t\t        <\/ul>\n    <\/div> \n<p>Drejtoria e Mir\u00ebqenies Sociale e Komun\u00ebs s\u00eb Prishtin\u00ebs n\u00eb nj\u00eb njoftim n\u00eb Facebook t\u00eb mart\u00ebn ka th\u00ebn\u00eb se nuk ka mundur t\u2019i procedoj\u00eb ndihmat financiare p\u00ebr familjet n\u00eb nevoj\u00eb q\u00eb kryeqytet. Kjo drejtori ka akuzuar nivelin qendror p\u00ebr bllokim t\u00eb buxhetit. E nj\u00eb dit\u00eb m\u00eb par\u00eb, pretendimin e komun\u00ebs e kund\u00ebrshtoi Ministria e Financave.<\/p>\n<p>\u201cDrejtoria e Mir\u00ebqenies Sociale e Komun\u00ebs s\u00eb Prishtin\u00ebs ju njofton se, n\u00eb p\u00ebrputhje me mandatin ton\u00eb ligjor dhe angazhimin institucional t\u00eb p\u00ebrhersh\u00ebm, kemi p\u00ebrgatitur me koh\u00eb t\u00eb gjitha procedurat dhe programet p\u00ebr mb\u00ebshtetje sociale p\u00ebr k\u00ebt\u00eb vit, duke p\u00ebrfshir\u00eb ndihmat financiare, mb\u00ebshtetjen p\u00ebr strehim, shujtat p\u00ebr f\u00ebmij\u00ebt n\u00eb nevoj\u00eb, subvencionet p\u00ebr familjet me t\u00eb ardhura t\u00eb ul\u00ebta, si dhe projektet p\u00ebr integrimin e personave me aft\u00ebsi t\u00eb kufizuara. Megjithat\u00eb, me keqardhje thell\u00eb ju informojm\u00eb se k\u00ebto mb\u00ebshtetje nuk kan\u00eb mundur t\u00eb procedohen p\u00ebr shkak t\u00eb bllokimit t\u00eb buxhetit t\u00eb Komun\u00ebs s\u00eb Prishtin\u00ebs nga niveli qendror. Kjo nd\u00ebrhyrje e paprecedent dhe krejt\u00ebsisht e pajustifikueshme po e d\u00ebmton r\u00ebnd\u00eb funksionimin normal t\u00eb sh\u00ebrbimeve sociale dhe po i l\u00eb pa p\u00ebrkrahje ata q\u00eb kan\u00eb m\u00eb s\u00eb shumti nevoj\u00eb p\u00ebr mb\u00ebshtetje institucionale\u201d, thuhet n\u00eb shkrimin e Drejtoris\u00eb s\u00eb Mir\u00ebqenies Sociale n\u00eb Prishtin\u00eb.<\/p>\n<p>Tek e ka faj\u00ebsuar nivelin qendror, kjo drejtori ka th\u00ebn\u00eb se familjet n\u00eb nevoj\u00eb \u201cpo b\u00ebhen viktim\u00eb e bllokadave politike dhe t\u00eb vendimeve q\u00eb nuk reflektojn\u00eb as p\u00ebrgjegj\u00ebsi institucionale, as ndjeshm\u00ebri sociale\u201d.<\/p>\n<p>Nj\u00eb dit\u00eb m\u00eb par\u00eb, kryetari i Prishtin\u00ebs, P\u00ebrparim Rama, akuzoi Qeverin\u00eb se i ka bllokuar buxhetin, teksa e cil\u00ebsoi k\u00ebt\u00eb si veprim t\u00eb motivuar politikisht. E ministri n\u00eb detyr\u00eb i Financave, Hekuran Murati, e cil\u00ebsoi g\u00ebnjesht\u00ebr akuz\u00ebn e Ram\u00ebs. Ai ka th\u00ebn\u00eb se Komuna nuk e ka miratuar buxhetin me koh\u00eb e se tash duhet ndryshim i Ligjit p\u00ebr Buxhetin, p\u00ebr \u00e7ka akuzoi opozit\u00ebn p\u00ebr bllokim t\u00eb Kuvendit.<\/p>\n","protected":false},"excerpt":{"rendered":"<p>Drejtoria e Mir\u00ebqenies Sociale e Komun\u00ebs s\u00eb Prishtin\u00ebs n\u00eb nj\u00eb njoftim n\u00eb Facebook t\u00eb mart\u00ebn ka th\u00ebn\u00eb se nuk ka mundur t\u2019i procedoj\u00eb ndihmat financiare p\u00ebr familjet n\u00eb nevoj\u00eb q\u00eb kryeqytet. Kjo drejtori ka akuzuar nivelin qendror p\u00ebr bllokim t\u00eb buxhetit. E nj\u00eb dit\u00eb m\u00eb par\u00eb, pretendimin e komun\u00ebs e kund\u00ebrshtoi Ministria e Financave. \u201cDrejtoria [&hellip;]<\/p>\n","protected":false},"author":8,"featured_media":20757,"comment_status":"closed","ping_status":"closed","sticky":false,"template":"","format":"standard","meta":{"footnotes":""},"categories":[215,213],"tags":[],"class_list":["post-20756","post","type-post","status-publish","format-standard","has-post-thumbnail","hentry","category-kosove","category-lajme"],"yoast_head":"<!-- This site is optimized with the Yoast SEO plugin v25.1 - https:\/\/yoast.com\/wordpress\/plugins\/seo\/ -->\n<title>Teksa komuna e ministria faj\u00ebsojn\u00eb nj\u00ebra-tjetr\u00ebn, prishtinasve n\u00eb nevoj\u00eb u ndalen ndihmat - press7.tv<\/title>\n<meta name=\"robots\" content=\"index, follow, max-snippet:-1, max-image-preview:large, max-video-preview:-1\" \/>\n<link rel=\"canonical\" href=\"https:\/\/www.press7.tv\/?p=20756\" \/>\n<meta property=\"og:locale\" content=\"en_US\" \/>\n<meta property=\"og:type\" content=\"article\" \/>\n<meta property=\"og:title\" content=\"Teksa komuna e ministria faj\u00ebsojn\u00eb nj\u00ebra-tjetr\u00ebn, prishtinasve n\u00eb nevoj\u00eb u ndalen ndihmat - press7.tv\" \/>\n<meta property=\"og:description\" content=\"Drejtoria e Mir\u00ebqenies Sociale e Komun\u00ebs s\u00eb Prishtin\u00ebs n\u00eb nj\u00eb njoftim n\u00eb Facebook t\u00eb mart\u00ebn ka th\u00ebn\u00eb se nuk ka mundur t\u2019i procedoj\u00eb ndihmat financiare p\u00ebr familjet n\u00eb nevoj\u00eb q\u00eb kryeqytet. Kjo drejtori ka akuzuar nivelin qendror p\u00ebr bllokim t\u00eb buxhetit. E nj\u00eb dit\u00eb m\u00eb par\u00eb, pretendimin e komun\u00ebs e kund\u00ebrshtoi Ministria e Financave. \u201cDrejtoria [&hellip;]\" \/>\n<meta property=\"og:url\" content=\"https:\/\/www.press7.tv\/?p=20756\" \/>\n<meta property=\"og:site_name\" content=\"press7.tv\" \/>\n<meta property=\"article:publisher\" content=\"https:\/\/www.facebook.com\/press7.tv\" \/>\n<meta property=\"article:published_time\" content=\"2025-07-08T11:28:57+00:00\" \/>\n<meta property=\"og:image\" content=\"https:\/\/www.press7.tv\/wp-content\/uploads\/2025\/07\/IMG_6088.avif\" \/>\n\t<meta property=\"og:image:width\" content=\"860\" \/>\n\t<meta property=\"og:image:height\" content=\"550\" \/>\n\t<meta property=\"og:image:type\" content=\"image\/webp\" \/>\n<meta name=\"author\" content=\"gazetar2\" \/>\n<meta name=\"twitter:card\" content=\"summary_large_image\" \/>\n<meta name=\"twitter:label1\" content=\"Written by\" \/>\n\t<meta name=\"twitter:data1\" content=\"gazetar2\" \/>\n\t<meta name=\"twitter:label2\" content=\"Est. reading time\" \/>\n\t<meta name=\"twitter:data2\" content=\"1 minute\" \/>\n<script type=\"application\/ld+json\" class=\"yoast-schema-graph\">{\"@context\":\"https:\/\/schema.org\",\"@graph\":[{\"@type\":\"Article\",\"@id\":\"https:\/\/www.press7.tv\/?p=20756#article\",\"isPartOf\":{\"@id\":\"https:\/\/www.press7.tv\/?p=20756\"},\"author\":{\"name\":\"gazetar2\",\"@id\":\"https:\/\/www.news33.tv\/#\/schema\/person\/5a04a38a23ccdba82f9bd665cd8f9efa\"},\"headline\":\"Teksa komuna e ministria faj\u00ebsojn\u00eb nj\u00ebra-tjetr\u00ebn, prishtinasve n\u00eb nevoj\u00eb u ndalen ndihmat\",\"datePublished\":\"2025-07-08T11:28:57+00:00\",\"mainEntityOfPage\":{\"@id\":\"https:\/\/www.press7.tv\/?p=20756\"},\"wordCount\":372,\"publisher\":{\"@id\":\"https:\/\/www.news33.tv\/#organization\"},\"image\":{\"@id\":\"https:\/\/www.press7.tv\/?p=20756#primaryimage\"},\"thumbnailUrl\":\"https:\/\/www.press7.tv\/wp-content\/uploads\/2025\/07\/IMG_6088.avif\",\"articleSection\":[\"Kosov\u00eb\",\"Lajme\"],\"inLanguage\":\"en-US\"},{\"@type\":\"WebPage\",\"@id\":\"https:\/\/www.press7.tv\/?p=20756\",\"url\":\"https:\/\/www.press7.tv\/?p=20756\",\"name\":\"Teksa komuna e ministria faj\u00ebsojn\u00eb nj\u00ebra-tjetr\u00ebn, prishtinasve n\u00eb nevoj\u00eb u ndalen ndihmat - press7.tv\",\"isPartOf\":{\"@id\":\"https:\/\/www.news33.tv\/#website\"},\"primaryImageOfPage\":{\"@id\":\"https:\/\/www.press7.tv\/?p=20756#primaryimage\"},\"image\":{\"@id\":\"https:\/\/www.press7.tv\/?p=20756#primaryimage\"},\"thumbnailUrl\":\"https:\/\/www.press7.tv\/wp-content\/uploads\/2025\/07\/IMG_6088.avif\",\"datePublished\":\"2025-07-08T11:28:57+00:00\",\"breadcrumb\":{\"@id\":\"https:\/\/www.press7.tv\/?p=20756#breadcrumb\"},\"inLanguage\":\"en-US\",\"potentialAction\":[{\"@type\":\"ReadAction\",\"target\":[\"https:\/\/www.press7.tv\/?p=20756\"]}]},{\"@type\":\"ImageObject\",\"inLanguage\":\"en-US\",\"@id\":\"https:\/\/www.press7.tv\/?p=20756#primaryimage\",\"url\":\"https:\/\/www.press7.tv\/wp-content\/uploads\/2025\/07\/IMG_6088.avif\",\"contentUrl\":\"https:\/\/www.press7.tv\/wp-content\/uploads\/2025\/07\/IMG_6088.avif\",\"width\":860,\"height\":550},{\"@type\":\"BreadcrumbList\",\"@id\":\"https:\/\/www.press7.tv\/?p=20756#breadcrumb\",\"itemListElement\":[{\"@type\":\"ListItem\",\"position\":1,\"name\":\"Home\",\"item\":\"https:\/\/www.press7.tv\/\"},{\"@type\":\"ListItem\",\"position\":2,\"name\":\"Teksa komuna e ministria faj\u00ebsojn\u00eb nj\u00ebra-tjetr\u00ebn, prishtinasve n\u00eb nevoj\u00eb u ndalen ndihmat\"}]},{\"@type\":\"WebSite\",\"@id\":\"https:\/\/www.news33.tv\/#website\",\"url\":\"https:\/\/www.news33.tv\/\",\"name\":\"News33.tv Media\",\"description\":\"Media\",\"publisher\":{\"@id\":\"https:\/\/www.news33.tv\/#organization\"},\"potentialAction\":[{\"@type\":\"SearchAction\",\"target\":{\"@type\":\"EntryPoint\",\"urlTemplate\":\"https:\/\/www.news33.tv\/?s={search_term_string}\"},\"query-input\":{\"@type\":\"PropertyValueSpecification\",\"valueRequired\":true,\"valueName\":\"search_term_string\"}}],\"inLanguage\":\"en-US\"},{\"@type\":\"Organization\",\"@id\":\"https:\/\/www.news33.tv\/#organization\",\"name\":\"News33.tv Media\",\"url\":\"https:\/\/www.news33.tv\/\",\"logo\":{\"@type\":\"ImageObject\",\"inLanguage\":\"en-US\",\"@id\":\"https:\/\/www.news33.tv\/#\/schema\/logo\/image\/\",\"url\":\"https:\/\/www.press7.tv\/wp-content\/uploads\/2024\/02\/logo-news33-black.png\",\"contentUrl\":\"https:\/\/www.press7.tv\/wp-content\/uploads\/2024\/02\/logo-news33-black.png\",\"width\":180,\"height\":37,\"caption\":\"News33.tv Media\"},\"image\":{\"@id\":\"https:\/\/www.news33.tv\/#\/schema\/logo\/image\/\"},\"sameAs\":[\"https:\/\/www.facebook.com\/press7.tv\"]},{\"@type\":\"Person\",\"@id\":\"https:\/\/www.news33.tv\/#\/schema\/person\/5a04a38a23ccdba82f9bd665cd8f9efa\",\"name\":\"gazetar2\",\"image\":{\"@type\":\"ImageObject\",\"inLanguage\":\"en-US\",\"@id\":\"https:\/\/www.news33.tv\/#\/schema\/person\/image\/\",\"url\":\"https:\/\/www.press7.tv\/wp-content\/litespeed\/avatar\/41975e402c3049d9ddb03adca8f7a883.jpg?ver=1777169572\",\"contentUrl\":\"https:\/\/www.press7.tv\/wp-content\/litespeed\/avatar\/41975e402c3049d9ddb03adca8f7a883.jpg?ver=1777169572\",\"caption\":\"gazetar2\"},\"url\":\"https:\/\/www.press7.tv\/?author=8\"}]}<\/script>\n<!-- \/ Yoast SEO plugin. -->","yoast_head_json":{"title":"Teksa komuna e ministria faj\u00ebsojn\u00eb nj\u00ebra-tjetr\u00ebn, prishtinasve n\u00eb nevoj\u00eb u ndalen ndihmat - press7.tv","robots":{"index":"index","follow":"follow","max-snippet":"max-snippet:-1","max-image-preview":"max-image-preview:large","max-video-preview":"max-video-preview:-1"},"canonical":"https:\/\/www.press7.tv\/?p=20756","og_locale":"en_US","og_type":"article","og_title":"Teksa komuna e ministria faj\u00ebsojn\u00eb nj\u00ebra-tjetr\u00ebn, prishtinasve n\u00eb nevoj\u00eb u ndalen ndihmat - press7.tv","og_description":"Drejtoria e Mir\u00ebqenies Sociale e Komun\u00ebs s\u00eb Prishtin\u00ebs n\u00eb nj\u00eb njoftim n\u00eb Facebook t\u00eb mart\u00ebn ka th\u00ebn\u00eb se nuk ka mundur t\u2019i procedoj\u00eb ndihmat financiare p\u00ebr familjet n\u00eb nevoj\u00eb q\u00eb kryeqytet. Kjo drejtori ka akuzuar nivelin qendror p\u00ebr bllokim t\u00eb buxhetit. E nj\u00eb dit\u00eb m\u00eb par\u00eb, pretendimin e komun\u00ebs e kund\u00ebrshtoi Ministria e Financave. \u201cDrejtoria [&hellip;]","og_url":"https:\/\/www.press7.tv\/?p=20756","og_site_name":"press7.tv","article_publisher":"https:\/\/www.facebook.com\/press7.tv","article_published_time":"2025-07-08T11:28:57+00:00","og_image":[{"width":860,"height":550,"url":"https:\/\/www.press7.tv\/wp-content\/uploads\/2025\/07\/IMG_6088.avif","type":"image\/webp"}],"author":"gazetar2","twitter_card":"summary_large_image","twitter_misc":{"Written by":"gazetar2","Est. reading time":"1 minute"},"schema":{"@context":"https:\/\/schema.org","@graph":[{"@type":"Article","@id":"https:\/\/www.press7.tv\/?p=20756#article","isPartOf":{"@id":"https:\/\/www.press7.tv\/?p=20756"},"author":{"name":"gazetar2","@id":"https:\/\/www.news33.tv\/#\/schema\/person\/5a04a38a23ccdba82f9bd665cd8f9efa"},"headline":"Teksa komuna e ministria faj\u00ebsojn\u00eb nj\u00ebra-tjetr\u00ebn, prishtinasve n\u00eb nevoj\u00eb u ndalen ndihmat","datePublished":"2025-07-08T11:28:57+00:00","mainEntityOfPage":{"@id":"https:\/\/www.press7.tv\/?p=20756"},"wordCount":372,"publisher":{"@id":"https:\/\/www.news33.tv\/#organization"},"image":{"@id":"https:\/\/www.press7.tv\/?p=20756#primaryimage"},"thumbnailUrl":"https:\/\/www.press7.tv\/wp-content\/uploads\/2025\/07\/IMG_6088.avif","articleSection":["Kosov\u00eb","Lajme"],"inLanguage":"en-US"},{"@type":"WebPage","@id":"https:\/\/www.press7.tv\/?p=20756","url":"https:\/\/www.press7.tv\/?p=20756","name":"Teksa komuna e ministria faj\u00ebsojn\u00eb nj\u00ebra-tjetr\u00ebn, prishtinasve n\u00eb nevoj\u00eb u ndalen ndihmat - press7.tv","isPartOf":{"@id":"https:\/\/www.news33.tv\/#website"},"primaryImageOfPage":{"@id":"https:\/\/www.press7.tv\/?p=20756#primaryimage"},"image":{"@id":"https:\/\/www.press7.tv\/?p=20756#primaryimage"},"thumbnailUrl":"https:\/\/www.press7.tv\/wp-content\/uploads\/2025\/07\/IMG_6088.avif","datePublished":"2025-07-08T11:28:57+00:00","breadcrumb":{"@id":"https:\/\/www.press7.tv\/?p=20756#breadcrumb"},"inLanguage":"en-US","potentialAction":[{"@type":"ReadAction","target":["https:\/\/www.press7.tv\/?p=20756"]}]},{"@type":"ImageObject","inLanguage":"en-US","@id":"https:\/\/www.press7.tv\/?p=20756#primaryimage","url":"https:\/\/www.press7.tv\/wp-content\/uploads\/2025\/07\/IMG_6088.avif","contentUrl":"https:\/\/www.press7.tv\/wp-content\/uploads\/2025\/07\/IMG_6088.avif","width":860,"height":550},{"@type":"BreadcrumbList","@id":"https:\/\/www.press7.tv\/?p=20756#breadcrumb","itemListElement":[{"@type":"ListItem","position":1,"name":"Home","item":"https:\/\/www.press7.tv\/"},{"@type":"ListItem","position":2,"name":"Teksa komuna e ministria faj\u00ebsojn\u00eb nj\u00ebra-tjetr\u00ebn, prishtinasve n\u00eb nevoj\u00eb u ndalen ndihmat"}]},{"@type":"WebSite","@id":"https:\/\/www.news33.tv\/#website","url":"https:\/\/www.news33.tv\/","name":"News33.tv Media","description":"Media","publisher":{"@id":"https:\/\/www.news33.tv\/#organization"},"potentialAction":[{"@type":"SearchAction","target":{"@type":"EntryPoint","urlTemplate":"https:\/\/www.news33.tv\/?s={search_term_string}"},"query-input":{"@type":"PropertyValueSpecification","valueRequired":true,"valueName":"search_term_string"}}],"inLanguage":"en-US"},{"@type":"Organization","@id":"https:\/\/www.news33.tv\/#organization","name":"News33.tv Media","url":"https:\/\/www.news33.tv\/","logo":{"@type":"ImageObject","inLanguage":"en-US","@id":"https:\/\/www.news33.tv\/#\/schema\/logo\/image\/","url":"https:\/\/www.press7.tv\/wp-content\/uploads\/2024\/02\/logo-news33-black.png","contentUrl":"https:\/\/www.press7.tv\/wp-content\/uploads\/2024\/02\/logo-news33-black.png","width":180,"height":37,"caption":"News33.tv Media"},"image":{"@id":"https:\/\/www.news33.tv\/#\/schema\/logo\/image\/"},"sameAs":["https:\/\/www.facebook.com\/press7.tv"]},{"@type":"Person","@id":"https:\/\/www.news33.tv\/#\/schema\/person\/5a04a38a23ccdba82f9bd665cd8f9efa","name":"gazetar2","image":{"@type":"ImageObject","inLanguage":"en-US","@id":"https:\/\/www.news33.tv\/#\/schema\/person\/image\/","url":"https:\/\/www.press7.tv\/wp-content\/litespeed\/avatar\/41975e402c3049d9ddb03adca8f7a883.jpg?ver=1777169572","contentUrl":"https:\/\/www.press7.tv\/wp-content\/litespeed\/avatar\/41975e402c3049d9ddb03adca8f7a883.jpg?ver=1777169572","caption":"gazetar2"},"url":"https:\/\/www.press7.tv\/?author=8"}]}},"amp_enabled":true,"_links":{"self":[{"href":"https:\/\/www.press7.tv\/index.php?rest_route=\/wp\/v2\/posts\/20756","targetHints":{"allow":["GET"]}}],"collection":[{"href":"https:\/\/www.press7.tv\/index.php?rest_route=\/wp\/v2\/posts"}],"about":[{"href":"https:\/\/www.press7.tv\/index.php?rest_route=\/wp\/v2\/types\/post"}],"author":[{"embeddable":true,"href":"https:\/\/www.press7.tv\/index.php?rest_route=\/wp\/v2\/users\/8"}],"replies":[{"embeddable":true,"href":"https:\/\/www.press7.tv\/index.php?rest_route=%2Fwp%2Fv2%2Fcomments&post=20756"}],"version-history":[{"count":1,"href":"https:\/\/www.press7.tv\/index.php?rest_route=\/wp\/v2\/posts\/20756\/revisions"}],"predecessor-version":[{"id":20758,"href":"https:\/\/www.press7.tv\/index.php?rest_route=\/wp\/v2\/posts\/20756\/revisions\/20758"}],"wp:featuredmedia":[{"embeddable":true,"href":"https:\/\/www.press7.tv\/index.php?rest_route=\/wp\/v2\/media\/20757"}],"wp:attachment":[{"href":"https:\/\/www.press7.tv\/index.php?rest_route=%2Fwp%2Fv2%2Fmedia&parent=20756"}],"wp:term":[{"taxonomy":"category","embeddable":true,"href":"https:\/\/www.press7.tv\/index.php?rest_route=%2Fwp%2Fv2%2Fcategories&post=20756"},{"taxonomy":"post_tag","embeddable":true,"href":"https:\/\/www.press7.tv\/index.php?rest_route=%2Fwp%2Fv2%2Ftags&post=20756"}],"curies":[{"name":"wp","href":"https:\/\/api.w.org\/{rel}","templated":true}]}}