{"id":20737,"date":"2025-07-06T23:35:13","date_gmt":"2025-07-06T23:35:13","guid":{"rendered":"https:\/\/www.press7.tv\/?p=20737"},"modified":"2025-07-06T23:35:13","modified_gmt":"2025-07-06T23:35:13","slug":"qoku-me-mendi-qyren-fitojne-qytetaret-dhe-fiton-struga","status":"publish","type":"post","link":"https:\/\/www.press7.tv\/?p=20737","title":{"rendered":"Qoku: Me Mendi Qyr\u00ebn fitojne qytetar\u00ebt dhe fiton Struga!"},"content":{"rendered":"\n    <div class=\"xs_social_share_widget xs_share_url before_content \t\tmain_content  wslu-style-2 wslu-share-box-shaped wslu-fill-colored wslu-share-m-5 wslu-none wslu-share-vertical wslu-theme-font-no wslu-main_content\">\n\n\t\t\n        <ul>\n\t\t\t        <\/ul>\n    <\/div> \n<p>Koordinatori i grupit parlamentar, VLEN, Bekim Qoku,ne hapjen zyrtare te shtabit zgjedhor ne\u00eb qytetin e Struges tha se me Mendi Qyr\u00ebn kryetar Komune fitojn\u00eb edhe qytetaret por fiton edhe qyteti i Struges.<br \/>\n&#8220;Prandaj ju ftoj qe te mb\u00ebshtesni Mendi Qyr\u00ebn dhe koalicionin VLEN, per qasjen e drejte dhe t\u00eb pergjegjshme qe kane zgjedhur ne keto zgjedhje. Te gjithe e dime se Struga eshte keqmenaxhuar per nj\u00eb kohe te gjate. Vetem giate mandatit te fundit, nga udheheqesia aktuale jane keqmenaxhuar mbi 18 milione euro nga nje buxhet total prej me shume se 20 milione eurosh. Keto mjete nuk jane reflektuar fare n\u00eb<br \/>\npermir\u00ebsimin e jetes se qytetar\u00ebve, perkundrazi, jan\u00eb shfrytezuar per perfitime personale dhe klienteliste.<br \/>\nStruga sot perballet me mbi 80% nd\u00ebrtime pa leje, me favorizime te hapura ndaj figurave te nentok\u00ebs dhe individeve t\u00eb kompromentuar&#8221;, tha deputeti, Bekim Qoku.<br \/>\nAi shtoi se per ta ndalur rrenimin dhe demtimin e tutjesh\u00ebm te Struges kjo mund te ndodhe vetem nese mb\u00ebshtet Qyra per kryetar dhe lista e VLEN-it per keshilltare.<\/p>\n<p>&#8220;Per t\u00eb ndalur ket\u00eb rr\u00ebnim, p\u00ebr t\u00eb kthyer Strug\u00ebn n\u00eb duar t\u00eb sigurta dhe t\u00eb ndershme, ju lutem q\u00eb n\u00eb em\u00ebr t\u00eb se mires dhe mireqenies se qytetit dhe banoreve te tij, te mb\u00ebshtesni listen m\u00eb te mire,VLEN-in, dhe kandidatin ton\u00eb t\u00eb pavarur, Mendi Qyr\u00ebn&#8221;, p\u00ebrfundoi QoKu.<\/p>\n","protected":false},"excerpt":{"rendered":"<p>Koordinatori i grupit parlamentar, VLEN, Bekim Qoku,ne hapjen zyrtare te shtabit zgjedhor ne\u00eb qytetin e Struges tha se me Mendi Qyr\u00ebn kryetar Komune fitojn\u00eb edhe qytetaret por fiton edhe qyteti i Struges. &#8220;Prandaj ju ftoj qe te mb\u00ebshtesni Mendi Qyr\u00ebn dhe koalicionin VLEN, per qasjen e drejte dhe t\u00eb pergjegjshme qe kane zgjedhur ne keto [&hellip;]<\/p>\n","protected":false},"author":8,"featured_media":20738,"comment_status":"closed","ping_status":"closed","sticky":false,"template":"","format":"standard","meta":{"footnotes":""},"categories":[213,214],"tags":[],"class_list":["post-20737","post","type-post","status-publish","format-standard","has-post-thumbnail","hentry","category-lajme","category-maqedoni"],"yoast_head":"<!-- This site is optimized with the Yoast SEO plugin v25.1 - https:\/\/yoast.com\/wordpress\/plugins\/seo\/ -->\n<title>Qoku: Me Mendi Qyr\u00ebn fitojne qytetar\u00ebt dhe fiton Struga! - press7.tv<\/title>\n<meta name=\"robots\" content=\"index, follow, max-snippet:-1, max-image-preview:large, max-video-preview:-1\" \/>\n<link rel=\"canonical\" href=\"https:\/\/www.press7.tv\/?p=20737\" \/>\n<meta property=\"og:locale\" content=\"en_US\" \/>\n<meta property=\"og:type\" content=\"article\" \/>\n<meta property=\"og:title\" content=\"Qoku: Me Mendi Qyr\u00ebn fitojne qytetar\u00ebt dhe fiton Struga! - press7.tv\" \/>\n<meta property=\"og:description\" content=\"Koordinatori i grupit parlamentar, VLEN, Bekim Qoku,ne hapjen zyrtare te shtabit zgjedhor ne\u00eb qytetin e Struges tha se me Mendi Qyr\u00ebn kryetar Komune fitojn\u00eb edhe qytetaret por fiton edhe qyteti i Struges. &#8220;Prandaj ju ftoj qe te mb\u00ebshtesni Mendi Qyr\u00ebn dhe koalicionin VLEN, per qasjen e drejte dhe t\u00eb pergjegjshme qe kane zgjedhur ne keto [&hellip;]\" \/>\n<meta property=\"og:url\" content=\"https:\/\/www.press7.tv\/?p=20737\" \/>\n<meta property=\"og:site_name\" content=\"press7.tv\" \/>\n<meta property=\"article:publisher\" content=\"https:\/\/www.facebook.com\/press7.tv\" \/>\n<meta property=\"article:published_time\" content=\"2025-07-06T23:35:13+00:00\" \/>\n<meta property=\"og:image\" content=\"https:\/\/www.press7.tv\/wp-content\/uploads\/2025\/07\/IMG_6067.avif\" \/>\n\t<meta property=\"og:image:width\" content=\"1242\" \/>\n\t<meta property=\"og:image:height\" content=\"738\" \/>\n\t<meta property=\"og:image:type\" content=\"image\/jpeg\" \/>\n<meta name=\"author\" content=\"gazetar2\" \/>\n<meta name=\"twitter:card\" content=\"summary_large_image\" \/>\n<meta name=\"twitter:label1\" content=\"Written by\" \/>\n\t<meta name=\"twitter:data1\" content=\"gazetar2\" \/>\n\t<meta name=\"twitter:label2\" content=\"Est. reading time\" \/>\n\t<meta name=\"twitter:data2\" content=\"1 minute\" \/>\n<script type=\"application\/ld+json\" class=\"yoast-schema-graph\">{\"@context\":\"https:\/\/schema.org\",\"@graph\":[{\"@type\":\"Article\",\"@id\":\"https:\/\/www.press7.tv\/?p=20737#article\",\"isPartOf\":{\"@id\":\"https:\/\/www.press7.tv\/?p=20737\"},\"author\":{\"name\":\"gazetar2\",\"@id\":\"https:\/\/www.news33.tv\/#\/schema\/person\/5a04a38a23ccdba82f9bd665cd8f9efa\"},\"headline\":\"Qoku: Me Mendi Qyr\u00ebn fitojne qytetar\u00ebt dhe fiton Struga!\",\"datePublished\":\"2025-07-06T23:35:13+00:00\",\"mainEntityOfPage\":{\"@id\":\"https:\/\/www.press7.tv\/?p=20737\"},\"wordCount\":241,\"publisher\":{\"@id\":\"https:\/\/www.news33.tv\/#organization\"},\"image\":{\"@id\":\"https:\/\/www.press7.tv\/?p=20737#primaryimage\"},\"thumbnailUrl\":\"https:\/\/www.press7.tv\/wp-content\/uploads\/2025\/07\/IMG_6067.avif\",\"articleSection\":[\"Lajme\",\"Maqedoni\"],\"inLanguage\":\"en-US\"},{\"@type\":\"WebPage\",\"@id\":\"https:\/\/www.press7.tv\/?p=20737\",\"url\":\"https:\/\/www.press7.tv\/?p=20737\",\"name\":\"Qoku: Me Mendi Qyr\u00ebn fitojne qytetar\u00ebt dhe fiton Struga! - press7.tv\",\"isPartOf\":{\"@id\":\"https:\/\/www.news33.tv\/#website\"},\"primaryImageOfPage\":{\"@id\":\"https:\/\/www.press7.tv\/?p=20737#primaryimage\"},\"image\":{\"@id\":\"https:\/\/www.press7.tv\/?p=20737#primaryimage\"},\"thumbnailUrl\":\"https:\/\/www.press7.tv\/wp-content\/uploads\/2025\/07\/IMG_6067.avif\",\"datePublished\":\"2025-07-06T23:35:13+00:00\",\"breadcrumb\":{\"@id\":\"https:\/\/www.press7.tv\/?p=20737#breadcrumb\"},\"inLanguage\":\"en-US\",\"potentialAction\":[{\"@type\":\"ReadAction\",\"target\":[\"https:\/\/www.press7.tv\/?p=20737\"]}]},{\"@type\":\"ImageObject\",\"inLanguage\":\"en-US\",\"@id\":\"https:\/\/www.press7.tv\/?p=20737#primaryimage\",\"url\":\"https:\/\/www.press7.tv\/wp-content\/uploads\/2025\/07\/IMG_6067.avif\",\"contentUrl\":\"https:\/\/www.press7.tv\/wp-content\/uploads\/2025\/07\/IMG_6067.avif\",\"width\":1242,\"height\":738,\"caption\":\"Screenshot\"},{\"@type\":\"BreadcrumbList\",\"@id\":\"https:\/\/www.press7.tv\/?p=20737#breadcrumb\",\"itemListElement\":[{\"@type\":\"ListItem\",\"position\":1,\"name\":\"Home\",\"item\":\"https:\/\/www.press7.tv\/\"},{\"@type\":\"ListItem\",\"position\":2,\"name\":\"Qoku: Me Mendi Qyr\u00ebn fitojne qytetar\u00ebt dhe fiton Struga!\"}]},{\"@type\":\"WebSite\",\"@id\":\"https:\/\/www.news33.tv\/#website\",\"url\":\"https:\/\/www.news33.tv\/\",\"name\":\"News33.tv Media\",\"description\":\"Media\",\"publisher\":{\"@id\":\"https:\/\/www.news33.tv\/#organization\"},\"potentialAction\":[{\"@type\":\"SearchAction\",\"target\":{\"@type\":\"EntryPoint\",\"urlTemplate\":\"https:\/\/www.news33.tv\/?s={search_term_string}\"},\"query-input\":{\"@type\":\"PropertyValueSpecification\",\"valueRequired\":true,\"valueName\":\"search_term_string\"}}],\"inLanguage\":\"en-US\"},{\"@type\":\"Organization\",\"@id\":\"https:\/\/www.news33.tv\/#organization\",\"name\":\"News33.tv Media\",\"url\":\"https:\/\/www.news33.tv\/\",\"logo\":{\"@type\":\"ImageObject\",\"inLanguage\":\"en-US\",\"@id\":\"https:\/\/www.news33.tv\/#\/schema\/logo\/image\/\",\"url\":\"https:\/\/www.press7.tv\/wp-content\/uploads\/2024\/02\/logo-news33-black.png\",\"contentUrl\":\"https:\/\/www.press7.tv\/wp-content\/uploads\/2024\/02\/logo-news33-black.png\",\"width\":180,\"height\":37,\"caption\":\"News33.tv Media\"},\"image\":{\"@id\":\"https:\/\/www.news33.tv\/#\/schema\/logo\/image\/\"},\"sameAs\":[\"https:\/\/www.facebook.com\/press7.tv\"]},{\"@type\":\"Person\",\"@id\":\"https:\/\/www.news33.tv\/#\/schema\/person\/5a04a38a23ccdba82f9bd665cd8f9efa\",\"name\":\"gazetar2\",\"image\":{\"@type\":\"ImageObject\",\"inLanguage\":\"en-US\",\"@id\":\"https:\/\/www.news33.tv\/#\/schema\/person\/image\/\",\"url\":\"https:\/\/www.press7.tv\/wp-content\/litespeed\/avatar\/41975e402c3049d9ddb03adca8f7a883.jpg?ver=1777169572\",\"contentUrl\":\"https:\/\/www.press7.tv\/wp-content\/litespeed\/avatar\/41975e402c3049d9ddb03adca8f7a883.jpg?ver=1777169572\",\"caption\":\"gazetar2\"},\"url\":\"https:\/\/www.press7.tv\/?author=8\"}]}<\/script>\n<!-- \/ Yoast SEO plugin. -->","yoast_head_json":{"title":"Qoku: Me Mendi Qyr\u00ebn fitojne qytetar\u00ebt dhe fiton Struga! - press7.tv","robots":{"index":"index","follow":"follow","max-snippet":"max-snippet:-1","max-image-preview":"max-image-preview:large","max-video-preview":"max-video-preview:-1"},"canonical":"https:\/\/www.press7.tv\/?p=20737","og_locale":"en_US","og_type":"article","og_title":"Qoku: Me Mendi Qyr\u00ebn fitojne qytetar\u00ebt dhe fiton Struga! - press7.tv","og_description":"Koordinatori i grupit parlamentar, VLEN, Bekim Qoku,ne hapjen zyrtare te shtabit zgjedhor ne\u00eb qytetin e Struges tha se me Mendi Qyr\u00ebn kryetar Komune fitojn\u00eb edhe qytetaret por fiton edhe qyteti i Struges. &#8220;Prandaj ju ftoj qe te mb\u00ebshtesni Mendi Qyr\u00ebn dhe koalicionin VLEN, per qasjen e drejte dhe t\u00eb pergjegjshme qe kane zgjedhur ne keto [&hellip;]","og_url":"https:\/\/www.press7.tv\/?p=20737","og_site_name":"press7.tv","article_publisher":"https:\/\/www.facebook.com\/press7.tv","article_published_time":"2025-07-06T23:35:13+00:00","og_image":[{"width":1242,"height":738,"url":"https:\/\/www.press7.tv\/wp-content\/uploads\/2025\/07\/IMG_6067.avif","type":"image\/jpeg"}],"author":"gazetar2","twitter_card":"summary_large_image","twitter_misc":{"Written by":"gazetar2","Est. reading time":"1 minute"},"schema":{"@context":"https:\/\/schema.org","@graph":[{"@type":"Article","@id":"https:\/\/www.press7.tv\/?p=20737#article","isPartOf":{"@id":"https:\/\/www.press7.tv\/?p=20737"},"author":{"name":"gazetar2","@id":"https:\/\/www.news33.tv\/#\/schema\/person\/5a04a38a23ccdba82f9bd665cd8f9efa"},"headline":"Qoku: Me Mendi Qyr\u00ebn fitojne qytetar\u00ebt dhe fiton Struga!","datePublished":"2025-07-06T23:35:13+00:00","mainEntityOfPage":{"@id":"https:\/\/www.press7.tv\/?p=20737"},"wordCount":241,"publisher":{"@id":"https:\/\/www.news33.tv\/#organization"},"image":{"@id":"https:\/\/www.press7.tv\/?p=20737#primaryimage"},"thumbnailUrl":"https:\/\/www.press7.tv\/wp-content\/uploads\/2025\/07\/IMG_6067.avif","articleSection":["Lajme","Maqedoni"],"inLanguage":"en-US"},{"@type":"WebPage","@id":"https:\/\/www.press7.tv\/?p=20737","url":"https:\/\/www.press7.tv\/?p=20737","name":"Qoku: Me Mendi Qyr\u00ebn fitojne qytetar\u00ebt dhe fiton Struga! - press7.tv","isPartOf":{"@id":"https:\/\/www.news33.tv\/#website"},"primaryImageOfPage":{"@id":"https:\/\/www.press7.tv\/?p=20737#primaryimage"},"image":{"@id":"https:\/\/www.press7.tv\/?p=20737#primaryimage"},"thumbnailUrl":"https:\/\/www.press7.tv\/wp-content\/uploads\/2025\/07\/IMG_6067.avif","datePublished":"2025-07-06T23:35:13+00:00","breadcrumb":{"@id":"https:\/\/www.press7.tv\/?p=20737#breadcrumb"},"inLanguage":"en-US","potentialAction":[{"@type":"ReadAction","target":["https:\/\/www.press7.tv\/?p=20737"]}]},{"@type":"ImageObject","inLanguage":"en-US","@id":"https:\/\/www.press7.tv\/?p=20737#primaryimage","url":"https:\/\/www.press7.tv\/wp-content\/uploads\/2025\/07\/IMG_6067.avif","contentUrl":"https:\/\/www.press7.tv\/wp-content\/uploads\/2025\/07\/IMG_6067.avif","width":1242,"height":738,"caption":"Screenshot"},{"@type":"BreadcrumbList","@id":"https:\/\/www.press7.tv\/?p=20737#breadcrumb","itemListElement":[{"@type":"ListItem","position":1,"name":"Home","item":"https:\/\/www.press7.tv\/"},{"@type":"ListItem","position":2,"name":"Qoku: Me Mendi Qyr\u00ebn fitojne qytetar\u00ebt dhe fiton Struga!"}]},{"@type":"WebSite","@id":"https:\/\/www.news33.tv\/#website","url":"https:\/\/www.news33.tv\/","name":"News33.tv Media","description":"Media","publisher":{"@id":"https:\/\/www.news33.tv\/#organization"},"potentialAction":[{"@type":"SearchAction","target":{"@type":"EntryPoint","urlTemplate":"https:\/\/www.news33.tv\/?s={search_term_string}"},"query-input":{"@type":"PropertyValueSpecification","valueRequired":true,"valueName":"search_term_string"}}],"inLanguage":"en-US"},{"@type":"Organization","@id":"https:\/\/www.news33.tv\/#organization","name":"News33.tv Media","url":"https:\/\/www.news33.tv\/","logo":{"@type":"ImageObject","inLanguage":"en-US","@id":"https:\/\/www.news33.tv\/#\/schema\/logo\/image\/","url":"https:\/\/www.press7.tv\/wp-content\/uploads\/2024\/02\/logo-news33-black.png","contentUrl":"https:\/\/www.press7.tv\/wp-content\/uploads\/2024\/02\/logo-news33-black.png","width":180,"height":37,"caption":"News33.tv Media"},"image":{"@id":"https:\/\/www.news33.tv\/#\/schema\/logo\/image\/"},"sameAs":["https:\/\/www.facebook.com\/press7.tv"]},{"@type":"Person","@id":"https:\/\/www.news33.tv\/#\/schema\/person\/5a04a38a23ccdba82f9bd665cd8f9efa","name":"gazetar2","image":{"@type":"ImageObject","inLanguage":"en-US","@id":"https:\/\/www.news33.tv\/#\/schema\/person\/image\/","url":"https:\/\/www.press7.tv\/wp-content\/litespeed\/avatar\/41975e402c3049d9ddb03adca8f7a883.jpg?ver=1777169572","contentUrl":"https:\/\/www.press7.tv\/wp-content\/litespeed\/avatar\/41975e402c3049d9ddb03adca8f7a883.jpg?ver=1777169572","caption":"gazetar2"},"url":"https:\/\/www.press7.tv\/?author=8"}]}},"amp_enabled":true,"_links":{"self":[{"href":"https:\/\/www.press7.tv\/index.php?rest_route=\/wp\/v2\/posts\/20737","targetHints":{"allow":["GET"]}}],"collection":[{"href":"https:\/\/www.press7.tv\/index.php?rest_route=\/wp\/v2\/posts"}],"about":[{"href":"https:\/\/www.press7.tv\/index.php?rest_route=\/wp\/v2\/types\/post"}],"author":[{"embeddable":true,"href":"https:\/\/www.press7.tv\/index.php?rest_route=\/wp\/v2\/users\/8"}],"replies":[{"embeddable":true,"href":"https:\/\/www.press7.tv\/index.php?rest_route=%2Fwp%2Fv2%2Fcomments&post=20737"}],"version-history":[{"count":1,"href":"https:\/\/www.press7.tv\/index.php?rest_route=\/wp\/v2\/posts\/20737\/revisions"}],"predecessor-version":[{"id":20739,"href":"https:\/\/www.press7.tv\/index.php?rest_route=\/wp\/v2\/posts\/20737\/revisions\/20739"}],"wp:featuredmedia":[{"embeddable":true,"href":"https:\/\/www.press7.tv\/index.php?rest_route=\/wp\/v2\/media\/20738"}],"wp:attachment":[{"href":"https:\/\/www.press7.tv\/index.php?rest_route=%2Fwp%2Fv2%2Fmedia&parent=20737"}],"wp:term":[{"taxonomy":"category","embeddable":true,"href":"https:\/\/www.press7.tv\/index.php?rest_route=%2Fwp%2Fv2%2Fcategories&post=20737"},{"taxonomy":"post_tag","embeddable":true,"href":"https:\/\/www.press7.tv\/index.php?rest_route=%2Fwp%2Fv2%2Ftags&post=20737"}],"curies":[{"name":"wp","href":"https:\/\/api.w.org\/{rel}","templated":true}]}}