{"id":20728,"date":"2025-07-06T16:59:33","date_gmt":"2025-07-06T16:59:33","guid":{"rendered":"https:\/\/www.press7.tv\/?p=20728"},"modified":"2025-07-06T16:59:33","modified_gmt":"2025-07-06T16:59:33","slug":"shqiptaret-perbejne-mbi-36-te-lindjeve-ne-maqedonine-e-veriut","status":"publish","type":"post","link":"https:\/\/www.press7.tv\/?p=20728","title":{"rendered":"Shqiptar\u00ebt p\u00ebrb\u00ebjn\u00eb mbi 36% t\u00eb lindjeve n\u00eb Maqedonin\u00eb e Veriut"},"content":{"rendered":"\n    <div class=\"xs_social_share_widget xs_share_url before_content \t\tmain_content  wslu-style-2 wslu-share-box-shaped wslu-fill-colored wslu-share-m-5 wslu-none wslu-share-vertical wslu-theme-font-no wslu-main_content\">\n\n\t\t\n        <ul>\n\t\t\t        <\/ul>\n    <\/div> \n<p>Sipas t\u00eb dh\u00ebnave t\u00eb fundit statistikore p\u00ebr vitin 2023, 36.23% e lindjeve t\u00eb foshnjave t\u00eb gjalla n\u00eb Maqedonin\u00eb e Veriut i p\u00ebrkasin komunitetit shqiptar.<\/p>\n<p>Ky tregues demografik konfirmon nj\u00eb trend t\u00eb vazhduesh\u00ebm prej m\u00eb shum\u00eb se 30 vitesh, ku lindshm\u00ebria n\u00eb mesin e shqiptar\u00ebve mbetet mbi nj\u00eb t\u00eb tret\u00ebn e totalit t\u00eb p\u00ebrgjithsh\u00ebm t\u00eb lindjeve n\u00eb vend.<\/p>\n<p>Shifrat i referohen vet\u00ebm foshnjave t\u00eb lindura n\u00eb territorin e Maqedonis\u00eb s\u00eb Veriut, duke reflektuar struktur\u00ebn aktuale etnike t\u00eb natalitetit n\u00eb vend.<\/p>\n<p>Ky fakt paraqet nj\u00eb indikator t\u00eb r\u00ebnd\u00ebsish\u00ebm socio-demografik, q\u00eb ka ndikim n\u00eb projeksionet afatgjata t\u00eb p\u00ebrb\u00ebrjes etnike dhe n\u00eb debatet rreth p\u00ebrfaq\u00ebsimit dhe t\u00eb drejtave n\u00eb nj\u00eb shtet multietnik si Maqedonia e Veriut. (INA)<\/p>\n","protected":false},"excerpt":{"rendered":"<p>Sipas t\u00eb dh\u00ebnave t\u00eb fundit statistikore p\u00ebr vitin 2023, 36.23% e lindjeve t\u00eb foshnjave t\u00eb gjalla n\u00eb Maqedonin\u00eb e Veriut i p\u00ebrkasin komunitetit shqiptar. Ky tregues demografik konfirmon nj\u00eb trend t\u00eb vazhduesh\u00ebm prej m\u00eb shum\u00eb se 30 vitesh, ku lindshm\u00ebria n\u00eb mesin e shqiptar\u00ebve mbetet mbi nj\u00eb t\u00eb tret\u00ebn e totalit t\u00eb p\u00ebrgjithsh\u00ebm t\u00eb lindjeve [&hellip;]<\/p>\n","protected":false},"author":8,"featured_media":20729,"comment_status":"closed","ping_status":"closed","sticky":false,"template":"","format":"standard","meta":{"footnotes":""},"categories":[213,214],"tags":[],"class_list":["post-20728","post","type-post","status-publish","format-standard","has-post-thumbnail","hentry","category-lajme","category-maqedoni"],"yoast_head":"<!-- This site is optimized with the Yoast SEO plugin v25.1 - https:\/\/yoast.com\/wordpress\/plugins\/seo\/ -->\n<title>Shqiptar\u00ebt p\u00ebrb\u00ebjn\u00eb mbi 36% t\u00eb lindjeve n\u00eb Maqedonin\u00eb e Veriut - press7.tv<\/title>\n<meta name=\"robots\" content=\"index, follow, max-snippet:-1, max-image-preview:large, max-video-preview:-1\" \/>\n<link rel=\"canonical\" href=\"https:\/\/www.press7.tv\/?p=20728\" \/>\n<meta property=\"og:locale\" content=\"en_US\" \/>\n<meta property=\"og:type\" content=\"article\" \/>\n<meta property=\"og:title\" content=\"Shqiptar\u00ebt p\u00ebrb\u00ebjn\u00eb mbi 36% t\u00eb lindjeve n\u00eb Maqedonin\u00eb e Veriut - press7.tv\" \/>\n<meta property=\"og:description\" content=\"Sipas t\u00eb dh\u00ebnave t\u00eb fundit statistikore p\u00ebr vitin 2023, 36.23% e lindjeve t\u00eb foshnjave t\u00eb gjalla n\u00eb Maqedonin\u00eb e Veriut i p\u00ebrkasin komunitetit shqiptar. Ky tregues demografik konfirmon nj\u00eb trend t\u00eb vazhduesh\u00ebm prej m\u00eb shum\u00eb se 30 vitesh, ku lindshm\u00ebria n\u00eb mesin e shqiptar\u00ebve mbetet mbi nj\u00eb t\u00eb tret\u00ebn e totalit t\u00eb p\u00ebrgjithsh\u00ebm t\u00eb lindjeve [&hellip;]\" \/>\n<meta property=\"og:url\" content=\"https:\/\/www.press7.tv\/?p=20728\" \/>\n<meta property=\"og:site_name\" content=\"press7.tv\" \/>\n<meta property=\"article:publisher\" content=\"https:\/\/www.facebook.com\/press7.tv\" \/>\n<meta property=\"article:published_time\" content=\"2025-07-06T16:59:33+00:00\" \/>\n<meta property=\"og:image\" content=\"https:\/\/www.press7.tv\/wp-content\/uploads\/2025\/07\/IMG_6061.avif\" \/>\n\t<meta property=\"og:image:width\" content=\"1170\" \/>\n\t<meta property=\"og:image:height\" content=\"1376\" \/>\n\t<meta property=\"og:image:type\" content=\"image\/jpeg\" \/>\n<meta name=\"author\" content=\"gazetar2\" \/>\n<meta name=\"twitter:card\" content=\"summary_large_image\" \/>\n<meta name=\"twitter:label1\" content=\"Written by\" \/>\n\t<meta name=\"twitter:data1\" content=\"gazetar2\" \/>\n\t<meta name=\"twitter:label2\" content=\"Est. reading time\" \/>\n\t<meta name=\"twitter:data2\" content=\"1 minute\" \/>\n<script type=\"application\/ld+json\" class=\"yoast-schema-graph\">{\"@context\":\"https:\/\/schema.org\",\"@graph\":[{\"@type\":\"Article\",\"@id\":\"https:\/\/www.press7.tv\/?p=20728#article\",\"isPartOf\":{\"@id\":\"https:\/\/www.press7.tv\/?p=20728\"},\"author\":{\"name\":\"gazetar2\",\"@id\":\"https:\/\/www.news33.tv\/#\/schema\/person\/5a04a38a23ccdba82f9bd665cd8f9efa\"},\"headline\":\"Shqiptar\u00ebt p\u00ebrb\u00ebjn\u00eb mbi 36% t\u00eb lindjeve n\u00eb Maqedonin\u00eb e Veriut\",\"datePublished\":\"2025-07-06T16:59:33+00:00\",\"mainEntityOfPage\":{\"@id\":\"https:\/\/www.press7.tv\/?p=20728\"},\"wordCount\":140,\"publisher\":{\"@id\":\"https:\/\/www.news33.tv\/#organization\"},\"image\":{\"@id\":\"https:\/\/www.press7.tv\/?p=20728#primaryimage\"},\"thumbnailUrl\":\"https:\/\/www.press7.tv\/wp-content\/uploads\/2025\/07\/IMG_6061.avif\",\"articleSection\":[\"Lajme\",\"Maqedoni\"],\"inLanguage\":\"en-US\"},{\"@type\":\"WebPage\",\"@id\":\"https:\/\/www.press7.tv\/?p=20728\",\"url\":\"https:\/\/www.press7.tv\/?p=20728\",\"name\":\"Shqiptar\u00ebt p\u00ebrb\u00ebjn\u00eb mbi 36% t\u00eb lindjeve n\u00eb Maqedonin\u00eb e Veriut - press7.tv\",\"isPartOf\":{\"@id\":\"https:\/\/www.news33.tv\/#website\"},\"primaryImageOfPage\":{\"@id\":\"https:\/\/www.press7.tv\/?p=20728#primaryimage\"},\"image\":{\"@id\":\"https:\/\/www.press7.tv\/?p=20728#primaryimage\"},\"thumbnailUrl\":\"https:\/\/www.press7.tv\/wp-content\/uploads\/2025\/07\/IMG_6061.avif\",\"datePublished\":\"2025-07-06T16:59:33+00:00\",\"breadcrumb\":{\"@id\":\"https:\/\/www.press7.tv\/?p=20728#breadcrumb\"},\"inLanguage\":\"en-US\",\"potentialAction\":[{\"@type\":\"ReadAction\",\"target\":[\"https:\/\/www.press7.tv\/?p=20728\"]}]},{\"@type\":\"ImageObject\",\"inLanguage\":\"en-US\",\"@id\":\"https:\/\/www.press7.tv\/?p=20728#primaryimage\",\"url\":\"https:\/\/www.press7.tv\/wp-content\/uploads\/2025\/07\/IMG_6061.avif\",\"contentUrl\":\"https:\/\/www.press7.tv\/wp-content\/uploads\/2025\/07\/IMG_6061.avif\",\"width\":1170,\"height\":1376},{\"@type\":\"BreadcrumbList\",\"@id\":\"https:\/\/www.press7.tv\/?p=20728#breadcrumb\",\"itemListElement\":[{\"@type\":\"ListItem\",\"position\":1,\"name\":\"Home\",\"item\":\"https:\/\/www.press7.tv\/\"},{\"@type\":\"ListItem\",\"position\":2,\"name\":\"Shqiptar\u00ebt p\u00ebrb\u00ebjn\u00eb mbi 36% t\u00eb lindjeve n\u00eb Maqedonin\u00eb e Veriut\"}]},{\"@type\":\"WebSite\",\"@id\":\"https:\/\/www.news33.tv\/#website\",\"url\":\"https:\/\/www.news33.tv\/\",\"name\":\"News33.tv Media\",\"description\":\"Media\",\"publisher\":{\"@id\":\"https:\/\/www.news33.tv\/#organization\"},\"potentialAction\":[{\"@type\":\"SearchAction\",\"target\":{\"@type\":\"EntryPoint\",\"urlTemplate\":\"https:\/\/www.news33.tv\/?s={search_term_string}\"},\"query-input\":{\"@type\":\"PropertyValueSpecification\",\"valueRequired\":true,\"valueName\":\"search_term_string\"}}],\"inLanguage\":\"en-US\"},{\"@type\":\"Organization\",\"@id\":\"https:\/\/www.news33.tv\/#organization\",\"name\":\"News33.tv Media\",\"url\":\"https:\/\/www.news33.tv\/\",\"logo\":{\"@type\":\"ImageObject\",\"inLanguage\":\"en-US\",\"@id\":\"https:\/\/www.news33.tv\/#\/schema\/logo\/image\/\",\"url\":\"https:\/\/www.press7.tv\/wp-content\/uploads\/2024\/02\/logo-news33-black.png\",\"contentUrl\":\"https:\/\/www.press7.tv\/wp-content\/uploads\/2024\/02\/logo-news33-black.png\",\"width\":180,\"height\":37,\"caption\":\"News33.tv Media\"},\"image\":{\"@id\":\"https:\/\/www.news33.tv\/#\/schema\/logo\/image\/\"},\"sameAs\":[\"https:\/\/www.facebook.com\/press7.tv\"]},{\"@type\":\"Person\",\"@id\":\"https:\/\/www.news33.tv\/#\/schema\/person\/5a04a38a23ccdba82f9bd665cd8f9efa\",\"name\":\"gazetar2\",\"image\":{\"@type\":\"ImageObject\",\"inLanguage\":\"en-US\",\"@id\":\"https:\/\/www.news33.tv\/#\/schema\/person\/image\/\",\"url\":\"https:\/\/www.press7.tv\/wp-content\/litespeed\/avatar\/41975e402c3049d9ddb03adca8f7a883.jpg?ver=1777169572\",\"contentUrl\":\"https:\/\/www.press7.tv\/wp-content\/litespeed\/avatar\/41975e402c3049d9ddb03adca8f7a883.jpg?ver=1777169572\",\"caption\":\"gazetar2\"},\"url\":\"https:\/\/www.press7.tv\/?author=8\"}]}<\/script>\n<!-- \/ Yoast SEO plugin. -->","yoast_head_json":{"title":"Shqiptar\u00ebt p\u00ebrb\u00ebjn\u00eb mbi 36% t\u00eb lindjeve n\u00eb Maqedonin\u00eb e Veriut - press7.tv","robots":{"index":"index","follow":"follow","max-snippet":"max-snippet:-1","max-image-preview":"max-image-preview:large","max-video-preview":"max-video-preview:-1"},"canonical":"https:\/\/www.press7.tv\/?p=20728","og_locale":"en_US","og_type":"article","og_title":"Shqiptar\u00ebt p\u00ebrb\u00ebjn\u00eb mbi 36% t\u00eb lindjeve n\u00eb Maqedonin\u00eb e Veriut - press7.tv","og_description":"Sipas t\u00eb dh\u00ebnave t\u00eb fundit statistikore p\u00ebr vitin 2023, 36.23% e lindjeve t\u00eb foshnjave t\u00eb gjalla n\u00eb Maqedonin\u00eb e Veriut i p\u00ebrkasin komunitetit shqiptar. Ky tregues demografik konfirmon nj\u00eb trend t\u00eb vazhduesh\u00ebm prej m\u00eb shum\u00eb se 30 vitesh, ku lindshm\u00ebria n\u00eb mesin e shqiptar\u00ebve mbetet mbi nj\u00eb t\u00eb tret\u00ebn e totalit t\u00eb p\u00ebrgjithsh\u00ebm t\u00eb lindjeve [&hellip;]","og_url":"https:\/\/www.press7.tv\/?p=20728","og_site_name":"press7.tv","article_publisher":"https:\/\/www.facebook.com\/press7.tv","article_published_time":"2025-07-06T16:59:33+00:00","og_image":[{"width":1170,"height":1376,"url":"https:\/\/www.press7.tv\/wp-content\/uploads\/2025\/07\/IMG_6061.avif","type":"image\/jpeg"}],"author":"gazetar2","twitter_card":"summary_large_image","twitter_misc":{"Written by":"gazetar2","Est. reading time":"1 minute"},"schema":{"@context":"https:\/\/schema.org","@graph":[{"@type":"Article","@id":"https:\/\/www.press7.tv\/?p=20728#article","isPartOf":{"@id":"https:\/\/www.press7.tv\/?p=20728"},"author":{"name":"gazetar2","@id":"https:\/\/www.news33.tv\/#\/schema\/person\/5a04a38a23ccdba82f9bd665cd8f9efa"},"headline":"Shqiptar\u00ebt p\u00ebrb\u00ebjn\u00eb mbi 36% t\u00eb lindjeve n\u00eb Maqedonin\u00eb e Veriut","datePublished":"2025-07-06T16:59:33+00:00","mainEntityOfPage":{"@id":"https:\/\/www.press7.tv\/?p=20728"},"wordCount":140,"publisher":{"@id":"https:\/\/www.news33.tv\/#organization"},"image":{"@id":"https:\/\/www.press7.tv\/?p=20728#primaryimage"},"thumbnailUrl":"https:\/\/www.press7.tv\/wp-content\/uploads\/2025\/07\/IMG_6061.avif","articleSection":["Lajme","Maqedoni"],"inLanguage":"en-US"},{"@type":"WebPage","@id":"https:\/\/www.press7.tv\/?p=20728","url":"https:\/\/www.press7.tv\/?p=20728","name":"Shqiptar\u00ebt p\u00ebrb\u00ebjn\u00eb mbi 36% t\u00eb lindjeve n\u00eb Maqedonin\u00eb e Veriut - press7.tv","isPartOf":{"@id":"https:\/\/www.news33.tv\/#website"},"primaryImageOfPage":{"@id":"https:\/\/www.press7.tv\/?p=20728#primaryimage"},"image":{"@id":"https:\/\/www.press7.tv\/?p=20728#primaryimage"},"thumbnailUrl":"https:\/\/www.press7.tv\/wp-content\/uploads\/2025\/07\/IMG_6061.avif","datePublished":"2025-07-06T16:59:33+00:00","breadcrumb":{"@id":"https:\/\/www.press7.tv\/?p=20728#breadcrumb"},"inLanguage":"en-US","potentialAction":[{"@type":"ReadAction","target":["https:\/\/www.press7.tv\/?p=20728"]}]},{"@type":"ImageObject","inLanguage":"en-US","@id":"https:\/\/www.press7.tv\/?p=20728#primaryimage","url":"https:\/\/www.press7.tv\/wp-content\/uploads\/2025\/07\/IMG_6061.avif","contentUrl":"https:\/\/www.press7.tv\/wp-content\/uploads\/2025\/07\/IMG_6061.avif","width":1170,"height":1376},{"@type":"BreadcrumbList","@id":"https:\/\/www.press7.tv\/?p=20728#breadcrumb","itemListElement":[{"@type":"ListItem","position":1,"name":"Home","item":"https:\/\/www.press7.tv\/"},{"@type":"ListItem","position":2,"name":"Shqiptar\u00ebt p\u00ebrb\u00ebjn\u00eb mbi 36% t\u00eb lindjeve n\u00eb Maqedonin\u00eb e Veriut"}]},{"@type":"WebSite","@id":"https:\/\/www.news33.tv\/#website","url":"https:\/\/www.news33.tv\/","name":"News33.tv Media","description":"Media","publisher":{"@id":"https:\/\/www.news33.tv\/#organization"},"potentialAction":[{"@type":"SearchAction","target":{"@type":"EntryPoint","urlTemplate":"https:\/\/www.news33.tv\/?s={search_term_string}"},"query-input":{"@type":"PropertyValueSpecification","valueRequired":true,"valueName":"search_term_string"}}],"inLanguage":"en-US"},{"@type":"Organization","@id":"https:\/\/www.news33.tv\/#organization","name":"News33.tv Media","url":"https:\/\/www.news33.tv\/","logo":{"@type":"ImageObject","inLanguage":"en-US","@id":"https:\/\/www.news33.tv\/#\/schema\/logo\/image\/","url":"https:\/\/www.press7.tv\/wp-content\/uploads\/2024\/02\/logo-news33-black.png","contentUrl":"https:\/\/www.press7.tv\/wp-content\/uploads\/2024\/02\/logo-news33-black.png","width":180,"height":37,"caption":"News33.tv Media"},"image":{"@id":"https:\/\/www.news33.tv\/#\/schema\/logo\/image\/"},"sameAs":["https:\/\/www.facebook.com\/press7.tv"]},{"@type":"Person","@id":"https:\/\/www.news33.tv\/#\/schema\/person\/5a04a38a23ccdba82f9bd665cd8f9efa","name":"gazetar2","image":{"@type":"ImageObject","inLanguage":"en-US","@id":"https:\/\/www.news33.tv\/#\/schema\/person\/image\/","url":"https:\/\/www.press7.tv\/wp-content\/litespeed\/avatar\/41975e402c3049d9ddb03adca8f7a883.jpg?ver=1777169572","contentUrl":"https:\/\/www.press7.tv\/wp-content\/litespeed\/avatar\/41975e402c3049d9ddb03adca8f7a883.jpg?ver=1777169572","caption":"gazetar2"},"url":"https:\/\/www.press7.tv\/?author=8"}]}},"amp_enabled":true,"_links":{"self":[{"href":"https:\/\/www.press7.tv\/index.php?rest_route=\/wp\/v2\/posts\/20728","targetHints":{"allow":["GET"]}}],"collection":[{"href":"https:\/\/www.press7.tv\/index.php?rest_route=\/wp\/v2\/posts"}],"about":[{"href":"https:\/\/www.press7.tv\/index.php?rest_route=\/wp\/v2\/types\/post"}],"author":[{"embeddable":true,"href":"https:\/\/www.press7.tv\/index.php?rest_route=\/wp\/v2\/users\/8"}],"replies":[{"embeddable":true,"href":"https:\/\/www.press7.tv\/index.php?rest_route=%2Fwp%2Fv2%2Fcomments&post=20728"}],"version-history":[{"count":1,"href":"https:\/\/www.press7.tv\/index.php?rest_route=\/wp\/v2\/posts\/20728\/revisions"}],"predecessor-version":[{"id":20730,"href":"https:\/\/www.press7.tv\/index.php?rest_route=\/wp\/v2\/posts\/20728\/revisions\/20730"}],"wp:featuredmedia":[{"embeddable":true,"href":"https:\/\/www.press7.tv\/index.php?rest_route=\/wp\/v2\/media\/20729"}],"wp:attachment":[{"href":"https:\/\/www.press7.tv\/index.php?rest_route=%2Fwp%2Fv2%2Fmedia&parent=20728"}],"wp:term":[{"taxonomy":"category","embeddable":true,"href":"https:\/\/www.press7.tv\/index.php?rest_route=%2Fwp%2Fv2%2Fcategories&post=20728"},{"taxonomy":"post_tag","embeddable":true,"href":"https:\/\/www.press7.tv\/index.php?rest_route=%2Fwp%2Fv2%2Ftags&post=20728"}],"curies":[{"name":"wp","href":"https:\/\/api.w.org\/{rel}","templated":true}]}}