{"id":20714,"date":"2025-07-06T13:05:36","date_gmt":"2025-07-06T13:05:36","guid":{"rendered":"https:\/\/www.press7.tv\/?p=20714"},"modified":"2025-07-06T13:06:52","modified_gmt":"2025-07-06T13:06:52","slug":"merale-ferati-braktis-taravarin-pas-koalicionimit-me-bdi-ne-i-bashkohet-levizjes-arberia","status":"publish","type":"post","link":"https:\/\/www.press7.tv\/?p=20714","title":{"rendered":"Merale Ferati braktis Taravarin pas koalicionimit me BDI-n\u00eb, i bashkohet L\u00ebvizjes \u201cArb\u00ebria\u201d"},"content":{"rendered":"\n    <div class=\"xs_social_share_widget xs_share_url before_content \t\tmain_content  wslu-style-2 wslu-share-box-shaped wslu-fill-colored wslu-share-m-5 wslu-none wslu-share-vertical wslu-theme-font-no wslu-main_content\">\n\n\t\t\n        <ul>\n\t\t\t        <\/ul>\n    <\/div> \n<p><img data-dominant-color=\"413d41\" data-has-transparency=\"false\" style=\"--dominant-color: #413d41;\" fetchpriority=\"high\" decoding=\"async\" src=\"https:\/\/www.press7.tv\/wp-content\/uploads\/2025\/07\/IMG_6054-200x300.avif\" alt=\"\" width=\"200\" height=\"300\" class=\"alignnone size-medium wp-image-20716 not-transparent\" srcset=\"https:\/\/www.press7.tv\/wp-content\/uploads\/2025\/07\/IMG_6054-200x300.avif 200w, https:\/\/www.press7.tv\/wp-content\/uploads\/2025\/07\/IMG_6054-682x1024.avif 682w, https:\/\/www.press7.tv\/wp-content\/uploads\/2025\/07\/IMG_6054.avif 696w\" sizes=\"(max-width: 200px) 100vw, 200px\" \/><\/p>\n<p>Edhe pse me shum\u00eb buj\u00eb u paraqit si nj\u00eb nga \u201cprurjet e reja\u201d n\u00eb ekipin e Arben Taravarit, ish-deputetja e PDSH-s\u00eb dhe an\u00ebtarja e Kryesis\u00eb Qendrore t\u00eb Aleanc\u00ebs p\u00ebr Shqiptar\u00ebt, Merale Ferati, ka vendosur t\u00eb distancohet nga rruga politike q\u00eb ka marr\u00eb Taravari pas afrimit t\u00eb tij me BDI-n\u00eb.<\/p>\n<p>Largimi i Feratit nuk \u00ebsht\u00eb rast\u00ebsor, ai vjen si pjes\u00eb e nj\u00eb vale m\u00eb t\u00eb gjer\u00eb zhg\u00ebnjimi dhe largimesh q\u00eb kan\u00eb goditur themelet e Aleanc\u00ebs p\u00ebr Shqiptar\u00ebt.<br \/>\nQ\u00eb kur Taravari, n\u00eb kund\u00ebrshtim me vullnetin e an\u00ebtar\u00ebsis\u00eb dhe t\u00eb votuesve t\u00eb tij, zgjodhi t\u2019i afrohet BDI-s\u00eb, partia ka p\u00ebrjetuar shp\u00ebrb\u00ebrje t\u00eb strukturave m\u00eb t\u00eb r\u00ebnd\u00ebsishme n\u00eb t\u00eb gjitha deg\u00ebt. Themeluesit, aktivist\u00ebt m\u00eb t\u00eb devotsh\u00ebm dhe truri politik i Aleanc\u00ebs jan\u00eb larguar nj\u00ebri pas tjetrit, duke e l\u00ebn\u00eb partin\u00eb n\u00eb nj\u00eb gjendje t\u00eb paralizuar funksionale.<\/p>\n<p>N\u00eb faz\u00ebn e par\u00eb, largimi i strukturave lokale dhe themeluesve solli nj\u00eb tronditje serioze, por n\u00eb faz\u00ebn e dyt\u00eb po ndodh edhe ajo q\u00eb dukej e pamundur: edhe individ\u00ebt q\u00eb dikur iu bashkuan Aleanc\u00ebs nga radh\u00ebt e PDSH-s\u00eb apo BDI-s\u00eb, shpesh pa ndonj\u00eb kontribut t\u00eb duksh\u00ebm, po i kthejn\u00eb shpin\u00ebn Taravarit. Edhe ata q\u00eb u promovuan pa konsultim me organet partiake dhe q\u00eb p\u00ebrfituan pozita t\u00eb larta, po e braktisin tani q\u00eb \u00ebsht\u00eb b\u00ebr\u00eb e qart\u00eb se Taravari \u00ebsht\u00eb t\u00ebrhequr nga zotimet ndaj mbi 107 mij\u00eb votuesve q\u00eb k\u00ebrkonin ndryshim dhe jo rikthim n\u00eb duart e BDI-s\u00eb.<\/p>\n<p>Nd\u00ebrkoh\u00eb, n\u00eb horizont ka dal\u00eb nj\u00eb organizim i ri politik, i p\u00ebrb\u00ebr\u00eb nga ish-deputet\u00eb t\u00eb PDSH-s\u00eb, pik\u00ebrisht nga e nj\u00ebjta linj\u00eb politike nga vjen edhe Merale Ferati. Besohet se ky organizim do t\u00eb t\u00ebrheq\u00eb pas vetes edhe ata pak figura q\u00eb ende mbeten pran\u00eb Taravarit, duke e l\u00ebn\u00eb at\u00eb politikisht t\u00eb vetmuar.<\/p>\n<p>Zgjedhjet lokale t\u00eb tetorit pritet t\u00eb jen\u00eb p\u00ebrcaktuese p\u00ebr fatin politik t\u00eb Arben Taravarit. I braktisur nga bashk\u00ebpun\u00ebtor\u00ebt e dikursh\u00ebm, ai p\u00ebr her\u00eb t\u00eb par\u00eb p\u00ebrballet me rrezikun real t\u00eb humbjes s\u00eb bastionit t\u00eb tij n\u00eb Gostivar, qytet q\u00eb n\u00eb dy cikle zgjedhore e kishte mbajtur fal\u00eb mb\u00ebshtetjes s\u00eb nj\u00ebrit prej subjekteve m\u00eb t\u00eb fuqishme lokale, mb\u00ebshtetje q\u00eb tashm\u00eb nuk e ka m\u00eb.\/fol.mk<\/p>\n","protected":false},"excerpt":{"rendered":"<p>Edhe pse me shum\u00eb buj\u00eb u paraqit si nj\u00eb nga \u201cprurjet e reja\u201d n\u00eb ekipin e Arben Taravarit, ish-deputetja e PDSH-s\u00eb dhe an\u00ebtarja e Kryesis\u00eb Qendrore t\u00eb Aleanc\u00ebs p\u00ebr Shqiptar\u00ebt, Merale Ferati, ka vendosur t\u00eb distancohet nga rruga politike q\u00eb ka marr\u00eb Taravari pas afrimit t\u00eb tij me BDI-n\u00eb. Largimi i Feratit nuk \u00ebsht\u00eb rast\u00ebsor, [&hellip;]<\/p>\n","protected":false},"author":8,"featured_media":20715,"comment_status":"closed","ping_status":"closed","sticky":false,"template":"","format":"standard","meta":{"footnotes":""},"categories":[213,214],"tags":[],"class_list":["post-20714","post","type-post","status-publish","format-standard","has-post-thumbnail","hentry","category-lajme","category-maqedoni"],"yoast_head":"<!-- This site is optimized with the Yoast SEO plugin v25.1 - https:\/\/yoast.com\/wordpress\/plugins\/seo\/ -->\n<title>Merale Ferati braktis Taravarin pas koalicionimit me BDI-n\u00eb, i bashkohet L\u00ebvizjes \u201cArb\u00ebria\u201d - press7.tv<\/title>\n<meta name=\"robots\" content=\"index, follow, max-snippet:-1, max-image-preview:large, max-video-preview:-1\" \/>\n<link rel=\"canonical\" href=\"https:\/\/www.press7.tv\/?p=20714\" \/>\n<meta property=\"og:locale\" content=\"en_US\" \/>\n<meta property=\"og:type\" content=\"article\" \/>\n<meta property=\"og:title\" content=\"Merale Ferati braktis Taravarin pas koalicionimit me BDI-n\u00eb, i bashkohet L\u00ebvizjes \u201cArb\u00ebria\u201d - press7.tv\" \/>\n<meta property=\"og:description\" content=\"Edhe pse me shum\u00eb buj\u00eb u paraqit si nj\u00eb nga \u201cprurjet e reja\u201d n\u00eb ekipin e Arben Taravarit, ish-deputetja e PDSH-s\u00eb dhe an\u00ebtarja e Kryesis\u00eb Qendrore t\u00eb Aleanc\u00ebs p\u00ebr Shqiptar\u00ebt, Merale Ferati, ka vendosur t\u00eb distancohet nga rruga politike q\u00eb ka marr\u00eb Taravari pas afrimit t\u00eb tij me BDI-n\u00eb. Largimi i Feratit nuk \u00ebsht\u00eb rast\u00ebsor, [&hellip;]\" \/>\n<meta property=\"og:url\" content=\"https:\/\/www.press7.tv\/?p=20714\" \/>\n<meta property=\"og:site_name\" content=\"press7.tv\" \/>\n<meta property=\"article:publisher\" content=\"https:\/\/www.facebook.com\/press7.tv\" \/>\n<meta property=\"article:published_time\" content=\"2025-07-06T13:05:36+00:00\" \/>\n<meta property=\"article:modified_time\" content=\"2025-07-06T13:06:52+00:00\" \/>\n<meta property=\"og:image\" content=\"https:\/\/www.press7.tv\/wp-content\/uploads\/2025\/07\/IMG_6051.avif\" \/>\n\t<meta property=\"og:image:width\" content=\"1220\" \/>\n\t<meta property=\"og:image:height\" content=\"905\" \/>\n\t<meta property=\"og:image:type\" content=\"image\/jpeg\" \/>\n<meta name=\"author\" content=\"gazetar2\" \/>\n<meta name=\"twitter:card\" content=\"summary_large_image\" \/>\n<meta name=\"twitter:label1\" content=\"Written by\" \/>\n\t<meta name=\"twitter:data1\" content=\"gazetar2\" \/>\n\t<meta name=\"twitter:label2\" content=\"Est. reading time\" \/>\n\t<meta name=\"twitter:data2\" content=\"2 minutes\" \/>\n<script type=\"application\/ld+json\" class=\"yoast-schema-graph\">{\"@context\":\"https:\/\/schema.org\",\"@graph\":[{\"@type\":\"Article\",\"@id\":\"https:\/\/www.press7.tv\/?p=20714#article\",\"isPartOf\":{\"@id\":\"https:\/\/www.press7.tv\/?p=20714\"},\"author\":{\"name\":\"gazetar2\",\"@id\":\"https:\/\/www.news33.tv\/#\/schema\/person\/5a04a38a23ccdba82f9bd665cd8f9efa\"},\"headline\":\"Merale Ferati braktis Taravarin pas koalicionimit me BDI-n\u00eb, i bashkohet L\u00ebvizjes \u201cArb\u00ebria\u201d\",\"datePublished\":\"2025-07-06T13:05:36+00:00\",\"dateModified\":\"2025-07-06T13:06:52+00:00\",\"mainEntityOfPage\":{\"@id\":\"https:\/\/www.press7.tv\/?p=20714\"},\"wordCount\":412,\"publisher\":{\"@id\":\"https:\/\/www.news33.tv\/#organization\"},\"image\":{\"@id\":\"https:\/\/www.press7.tv\/?p=20714#primaryimage\"},\"thumbnailUrl\":\"https:\/\/www.press7.tv\/wp-content\/uploads\/2025\/07\/IMG_6051.avif\",\"articleSection\":[\"Lajme\",\"Maqedoni\"],\"inLanguage\":\"en-US\"},{\"@type\":\"WebPage\",\"@id\":\"https:\/\/www.press7.tv\/?p=20714\",\"url\":\"https:\/\/www.press7.tv\/?p=20714\",\"name\":\"Merale Ferati braktis Taravarin pas koalicionimit me BDI-n\u00eb, i bashkohet L\u00ebvizjes \u201cArb\u00ebria\u201d - press7.tv\",\"isPartOf\":{\"@id\":\"https:\/\/www.news33.tv\/#website\"},\"primaryImageOfPage\":{\"@id\":\"https:\/\/www.press7.tv\/?p=20714#primaryimage\"},\"image\":{\"@id\":\"https:\/\/www.press7.tv\/?p=20714#primaryimage\"},\"thumbnailUrl\":\"https:\/\/www.press7.tv\/wp-content\/uploads\/2025\/07\/IMG_6051.avif\",\"datePublished\":\"2025-07-06T13:05:36+00:00\",\"dateModified\":\"2025-07-06T13:06:52+00:00\",\"breadcrumb\":{\"@id\":\"https:\/\/www.press7.tv\/?p=20714#breadcrumb\"},\"inLanguage\":\"en-US\",\"potentialAction\":[{\"@type\":\"ReadAction\",\"target\":[\"https:\/\/www.press7.tv\/?p=20714\"]}]},{\"@type\":\"ImageObject\",\"inLanguage\":\"en-US\",\"@id\":\"https:\/\/www.press7.tv\/?p=20714#primaryimage\",\"url\":\"https:\/\/www.press7.tv\/wp-content\/uploads\/2025\/07\/IMG_6051.avif\",\"contentUrl\":\"https:\/\/www.press7.tv\/wp-content\/uploads\/2025\/07\/IMG_6051.avif\",\"width\":1220,\"height\":905},{\"@type\":\"BreadcrumbList\",\"@id\":\"https:\/\/www.press7.tv\/?p=20714#breadcrumb\",\"itemListElement\":[{\"@type\":\"ListItem\",\"position\":1,\"name\":\"Home\",\"item\":\"https:\/\/www.press7.tv\/\"},{\"@type\":\"ListItem\",\"position\":2,\"name\":\"Merale Ferati braktis Taravarin pas koalicionimit me BDI-n\u00eb, i bashkohet L\u00ebvizjes \u201cArb\u00ebria\u201d\"}]},{\"@type\":\"WebSite\",\"@id\":\"https:\/\/www.news33.tv\/#website\",\"url\":\"https:\/\/www.news33.tv\/\",\"name\":\"News33.tv Media\",\"description\":\"Media\",\"publisher\":{\"@id\":\"https:\/\/www.news33.tv\/#organization\"},\"potentialAction\":[{\"@type\":\"SearchAction\",\"target\":{\"@type\":\"EntryPoint\",\"urlTemplate\":\"https:\/\/www.news33.tv\/?s={search_term_string}\"},\"query-input\":{\"@type\":\"PropertyValueSpecification\",\"valueRequired\":true,\"valueName\":\"search_term_string\"}}],\"inLanguage\":\"en-US\"},{\"@type\":\"Organization\",\"@id\":\"https:\/\/www.news33.tv\/#organization\",\"name\":\"News33.tv Media\",\"url\":\"https:\/\/www.news33.tv\/\",\"logo\":{\"@type\":\"ImageObject\",\"inLanguage\":\"en-US\",\"@id\":\"https:\/\/www.news33.tv\/#\/schema\/logo\/image\/\",\"url\":\"https:\/\/www.press7.tv\/wp-content\/uploads\/2024\/02\/logo-news33-black.png\",\"contentUrl\":\"https:\/\/www.press7.tv\/wp-content\/uploads\/2024\/02\/logo-news33-black.png\",\"width\":180,\"height\":37,\"caption\":\"News33.tv Media\"},\"image\":{\"@id\":\"https:\/\/www.news33.tv\/#\/schema\/logo\/image\/\"},\"sameAs\":[\"https:\/\/www.facebook.com\/press7.tv\"]},{\"@type\":\"Person\",\"@id\":\"https:\/\/www.news33.tv\/#\/schema\/person\/5a04a38a23ccdba82f9bd665cd8f9efa\",\"name\":\"gazetar2\",\"image\":{\"@type\":\"ImageObject\",\"inLanguage\":\"en-US\",\"@id\":\"https:\/\/www.news33.tv\/#\/schema\/person\/image\/\",\"url\":\"https:\/\/www.press7.tv\/wp-content\/litespeed\/avatar\/41975e402c3049d9ddb03adca8f7a883.jpg?ver=1777169572\",\"contentUrl\":\"https:\/\/www.press7.tv\/wp-content\/litespeed\/avatar\/41975e402c3049d9ddb03adca8f7a883.jpg?ver=1777169572\",\"caption\":\"gazetar2\"},\"url\":\"https:\/\/www.press7.tv\/?author=8\"}]}<\/script>\n<!-- \/ Yoast SEO plugin. -->","yoast_head_json":{"title":"Merale Ferati braktis Taravarin pas koalicionimit me BDI-n\u00eb, i bashkohet L\u00ebvizjes \u201cArb\u00ebria\u201d - press7.tv","robots":{"index":"index","follow":"follow","max-snippet":"max-snippet:-1","max-image-preview":"max-image-preview:large","max-video-preview":"max-video-preview:-1"},"canonical":"https:\/\/www.press7.tv\/?p=20714","og_locale":"en_US","og_type":"article","og_title":"Merale Ferati braktis Taravarin pas koalicionimit me BDI-n\u00eb, i bashkohet L\u00ebvizjes \u201cArb\u00ebria\u201d - press7.tv","og_description":"Edhe pse me shum\u00eb buj\u00eb u paraqit si nj\u00eb nga \u201cprurjet e reja\u201d n\u00eb ekipin e Arben Taravarit, ish-deputetja e PDSH-s\u00eb dhe an\u00ebtarja e Kryesis\u00eb Qendrore t\u00eb Aleanc\u00ebs p\u00ebr Shqiptar\u00ebt, Merale Ferati, ka vendosur t\u00eb distancohet nga rruga politike q\u00eb ka marr\u00eb Taravari pas afrimit t\u00eb tij me BDI-n\u00eb. Largimi i Feratit nuk \u00ebsht\u00eb rast\u00ebsor, [&hellip;]","og_url":"https:\/\/www.press7.tv\/?p=20714","og_site_name":"press7.tv","article_publisher":"https:\/\/www.facebook.com\/press7.tv","article_published_time":"2025-07-06T13:05:36+00:00","article_modified_time":"2025-07-06T13:06:52+00:00","og_image":[{"width":1220,"height":905,"url":"https:\/\/www.press7.tv\/wp-content\/uploads\/2025\/07\/IMG_6051.avif","type":"image\/jpeg"}],"author":"gazetar2","twitter_card":"summary_large_image","twitter_misc":{"Written by":"gazetar2","Est. reading time":"2 minutes"},"schema":{"@context":"https:\/\/schema.org","@graph":[{"@type":"Article","@id":"https:\/\/www.press7.tv\/?p=20714#article","isPartOf":{"@id":"https:\/\/www.press7.tv\/?p=20714"},"author":{"name":"gazetar2","@id":"https:\/\/www.news33.tv\/#\/schema\/person\/5a04a38a23ccdba82f9bd665cd8f9efa"},"headline":"Merale Ferati braktis Taravarin pas koalicionimit me BDI-n\u00eb, i bashkohet L\u00ebvizjes \u201cArb\u00ebria\u201d","datePublished":"2025-07-06T13:05:36+00:00","dateModified":"2025-07-06T13:06:52+00:00","mainEntityOfPage":{"@id":"https:\/\/www.press7.tv\/?p=20714"},"wordCount":412,"publisher":{"@id":"https:\/\/www.news33.tv\/#organization"},"image":{"@id":"https:\/\/www.press7.tv\/?p=20714#primaryimage"},"thumbnailUrl":"https:\/\/www.press7.tv\/wp-content\/uploads\/2025\/07\/IMG_6051.avif","articleSection":["Lajme","Maqedoni"],"inLanguage":"en-US"},{"@type":"WebPage","@id":"https:\/\/www.press7.tv\/?p=20714","url":"https:\/\/www.press7.tv\/?p=20714","name":"Merale Ferati braktis Taravarin pas koalicionimit me BDI-n\u00eb, i bashkohet L\u00ebvizjes \u201cArb\u00ebria\u201d - press7.tv","isPartOf":{"@id":"https:\/\/www.news33.tv\/#website"},"primaryImageOfPage":{"@id":"https:\/\/www.press7.tv\/?p=20714#primaryimage"},"image":{"@id":"https:\/\/www.press7.tv\/?p=20714#primaryimage"},"thumbnailUrl":"https:\/\/www.press7.tv\/wp-content\/uploads\/2025\/07\/IMG_6051.avif","datePublished":"2025-07-06T13:05:36+00:00","dateModified":"2025-07-06T13:06:52+00:00","breadcrumb":{"@id":"https:\/\/www.press7.tv\/?p=20714#breadcrumb"},"inLanguage":"en-US","potentialAction":[{"@type":"ReadAction","target":["https:\/\/www.press7.tv\/?p=20714"]}]},{"@type":"ImageObject","inLanguage":"en-US","@id":"https:\/\/www.press7.tv\/?p=20714#primaryimage","url":"https:\/\/www.press7.tv\/wp-content\/uploads\/2025\/07\/IMG_6051.avif","contentUrl":"https:\/\/www.press7.tv\/wp-content\/uploads\/2025\/07\/IMG_6051.avif","width":1220,"height":905},{"@type":"BreadcrumbList","@id":"https:\/\/www.press7.tv\/?p=20714#breadcrumb","itemListElement":[{"@type":"ListItem","position":1,"name":"Home","item":"https:\/\/www.press7.tv\/"},{"@type":"ListItem","position":2,"name":"Merale Ferati braktis Taravarin pas koalicionimit me BDI-n\u00eb, i bashkohet L\u00ebvizjes \u201cArb\u00ebria\u201d"}]},{"@type":"WebSite","@id":"https:\/\/www.news33.tv\/#website","url":"https:\/\/www.news33.tv\/","name":"News33.tv Media","description":"Media","publisher":{"@id":"https:\/\/www.news33.tv\/#organization"},"potentialAction":[{"@type":"SearchAction","target":{"@type":"EntryPoint","urlTemplate":"https:\/\/www.news33.tv\/?s={search_term_string}"},"query-input":{"@type":"PropertyValueSpecification","valueRequired":true,"valueName":"search_term_string"}}],"inLanguage":"en-US"},{"@type":"Organization","@id":"https:\/\/www.news33.tv\/#organization","name":"News33.tv Media","url":"https:\/\/www.news33.tv\/","logo":{"@type":"ImageObject","inLanguage":"en-US","@id":"https:\/\/www.news33.tv\/#\/schema\/logo\/image\/","url":"https:\/\/www.press7.tv\/wp-content\/uploads\/2024\/02\/logo-news33-black.png","contentUrl":"https:\/\/www.press7.tv\/wp-content\/uploads\/2024\/02\/logo-news33-black.png","width":180,"height":37,"caption":"News33.tv Media"},"image":{"@id":"https:\/\/www.news33.tv\/#\/schema\/logo\/image\/"},"sameAs":["https:\/\/www.facebook.com\/press7.tv"]},{"@type":"Person","@id":"https:\/\/www.news33.tv\/#\/schema\/person\/5a04a38a23ccdba82f9bd665cd8f9efa","name":"gazetar2","image":{"@type":"ImageObject","inLanguage":"en-US","@id":"https:\/\/www.news33.tv\/#\/schema\/person\/image\/","url":"https:\/\/www.press7.tv\/wp-content\/litespeed\/avatar\/41975e402c3049d9ddb03adca8f7a883.jpg?ver=1777169572","contentUrl":"https:\/\/www.press7.tv\/wp-content\/litespeed\/avatar\/41975e402c3049d9ddb03adca8f7a883.jpg?ver=1777169572","caption":"gazetar2"},"url":"https:\/\/www.press7.tv\/?author=8"}]}},"amp_enabled":true,"_links":{"self":[{"href":"https:\/\/www.press7.tv\/index.php?rest_route=\/wp\/v2\/posts\/20714","targetHints":{"allow":["GET"]}}],"collection":[{"href":"https:\/\/www.press7.tv\/index.php?rest_route=\/wp\/v2\/posts"}],"about":[{"href":"https:\/\/www.press7.tv\/index.php?rest_route=\/wp\/v2\/types\/post"}],"author":[{"embeddable":true,"href":"https:\/\/www.press7.tv\/index.php?rest_route=\/wp\/v2\/users\/8"}],"replies":[{"embeddable":true,"href":"https:\/\/www.press7.tv\/index.php?rest_route=%2Fwp%2Fv2%2Fcomments&post=20714"}],"version-history":[{"count":3,"href":"https:\/\/www.press7.tv\/index.php?rest_route=\/wp\/v2\/posts\/20714\/revisions"}],"predecessor-version":[{"id":20720,"href":"https:\/\/www.press7.tv\/index.php?rest_route=\/wp\/v2\/posts\/20714\/revisions\/20720"}],"wp:featuredmedia":[{"embeddable":true,"href":"https:\/\/www.press7.tv\/index.php?rest_route=\/wp\/v2\/media\/20715"}],"wp:attachment":[{"href":"https:\/\/www.press7.tv\/index.php?rest_route=%2Fwp%2Fv2%2Fmedia&parent=20714"}],"wp:term":[{"taxonomy":"category","embeddable":true,"href":"https:\/\/www.press7.tv\/index.php?rest_route=%2Fwp%2Fv2%2Fcategories&post=20714"},{"taxonomy":"post_tag","embeddable":true,"href":"https:\/\/www.press7.tv\/index.php?rest_route=%2Fwp%2Fv2%2Ftags&post=20714"}],"curies":[{"name":"wp","href":"https:\/\/api.w.org\/{rel}","templated":true}]}}