{"id":20711,"date":"2025-07-06T11:30:20","date_gmt":"2025-07-06T11:30:20","guid":{"rendered":"https:\/\/www.press7.tv\/?p=20711"},"modified":"2025-07-06T11:30:20","modified_gmt":"2025-07-06T11:30:20","slug":"motra-e-ronaldos-reagon-per-mungesen-e-tij-ne-varrimin-e-jotes-e-permend-vdekjen-e-babait-te-saj","status":"publish","type":"post","link":"https:\/\/www.press7.tv\/?p=20711","title":{"rendered":"Motra e Ronaldos reagon p\u00ebr munges\u00ebn e tij n\u00eb varrimin e Jot\u00ebs, e p\u00ebrmend vdekjen e babait t\u00eb saj"},"content":{"rendered":"\n    <div class=\"xs_social_share_widget xs_share_url before_content \t\tmain_content  wslu-style-2 wslu-share-box-shaped wslu-fill-colored wslu-share-m-5 wslu-none wslu-share-vertical wslu-theme-font-no wslu-main_content\">\n\n\t\t\n        <ul>\n\t\t\t        <\/ul>\n    <\/div> \n<p>Katia Aveiro, motra e Cristiano Ronaldos, ka reaguar me nj\u00eb mesazh t\u00eb fuqish\u00ebm emocional pas zhurm\u00ebs mediatike dhe kritikave q\u00eb kan\u00eb shp\u00ebrthyer n\u00eb rrjet pas mospjes\u00ebmarrjes s\u00eb Ronaldos n\u00eb varrimin e Diogo Jot\u00ebs dhe v\u00ebllait t\u00eb tij, Andre Silva.<\/p>\n<p>N\u00eb nj\u00eb postim t\u00eb gjat\u00eb, Katia kujtoi dhimbjen e thell\u00eb q\u00eb familja e saj p\u00ebrjetoi n\u00eb vitin 2005, pas ndarjes nga jeta t\u00eb babait t\u00eb tyre, Jos\u00e9 Dinis Aveiro. Ajo tha se, p\u00ebrve\u00e7 dhimbjes, ishin t\u00eb detyruar t\u00eb p\u00ebrballonin nj\u00eb v\u00ebrshim t\u00eb kamerave dhe njer\u00ebzve kureshtar\u00eb q\u00eb e b\u00ebnin edhe m\u00eb t\u00eb r\u00ebnd\u00eb at\u00eb periudh\u00eb t\u00eb err\u00ebt.<\/p>\n<p>\u201cKur vdiq babai im, p\u00ebrve\u00e7 dhimbjes, ne \u00ebsht\u00eb dashur t\u00eb p\u00ebrballojm\u00eb nj\u00eb v\u00ebrshim kamerash dhe shikuesish kurioz\u00eb, n\u00eb varreza dhe kudo q\u00eb shkonim. Dhe v\u00ebmendja nuk ishte ajo q\u00eb \u00ebsht\u00eb sot, n\u00eb kuptimin e qasjes. N\u00eb asnj\u00eb moment ne f\u00ebmij\u00ebt nuk ishim n\u00eb gjendje t\u00eb largoheshim nga kisha. Kjo ishte e mundur vet\u00ebm n\u00eb koh\u00ebn e varrimit, kaq e madhe ishte rr\u00ebmuja\u201d, shkroi Katia.<\/p>\n<p>Ajo kujton se n\u00eb ceremonin\u00eb mortore mor\u00ebn pjes\u00eb personalitete t\u00eb njohura, si president\u00eb dhe trajner\u00eb t\u00eb Komb\u00ebtares Portugeze, p\u00ebrfshir\u00eb edhe Luiz Felipe Scolarin, por q\u00eb p\u00ebr shkak t\u00eb tronditjes emocionale, ajo nuk arrinte t\u00eb perceptonte asgj\u00eb p\u00ebrreth: \u201cDhimbja m\u00eb verboi\u201d, shkruan ajo.<\/p>\n<p>Por n\u00eb qend\u00ebr t\u00eb reagimit t\u00eb saj ishte kritika ndaj atyre q\u00eb kan\u00eb gjykuar munges\u00ebn e Ronaldos n\u00eb ceremonin\u00eb mortore t\u00eb Jot\u00ebs. Sipas saj, shoq\u00ebria po tregon nj\u00eb nivel shqet\u00ebsues t\u00eb munges\u00ebs s\u00eb empatis\u00eb dhe fanatizmit t\u00eb verb\u00ebr.<\/p>\n<p>\u201cPo b\u00ebhet e lodhshme. Fanatizmi. Kritika p\u00ebr asgj\u00eb, e p\u00ebrs\u00ebris, p\u00ebr asgj\u00eb. Shoq\u00ebri e s\u00ebmur\u00eb. T\u00eb gjith\u00eb kemi familje. \u00cbsht\u00eb n\u00eb m\u00ebnyr\u00eb absurde e turpshme t\u00eb shikosh kanale televizive, komentues, rrjete sociale, duke theksuar nj\u00eb munges\u00eb (t\u00eb men\u00e7ur), n\u00eb vend se me respekt t\u00eb nderosh dhimbjen e nj\u00eb familje t\u00eb shkat\u00ebrruar nga humbja e dy v\u00ebllez\u00ebrve. Mua madje m\u00eb vjen turp t\u2019i shikoj. \u00cbsht\u00eb p\u00ebr keqardhje.\u201d<\/p>\n","protected":false},"excerpt":{"rendered":"<p>Katia Aveiro, motra e Cristiano Ronaldos, ka reaguar me nj\u00eb mesazh t\u00eb fuqish\u00ebm emocional pas zhurm\u00ebs mediatike dhe kritikave q\u00eb kan\u00eb shp\u00ebrthyer n\u00eb rrjet pas mospjes\u00ebmarrjes s\u00eb Ronaldos n\u00eb varrimin e Diogo Jot\u00ebs dhe v\u00ebllait t\u00eb tij, Andre Silva. N\u00eb nj\u00eb postim t\u00eb gjat\u00eb, Katia kujtoi dhimbjen e thell\u00eb q\u00eb familja e saj p\u00ebrjetoi n\u00eb [&hellip;]<\/p>\n","protected":false},"author":8,"featured_media":20712,"comment_status":"closed","ping_status":"closed","sticky":false,"template":"","format":"standard","meta":{"footnotes":""},"categories":[226],"tags":[],"class_list":["post-20711","post","type-post","status-publish","format-standard","has-post-thumbnail","hentry","category-sport"],"yoast_head":"<!-- This site is optimized with the Yoast SEO plugin v25.1 - https:\/\/yoast.com\/wordpress\/plugins\/seo\/ -->\n<title>Motra e Ronaldos reagon p\u00ebr munges\u00ebn e tij n\u00eb varrimin e Jot\u00ebs, e p\u00ebrmend vdekjen e babait t\u00eb saj - press7.tv<\/title>\n<meta name=\"robots\" content=\"index, follow, max-snippet:-1, max-image-preview:large, max-video-preview:-1\" \/>\n<link rel=\"canonical\" href=\"https:\/\/www.press7.tv\/?p=20711\" \/>\n<meta property=\"og:locale\" content=\"en_US\" \/>\n<meta property=\"og:type\" content=\"article\" \/>\n<meta property=\"og:title\" content=\"Motra e Ronaldos reagon p\u00ebr munges\u00ebn e tij n\u00eb varrimin e Jot\u00ebs, e p\u00ebrmend vdekjen e babait t\u00eb saj - press7.tv\" \/>\n<meta property=\"og:description\" content=\"Katia Aveiro, motra e Cristiano Ronaldos, ka reaguar me nj\u00eb mesazh t\u00eb fuqish\u00ebm emocional pas zhurm\u00ebs mediatike dhe kritikave q\u00eb kan\u00eb shp\u00ebrthyer n\u00eb rrjet pas mospjes\u00ebmarrjes s\u00eb Ronaldos n\u00eb varrimin e Diogo Jot\u00ebs dhe v\u00ebllait t\u00eb tij, Andre Silva. N\u00eb nj\u00eb postim t\u00eb gjat\u00eb, Katia kujtoi dhimbjen e thell\u00eb q\u00eb familja e saj p\u00ebrjetoi n\u00eb [&hellip;]\" \/>\n<meta property=\"og:url\" content=\"https:\/\/www.press7.tv\/?p=20711\" \/>\n<meta property=\"og:site_name\" content=\"press7.tv\" \/>\n<meta property=\"article:publisher\" content=\"https:\/\/www.facebook.com\/press7.tv\" \/>\n<meta property=\"article:published_time\" content=\"2025-07-06T11:30:20+00:00\" \/>\n<meta property=\"og:image\" content=\"https:\/\/www.press7.tv\/wp-content\/uploads\/2025\/07\/IMG_6048.avif\" \/>\n\t<meta property=\"og:image:width\" content=\"600\" \/>\n\t<meta property=\"og:image:height\" content=\"360\" \/>\n\t<meta property=\"og:image:type\" content=\"image\/jpeg\" \/>\n<meta name=\"author\" content=\"gazetar2\" \/>\n<meta name=\"twitter:card\" content=\"summary_large_image\" \/>\n<meta name=\"twitter:label1\" content=\"Written by\" \/>\n\t<meta name=\"twitter:data1\" content=\"gazetar2\" \/>\n\t<meta name=\"twitter:label2\" content=\"Est. reading time\" \/>\n\t<meta name=\"twitter:data2\" content=\"1 minute\" \/>\n<script type=\"application\/ld+json\" class=\"yoast-schema-graph\">{\"@context\":\"https:\/\/schema.org\",\"@graph\":[{\"@type\":\"Article\",\"@id\":\"https:\/\/www.press7.tv\/?p=20711#article\",\"isPartOf\":{\"@id\":\"https:\/\/www.press7.tv\/?p=20711\"},\"author\":{\"name\":\"gazetar2\",\"@id\":\"https:\/\/www.news33.tv\/#\/schema\/person\/5a04a38a23ccdba82f9bd665cd8f9efa\"},\"headline\":\"Motra e Ronaldos reagon p\u00ebr munges\u00ebn e tij n\u00eb varrimin e Jot\u00ebs, e p\u00ebrmend vdekjen e babait t\u00eb saj\",\"datePublished\":\"2025-07-06T11:30:20+00:00\",\"mainEntityOfPage\":{\"@id\":\"https:\/\/www.press7.tv\/?p=20711\"},\"wordCount\":377,\"publisher\":{\"@id\":\"https:\/\/www.news33.tv\/#organization\"},\"image\":{\"@id\":\"https:\/\/www.press7.tv\/?p=20711#primaryimage\"},\"thumbnailUrl\":\"https:\/\/www.press7.tv\/wp-content\/uploads\/2025\/07\/IMG_6048.avif\",\"articleSection\":[\"Sport\"],\"inLanguage\":\"en-US\"},{\"@type\":\"WebPage\",\"@id\":\"https:\/\/www.press7.tv\/?p=20711\",\"url\":\"https:\/\/www.press7.tv\/?p=20711\",\"name\":\"Motra e Ronaldos reagon p\u00ebr munges\u00ebn e tij n\u00eb varrimin e Jot\u00ebs, e p\u00ebrmend vdekjen e babait t\u00eb saj - press7.tv\",\"isPartOf\":{\"@id\":\"https:\/\/www.news33.tv\/#website\"},\"primaryImageOfPage\":{\"@id\":\"https:\/\/www.press7.tv\/?p=20711#primaryimage\"},\"image\":{\"@id\":\"https:\/\/www.press7.tv\/?p=20711#primaryimage\"},\"thumbnailUrl\":\"https:\/\/www.press7.tv\/wp-content\/uploads\/2025\/07\/IMG_6048.avif\",\"datePublished\":\"2025-07-06T11:30:20+00:00\",\"breadcrumb\":{\"@id\":\"https:\/\/www.press7.tv\/?p=20711#breadcrumb\"},\"inLanguage\":\"en-US\",\"potentialAction\":[{\"@type\":\"ReadAction\",\"target\":[\"https:\/\/www.press7.tv\/?p=20711\"]}]},{\"@type\":\"ImageObject\",\"inLanguage\":\"en-US\",\"@id\":\"https:\/\/www.press7.tv\/?p=20711#primaryimage\",\"url\":\"https:\/\/www.press7.tv\/wp-content\/uploads\/2025\/07\/IMG_6048.avif\",\"contentUrl\":\"https:\/\/www.press7.tv\/wp-content\/uploads\/2025\/07\/IMG_6048.avif\",\"width\":600,\"height\":360},{\"@type\":\"BreadcrumbList\",\"@id\":\"https:\/\/www.press7.tv\/?p=20711#breadcrumb\",\"itemListElement\":[{\"@type\":\"ListItem\",\"position\":1,\"name\":\"Home\",\"item\":\"https:\/\/www.press7.tv\/\"},{\"@type\":\"ListItem\",\"position\":2,\"name\":\"Motra e Ronaldos reagon p\u00ebr munges\u00ebn e tij n\u00eb varrimin e Jot\u00ebs, e p\u00ebrmend vdekjen e babait t\u00eb saj\"}]},{\"@type\":\"WebSite\",\"@id\":\"https:\/\/www.news33.tv\/#website\",\"url\":\"https:\/\/www.news33.tv\/\",\"name\":\"News33.tv Media\",\"description\":\"Media\",\"publisher\":{\"@id\":\"https:\/\/www.news33.tv\/#organization\"},\"potentialAction\":[{\"@type\":\"SearchAction\",\"target\":{\"@type\":\"EntryPoint\",\"urlTemplate\":\"https:\/\/www.news33.tv\/?s={search_term_string}\"},\"query-input\":{\"@type\":\"PropertyValueSpecification\",\"valueRequired\":true,\"valueName\":\"search_term_string\"}}],\"inLanguage\":\"en-US\"},{\"@type\":\"Organization\",\"@id\":\"https:\/\/www.news33.tv\/#organization\",\"name\":\"News33.tv Media\",\"url\":\"https:\/\/www.news33.tv\/\",\"logo\":{\"@type\":\"ImageObject\",\"inLanguage\":\"en-US\",\"@id\":\"https:\/\/www.news33.tv\/#\/schema\/logo\/image\/\",\"url\":\"https:\/\/www.press7.tv\/wp-content\/uploads\/2024\/02\/logo-news33-black.png\",\"contentUrl\":\"https:\/\/www.press7.tv\/wp-content\/uploads\/2024\/02\/logo-news33-black.png\",\"width\":180,\"height\":37,\"caption\":\"News33.tv Media\"},\"image\":{\"@id\":\"https:\/\/www.news33.tv\/#\/schema\/logo\/image\/\"},\"sameAs\":[\"https:\/\/www.facebook.com\/press7.tv\"]},{\"@type\":\"Person\",\"@id\":\"https:\/\/www.news33.tv\/#\/schema\/person\/5a04a38a23ccdba82f9bd665cd8f9efa\",\"name\":\"gazetar2\",\"image\":{\"@type\":\"ImageObject\",\"inLanguage\":\"en-US\",\"@id\":\"https:\/\/www.news33.tv\/#\/schema\/person\/image\/\",\"url\":\"https:\/\/www.press7.tv\/wp-content\/litespeed\/avatar\/41975e402c3049d9ddb03adca8f7a883.jpg?ver=1777169572\",\"contentUrl\":\"https:\/\/www.press7.tv\/wp-content\/litespeed\/avatar\/41975e402c3049d9ddb03adca8f7a883.jpg?ver=1777169572\",\"caption\":\"gazetar2\"},\"url\":\"https:\/\/www.press7.tv\/?author=8\"}]}<\/script>\n<!-- \/ Yoast SEO plugin. -->","yoast_head_json":{"title":"Motra e Ronaldos reagon p\u00ebr munges\u00ebn e tij n\u00eb varrimin e Jot\u00ebs, e p\u00ebrmend vdekjen e babait t\u00eb saj - press7.tv","robots":{"index":"index","follow":"follow","max-snippet":"max-snippet:-1","max-image-preview":"max-image-preview:large","max-video-preview":"max-video-preview:-1"},"canonical":"https:\/\/www.press7.tv\/?p=20711","og_locale":"en_US","og_type":"article","og_title":"Motra e Ronaldos reagon p\u00ebr munges\u00ebn e tij n\u00eb varrimin e Jot\u00ebs, e p\u00ebrmend vdekjen e babait t\u00eb saj - press7.tv","og_description":"Katia Aveiro, motra e Cristiano Ronaldos, ka reaguar me nj\u00eb mesazh t\u00eb fuqish\u00ebm emocional pas zhurm\u00ebs mediatike dhe kritikave q\u00eb kan\u00eb shp\u00ebrthyer n\u00eb rrjet pas mospjes\u00ebmarrjes s\u00eb Ronaldos n\u00eb varrimin e Diogo Jot\u00ebs dhe v\u00ebllait t\u00eb tij, Andre Silva. N\u00eb nj\u00eb postim t\u00eb gjat\u00eb, Katia kujtoi dhimbjen e thell\u00eb q\u00eb familja e saj p\u00ebrjetoi n\u00eb [&hellip;]","og_url":"https:\/\/www.press7.tv\/?p=20711","og_site_name":"press7.tv","article_publisher":"https:\/\/www.facebook.com\/press7.tv","article_published_time":"2025-07-06T11:30:20+00:00","og_image":[{"width":600,"height":360,"url":"https:\/\/www.press7.tv\/wp-content\/uploads\/2025\/07\/IMG_6048.avif","type":"image\/jpeg"}],"author":"gazetar2","twitter_card":"summary_large_image","twitter_misc":{"Written by":"gazetar2","Est. reading time":"1 minute"},"schema":{"@context":"https:\/\/schema.org","@graph":[{"@type":"Article","@id":"https:\/\/www.press7.tv\/?p=20711#article","isPartOf":{"@id":"https:\/\/www.press7.tv\/?p=20711"},"author":{"name":"gazetar2","@id":"https:\/\/www.news33.tv\/#\/schema\/person\/5a04a38a23ccdba82f9bd665cd8f9efa"},"headline":"Motra e Ronaldos reagon p\u00ebr munges\u00ebn e tij n\u00eb varrimin e Jot\u00ebs, e p\u00ebrmend vdekjen e babait t\u00eb saj","datePublished":"2025-07-06T11:30:20+00:00","mainEntityOfPage":{"@id":"https:\/\/www.press7.tv\/?p=20711"},"wordCount":377,"publisher":{"@id":"https:\/\/www.news33.tv\/#organization"},"image":{"@id":"https:\/\/www.press7.tv\/?p=20711#primaryimage"},"thumbnailUrl":"https:\/\/www.press7.tv\/wp-content\/uploads\/2025\/07\/IMG_6048.avif","articleSection":["Sport"],"inLanguage":"en-US"},{"@type":"WebPage","@id":"https:\/\/www.press7.tv\/?p=20711","url":"https:\/\/www.press7.tv\/?p=20711","name":"Motra e Ronaldos reagon p\u00ebr munges\u00ebn e tij n\u00eb varrimin e Jot\u00ebs, e p\u00ebrmend vdekjen e babait t\u00eb saj - press7.tv","isPartOf":{"@id":"https:\/\/www.news33.tv\/#website"},"primaryImageOfPage":{"@id":"https:\/\/www.press7.tv\/?p=20711#primaryimage"},"image":{"@id":"https:\/\/www.press7.tv\/?p=20711#primaryimage"},"thumbnailUrl":"https:\/\/www.press7.tv\/wp-content\/uploads\/2025\/07\/IMG_6048.avif","datePublished":"2025-07-06T11:30:20+00:00","breadcrumb":{"@id":"https:\/\/www.press7.tv\/?p=20711#breadcrumb"},"inLanguage":"en-US","potentialAction":[{"@type":"ReadAction","target":["https:\/\/www.press7.tv\/?p=20711"]}]},{"@type":"ImageObject","inLanguage":"en-US","@id":"https:\/\/www.press7.tv\/?p=20711#primaryimage","url":"https:\/\/www.press7.tv\/wp-content\/uploads\/2025\/07\/IMG_6048.avif","contentUrl":"https:\/\/www.press7.tv\/wp-content\/uploads\/2025\/07\/IMG_6048.avif","width":600,"height":360},{"@type":"BreadcrumbList","@id":"https:\/\/www.press7.tv\/?p=20711#breadcrumb","itemListElement":[{"@type":"ListItem","position":1,"name":"Home","item":"https:\/\/www.press7.tv\/"},{"@type":"ListItem","position":2,"name":"Motra e Ronaldos reagon p\u00ebr munges\u00ebn e tij n\u00eb varrimin e Jot\u00ebs, e p\u00ebrmend vdekjen e babait t\u00eb saj"}]},{"@type":"WebSite","@id":"https:\/\/www.news33.tv\/#website","url":"https:\/\/www.news33.tv\/","name":"News33.tv Media","description":"Media","publisher":{"@id":"https:\/\/www.news33.tv\/#organization"},"potentialAction":[{"@type":"SearchAction","target":{"@type":"EntryPoint","urlTemplate":"https:\/\/www.news33.tv\/?s={search_term_string}"},"query-input":{"@type":"PropertyValueSpecification","valueRequired":true,"valueName":"search_term_string"}}],"inLanguage":"en-US"},{"@type":"Organization","@id":"https:\/\/www.news33.tv\/#organization","name":"News33.tv Media","url":"https:\/\/www.news33.tv\/","logo":{"@type":"ImageObject","inLanguage":"en-US","@id":"https:\/\/www.news33.tv\/#\/schema\/logo\/image\/","url":"https:\/\/www.press7.tv\/wp-content\/uploads\/2024\/02\/logo-news33-black.png","contentUrl":"https:\/\/www.press7.tv\/wp-content\/uploads\/2024\/02\/logo-news33-black.png","width":180,"height":37,"caption":"News33.tv Media"},"image":{"@id":"https:\/\/www.news33.tv\/#\/schema\/logo\/image\/"},"sameAs":["https:\/\/www.facebook.com\/press7.tv"]},{"@type":"Person","@id":"https:\/\/www.news33.tv\/#\/schema\/person\/5a04a38a23ccdba82f9bd665cd8f9efa","name":"gazetar2","image":{"@type":"ImageObject","inLanguage":"en-US","@id":"https:\/\/www.news33.tv\/#\/schema\/person\/image\/","url":"https:\/\/www.press7.tv\/wp-content\/litespeed\/avatar\/41975e402c3049d9ddb03adca8f7a883.jpg?ver=1777169572","contentUrl":"https:\/\/www.press7.tv\/wp-content\/litespeed\/avatar\/41975e402c3049d9ddb03adca8f7a883.jpg?ver=1777169572","caption":"gazetar2"},"url":"https:\/\/www.press7.tv\/?author=8"}]}},"amp_enabled":true,"_links":{"self":[{"href":"https:\/\/www.press7.tv\/index.php?rest_route=\/wp\/v2\/posts\/20711","targetHints":{"allow":["GET"]}}],"collection":[{"href":"https:\/\/www.press7.tv\/index.php?rest_route=\/wp\/v2\/posts"}],"about":[{"href":"https:\/\/www.press7.tv\/index.php?rest_route=\/wp\/v2\/types\/post"}],"author":[{"embeddable":true,"href":"https:\/\/www.press7.tv\/index.php?rest_route=\/wp\/v2\/users\/8"}],"replies":[{"embeddable":true,"href":"https:\/\/www.press7.tv\/index.php?rest_route=%2Fwp%2Fv2%2Fcomments&post=20711"}],"version-history":[{"count":1,"href":"https:\/\/www.press7.tv\/index.php?rest_route=\/wp\/v2\/posts\/20711\/revisions"}],"predecessor-version":[{"id":20713,"href":"https:\/\/www.press7.tv\/index.php?rest_route=\/wp\/v2\/posts\/20711\/revisions\/20713"}],"wp:featuredmedia":[{"embeddable":true,"href":"https:\/\/www.press7.tv\/index.php?rest_route=\/wp\/v2\/media\/20712"}],"wp:attachment":[{"href":"https:\/\/www.press7.tv\/index.php?rest_route=%2Fwp%2Fv2%2Fmedia&parent=20711"}],"wp:term":[{"taxonomy":"category","embeddable":true,"href":"https:\/\/www.press7.tv\/index.php?rest_route=%2Fwp%2Fv2%2Fcategories&post=20711"},{"taxonomy":"post_tag","embeddable":true,"href":"https:\/\/www.press7.tv\/index.php?rest_route=%2Fwp%2Fv2%2Ftags&post=20711"}],"curies":[{"name":"wp","href":"https:\/\/api.w.org\/{rel}","templated":true}]}}