{"id":20705,"date":"2025-07-05T18:15:12","date_gmt":"2025-07-05T18:15:12","guid":{"rendered":"https:\/\/www.press7.tv\/?p=20705"},"modified":"2025-07-05T18:15:12","modified_gmt":"2025-07-05T18:15:12","slug":"psg-ja-kalon-ne-gjysmefinale-eliminon-bayernin","status":"publish","type":"post","link":"https:\/\/www.press7.tv\/?p=20705","title":{"rendered":"PSG-ja kalon n\u00eb gjysm\u00ebfinale, eliminon Bayernin"},"content":{"rendered":"\n    <div class=\"xs_social_share_widget xs_share_url before_content \t\tmain_content  wslu-style-2 wslu-share-box-shaped wslu-fill-colored wslu-share-m-5 wslu-none wslu-share-vertical wslu-theme-font-no wslu-main_content\">\n\n\t\t\n        <ul>\n\t\t\t        <\/ul>\n    <\/div> \n<p>Paris Saint-Germaini \u00ebsht\u00eb skuadra e radh\u00ebs q\u00eb kualifikohet n\u00eb gjysm\u00ebfinale t\u00eb Kup\u00ebs s\u00eb Bot\u00ebs p\u00ebr Klube q\u00eb po mbahet n\u00eb SHBA. <\/p>\n<p>Parisi t\u00eb shtun\u00ebn n\u00eb \u00e7erekfinale e eliminoi Bayern Munchenin duke e mposhtur me rezultatin 2:0. <\/p>\n<p>Desire Doue realizoi p\u00ebr 1:0 n\u00eb minut\u00ebn e 78-t\u00eb. Ousmane Dembele e sh\u00ebnoi golin e fundit n\u00eb minut\u00ebn e 97-t\u00eb.<\/p>\n<p>Parisi mbetet me nj\u00eb lojtar m\u00eb pak n\u00eb fush\u00eb<\/p>\n<p>Kat\u00ebr minuta pasi e sh\u00ebnoi golin e ep\u00ebrsis\u00eb, Paris Saint-Germaini ka mbetur me nj\u00eb futbollist m\u00eb pak n\u00eb fush\u00eb. <\/p>\n<p>Willian Pacho \u00ebsht\u00eb nd\u00ebshkuar direkt me karton t\u00eb kuq n\u00eb minut\u00ebn e 83-t\u00eb pas nj\u00eb nd\u00ebrhyrjeje t\u00eb ashp\u00ebr ndaj Leon Goretzkas. <\/p>\n<p>\u00cbsht\u00eb duke u zhvilluar minuta e 86-t\u00eb dhe Parisi \u00ebsht\u00eb duke fituar 1:0 ndaj Bayern Munchenit.<\/p>\n<p>Paris Saint-Germaini ka kaluar n\u00eb ep\u00ebrsi ndaj Bayern Munchenit. <\/p>\n<p>P\u00ebr 1:0 realizoi Desire Doue n\u00eb minut\u00ebn e 79-t\u00eb.<\/p>\n<p>Mbyllet baras pjes\u00eb e par\u00eb PSG \u2013 Bayern<\/p>\n<p>Ka p\u00ebrfunduar pa gola pjesa e par\u00eb e ndeshjes \u00e7erekfinale t\u00eb Kup\u00ebs s\u00eb Bot\u00ebs p\u00ebr Klube nd\u00ebrmjet Paris Saint-Germainit dhe Bayern Munchenit. <\/p>\n<p>Bayernit iu anulua nj\u00eb gol i Dayot Upamecanos n\u00eb minut\u00ebn e dyt\u00eb shtes\u00eb t\u00eb pjes\u00ebs s\u00eb par\u00eb p\u00ebr shkak t\u00eb pozit\u00ebs jasht\u00eb loje.<\/p>\n","protected":false},"excerpt":{"rendered":"<p>Paris Saint-Germaini \u00ebsht\u00eb skuadra e radh\u00ebs q\u00eb kualifikohet n\u00eb gjysm\u00ebfinale t\u00eb Kup\u00ebs s\u00eb Bot\u00ebs p\u00ebr Klube q\u00eb po mbahet n\u00eb SHBA. Parisi t\u00eb shtun\u00ebn n\u00eb \u00e7erekfinale e eliminoi Bayern Munchenin duke e mposhtur me rezultatin 2:0. Desire Doue realizoi p\u00ebr 1:0 n\u00eb minut\u00ebn e 78-t\u00eb. Ousmane Dembele e sh\u00ebnoi golin e fundit n\u00eb minut\u00ebn e [&hellip;]<\/p>\n","protected":false},"author":8,"featured_media":20706,"comment_status":"closed","ping_status":"closed","sticky":false,"template":"","format":"standard","meta":{"footnotes":""},"categories":[226],"tags":[],"class_list":["post-20705","post","type-post","status-publish","format-standard","has-post-thumbnail","hentry","category-sport"],"yoast_head":"<!-- This site is optimized with the Yoast SEO plugin v25.1 - https:\/\/yoast.com\/wordpress\/plugins\/seo\/ -->\n<title>PSG-ja kalon n\u00eb gjysm\u00ebfinale, eliminon Bayernin - press7.tv<\/title>\n<meta name=\"robots\" content=\"index, follow, max-snippet:-1, max-image-preview:large, max-video-preview:-1\" \/>\n<link rel=\"canonical\" href=\"https:\/\/www.press7.tv\/?p=20705\" \/>\n<meta property=\"og:locale\" content=\"en_US\" \/>\n<meta property=\"og:type\" content=\"article\" \/>\n<meta property=\"og:title\" content=\"PSG-ja kalon n\u00eb gjysm\u00ebfinale, eliminon Bayernin - press7.tv\" \/>\n<meta property=\"og:description\" content=\"Paris Saint-Germaini \u00ebsht\u00eb skuadra e radh\u00ebs q\u00eb kualifikohet n\u00eb gjysm\u00ebfinale t\u00eb Kup\u00ebs s\u00eb Bot\u00ebs p\u00ebr Klube q\u00eb po mbahet n\u00eb SHBA. Parisi t\u00eb shtun\u00ebn n\u00eb \u00e7erekfinale e eliminoi Bayern Munchenin duke e mposhtur me rezultatin 2:0. Desire Doue realizoi p\u00ebr 1:0 n\u00eb minut\u00ebn e 78-t\u00eb. Ousmane Dembele e sh\u00ebnoi golin e fundit n\u00eb minut\u00ebn e [&hellip;]\" \/>\n<meta property=\"og:url\" content=\"https:\/\/www.press7.tv\/?p=20705\" \/>\n<meta property=\"og:site_name\" content=\"press7.tv\" \/>\n<meta property=\"article:publisher\" content=\"https:\/\/www.facebook.com\/press7.tv\" \/>\n<meta property=\"article:published_time\" content=\"2025-07-05T18:15:12+00:00\" \/>\n<meta property=\"og:image\" content=\"https:\/\/www.press7.tv\/wp-content\/uploads\/2025\/07\/IMG_6040.avif\" \/>\n\t<meta property=\"og:image:width\" content=\"1360\" \/>\n\t<meta property=\"og:image:height\" content=\"870\" \/>\n\t<meta property=\"og:image:type\" content=\"image\/webp\" \/>\n<meta name=\"author\" content=\"gazetar2\" \/>\n<meta name=\"twitter:card\" content=\"summary_large_image\" \/>\n<meta name=\"twitter:label1\" content=\"Written by\" \/>\n\t<meta name=\"twitter:data1\" content=\"gazetar2\" \/>\n\t<meta name=\"twitter:label2\" content=\"Est. reading time\" \/>\n\t<meta name=\"twitter:data2\" content=\"1 minute\" \/>\n<script type=\"application\/ld+json\" class=\"yoast-schema-graph\">{\"@context\":\"https:\/\/schema.org\",\"@graph\":[{\"@type\":\"Article\",\"@id\":\"https:\/\/www.press7.tv\/?p=20705#article\",\"isPartOf\":{\"@id\":\"https:\/\/www.press7.tv\/?p=20705\"},\"author\":{\"name\":\"gazetar2\",\"@id\":\"https:\/\/www.news33.tv\/#\/schema\/person\/5a04a38a23ccdba82f9bd665cd8f9efa\"},\"headline\":\"PSG-ja kalon n\u00eb gjysm\u00ebfinale, eliminon Bayernin\",\"datePublished\":\"2025-07-05T18:15:12+00:00\",\"mainEntityOfPage\":{\"@id\":\"https:\/\/www.press7.tv\/?p=20705\"},\"wordCount\":223,\"publisher\":{\"@id\":\"https:\/\/www.news33.tv\/#organization\"},\"image\":{\"@id\":\"https:\/\/www.press7.tv\/?p=20705#primaryimage\"},\"thumbnailUrl\":\"https:\/\/www.press7.tv\/wp-content\/uploads\/2025\/07\/IMG_6040.avif\",\"articleSection\":[\"Sport\"],\"inLanguage\":\"en-US\"},{\"@type\":\"WebPage\",\"@id\":\"https:\/\/www.press7.tv\/?p=20705\",\"url\":\"https:\/\/www.press7.tv\/?p=20705\",\"name\":\"PSG-ja kalon n\u00eb gjysm\u00ebfinale, eliminon Bayernin - press7.tv\",\"isPartOf\":{\"@id\":\"https:\/\/www.news33.tv\/#website\"},\"primaryImageOfPage\":{\"@id\":\"https:\/\/www.press7.tv\/?p=20705#primaryimage\"},\"image\":{\"@id\":\"https:\/\/www.press7.tv\/?p=20705#primaryimage\"},\"thumbnailUrl\":\"https:\/\/www.press7.tv\/wp-content\/uploads\/2025\/07\/IMG_6040.avif\",\"datePublished\":\"2025-07-05T18:15:12+00:00\",\"breadcrumb\":{\"@id\":\"https:\/\/www.press7.tv\/?p=20705#breadcrumb\"},\"inLanguage\":\"en-US\",\"potentialAction\":[{\"@type\":\"ReadAction\",\"target\":[\"https:\/\/www.press7.tv\/?p=20705\"]}]},{\"@type\":\"ImageObject\",\"inLanguage\":\"en-US\",\"@id\":\"https:\/\/www.press7.tv\/?p=20705#primaryimage\",\"url\":\"https:\/\/www.press7.tv\/wp-content\/uploads\/2025\/07\/IMG_6040.avif\",\"contentUrl\":\"https:\/\/www.press7.tv\/wp-content\/uploads\/2025\/07\/IMG_6040.avif\",\"width\":1360,\"height\":870},{\"@type\":\"BreadcrumbList\",\"@id\":\"https:\/\/www.press7.tv\/?p=20705#breadcrumb\",\"itemListElement\":[{\"@type\":\"ListItem\",\"position\":1,\"name\":\"Home\",\"item\":\"https:\/\/www.press7.tv\/\"},{\"@type\":\"ListItem\",\"position\":2,\"name\":\"PSG-ja kalon n\u00eb gjysm\u00ebfinale, eliminon Bayernin\"}]},{\"@type\":\"WebSite\",\"@id\":\"https:\/\/www.news33.tv\/#website\",\"url\":\"https:\/\/www.news33.tv\/\",\"name\":\"News33.tv Media\",\"description\":\"Media\",\"publisher\":{\"@id\":\"https:\/\/www.news33.tv\/#organization\"},\"potentialAction\":[{\"@type\":\"SearchAction\",\"target\":{\"@type\":\"EntryPoint\",\"urlTemplate\":\"https:\/\/www.news33.tv\/?s={search_term_string}\"},\"query-input\":{\"@type\":\"PropertyValueSpecification\",\"valueRequired\":true,\"valueName\":\"search_term_string\"}}],\"inLanguage\":\"en-US\"},{\"@type\":\"Organization\",\"@id\":\"https:\/\/www.news33.tv\/#organization\",\"name\":\"News33.tv Media\",\"url\":\"https:\/\/www.news33.tv\/\",\"logo\":{\"@type\":\"ImageObject\",\"inLanguage\":\"en-US\",\"@id\":\"https:\/\/www.news33.tv\/#\/schema\/logo\/image\/\",\"url\":\"https:\/\/www.press7.tv\/wp-content\/uploads\/2024\/02\/logo-news33-black.png\",\"contentUrl\":\"https:\/\/www.press7.tv\/wp-content\/uploads\/2024\/02\/logo-news33-black.png\",\"width\":180,\"height\":37,\"caption\":\"News33.tv Media\"},\"image\":{\"@id\":\"https:\/\/www.news33.tv\/#\/schema\/logo\/image\/\"},\"sameAs\":[\"https:\/\/www.facebook.com\/press7.tv\"]},{\"@type\":\"Person\",\"@id\":\"https:\/\/www.news33.tv\/#\/schema\/person\/5a04a38a23ccdba82f9bd665cd8f9efa\",\"name\":\"gazetar2\",\"image\":{\"@type\":\"ImageObject\",\"inLanguage\":\"en-US\",\"@id\":\"https:\/\/www.news33.tv\/#\/schema\/person\/image\/\",\"url\":\"https:\/\/www.press7.tv\/wp-content\/litespeed\/avatar\/41975e402c3049d9ddb03adca8f7a883.jpg?ver=1777169572\",\"contentUrl\":\"https:\/\/www.press7.tv\/wp-content\/litespeed\/avatar\/41975e402c3049d9ddb03adca8f7a883.jpg?ver=1777169572\",\"caption\":\"gazetar2\"},\"url\":\"https:\/\/www.press7.tv\/?author=8\"}]}<\/script>\n<!-- \/ Yoast SEO plugin. -->","yoast_head_json":{"title":"PSG-ja kalon n\u00eb gjysm\u00ebfinale, eliminon Bayernin - press7.tv","robots":{"index":"index","follow":"follow","max-snippet":"max-snippet:-1","max-image-preview":"max-image-preview:large","max-video-preview":"max-video-preview:-1"},"canonical":"https:\/\/www.press7.tv\/?p=20705","og_locale":"en_US","og_type":"article","og_title":"PSG-ja kalon n\u00eb gjysm\u00ebfinale, eliminon Bayernin - press7.tv","og_description":"Paris Saint-Germaini \u00ebsht\u00eb skuadra e radh\u00ebs q\u00eb kualifikohet n\u00eb gjysm\u00ebfinale t\u00eb Kup\u00ebs s\u00eb Bot\u00ebs p\u00ebr Klube q\u00eb po mbahet n\u00eb SHBA. Parisi t\u00eb shtun\u00ebn n\u00eb \u00e7erekfinale e eliminoi Bayern Munchenin duke e mposhtur me rezultatin 2:0. Desire Doue realizoi p\u00ebr 1:0 n\u00eb minut\u00ebn e 78-t\u00eb. Ousmane Dembele e sh\u00ebnoi golin e fundit n\u00eb minut\u00ebn e [&hellip;]","og_url":"https:\/\/www.press7.tv\/?p=20705","og_site_name":"press7.tv","article_publisher":"https:\/\/www.facebook.com\/press7.tv","article_published_time":"2025-07-05T18:15:12+00:00","og_image":[{"width":1360,"height":870,"url":"https:\/\/www.press7.tv\/wp-content\/uploads\/2025\/07\/IMG_6040.avif","type":"image\/webp"}],"author":"gazetar2","twitter_card":"summary_large_image","twitter_misc":{"Written by":"gazetar2","Est. reading time":"1 minute"},"schema":{"@context":"https:\/\/schema.org","@graph":[{"@type":"Article","@id":"https:\/\/www.press7.tv\/?p=20705#article","isPartOf":{"@id":"https:\/\/www.press7.tv\/?p=20705"},"author":{"name":"gazetar2","@id":"https:\/\/www.news33.tv\/#\/schema\/person\/5a04a38a23ccdba82f9bd665cd8f9efa"},"headline":"PSG-ja kalon n\u00eb gjysm\u00ebfinale, eliminon Bayernin","datePublished":"2025-07-05T18:15:12+00:00","mainEntityOfPage":{"@id":"https:\/\/www.press7.tv\/?p=20705"},"wordCount":223,"publisher":{"@id":"https:\/\/www.news33.tv\/#organization"},"image":{"@id":"https:\/\/www.press7.tv\/?p=20705#primaryimage"},"thumbnailUrl":"https:\/\/www.press7.tv\/wp-content\/uploads\/2025\/07\/IMG_6040.avif","articleSection":["Sport"],"inLanguage":"en-US"},{"@type":"WebPage","@id":"https:\/\/www.press7.tv\/?p=20705","url":"https:\/\/www.press7.tv\/?p=20705","name":"PSG-ja kalon n\u00eb gjysm\u00ebfinale, eliminon Bayernin - press7.tv","isPartOf":{"@id":"https:\/\/www.news33.tv\/#website"},"primaryImageOfPage":{"@id":"https:\/\/www.press7.tv\/?p=20705#primaryimage"},"image":{"@id":"https:\/\/www.press7.tv\/?p=20705#primaryimage"},"thumbnailUrl":"https:\/\/www.press7.tv\/wp-content\/uploads\/2025\/07\/IMG_6040.avif","datePublished":"2025-07-05T18:15:12+00:00","breadcrumb":{"@id":"https:\/\/www.press7.tv\/?p=20705#breadcrumb"},"inLanguage":"en-US","potentialAction":[{"@type":"ReadAction","target":["https:\/\/www.press7.tv\/?p=20705"]}]},{"@type":"ImageObject","inLanguage":"en-US","@id":"https:\/\/www.press7.tv\/?p=20705#primaryimage","url":"https:\/\/www.press7.tv\/wp-content\/uploads\/2025\/07\/IMG_6040.avif","contentUrl":"https:\/\/www.press7.tv\/wp-content\/uploads\/2025\/07\/IMG_6040.avif","width":1360,"height":870},{"@type":"BreadcrumbList","@id":"https:\/\/www.press7.tv\/?p=20705#breadcrumb","itemListElement":[{"@type":"ListItem","position":1,"name":"Home","item":"https:\/\/www.press7.tv\/"},{"@type":"ListItem","position":2,"name":"PSG-ja kalon n\u00eb gjysm\u00ebfinale, eliminon Bayernin"}]},{"@type":"WebSite","@id":"https:\/\/www.news33.tv\/#website","url":"https:\/\/www.news33.tv\/","name":"News33.tv Media","description":"Media","publisher":{"@id":"https:\/\/www.news33.tv\/#organization"},"potentialAction":[{"@type":"SearchAction","target":{"@type":"EntryPoint","urlTemplate":"https:\/\/www.news33.tv\/?s={search_term_string}"},"query-input":{"@type":"PropertyValueSpecification","valueRequired":true,"valueName":"search_term_string"}}],"inLanguage":"en-US"},{"@type":"Organization","@id":"https:\/\/www.news33.tv\/#organization","name":"News33.tv Media","url":"https:\/\/www.news33.tv\/","logo":{"@type":"ImageObject","inLanguage":"en-US","@id":"https:\/\/www.news33.tv\/#\/schema\/logo\/image\/","url":"https:\/\/www.press7.tv\/wp-content\/uploads\/2024\/02\/logo-news33-black.png","contentUrl":"https:\/\/www.press7.tv\/wp-content\/uploads\/2024\/02\/logo-news33-black.png","width":180,"height":37,"caption":"News33.tv Media"},"image":{"@id":"https:\/\/www.news33.tv\/#\/schema\/logo\/image\/"},"sameAs":["https:\/\/www.facebook.com\/press7.tv"]},{"@type":"Person","@id":"https:\/\/www.news33.tv\/#\/schema\/person\/5a04a38a23ccdba82f9bd665cd8f9efa","name":"gazetar2","image":{"@type":"ImageObject","inLanguage":"en-US","@id":"https:\/\/www.news33.tv\/#\/schema\/person\/image\/","url":"https:\/\/www.press7.tv\/wp-content\/litespeed\/avatar\/41975e402c3049d9ddb03adca8f7a883.jpg?ver=1777169572","contentUrl":"https:\/\/www.press7.tv\/wp-content\/litespeed\/avatar\/41975e402c3049d9ddb03adca8f7a883.jpg?ver=1777169572","caption":"gazetar2"},"url":"https:\/\/www.press7.tv\/?author=8"}]}},"amp_enabled":true,"_links":{"self":[{"href":"https:\/\/www.press7.tv\/index.php?rest_route=\/wp\/v2\/posts\/20705","targetHints":{"allow":["GET"]}}],"collection":[{"href":"https:\/\/www.press7.tv\/index.php?rest_route=\/wp\/v2\/posts"}],"about":[{"href":"https:\/\/www.press7.tv\/index.php?rest_route=\/wp\/v2\/types\/post"}],"author":[{"embeddable":true,"href":"https:\/\/www.press7.tv\/index.php?rest_route=\/wp\/v2\/users\/8"}],"replies":[{"embeddable":true,"href":"https:\/\/www.press7.tv\/index.php?rest_route=%2Fwp%2Fv2%2Fcomments&post=20705"}],"version-history":[{"count":1,"href":"https:\/\/www.press7.tv\/index.php?rest_route=\/wp\/v2\/posts\/20705\/revisions"}],"predecessor-version":[{"id":20707,"href":"https:\/\/www.press7.tv\/index.php?rest_route=\/wp\/v2\/posts\/20705\/revisions\/20707"}],"wp:featuredmedia":[{"embeddable":true,"href":"https:\/\/www.press7.tv\/index.php?rest_route=\/wp\/v2\/media\/20706"}],"wp:attachment":[{"href":"https:\/\/www.press7.tv\/index.php?rest_route=%2Fwp%2Fv2%2Fmedia&parent=20705"}],"wp:term":[{"taxonomy":"category","embeddable":true,"href":"https:\/\/www.press7.tv\/index.php?rest_route=%2Fwp%2Fv2%2Fcategories&post=20705"},{"taxonomy":"post_tag","embeddable":true,"href":"https:\/\/www.press7.tv\/index.php?rest_route=%2Fwp%2Fv2%2Ftags&post=20705"}],"curies":[{"name":"wp","href":"https:\/\/api.w.org\/{rel}","templated":true}]}}