{"id":20702,"date":"2025-07-05T16:17:37","date_gmt":"2025-07-05T16:17:37","guid":{"rendered":"https:\/\/www.press7.tv\/?p=20702"},"modified":"2025-07-05T16:17:37","modified_gmt":"2025-07-05T16:17:37","slug":"maqedonia-ne-vale-te-nxehte-neser-pritet-mot-i-paqendrueshem","status":"publish","type":"post","link":"https:\/\/www.press7.tv\/?p=20702","title":{"rendered":"Maqedonia n\u00eb val\u00eb t\u00eb nxeht\u00eb! Nes\u00ebr pritet mot i paq\u00ebndruesh\u00ebm"},"content":{"rendered":"\n    <div class=\"xs_social_share_widget xs_share_url before_content \t\tmain_content  wslu-style-2 wslu-share-box-shaped wslu-fill-colored wslu-share-m-5 wslu-none wslu-share-vertical wslu-theme-font-no wslu-main_content\">\n\n\t\t\n        <ul>\n\t\t\t        <\/ul>\n    <\/div> \n<p>Deri t\u00eb mart\u00ebn do t\u00eb vazhdoj\u00eb mot shum\u00eb i nxeht\u00eb, me temperatura ditore q\u00eb n\u00eb disa vende do t\u00eb kalojn\u00eb 40\u00b0C, p\u00ebrcjell TV21. Nes\u00ebr, n\u00eb or\u00ebt e pasdites dhe t\u00eb mbr\u00ebmjes, pritet zhvillim lokal i vran\u00ebsirave t\u00eb paq\u00ebndrueshme me reshje t\u00eb rr\u00ebmbyeshme shiu dhe bubullima, n\u00eb disa vende n\u00eb form\u00eb t\u00eb motit t\u00eb keq afatshkurt\u00ebr me er\u00eb t\u00eb fort\u00eb dhe paraqitje t\u00eb izoluar t\u00eb breshrit.<\/p>\n<p>N\u00eb pjes\u00eb t\u00eb ul\u00ebta do t\u00eb ket\u00eb kushte p\u00ebr reshje t\u00eb rr\u00ebmbyeshme shiu, bubullima dhe er\u00eb t\u00eb fort\u00eb n\u00eb form\u00eb t\u00eb motit t\u00eb keq afatshkurt\u00ebr. N\u00eb rast t\u00eb shkarkimeve elektrike, rekomandohet kujdes i shtuar, t\u00eb shmanget q\u00ebndrimi n\u00eb hap\u00ebsira t\u00eb hapura dhe n\u00ebn pem\u00eb.<\/p>\n<p>\u201cN\u00eb dy dit\u00ebt e para t\u00eb jav\u00ebs s\u00eb ardhshme do t\u00eb ket\u00eb paraqitje lokale t\u00eb paq\u00ebndrueshm\u00ebris\u00eb, nd\u00ebrsa do t\u00eb fryj\u00eb er\u00eb mesatare, e n\u00eb pjes\u00ebt per\u00ebndimore \u2013 er\u00eb e fort\u00eb nga drejtimi jugper\u00ebndimor. T\u00eb m\u00ebrkur\u00ebn dhe t\u00eb enjten, p\u00ebr shkak t\u00eb dep\u00ebrtimit t\u00eb nj\u00eb mase ajri m\u00eb t\u00eb fresk\u00ebt nga veriu, do t\u00eb fryj\u00eb er\u00eb e fort\u00eb veriore q\u00eb do t\u00eb sjell\u00eb r\u00ebnie t\u00eb ndjeshme t\u00eb temperaturave ditore. T\u00eb m\u00ebrkur\u00ebn, kryesisht n\u00eb pjes\u00ebt veriore, do t\u00eb ket\u00eb reshje lokale shiu\u201d, tha Len\u00e7e Rizova, meteorologe.<\/p>\n","protected":false},"excerpt":{"rendered":"<p>Deri t\u00eb mart\u00ebn do t\u00eb vazhdoj\u00eb mot shum\u00eb i nxeht\u00eb, me temperatura ditore q\u00eb n\u00eb disa vende do t\u00eb kalojn\u00eb 40\u00b0C, p\u00ebrcjell TV21. Nes\u00ebr, n\u00eb or\u00ebt e pasdites dhe t\u00eb mbr\u00ebmjes, pritet zhvillim lokal i vran\u00ebsirave t\u00eb paq\u00ebndrueshme me reshje t\u00eb rr\u00ebmbyeshme shiu dhe bubullima, n\u00eb disa vende n\u00eb form\u00eb t\u00eb motit t\u00eb keq afatshkurt\u00ebr [&hellip;]<\/p>\n","protected":false},"author":8,"featured_media":20703,"comment_status":"closed","ping_status":"closed","sticky":false,"template":"","format":"standard","meta":{"footnotes":""},"categories":[213,214],"tags":[],"class_list":["post-20702","post","type-post","status-publish","format-standard","has-post-thumbnail","hentry","category-lajme","category-maqedoni"],"yoast_head":"<!-- This site is optimized with the Yoast SEO plugin v25.1 - https:\/\/yoast.com\/wordpress\/plugins\/seo\/ -->\n<title>Maqedonia n\u00eb val\u00eb t\u00eb nxeht\u00eb! Nes\u00ebr pritet mot i paq\u00ebndruesh\u00ebm - press7.tv<\/title>\n<meta name=\"robots\" content=\"index, follow, max-snippet:-1, max-image-preview:large, max-video-preview:-1\" \/>\n<link rel=\"canonical\" href=\"https:\/\/www.press7.tv\/?p=20702\" \/>\n<meta property=\"og:locale\" content=\"en_US\" \/>\n<meta property=\"og:type\" content=\"article\" \/>\n<meta property=\"og:title\" content=\"Maqedonia n\u00eb val\u00eb t\u00eb nxeht\u00eb! Nes\u00ebr pritet mot i paq\u00ebndruesh\u00ebm - press7.tv\" \/>\n<meta property=\"og:description\" content=\"Deri t\u00eb mart\u00ebn do t\u00eb vazhdoj\u00eb mot shum\u00eb i nxeht\u00eb, me temperatura ditore q\u00eb n\u00eb disa vende do t\u00eb kalojn\u00eb 40\u00b0C, p\u00ebrcjell TV21. Nes\u00ebr, n\u00eb or\u00ebt e pasdites dhe t\u00eb mbr\u00ebmjes, pritet zhvillim lokal i vran\u00ebsirave t\u00eb paq\u00ebndrueshme me reshje t\u00eb rr\u00ebmbyeshme shiu dhe bubullima, n\u00eb disa vende n\u00eb form\u00eb t\u00eb motit t\u00eb keq afatshkurt\u00ebr [&hellip;]\" \/>\n<meta property=\"og:url\" content=\"https:\/\/www.press7.tv\/?p=20702\" \/>\n<meta property=\"og:site_name\" content=\"press7.tv\" \/>\n<meta property=\"article:publisher\" content=\"https:\/\/www.facebook.com\/press7.tv\" \/>\n<meta property=\"article:published_time\" content=\"2025-07-05T16:17:37+00:00\" \/>\n<meta property=\"og:image\" content=\"https:\/\/www.press7.tv\/wp-content\/uploads\/2025\/07\/IMG_6037.avif\" \/>\n\t<meta property=\"og:image:width\" content=\"1242\" \/>\n\t<meta property=\"og:image:height\" content=\"734\" \/>\n\t<meta property=\"og:image:type\" content=\"image\/jpeg\" \/>\n<meta name=\"author\" content=\"gazetar2\" \/>\n<meta name=\"twitter:card\" content=\"summary_large_image\" \/>\n<meta name=\"twitter:label1\" content=\"Written by\" \/>\n\t<meta name=\"twitter:data1\" content=\"gazetar2\" \/>\n\t<meta name=\"twitter:label2\" content=\"Est. reading time\" \/>\n\t<meta name=\"twitter:data2\" content=\"1 minute\" \/>\n<script type=\"application\/ld+json\" class=\"yoast-schema-graph\">{\"@context\":\"https:\/\/schema.org\",\"@graph\":[{\"@type\":\"Article\",\"@id\":\"https:\/\/www.press7.tv\/?p=20702#article\",\"isPartOf\":{\"@id\":\"https:\/\/www.press7.tv\/?p=20702\"},\"author\":{\"name\":\"gazetar2\",\"@id\":\"https:\/\/www.news33.tv\/#\/schema\/person\/5a04a38a23ccdba82f9bd665cd8f9efa\"},\"headline\":\"Maqedonia n\u00eb val\u00eb t\u00eb nxeht\u00eb! Nes\u00ebr pritet mot i paq\u00ebndruesh\u00ebm\",\"datePublished\":\"2025-07-05T16:17:37+00:00\",\"mainEntityOfPage\":{\"@id\":\"https:\/\/www.press7.tv\/?p=20702\"},\"wordCount\":239,\"publisher\":{\"@id\":\"https:\/\/www.news33.tv\/#organization\"},\"image\":{\"@id\":\"https:\/\/www.press7.tv\/?p=20702#primaryimage\"},\"thumbnailUrl\":\"https:\/\/www.press7.tv\/wp-content\/uploads\/2025\/07\/IMG_6037.avif\",\"articleSection\":[\"Lajme\",\"Maqedoni\"],\"inLanguage\":\"en-US\"},{\"@type\":\"WebPage\",\"@id\":\"https:\/\/www.press7.tv\/?p=20702\",\"url\":\"https:\/\/www.press7.tv\/?p=20702\",\"name\":\"Maqedonia n\u00eb val\u00eb t\u00eb nxeht\u00eb! Nes\u00ebr pritet mot i paq\u00ebndruesh\u00ebm - press7.tv\",\"isPartOf\":{\"@id\":\"https:\/\/www.news33.tv\/#website\"},\"primaryImageOfPage\":{\"@id\":\"https:\/\/www.press7.tv\/?p=20702#primaryimage\"},\"image\":{\"@id\":\"https:\/\/www.press7.tv\/?p=20702#primaryimage\"},\"thumbnailUrl\":\"https:\/\/www.press7.tv\/wp-content\/uploads\/2025\/07\/IMG_6037.avif\",\"datePublished\":\"2025-07-05T16:17:37+00:00\",\"breadcrumb\":{\"@id\":\"https:\/\/www.press7.tv\/?p=20702#breadcrumb\"},\"inLanguage\":\"en-US\",\"potentialAction\":[{\"@type\":\"ReadAction\",\"target\":[\"https:\/\/www.press7.tv\/?p=20702\"]}]},{\"@type\":\"ImageObject\",\"inLanguage\":\"en-US\",\"@id\":\"https:\/\/www.press7.tv\/?p=20702#primaryimage\",\"url\":\"https:\/\/www.press7.tv\/wp-content\/uploads\/2025\/07\/IMG_6037.avif\",\"contentUrl\":\"https:\/\/www.press7.tv\/wp-content\/uploads\/2025\/07\/IMG_6037.avif\",\"width\":1242,\"height\":734,\"caption\":\"Screenshot\"},{\"@type\":\"BreadcrumbList\",\"@id\":\"https:\/\/www.press7.tv\/?p=20702#breadcrumb\",\"itemListElement\":[{\"@type\":\"ListItem\",\"position\":1,\"name\":\"Home\",\"item\":\"https:\/\/www.press7.tv\/\"},{\"@type\":\"ListItem\",\"position\":2,\"name\":\"Maqedonia n\u00eb val\u00eb t\u00eb nxeht\u00eb! Nes\u00ebr pritet mot i paq\u00ebndruesh\u00ebm\"}]},{\"@type\":\"WebSite\",\"@id\":\"https:\/\/www.news33.tv\/#website\",\"url\":\"https:\/\/www.news33.tv\/\",\"name\":\"News33.tv Media\",\"description\":\"Media\",\"publisher\":{\"@id\":\"https:\/\/www.news33.tv\/#organization\"},\"potentialAction\":[{\"@type\":\"SearchAction\",\"target\":{\"@type\":\"EntryPoint\",\"urlTemplate\":\"https:\/\/www.news33.tv\/?s={search_term_string}\"},\"query-input\":{\"@type\":\"PropertyValueSpecification\",\"valueRequired\":true,\"valueName\":\"search_term_string\"}}],\"inLanguage\":\"en-US\"},{\"@type\":\"Organization\",\"@id\":\"https:\/\/www.news33.tv\/#organization\",\"name\":\"News33.tv Media\",\"url\":\"https:\/\/www.news33.tv\/\",\"logo\":{\"@type\":\"ImageObject\",\"inLanguage\":\"en-US\",\"@id\":\"https:\/\/www.news33.tv\/#\/schema\/logo\/image\/\",\"url\":\"https:\/\/www.press7.tv\/wp-content\/uploads\/2024\/02\/logo-news33-black.png\",\"contentUrl\":\"https:\/\/www.press7.tv\/wp-content\/uploads\/2024\/02\/logo-news33-black.png\",\"width\":180,\"height\":37,\"caption\":\"News33.tv Media\"},\"image\":{\"@id\":\"https:\/\/www.news33.tv\/#\/schema\/logo\/image\/\"},\"sameAs\":[\"https:\/\/www.facebook.com\/press7.tv\"]},{\"@type\":\"Person\",\"@id\":\"https:\/\/www.news33.tv\/#\/schema\/person\/5a04a38a23ccdba82f9bd665cd8f9efa\",\"name\":\"gazetar2\",\"image\":{\"@type\":\"ImageObject\",\"inLanguage\":\"en-US\",\"@id\":\"https:\/\/www.news33.tv\/#\/schema\/person\/image\/\",\"url\":\"https:\/\/www.press7.tv\/wp-content\/litespeed\/avatar\/41975e402c3049d9ddb03adca8f7a883.jpg?ver=1777169572\",\"contentUrl\":\"https:\/\/www.press7.tv\/wp-content\/litespeed\/avatar\/41975e402c3049d9ddb03adca8f7a883.jpg?ver=1777169572\",\"caption\":\"gazetar2\"},\"url\":\"https:\/\/www.press7.tv\/?author=8\"}]}<\/script>\n<!-- \/ Yoast SEO plugin. -->","yoast_head_json":{"title":"Maqedonia n\u00eb val\u00eb t\u00eb nxeht\u00eb! Nes\u00ebr pritet mot i paq\u00ebndruesh\u00ebm - press7.tv","robots":{"index":"index","follow":"follow","max-snippet":"max-snippet:-1","max-image-preview":"max-image-preview:large","max-video-preview":"max-video-preview:-1"},"canonical":"https:\/\/www.press7.tv\/?p=20702","og_locale":"en_US","og_type":"article","og_title":"Maqedonia n\u00eb val\u00eb t\u00eb nxeht\u00eb! Nes\u00ebr pritet mot i paq\u00ebndruesh\u00ebm - press7.tv","og_description":"Deri t\u00eb mart\u00ebn do t\u00eb vazhdoj\u00eb mot shum\u00eb i nxeht\u00eb, me temperatura ditore q\u00eb n\u00eb disa vende do t\u00eb kalojn\u00eb 40\u00b0C, p\u00ebrcjell TV21. Nes\u00ebr, n\u00eb or\u00ebt e pasdites dhe t\u00eb mbr\u00ebmjes, pritet zhvillim lokal i vran\u00ebsirave t\u00eb paq\u00ebndrueshme me reshje t\u00eb rr\u00ebmbyeshme shiu dhe bubullima, n\u00eb disa vende n\u00eb form\u00eb t\u00eb motit t\u00eb keq afatshkurt\u00ebr [&hellip;]","og_url":"https:\/\/www.press7.tv\/?p=20702","og_site_name":"press7.tv","article_publisher":"https:\/\/www.facebook.com\/press7.tv","article_published_time":"2025-07-05T16:17:37+00:00","og_image":[{"width":1242,"height":734,"url":"https:\/\/www.press7.tv\/wp-content\/uploads\/2025\/07\/IMG_6037.avif","type":"image\/jpeg"}],"author":"gazetar2","twitter_card":"summary_large_image","twitter_misc":{"Written by":"gazetar2","Est. reading time":"1 minute"},"schema":{"@context":"https:\/\/schema.org","@graph":[{"@type":"Article","@id":"https:\/\/www.press7.tv\/?p=20702#article","isPartOf":{"@id":"https:\/\/www.press7.tv\/?p=20702"},"author":{"name":"gazetar2","@id":"https:\/\/www.news33.tv\/#\/schema\/person\/5a04a38a23ccdba82f9bd665cd8f9efa"},"headline":"Maqedonia n\u00eb val\u00eb t\u00eb nxeht\u00eb! Nes\u00ebr pritet mot i paq\u00ebndruesh\u00ebm","datePublished":"2025-07-05T16:17:37+00:00","mainEntityOfPage":{"@id":"https:\/\/www.press7.tv\/?p=20702"},"wordCount":239,"publisher":{"@id":"https:\/\/www.news33.tv\/#organization"},"image":{"@id":"https:\/\/www.press7.tv\/?p=20702#primaryimage"},"thumbnailUrl":"https:\/\/www.press7.tv\/wp-content\/uploads\/2025\/07\/IMG_6037.avif","articleSection":["Lajme","Maqedoni"],"inLanguage":"en-US"},{"@type":"WebPage","@id":"https:\/\/www.press7.tv\/?p=20702","url":"https:\/\/www.press7.tv\/?p=20702","name":"Maqedonia n\u00eb val\u00eb t\u00eb nxeht\u00eb! Nes\u00ebr pritet mot i paq\u00ebndruesh\u00ebm - press7.tv","isPartOf":{"@id":"https:\/\/www.news33.tv\/#website"},"primaryImageOfPage":{"@id":"https:\/\/www.press7.tv\/?p=20702#primaryimage"},"image":{"@id":"https:\/\/www.press7.tv\/?p=20702#primaryimage"},"thumbnailUrl":"https:\/\/www.press7.tv\/wp-content\/uploads\/2025\/07\/IMG_6037.avif","datePublished":"2025-07-05T16:17:37+00:00","breadcrumb":{"@id":"https:\/\/www.press7.tv\/?p=20702#breadcrumb"},"inLanguage":"en-US","potentialAction":[{"@type":"ReadAction","target":["https:\/\/www.press7.tv\/?p=20702"]}]},{"@type":"ImageObject","inLanguage":"en-US","@id":"https:\/\/www.press7.tv\/?p=20702#primaryimage","url":"https:\/\/www.press7.tv\/wp-content\/uploads\/2025\/07\/IMG_6037.avif","contentUrl":"https:\/\/www.press7.tv\/wp-content\/uploads\/2025\/07\/IMG_6037.avif","width":1242,"height":734,"caption":"Screenshot"},{"@type":"BreadcrumbList","@id":"https:\/\/www.press7.tv\/?p=20702#breadcrumb","itemListElement":[{"@type":"ListItem","position":1,"name":"Home","item":"https:\/\/www.press7.tv\/"},{"@type":"ListItem","position":2,"name":"Maqedonia n\u00eb val\u00eb t\u00eb nxeht\u00eb! Nes\u00ebr pritet mot i paq\u00ebndruesh\u00ebm"}]},{"@type":"WebSite","@id":"https:\/\/www.news33.tv\/#website","url":"https:\/\/www.news33.tv\/","name":"News33.tv Media","description":"Media","publisher":{"@id":"https:\/\/www.news33.tv\/#organization"},"potentialAction":[{"@type":"SearchAction","target":{"@type":"EntryPoint","urlTemplate":"https:\/\/www.news33.tv\/?s={search_term_string}"},"query-input":{"@type":"PropertyValueSpecification","valueRequired":true,"valueName":"search_term_string"}}],"inLanguage":"en-US"},{"@type":"Organization","@id":"https:\/\/www.news33.tv\/#organization","name":"News33.tv Media","url":"https:\/\/www.news33.tv\/","logo":{"@type":"ImageObject","inLanguage":"en-US","@id":"https:\/\/www.news33.tv\/#\/schema\/logo\/image\/","url":"https:\/\/www.press7.tv\/wp-content\/uploads\/2024\/02\/logo-news33-black.png","contentUrl":"https:\/\/www.press7.tv\/wp-content\/uploads\/2024\/02\/logo-news33-black.png","width":180,"height":37,"caption":"News33.tv Media"},"image":{"@id":"https:\/\/www.news33.tv\/#\/schema\/logo\/image\/"},"sameAs":["https:\/\/www.facebook.com\/press7.tv"]},{"@type":"Person","@id":"https:\/\/www.news33.tv\/#\/schema\/person\/5a04a38a23ccdba82f9bd665cd8f9efa","name":"gazetar2","image":{"@type":"ImageObject","inLanguage":"en-US","@id":"https:\/\/www.news33.tv\/#\/schema\/person\/image\/","url":"https:\/\/www.press7.tv\/wp-content\/litespeed\/avatar\/41975e402c3049d9ddb03adca8f7a883.jpg?ver=1777169572","contentUrl":"https:\/\/www.press7.tv\/wp-content\/litespeed\/avatar\/41975e402c3049d9ddb03adca8f7a883.jpg?ver=1777169572","caption":"gazetar2"},"url":"https:\/\/www.press7.tv\/?author=8"}]}},"amp_enabled":true,"_links":{"self":[{"href":"https:\/\/www.press7.tv\/index.php?rest_route=\/wp\/v2\/posts\/20702","targetHints":{"allow":["GET"]}}],"collection":[{"href":"https:\/\/www.press7.tv\/index.php?rest_route=\/wp\/v2\/posts"}],"about":[{"href":"https:\/\/www.press7.tv\/index.php?rest_route=\/wp\/v2\/types\/post"}],"author":[{"embeddable":true,"href":"https:\/\/www.press7.tv\/index.php?rest_route=\/wp\/v2\/users\/8"}],"replies":[{"embeddable":true,"href":"https:\/\/www.press7.tv\/index.php?rest_route=%2Fwp%2Fv2%2Fcomments&post=20702"}],"version-history":[{"count":1,"href":"https:\/\/www.press7.tv\/index.php?rest_route=\/wp\/v2\/posts\/20702\/revisions"}],"predecessor-version":[{"id":20704,"href":"https:\/\/www.press7.tv\/index.php?rest_route=\/wp\/v2\/posts\/20702\/revisions\/20704"}],"wp:featuredmedia":[{"embeddable":true,"href":"https:\/\/www.press7.tv\/index.php?rest_route=\/wp\/v2\/media\/20703"}],"wp:attachment":[{"href":"https:\/\/www.press7.tv\/index.php?rest_route=%2Fwp%2Fv2%2Fmedia&parent=20702"}],"wp:term":[{"taxonomy":"category","embeddable":true,"href":"https:\/\/www.press7.tv\/index.php?rest_route=%2Fwp%2Fv2%2Fcategories&post=20702"},{"taxonomy":"post_tag","embeddable":true,"href":"https:\/\/www.press7.tv\/index.php?rest_route=%2Fwp%2Fv2%2Ftags&post=20702"}],"curies":[{"name":"wp","href":"https:\/\/api.w.org\/{rel}","templated":true}]}}