{"id":20696,"date":"2025-07-05T14:23:41","date_gmt":"2025-07-05T14:23:41","guid":{"rendered":"https:\/\/www.press7.tv\/?p=20696"},"modified":"2025-07-05T14:23:41","modified_gmt":"2025-07-05T14:23:41","slug":"ne-shkup-u-themelua-levizja-arberia-nje-organizim-i-ri-politik","status":"publish","type":"post","link":"https:\/\/www.press7.tv\/?p=20696","title":{"rendered":"N\u00eb Shkup u themelua L\u00ebvizja \u201cArb\u00ebria\u201d, nj\u00eb organizim i ri politik"},"content":{"rendered":"\n    <div class=\"xs_social_share_widget xs_share_url before_content \t\tmain_content  wslu-style-2 wslu-share-box-shaped wslu-fill-colored wslu-share-m-5 wslu-none wslu-share-vertical wslu-theme-font-no wslu-main_content\">\n\n\t\t\n        <ul>\n\t\t\t        <\/ul>\n    <\/div> \n<p>N\u00eb Shkup u themelua L\u00ebvizja \u201cArb\u00ebria\u201d, nj\u00eb organizim politik q\u00eb themeluesit thon\u00eb se nuk \u00ebsht\u00eb n\u00eb formatin e nj\u00eb partie, por vet\u00ebdije t\u00eb re, revolt\u00eb ndaj zhg\u00ebnjimit politik, manipulimit me aktivist\u00ebt, dhe shfryt\u00ebzimit t\u00eb qytetarit. L\u00ebvizja sipas njoftimit n\u00eb Kuvendit Themelues, nuk do t\u00eb ket\u00eb kryetar, por K\u00ebshill Drejtues, i cili p\u00ebrb\u00ebhet prej 9 deri n\u00eb 15 an\u00ebtar\u00eb. Pjes\u00eb e k\u00ebshillit jan\u00eb tre ish deputet\u00eb t\u00eb Partis\u00eb Demokratike Shqiptare, Bekim Fazliu, Orhan Ibrahimi dhe Merale Ferati. Krahas tyre, do t\u00eb jet\u00eb edhe profesori Mitasin Beqiri. Tani p\u00ebr tani, nga l\u00ebvizja nuk zbuluan n\u00ebse do t\u00eb marrin pjes\u00eb n\u00eb zgjedhjet lokale t\u00eb tetorit, nd\u00ebrsa theksuan se megjithat\u00eb kan\u00eb vija t\u00eb kuqe p\u00ebr parti t\u00eb caktuara.<\/p>\n<p>\u201cKjo l\u00ebvizje nuk niset si parti politike sepse e dim\u00eb fare mir\u00eb se n\u00eb \u00e7far\u00eb jan\u00eb shnd\u00ebrruar partit\u00eb tona shqiptare. N\u00eb nd\u00ebrmarrje private t\u00eb interesave t\u00eb ngushta q\u00eb ne em\u00ebr t\u00eb popullit e shfryt\u00ebzojn\u00eb popullin, nd\u00ebrmarrje private t\u00eb kryetar\u00ebve q\u00eb shfryt\u00ebzojn\u00eb aktivistin p\u00ebr t\u00eb fituar miliona p\u00ebr vete e q\u00eb e l\u00ebn\u00eb aktivistin t\u00eb varur pas nj\u00eb kontrate ose edhe m\u00eb keq me vite t\u00eb papun\u00eb. Parti q\u00eb n\u00eb em\u00ebr t\u00eb p\u00ebrfaq\u00ebsimit kan\u00eb instaluar klienteliz\u00ebm, serviliz\u00ebm dhe padrejt\u00ebsi\u201d, tha Bekim Fazliu, L\u00ebvizja \u201cArb\u00ebria\u201d.\/Alsat.mk<\/p>\n","protected":false},"excerpt":{"rendered":"<p>N\u00eb Shkup u themelua L\u00ebvizja \u201cArb\u00ebria\u201d, nj\u00eb organizim politik q\u00eb themeluesit thon\u00eb se nuk \u00ebsht\u00eb n\u00eb formatin e nj\u00eb partie, por vet\u00ebdije t\u00eb re, revolt\u00eb ndaj zhg\u00ebnjimit politik, manipulimit me aktivist\u00ebt, dhe shfryt\u00ebzimit t\u00eb qytetarit. L\u00ebvizja sipas njoftimit n\u00eb Kuvendit Themelues, nuk do t\u00eb ket\u00eb kryetar, por K\u00ebshill Drejtues, i cili p\u00ebrb\u00ebhet prej 9 deri [&hellip;]<\/p>\n","protected":false},"author":8,"featured_media":20697,"comment_status":"closed","ping_status":"closed","sticky":false,"template":"","format":"standard","meta":{"footnotes":""},"categories":[213,214],"tags":[],"class_list":["post-20696","post","type-post","status-publish","format-standard","has-post-thumbnail","hentry","category-lajme","category-maqedoni"],"yoast_head":"<!-- This site is optimized with the Yoast SEO plugin v25.1 - https:\/\/yoast.com\/wordpress\/plugins\/seo\/ -->\n<title>N\u00eb Shkup u themelua L\u00ebvizja \u201cArb\u00ebria\u201d, nj\u00eb organizim i ri politik - press7.tv<\/title>\n<meta name=\"robots\" content=\"index, follow, max-snippet:-1, max-image-preview:large, max-video-preview:-1\" \/>\n<link rel=\"canonical\" href=\"https:\/\/www.press7.tv\/?p=20696\" \/>\n<meta property=\"og:locale\" content=\"en_US\" \/>\n<meta property=\"og:type\" content=\"article\" \/>\n<meta property=\"og:title\" content=\"N\u00eb Shkup u themelua L\u00ebvizja \u201cArb\u00ebria\u201d, nj\u00eb organizim i ri politik - press7.tv\" \/>\n<meta property=\"og:description\" content=\"N\u00eb Shkup u themelua L\u00ebvizja \u201cArb\u00ebria\u201d, nj\u00eb organizim politik q\u00eb themeluesit thon\u00eb se nuk \u00ebsht\u00eb n\u00eb formatin e nj\u00eb partie, por vet\u00ebdije t\u00eb re, revolt\u00eb ndaj zhg\u00ebnjimit politik, manipulimit me aktivist\u00ebt, dhe shfryt\u00ebzimit t\u00eb qytetarit. L\u00ebvizja sipas njoftimit n\u00eb Kuvendit Themelues, nuk do t\u00eb ket\u00eb kryetar, por K\u00ebshill Drejtues, i cili p\u00ebrb\u00ebhet prej 9 deri [&hellip;]\" \/>\n<meta property=\"og:url\" content=\"https:\/\/www.press7.tv\/?p=20696\" \/>\n<meta property=\"og:site_name\" content=\"press7.tv\" \/>\n<meta property=\"article:publisher\" content=\"https:\/\/www.facebook.com\/press7.tv\" \/>\n<meta property=\"article:published_time\" content=\"2025-07-05T14:23:41+00:00\" \/>\n<meta property=\"og:image\" content=\"https:\/\/www.press7.tv\/wp-content\/uploads\/2025\/07\/36bea5f5-2bc5-4c16-bd8e-4ea92c38c167.avif\" \/>\n\t<meta property=\"og:image:width\" content=\"2048\" \/>\n\t<meta property=\"og:image:height\" content=\"1070\" \/>\n\t<meta property=\"og:image:type\" content=\"image\/jpeg\" \/>\n<meta name=\"author\" content=\"gazetar2\" \/>\n<meta name=\"twitter:card\" content=\"summary_large_image\" \/>\n<meta name=\"twitter:label1\" content=\"Written by\" \/>\n\t<meta name=\"twitter:data1\" content=\"gazetar2\" \/>\n\t<meta name=\"twitter:label2\" content=\"Est. reading time\" \/>\n\t<meta name=\"twitter:data2\" content=\"1 minute\" \/>\n<script type=\"application\/ld+json\" class=\"yoast-schema-graph\">{\"@context\":\"https:\/\/schema.org\",\"@graph\":[{\"@type\":\"Article\",\"@id\":\"https:\/\/www.press7.tv\/?p=20696#article\",\"isPartOf\":{\"@id\":\"https:\/\/www.press7.tv\/?p=20696\"},\"author\":{\"name\":\"gazetar2\",\"@id\":\"https:\/\/www.news33.tv\/#\/schema\/person\/5a04a38a23ccdba82f9bd665cd8f9efa\"},\"headline\":\"N\u00eb Shkup u themelua L\u00ebvizja \u201cArb\u00ebria\u201d, nj\u00eb organizim i ri politik\",\"datePublished\":\"2025-07-05T14:23:41+00:00\",\"mainEntityOfPage\":{\"@id\":\"https:\/\/www.press7.tv\/?p=20696\"},\"wordCount\":246,\"publisher\":{\"@id\":\"https:\/\/www.news33.tv\/#organization\"},\"image\":{\"@id\":\"https:\/\/www.press7.tv\/?p=20696#primaryimage\"},\"thumbnailUrl\":\"https:\/\/www.press7.tv\/wp-content\/uploads\/2025\/07\/36bea5f5-2bc5-4c16-bd8e-4ea92c38c167.avif\",\"articleSection\":[\"Lajme\",\"Maqedoni\"],\"inLanguage\":\"en-US\"},{\"@type\":\"WebPage\",\"@id\":\"https:\/\/www.press7.tv\/?p=20696\",\"url\":\"https:\/\/www.press7.tv\/?p=20696\",\"name\":\"N\u00eb Shkup u themelua L\u00ebvizja \u201cArb\u00ebria\u201d, nj\u00eb organizim i ri politik - press7.tv\",\"isPartOf\":{\"@id\":\"https:\/\/www.news33.tv\/#website\"},\"primaryImageOfPage\":{\"@id\":\"https:\/\/www.press7.tv\/?p=20696#primaryimage\"},\"image\":{\"@id\":\"https:\/\/www.press7.tv\/?p=20696#primaryimage\"},\"thumbnailUrl\":\"https:\/\/www.press7.tv\/wp-content\/uploads\/2025\/07\/36bea5f5-2bc5-4c16-bd8e-4ea92c38c167.avif\",\"datePublished\":\"2025-07-05T14:23:41+00:00\",\"breadcrumb\":{\"@id\":\"https:\/\/www.press7.tv\/?p=20696#breadcrumb\"},\"inLanguage\":\"en-US\",\"potentialAction\":[{\"@type\":\"ReadAction\",\"target\":[\"https:\/\/www.press7.tv\/?p=20696\"]}]},{\"@type\":\"ImageObject\",\"inLanguage\":\"en-US\",\"@id\":\"https:\/\/www.press7.tv\/?p=20696#primaryimage\",\"url\":\"https:\/\/www.press7.tv\/wp-content\/uploads\/2025\/07\/36bea5f5-2bc5-4c16-bd8e-4ea92c38c167.avif\",\"contentUrl\":\"https:\/\/www.press7.tv\/wp-content\/uploads\/2025\/07\/36bea5f5-2bc5-4c16-bd8e-4ea92c38c167.avif\",\"width\":2048,\"height\":1070},{\"@type\":\"BreadcrumbList\",\"@id\":\"https:\/\/www.press7.tv\/?p=20696#breadcrumb\",\"itemListElement\":[{\"@type\":\"ListItem\",\"position\":1,\"name\":\"Home\",\"item\":\"https:\/\/www.press7.tv\/\"},{\"@type\":\"ListItem\",\"position\":2,\"name\":\"N\u00eb Shkup u themelua L\u00ebvizja \u201cArb\u00ebria\u201d, nj\u00eb organizim i ri politik\"}]},{\"@type\":\"WebSite\",\"@id\":\"https:\/\/www.news33.tv\/#website\",\"url\":\"https:\/\/www.news33.tv\/\",\"name\":\"News33.tv Media\",\"description\":\"Media\",\"publisher\":{\"@id\":\"https:\/\/www.news33.tv\/#organization\"},\"potentialAction\":[{\"@type\":\"SearchAction\",\"target\":{\"@type\":\"EntryPoint\",\"urlTemplate\":\"https:\/\/www.news33.tv\/?s={search_term_string}\"},\"query-input\":{\"@type\":\"PropertyValueSpecification\",\"valueRequired\":true,\"valueName\":\"search_term_string\"}}],\"inLanguage\":\"en-US\"},{\"@type\":\"Organization\",\"@id\":\"https:\/\/www.news33.tv\/#organization\",\"name\":\"News33.tv Media\",\"url\":\"https:\/\/www.news33.tv\/\",\"logo\":{\"@type\":\"ImageObject\",\"inLanguage\":\"en-US\",\"@id\":\"https:\/\/www.news33.tv\/#\/schema\/logo\/image\/\",\"url\":\"https:\/\/www.press7.tv\/wp-content\/uploads\/2024\/02\/logo-news33-black.png\",\"contentUrl\":\"https:\/\/www.press7.tv\/wp-content\/uploads\/2024\/02\/logo-news33-black.png\",\"width\":180,\"height\":37,\"caption\":\"News33.tv Media\"},\"image\":{\"@id\":\"https:\/\/www.news33.tv\/#\/schema\/logo\/image\/\"},\"sameAs\":[\"https:\/\/www.facebook.com\/press7.tv\"]},{\"@type\":\"Person\",\"@id\":\"https:\/\/www.news33.tv\/#\/schema\/person\/5a04a38a23ccdba82f9bd665cd8f9efa\",\"name\":\"gazetar2\",\"image\":{\"@type\":\"ImageObject\",\"inLanguage\":\"en-US\",\"@id\":\"https:\/\/www.news33.tv\/#\/schema\/person\/image\/\",\"url\":\"https:\/\/www.press7.tv\/wp-content\/litespeed\/avatar\/41975e402c3049d9ddb03adca8f7a883.jpg?ver=1777169572\",\"contentUrl\":\"https:\/\/www.press7.tv\/wp-content\/litespeed\/avatar\/41975e402c3049d9ddb03adca8f7a883.jpg?ver=1777169572\",\"caption\":\"gazetar2\"},\"url\":\"https:\/\/www.press7.tv\/?author=8\"}]}<\/script>\n<!-- \/ Yoast SEO plugin. -->","yoast_head_json":{"title":"N\u00eb Shkup u themelua L\u00ebvizja \u201cArb\u00ebria\u201d, nj\u00eb organizim i ri politik - press7.tv","robots":{"index":"index","follow":"follow","max-snippet":"max-snippet:-1","max-image-preview":"max-image-preview:large","max-video-preview":"max-video-preview:-1"},"canonical":"https:\/\/www.press7.tv\/?p=20696","og_locale":"en_US","og_type":"article","og_title":"N\u00eb Shkup u themelua L\u00ebvizja \u201cArb\u00ebria\u201d, nj\u00eb organizim i ri politik - press7.tv","og_description":"N\u00eb Shkup u themelua L\u00ebvizja \u201cArb\u00ebria\u201d, nj\u00eb organizim politik q\u00eb themeluesit thon\u00eb se nuk \u00ebsht\u00eb n\u00eb formatin e nj\u00eb partie, por vet\u00ebdije t\u00eb re, revolt\u00eb ndaj zhg\u00ebnjimit politik, manipulimit me aktivist\u00ebt, dhe shfryt\u00ebzimit t\u00eb qytetarit. L\u00ebvizja sipas njoftimit n\u00eb Kuvendit Themelues, nuk do t\u00eb ket\u00eb kryetar, por K\u00ebshill Drejtues, i cili p\u00ebrb\u00ebhet prej 9 deri [&hellip;]","og_url":"https:\/\/www.press7.tv\/?p=20696","og_site_name":"press7.tv","article_publisher":"https:\/\/www.facebook.com\/press7.tv","article_published_time":"2025-07-05T14:23:41+00:00","og_image":[{"width":2048,"height":1070,"url":"https:\/\/www.press7.tv\/wp-content\/uploads\/2025\/07\/36bea5f5-2bc5-4c16-bd8e-4ea92c38c167.avif","type":"image\/jpeg"}],"author":"gazetar2","twitter_card":"summary_large_image","twitter_misc":{"Written by":"gazetar2","Est. reading time":"1 minute"},"schema":{"@context":"https:\/\/schema.org","@graph":[{"@type":"Article","@id":"https:\/\/www.press7.tv\/?p=20696#article","isPartOf":{"@id":"https:\/\/www.press7.tv\/?p=20696"},"author":{"name":"gazetar2","@id":"https:\/\/www.news33.tv\/#\/schema\/person\/5a04a38a23ccdba82f9bd665cd8f9efa"},"headline":"N\u00eb Shkup u themelua L\u00ebvizja \u201cArb\u00ebria\u201d, nj\u00eb organizim i ri politik","datePublished":"2025-07-05T14:23:41+00:00","mainEntityOfPage":{"@id":"https:\/\/www.press7.tv\/?p=20696"},"wordCount":246,"publisher":{"@id":"https:\/\/www.news33.tv\/#organization"},"image":{"@id":"https:\/\/www.press7.tv\/?p=20696#primaryimage"},"thumbnailUrl":"https:\/\/www.press7.tv\/wp-content\/uploads\/2025\/07\/36bea5f5-2bc5-4c16-bd8e-4ea92c38c167.avif","articleSection":["Lajme","Maqedoni"],"inLanguage":"en-US"},{"@type":"WebPage","@id":"https:\/\/www.press7.tv\/?p=20696","url":"https:\/\/www.press7.tv\/?p=20696","name":"N\u00eb Shkup u themelua L\u00ebvizja \u201cArb\u00ebria\u201d, nj\u00eb organizim i ri politik - press7.tv","isPartOf":{"@id":"https:\/\/www.news33.tv\/#website"},"primaryImageOfPage":{"@id":"https:\/\/www.press7.tv\/?p=20696#primaryimage"},"image":{"@id":"https:\/\/www.press7.tv\/?p=20696#primaryimage"},"thumbnailUrl":"https:\/\/www.press7.tv\/wp-content\/uploads\/2025\/07\/36bea5f5-2bc5-4c16-bd8e-4ea92c38c167.avif","datePublished":"2025-07-05T14:23:41+00:00","breadcrumb":{"@id":"https:\/\/www.press7.tv\/?p=20696#breadcrumb"},"inLanguage":"en-US","potentialAction":[{"@type":"ReadAction","target":["https:\/\/www.press7.tv\/?p=20696"]}]},{"@type":"ImageObject","inLanguage":"en-US","@id":"https:\/\/www.press7.tv\/?p=20696#primaryimage","url":"https:\/\/www.press7.tv\/wp-content\/uploads\/2025\/07\/36bea5f5-2bc5-4c16-bd8e-4ea92c38c167.avif","contentUrl":"https:\/\/www.press7.tv\/wp-content\/uploads\/2025\/07\/36bea5f5-2bc5-4c16-bd8e-4ea92c38c167.avif","width":2048,"height":1070},{"@type":"BreadcrumbList","@id":"https:\/\/www.press7.tv\/?p=20696#breadcrumb","itemListElement":[{"@type":"ListItem","position":1,"name":"Home","item":"https:\/\/www.press7.tv\/"},{"@type":"ListItem","position":2,"name":"N\u00eb Shkup u themelua L\u00ebvizja \u201cArb\u00ebria\u201d, nj\u00eb organizim i ri politik"}]},{"@type":"WebSite","@id":"https:\/\/www.news33.tv\/#website","url":"https:\/\/www.news33.tv\/","name":"News33.tv Media","description":"Media","publisher":{"@id":"https:\/\/www.news33.tv\/#organization"},"potentialAction":[{"@type":"SearchAction","target":{"@type":"EntryPoint","urlTemplate":"https:\/\/www.news33.tv\/?s={search_term_string}"},"query-input":{"@type":"PropertyValueSpecification","valueRequired":true,"valueName":"search_term_string"}}],"inLanguage":"en-US"},{"@type":"Organization","@id":"https:\/\/www.news33.tv\/#organization","name":"News33.tv Media","url":"https:\/\/www.news33.tv\/","logo":{"@type":"ImageObject","inLanguage":"en-US","@id":"https:\/\/www.news33.tv\/#\/schema\/logo\/image\/","url":"https:\/\/www.press7.tv\/wp-content\/uploads\/2024\/02\/logo-news33-black.png","contentUrl":"https:\/\/www.press7.tv\/wp-content\/uploads\/2024\/02\/logo-news33-black.png","width":180,"height":37,"caption":"News33.tv Media"},"image":{"@id":"https:\/\/www.news33.tv\/#\/schema\/logo\/image\/"},"sameAs":["https:\/\/www.facebook.com\/press7.tv"]},{"@type":"Person","@id":"https:\/\/www.news33.tv\/#\/schema\/person\/5a04a38a23ccdba82f9bd665cd8f9efa","name":"gazetar2","image":{"@type":"ImageObject","inLanguage":"en-US","@id":"https:\/\/www.news33.tv\/#\/schema\/person\/image\/","url":"https:\/\/www.press7.tv\/wp-content\/litespeed\/avatar\/41975e402c3049d9ddb03adca8f7a883.jpg?ver=1777169572","contentUrl":"https:\/\/www.press7.tv\/wp-content\/litespeed\/avatar\/41975e402c3049d9ddb03adca8f7a883.jpg?ver=1777169572","caption":"gazetar2"},"url":"https:\/\/www.press7.tv\/?author=8"}]}},"amp_enabled":true,"_links":{"self":[{"href":"https:\/\/www.press7.tv\/index.php?rest_route=\/wp\/v2\/posts\/20696","targetHints":{"allow":["GET"]}}],"collection":[{"href":"https:\/\/www.press7.tv\/index.php?rest_route=\/wp\/v2\/posts"}],"about":[{"href":"https:\/\/www.press7.tv\/index.php?rest_route=\/wp\/v2\/types\/post"}],"author":[{"embeddable":true,"href":"https:\/\/www.press7.tv\/index.php?rest_route=\/wp\/v2\/users\/8"}],"replies":[{"embeddable":true,"href":"https:\/\/www.press7.tv\/index.php?rest_route=%2Fwp%2Fv2%2Fcomments&post=20696"}],"version-history":[{"count":1,"href":"https:\/\/www.press7.tv\/index.php?rest_route=\/wp\/v2\/posts\/20696\/revisions"}],"predecessor-version":[{"id":20698,"href":"https:\/\/www.press7.tv\/index.php?rest_route=\/wp\/v2\/posts\/20696\/revisions\/20698"}],"wp:featuredmedia":[{"embeddable":true,"href":"https:\/\/www.press7.tv\/index.php?rest_route=\/wp\/v2\/media\/20697"}],"wp:attachment":[{"href":"https:\/\/www.press7.tv\/index.php?rest_route=%2Fwp%2Fv2%2Fmedia&parent=20696"}],"wp:term":[{"taxonomy":"category","embeddable":true,"href":"https:\/\/www.press7.tv\/index.php?rest_route=%2Fwp%2Fv2%2Fcategories&post=20696"},{"taxonomy":"post_tag","embeddable":true,"href":"https:\/\/www.press7.tv\/index.php?rest_route=%2Fwp%2Fv2%2Ftags&post=20696"}],"curies":[{"name":"wp","href":"https:\/\/api.w.org\/{rel}","templated":true}]}}