{"id":20693,"date":"2025-07-05T12:49:20","date_gmt":"2025-07-05T12:49:20","guid":{"rendered":"https:\/\/www.press7.tv\/?p=20693"},"modified":"2025-07-05T12:49:20","modified_gmt":"2025-07-05T12:49:20","slug":"mungesa-e-ronaldos-ne-varrimin-e-jotas-shkakton-reagime-te-ashpra-ne-portugali","status":"publish","type":"post","link":"https:\/\/www.press7.tv\/?p=20693","title":{"rendered":"Mungesa e Ronaldos n\u00eb varrimin e Jotas shkakton reagime t\u00eb ashpra n\u00eb Portugali"},"content":{"rendered":"\n    <div class=\"xs_social_share_widget xs_share_url before_content \t\tmain_content  wslu-style-2 wslu-share-box-shaped wslu-fill-colored wslu-share-m-5 wslu-none wslu-share-vertical wslu-theme-font-no wslu-main_content\">\n\n\t\t\n        <ul>\n\t\t\t        <\/ul>\n    <\/div> \n<p>Kapiteni i Komb\u00ebtares s\u00eb Portugalis\u00eb, Cristiano Ronaldo, nuk mori pjes\u00eb n\u00eb ceremonin\u00eb mortore t\u00eb ish-bashk\u00eblojtarit t\u00eb tij Diogo Jota dhe v\u00ebllait t\u00eb tij Andre Silva, t\u00eb cil\u00ebt u varros\u00ebn sot (e shtun\u00eb) n\u00eb Gondomar, Portugali.<\/p>\n<p>Ronaldo, lojtari me m\u00eb s\u00eb shumti paraqitje n\u00eb historin\u00eb e Portugalis\u00eb, pritej t\u00eb udh\u00ebtonte p\u00ebr n\u00eb Gondomar p\u00ebr t\u00eb nderuar nj\u00eb bashk\u00eblojtar me t\u00eb cilin kishte ndar\u00eb fush\u00ebn e gjelb\u00ebr p\u00ebr vite me radh\u00eb. Por, ai mungoi si n\u00eb homazhet e nj\u00eb dite m\u00eb par\u00eb, ashtu edhe n\u00eb ceremonin\u00eb e varrimit, ndon\u00ebse aty ishin t\u00eb pranish\u00ebm shum\u00eb futbollist\u00eb t\u00eb Komb\u00ebtares portugeze dhe t\u00eb klubeve ku kishte luajtur Jota.<\/p>\n<p>Sipas mediave lokale n\u00eb Spanj\u00eb, Ronaldo ndodhet aktualisht me pushime n\u00eb Palma de Mallorca, ku \u00ebsht\u00eb par\u00eb n\u00eb dy destinacione luksoze.<\/p>\n<p>Mungesa e tij ka shkaktuar reagime t\u00eb ashpra nga gazetar\u00eb dhe analist\u00eb sportiv\u00eb n\u00eb Portugali. Antonio Ribeiro, gjat\u00eb mesh\u00ebs mortore, u shpreh i zhg\u00ebnjyer me munges\u00ebn e kapitenit.<\/p>\n<p>\u201c\u00cbsht\u00eb kapiteni i Komb\u00ebtares. T\u00eb gjith\u00eb e prisnim t\u00eb ishte aty. Ndoshta ka ndonj\u00eb arsye q\u00eb nuk e dim\u00eb, por n\u00ebse nuk erdhi, duhet t\u00eb jap\u00eb nj\u00eb shpjegim. Ka p\u00ebrgjegj\u00ebsi, \u00ebsht\u00eb kapiten\u201d, ka th\u00ebn\u00eb ai.<\/p>\n<p>M\u00eb i ashp\u00ebr n\u00eb reagim ishte komentatori sportiv Luis Cristovao, i cili e quajti t\u00eb pashpjegueshme munges\u00ebn e Ronaldos.<\/p>\n<p>\u201cP\u00ebrderisa \u00ebsht\u00eb e pashpjegueshme, \u00e7do arsyetim nuk do t\u00eb jet\u00eb i mjaftuesh\u00ebm p\u00ebr at\u00eb q\u00eb ka munguar\u201d, u shpreh ai.<\/p>\n<p>Nd\u00ebrsa analisti Pedro Fatela paralajm\u00ebroi se kjo \u00e7\u00ebshtje do t\u00eb jet\u00eb tem\u00eb diskutimi p\u00ebr dit\u00eb t\u00eb t\u00ebra.<\/p>\n<p>\u201cKjo munges\u00eb do t\u00eb diskutohet p\u00ebr dit\u00eb t\u00eb t\u00ebra. Do ta kuptojm\u00eb pse nuk mundi t\u00eb udh\u00ebtonte p\u00ebr n\u00eb Gondomar, por ai \u00ebsht\u00eb kapiten. T\u00eb gjith\u00eb e prisnim t\u00eb paraqitej\u201d, p\u00ebrfundoi ai.<\/p>\n","protected":false},"excerpt":{"rendered":"<p>Kapiteni i Komb\u00ebtares s\u00eb Portugalis\u00eb, Cristiano Ronaldo, nuk mori pjes\u00eb n\u00eb ceremonin\u00eb mortore t\u00eb ish-bashk\u00eblojtarit t\u00eb tij Diogo Jota dhe v\u00ebllait t\u00eb tij Andre Silva, t\u00eb cil\u00ebt u varros\u00ebn sot (e shtun\u00eb) n\u00eb Gondomar, Portugali. Ronaldo, lojtari me m\u00eb s\u00eb shumti paraqitje n\u00eb historin\u00eb e Portugalis\u00eb, pritej t\u00eb udh\u00ebtonte p\u00ebr n\u00eb Gondomar p\u00ebr t\u00eb nderuar [&hellip;]<\/p>\n","protected":false},"author":8,"featured_media":20694,"comment_status":"closed","ping_status":"closed","sticky":false,"template":"","format":"standard","meta":{"footnotes":""},"categories":[226],"tags":[],"class_list":["post-20693","post","type-post","status-publish","format-standard","has-post-thumbnail","hentry","category-sport"],"yoast_head":"<!-- This site is optimized with the Yoast SEO plugin v25.1 - https:\/\/yoast.com\/wordpress\/plugins\/seo\/ -->\n<title>Mungesa e Ronaldos n\u00eb varrimin e Jotas shkakton reagime t\u00eb ashpra n\u00eb Portugali - press7.tv<\/title>\n<meta name=\"robots\" content=\"index, follow, max-snippet:-1, max-image-preview:large, max-video-preview:-1\" \/>\n<link rel=\"canonical\" href=\"https:\/\/www.press7.tv\/?p=20693\" \/>\n<meta property=\"og:locale\" content=\"en_US\" \/>\n<meta property=\"og:type\" content=\"article\" \/>\n<meta property=\"og:title\" content=\"Mungesa e Ronaldos n\u00eb varrimin e Jotas shkakton reagime t\u00eb ashpra n\u00eb Portugali - press7.tv\" \/>\n<meta property=\"og:description\" content=\"Kapiteni i Komb\u00ebtares s\u00eb Portugalis\u00eb, Cristiano Ronaldo, nuk mori pjes\u00eb n\u00eb ceremonin\u00eb mortore t\u00eb ish-bashk\u00eblojtarit t\u00eb tij Diogo Jota dhe v\u00ebllait t\u00eb tij Andre Silva, t\u00eb cil\u00ebt u varros\u00ebn sot (e shtun\u00eb) n\u00eb Gondomar, Portugali. Ronaldo, lojtari me m\u00eb s\u00eb shumti paraqitje n\u00eb historin\u00eb e Portugalis\u00eb, pritej t\u00eb udh\u00ebtonte p\u00ebr n\u00eb Gondomar p\u00ebr t\u00eb nderuar [&hellip;]\" \/>\n<meta property=\"og:url\" content=\"https:\/\/www.press7.tv\/?p=20693\" \/>\n<meta property=\"og:site_name\" content=\"press7.tv\" \/>\n<meta property=\"article:publisher\" content=\"https:\/\/www.facebook.com\/press7.tv\" \/>\n<meta property=\"article:published_time\" content=\"2025-07-05T12:49:20+00:00\" \/>\n<meta property=\"og:image\" content=\"https:\/\/www.press7.tv\/wp-content\/uploads\/2025\/07\/IMG_6032.avif\" \/>\n\t<meta property=\"og:image:width\" content=\"900\" \/>\n\t<meta property=\"og:image:height\" content=\"506\" \/>\n\t<meta property=\"og:image:type\" content=\"image\/webp\" \/>\n<meta name=\"author\" content=\"gazetar2\" \/>\n<meta name=\"twitter:card\" content=\"summary_large_image\" \/>\n<meta name=\"twitter:label1\" content=\"Written by\" \/>\n\t<meta name=\"twitter:data1\" content=\"gazetar2\" \/>\n\t<meta name=\"twitter:label2\" content=\"Est. reading time\" \/>\n\t<meta name=\"twitter:data2\" content=\"1 minute\" \/>\n<script type=\"application\/ld+json\" class=\"yoast-schema-graph\">{\"@context\":\"https:\/\/schema.org\",\"@graph\":[{\"@type\":\"Article\",\"@id\":\"https:\/\/www.press7.tv\/?p=20693#article\",\"isPartOf\":{\"@id\":\"https:\/\/www.press7.tv\/?p=20693\"},\"author\":{\"name\":\"gazetar2\",\"@id\":\"https:\/\/www.news33.tv\/#\/schema\/person\/5a04a38a23ccdba82f9bd665cd8f9efa\"},\"headline\":\"Mungesa e Ronaldos n\u00eb varrimin e Jotas shkakton reagime t\u00eb ashpra n\u00eb Portugali\",\"datePublished\":\"2025-07-05T12:49:20+00:00\",\"mainEntityOfPage\":{\"@id\":\"https:\/\/www.press7.tv\/?p=20693\"},\"wordCount\":325,\"publisher\":{\"@id\":\"https:\/\/www.news33.tv\/#organization\"},\"image\":{\"@id\":\"https:\/\/www.press7.tv\/?p=20693#primaryimage\"},\"thumbnailUrl\":\"https:\/\/www.press7.tv\/wp-content\/uploads\/2025\/07\/IMG_6032.avif\",\"articleSection\":[\"Sport\"],\"inLanguage\":\"en-US\"},{\"@type\":\"WebPage\",\"@id\":\"https:\/\/www.press7.tv\/?p=20693\",\"url\":\"https:\/\/www.press7.tv\/?p=20693\",\"name\":\"Mungesa e Ronaldos n\u00eb varrimin e Jotas shkakton reagime t\u00eb ashpra n\u00eb Portugali - press7.tv\",\"isPartOf\":{\"@id\":\"https:\/\/www.news33.tv\/#website\"},\"primaryImageOfPage\":{\"@id\":\"https:\/\/www.press7.tv\/?p=20693#primaryimage\"},\"image\":{\"@id\":\"https:\/\/www.press7.tv\/?p=20693#primaryimage\"},\"thumbnailUrl\":\"https:\/\/www.press7.tv\/wp-content\/uploads\/2025\/07\/IMG_6032.avif\",\"datePublished\":\"2025-07-05T12:49:20+00:00\",\"breadcrumb\":{\"@id\":\"https:\/\/www.press7.tv\/?p=20693#breadcrumb\"},\"inLanguage\":\"en-US\",\"potentialAction\":[{\"@type\":\"ReadAction\",\"target\":[\"https:\/\/www.press7.tv\/?p=20693\"]}]},{\"@type\":\"ImageObject\",\"inLanguage\":\"en-US\",\"@id\":\"https:\/\/www.press7.tv\/?p=20693#primaryimage\",\"url\":\"https:\/\/www.press7.tv\/wp-content\/uploads\/2025\/07\/IMG_6032.avif\",\"contentUrl\":\"https:\/\/www.press7.tv\/wp-content\/uploads\/2025\/07\/IMG_6032.avif\",\"width\":900,\"height\":506},{\"@type\":\"BreadcrumbList\",\"@id\":\"https:\/\/www.press7.tv\/?p=20693#breadcrumb\",\"itemListElement\":[{\"@type\":\"ListItem\",\"position\":1,\"name\":\"Home\",\"item\":\"https:\/\/www.press7.tv\/\"},{\"@type\":\"ListItem\",\"position\":2,\"name\":\"Mungesa e Ronaldos n\u00eb varrimin e Jotas shkakton reagime t\u00eb ashpra n\u00eb Portugali\"}]},{\"@type\":\"WebSite\",\"@id\":\"https:\/\/www.news33.tv\/#website\",\"url\":\"https:\/\/www.news33.tv\/\",\"name\":\"News33.tv Media\",\"description\":\"Media\",\"publisher\":{\"@id\":\"https:\/\/www.news33.tv\/#organization\"},\"potentialAction\":[{\"@type\":\"SearchAction\",\"target\":{\"@type\":\"EntryPoint\",\"urlTemplate\":\"https:\/\/www.news33.tv\/?s={search_term_string}\"},\"query-input\":{\"@type\":\"PropertyValueSpecification\",\"valueRequired\":true,\"valueName\":\"search_term_string\"}}],\"inLanguage\":\"en-US\"},{\"@type\":\"Organization\",\"@id\":\"https:\/\/www.news33.tv\/#organization\",\"name\":\"News33.tv Media\",\"url\":\"https:\/\/www.news33.tv\/\",\"logo\":{\"@type\":\"ImageObject\",\"inLanguage\":\"en-US\",\"@id\":\"https:\/\/www.news33.tv\/#\/schema\/logo\/image\/\",\"url\":\"https:\/\/www.press7.tv\/wp-content\/uploads\/2024\/02\/logo-news33-black.png\",\"contentUrl\":\"https:\/\/www.press7.tv\/wp-content\/uploads\/2024\/02\/logo-news33-black.png\",\"width\":180,\"height\":37,\"caption\":\"News33.tv Media\"},\"image\":{\"@id\":\"https:\/\/www.news33.tv\/#\/schema\/logo\/image\/\"},\"sameAs\":[\"https:\/\/www.facebook.com\/press7.tv\"]},{\"@type\":\"Person\",\"@id\":\"https:\/\/www.news33.tv\/#\/schema\/person\/5a04a38a23ccdba82f9bd665cd8f9efa\",\"name\":\"gazetar2\",\"image\":{\"@type\":\"ImageObject\",\"inLanguage\":\"en-US\",\"@id\":\"https:\/\/www.news33.tv\/#\/schema\/person\/image\/\",\"url\":\"https:\/\/www.press7.tv\/wp-content\/litespeed\/avatar\/41975e402c3049d9ddb03adca8f7a883.jpg?ver=1777169572\",\"contentUrl\":\"https:\/\/www.press7.tv\/wp-content\/litespeed\/avatar\/41975e402c3049d9ddb03adca8f7a883.jpg?ver=1777169572\",\"caption\":\"gazetar2\"},\"url\":\"https:\/\/www.press7.tv\/?author=8\"}]}<\/script>\n<!-- \/ Yoast SEO plugin. -->","yoast_head_json":{"title":"Mungesa e Ronaldos n\u00eb varrimin e Jotas shkakton reagime t\u00eb ashpra n\u00eb Portugali - press7.tv","robots":{"index":"index","follow":"follow","max-snippet":"max-snippet:-1","max-image-preview":"max-image-preview:large","max-video-preview":"max-video-preview:-1"},"canonical":"https:\/\/www.press7.tv\/?p=20693","og_locale":"en_US","og_type":"article","og_title":"Mungesa e Ronaldos n\u00eb varrimin e Jotas shkakton reagime t\u00eb ashpra n\u00eb Portugali - press7.tv","og_description":"Kapiteni i Komb\u00ebtares s\u00eb Portugalis\u00eb, Cristiano Ronaldo, nuk mori pjes\u00eb n\u00eb ceremonin\u00eb mortore t\u00eb ish-bashk\u00eblojtarit t\u00eb tij Diogo Jota dhe v\u00ebllait t\u00eb tij Andre Silva, t\u00eb cil\u00ebt u varros\u00ebn sot (e shtun\u00eb) n\u00eb Gondomar, Portugali. Ronaldo, lojtari me m\u00eb s\u00eb shumti paraqitje n\u00eb historin\u00eb e Portugalis\u00eb, pritej t\u00eb udh\u00ebtonte p\u00ebr n\u00eb Gondomar p\u00ebr t\u00eb nderuar [&hellip;]","og_url":"https:\/\/www.press7.tv\/?p=20693","og_site_name":"press7.tv","article_publisher":"https:\/\/www.facebook.com\/press7.tv","article_published_time":"2025-07-05T12:49:20+00:00","og_image":[{"width":900,"height":506,"url":"https:\/\/www.press7.tv\/wp-content\/uploads\/2025\/07\/IMG_6032.avif","type":"image\/webp"}],"author":"gazetar2","twitter_card":"summary_large_image","twitter_misc":{"Written by":"gazetar2","Est. reading time":"1 minute"},"schema":{"@context":"https:\/\/schema.org","@graph":[{"@type":"Article","@id":"https:\/\/www.press7.tv\/?p=20693#article","isPartOf":{"@id":"https:\/\/www.press7.tv\/?p=20693"},"author":{"name":"gazetar2","@id":"https:\/\/www.news33.tv\/#\/schema\/person\/5a04a38a23ccdba82f9bd665cd8f9efa"},"headline":"Mungesa e Ronaldos n\u00eb varrimin e Jotas shkakton reagime t\u00eb ashpra n\u00eb Portugali","datePublished":"2025-07-05T12:49:20+00:00","mainEntityOfPage":{"@id":"https:\/\/www.press7.tv\/?p=20693"},"wordCount":325,"publisher":{"@id":"https:\/\/www.news33.tv\/#organization"},"image":{"@id":"https:\/\/www.press7.tv\/?p=20693#primaryimage"},"thumbnailUrl":"https:\/\/www.press7.tv\/wp-content\/uploads\/2025\/07\/IMG_6032.avif","articleSection":["Sport"],"inLanguage":"en-US"},{"@type":"WebPage","@id":"https:\/\/www.press7.tv\/?p=20693","url":"https:\/\/www.press7.tv\/?p=20693","name":"Mungesa e Ronaldos n\u00eb varrimin e Jotas shkakton reagime t\u00eb ashpra n\u00eb Portugali - press7.tv","isPartOf":{"@id":"https:\/\/www.news33.tv\/#website"},"primaryImageOfPage":{"@id":"https:\/\/www.press7.tv\/?p=20693#primaryimage"},"image":{"@id":"https:\/\/www.press7.tv\/?p=20693#primaryimage"},"thumbnailUrl":"https:\/\/www.press7.tv\/wp-content\/uploads\/2025\/07\/IMG_6032.avif","datePublished":"2025-07-05T12:49:20+00:00","breadcrumb":{"@id":"https:\/\/www.press7.tv\/?p=20693#breadcrumb"},"inLanguage":"en-US","potentialAction":[{"@type":"ReadAction","target":["https:\/\/www.press7.tv\/?p=20693"]}]},{"@type":"ImageObject","inLanguage":"en-US","@id":"https:\/\/www.press7.tv\/?p=20693#primaryimage","url":"https:\/\/www.press7.tv\/wp-content\/uploads\/2025\/07\/IMG_6032.avif","contentUrl":"https:\/\/www.press7.tv\/wp-content\/uploads\/2025\/07\/IMG_6032.avif","width":900,"height":506},{"@type":"BreadcrumbList","@id":"https:\/\/www.press7.tv\/?p=20693#breadcrumb","itemListElement":[{"@type":"ListItem","position":1,"name":"Home","item":"https:\/\/www.press7.tv\/"},{"@type":"ListItem","position":2,"name":"Mungesa e Ronaldos n\u00eb varrimin e Jotas shkakton reagime t\u00eb ashpra n\u00eb Portugali"}]},{"@type":"WebSite","@id":"https:\/\/www.news33.tv\/#website","url":"https:\/\/www.news33.tv\/","name":"News33.tv Media","description":"Media","publisher":{"@id":"https:\/\/www.news33.tv\/#organization"},"potentialAction":[{"@type":"SearchAction","target":{"@type":"EntryPoint","urlTemplate":"https:\/\/www.news33.tv\/?s={search_term_string}"},"query-input":{"@type":"PropertyValueSpecification","valueRequired":true,"valueName":"search_term_string"}}],"inLanguage":"en-US"},{"@type":"Organization","@id":"https:\/\/www.news33.tv\/#organization","name":"News33.tv Media","url":"https:\/\/www.news33.tv\/","logo":{"@type":"ImageObject","inLanguage":"en-US","@id":"https:\/\/www.news33.tv\/#\/schema\/logo\/image\/","url":"https:\/\/www.press7.tv\/wp-content\/uploads\/2024\/02\/logo-news33-black.png","contentUrl":"https:\/\/www.press7.tv\/wp-content\/uploads\/2024\/02\/logo-news33-black.png","width":180,"height":37,"caption":"News33.tv Media"},"image":{"@id":"https:\/\/www.news33.tv\/#\/schema\/logo\/image\/"},"sameAs":["https:\/\/www.facebook.com\/press7.tv"]},{"@type":"Person","@id":"https:\/\/www.news33.tv\/#\/schema\/person\/5a04a38a23ccdba82f9bd665cd8f9efa","name":"gazetar2","image":{"@type":"ImageObject","inLanguage":"en-US","@id":"https:\/\/www.news33.tv\/#\/schema\/person\/image\/","url":"https:\/\/www.press7.tv\/wp-content\/litespeed\/avatar\/41975e402c3049d9ddb03adca8f7a883.jpg?ver=1777169572","contentUrl":"https:\/\/www.press7.tv\/wp-content\/litespeed\/avatar\/41975e402c3049d9ddb03adca8f7a883.jpg?ver=1777169572","caption":"gazetar2"},"url":"https:\/\/www.press7.tv\/?author=8"}]}},"amp_enabled":true,"_links":{"self":[{"href":"https:\/\/www.press7.tv\/index.php?rest_route=\/wp\/v2\/posts\/20693","targetHints":{"allow":["GET"]}}],"collection":[{"href":"https:\/\/www.press7.tv\/index.php?rest_route=\/wp\/v2\/posts"}],"about":[{"href":"https:\/\/www.press7.tv\/index.php?rest_route=\/wp\/v2\/types\/post"}],"author":[{"embeddable":true,"href":"https:\/\/www.press7.tv\/index.php?rest_route=\/wp\/v2\/users\/8"}],"replies":[{"embeddable":true,"href":"https:\/\/www.press7.tv\/index.php?rest_route=%2Fwp%2Fv2%2Fcomments&post=20693"}],"version-history":[{"count":1,"href":"https:\/\/www.press7.tv\/index.php?rest_route=\/wp\/v2\/posts\/20693\/revisions"}],"predecessor-version":[{"id":20695,"href":"https:\/\/www.press7.tv\/index.php?rest_route=\/wp\/v2\/posts\/20693\/revisions\/20695"}],"wp:featuredmedia":[{"embeddable":true,"href":"https:\/\/www.press7.tv\/index.php?rest_route=\/wp\/v2\/media\/20694"}],"wp:attachment":[{"href":"https:\/\/www.press7.tv\/index.php?rest_route=%2Fwp%2Fv2%2Fmedia&parent=20693"}],"wp:term":[{"taxonomy":"category","embeddable":true,"href":"https:\/\/www.press7.tv\/index.php?rest_route=%2Fwp%2Fv2%2Fcategories&post=20693"},{"taxonomy":"post_tag","embeddable":true,"href":"https:\/\/www.press7.tv\/index.php?rest_route=%2Fwp%2Fv2%2Ftags&post=20693"}],"curies":[{"name":"wp","href":"https:\/\/api.w.org\/{rel}","templated":true}]}}