{"id":20684,"date":"2025-07-05T12:19:16","date_gmt":"2025-07-05T12:19:16","guid":{"rendered":"https:\/\/www.press7.tv\/?p=20684"},"modified":"2025-07-05T12:19:16","modified_gmt":"2025-07-05T12:19:16","slug":"loshi-dikush-ne-anglisht-tha-se-bomba-eshte-vendosur-ne-kuvend-e-se-do-shpertheje-per-10-minuta","status":"publish","type":"post","link":"https:\/\/www.press7.tv\/?p=20684","title":{"rendered":"Loshi: Dikush n\u00eb anglisht tha se bomba \u00ebsht\u00eb vendosur n\u00eb Kuvend e se do shp\u00ebrthej\u00eb p\u00ebr 10 minuta"},"content":{"rendered":"\n    <div class=\"xs_social_share_widget xs_share_url before_content \t\tmain_content  wslu-style-2 wslu-share-box-shaped wslu-fill-colored wslu-share-m-5 wslu-none wslu-share-vertical wslu-theme-font-no wslu-main_content\">\n\n\t\t\n        <ul>\n\t\t\t        <\/ul>\n    <\/div> \n<p>Kushdo q\u00eb ka qen\u00eb n\u00eb nd\u00ebrtes\u00ebn e Kuvendit t\u00eb shtun\u00ebn \u00ebsht\u00eb evakuuar pas alarmit p\u00ebr bomb\u00eb, pak para nisjes s\u00eb seanc\u00ebs konstituive.<\/p>\n<p>Z\u00ebvend\u00ebsuesi i Sekretarit t\u00eb P\u00ebrgjithsh\u00ebm t\u00eb Kuvendit, Arben Loshi, ka th\u00ebn\u00eb se alarmi \u00ebsht\u00eb b\u00ebr\u00eb nga nj\u00eb person q\u00eb ka k\u00ebrc\u00ebnuar n\u00eb gjuh\u00ebn angleze.<\/p>\n<p>\u201cSipas njoftimit, \u00ebsht\u00eb k\u00ebrkuar evakuimi sepse n\u00eb gjuh\u00ebn angleze nj\u00eb person ka thirr\u00eb dhe ka th\u00ebn\u00eb q\u00eb nj\u00eb bomb\u00eb \u00ebsht\u00eb vendos\u00eb n\u00eb nd\u00ebrtes\u00eb dhe e nj\u00ebjta do shp\u00ebrthej\u00eb brenda 10 minutash\u201d, ka th\u00ebn\u00eb ai.<\/p>\n<p>Seanca konstituive t\u00eb shtun\u00ebn do t\u00eb vazhdoj\u00eb n\u00eb or\u00ebn 20:00<\/p>\n","protected":false},"excerpt":{"rendered":"<p>Kushdo q\u00eb ka qen\u00eb n\u00eb nd\u00ebrtes\u00ebn e Kuvendit t\u00eb shtun\u00ebn \u00ebsht\u00eb evakuuar pas alarmit p\u00ebr bomb\u00eb, pak para nisjes s\u00eb seanc\u00ebs konstituive. Z\u00ebvend\u00ebsuesi i Sekretarit t\u00eb P\u00ebrgjithsh\u00ebm t\u00eb Kuvendit, Arben Loshi, ka th\u00ebn\u00eb se alarmi \u00ebsht\u00eb b\u00ebr\u00eb nga nj\u00eb person q\u00eb ka k\u00ebrc\u00ebnuar n\u00eb gjuh\u00ebn angleze. \u201cSipas njoftimit, \u00ebsht\u00eb k\u00ebrkuar evakuimi sepse n\u00eb gjuh\u00ebn angleze [&hellip;]<\/p>\n","protected":false},"author":8,"featured_media":20685,"comment_status":"closed","ping_status":"closed","sticky":false,"template":"","format":"standard","meta":{"footnotes":""},"categories":[213,214],"tags":[],"class_list":["post-20684","post","type-post","status-publish","format-standard","has-post-thumbnail","hentry","category-lajme","category-maqedoni"],"yoast_head":"<!-- This site is optimized with the Yoast SEO plugin v25.1 - https:\/\/yoast.com\/wordpress\/plugins\/seo\/ -->\n<title>Loshi: Dikush n\u00eb anglisht tha se bomba \u00ebsht\u00eb vendosur n\u00eb Kuvend e se do shp\u00ebrthej\u00eb p\u00ebr 10 minuta - press7.tv<\/title>\n<meta name=\"robots\" content=\"index, follow, max-snippet:-1, max-image-preview:large, max-video-preview:-1\" \/>\n<link rel=\"canonical\" href=\"https:\/\/www.press7.tv\/?p=20684\" \/>\n<meta property=\"og:locale\" content=\"en_US\" \/>\n<meta property=\"og:type\" content=\"article\" \/>\n<meta property=\"og:title\" content=\"Loshi: Dikush n\u00eb anglisht tha se bomba \u00ebsht\u00eb vendosur n\u00eb Kuvend e se do shp\u00ebrthej\u00eb p\u00ebr 10 minuta - press7.tv\" \/>\n<meta property=\"og:description\" content=\"Kushdo q\u00eb ka qen\u00eb n\u00eb nd\u00ebrtes\u00ebn e Kuvendit t\u00eb shtun\u00ebn \u00ebsht\u00eb evakuuar pas alarmit p\u00ebr bomb\u00eb, pak para nisjes s\u00eb seanc\u00ebs konstituive. Z\u00ebvend\u00ebsuesi i Sekretarit t\u00eb P\u00ebrgjithsh\u00ebm t\u00eb Kuvendit, Arben Loshi, ka th\u00ebn\u00eb se alarmi \u00ebsht\u00eb b\u00ebr\u00eb nga nj\u00eb person q\u00eb ka k\u00ebrc\u00ebnuar n\u00eb gjuh\u00ebn angleze. \u201cSipas njoftimit, \u00ebsht\u00eb k\u00ebrkuar evakuimi sepse n\u00eb gjuh\u00ebn angleze [&hellip;]\" \/>\n<meta property=\"og:url\" content=\"https:\/\/www.press7.tv\/?p=20684\" \/>\n<meta property=\"og:site_name\" content=\"press7.tv\" \/>\n<meta property=\"article:publisher\" content=\"https:\/\/www.facebook.com\/press7.tv\" \/>\n<meta property=\"article:published_time\" content=\"2025-07-05T12:19:16+00:00\" \/>\n<meta property=\"og:image\" content=\"https:\/\/www.press7.tv\/wp-content\/uploads\/2025\/07\/IMG_6017.avif\" \/>\n\t<meta property=\"og:image:width\" content=\"1360\" \/>\n\t<meta property=\"og:image:height\" content=\"870\" \/>\n\t<meta property=\"og:image:type\" content=\"image\/webp\" \/>\n<meta name=\"author\" content=\"gazetar2\" \/>\n<meta name=\"twitter:card\" content=\"summary_large_image\" \/>\n<meta name=\"twitter:label1\" content=\"Written by\" \/>\n\t<meta name=\"twitter:data1\" content=\"gazetar2\" \/>\n\t<meta name=\"twitter:label2\" content=\"Est. reading time\" \/>\n\t<meta name=\"twitter:data2\" content=\"1 minute\" \/>\n<script type=\"application\/ld+json\" class=\"yoast-schema-graph\">{\"@context\":\"https:\/\/schema.org\",\"@graph\":[{\"@type\":\"Article\",\"@id\":\"https:\/\/www.press7.tv\/?p=20684#article\",\"isPartOf\":{\"@id\":\"https:\/\/www.press7.tv\/?p=20684\"},\"author\":{\"name\":\"gazetar2\",\"@id\":\"https:\/\/www.news33.tv\/#\/schema\/person\/5a04a38a23ccdba82f9bd665cd8f9efa\"},\"headline\":\"Loshi: Dikush n\u00eb anglisht tha se bomba \u00ebsht\u00eb vendosur n\u00eb Kuvend e se do shp\u00ebrthej\u00eb p\u00ebr 10 minuta\",\"datePublished\":\"2025-07-05T12:19:16+00:00\",\"mainEntityOfPage\":{\"@id\":\"https:\/\/www.press7.tv\/?p=20684\"},\"wordCount\":130,\"publisher\":{\"@id\":\"https:\/\/www.news33.tv\/#organization\"},\"image\":{\"@id\":\"https:\/\/www.press7.tv\/?p=20684#primaryimage\"},\"thumbnailUrl\":\"https:\/\/www.press7.tv\/wp-content\/uploads\/2025\/07\/IMG_6017.avif\",\"articleSection\":[\"Lajme\",\"Maqedoni\"],\"inLanguage\":\"en-US\"},{\"@type\":\"WebPage\",\"@id\":\"https:\/\/www.press7.tv\/?p=20684\",\"url\":\"https:\/\/www.press7.tv\/?p=20684\",\"name\":\"Loshi: Dikush n\u00eb anglisht tha se bomba \u00ebsht\u00eb vendosur n\u00eb Kuvend e se do shp\u00ebrthej\u00eb p\u00ebr 10 minuta - press7.tv\",\"isPartOf\":{\"@id\":\"https:\/\/www.news33.tv\/#website\"},\"primaryImageOfPage\":{\"@id\":\"https:\/\/www.press7.tv\/?p=20684#primaryimage\"},\"image\":{\"@id\":\"https:\/\/www.press7.tv\/?p=20684#primaryimage\"},\"thumbnailUrl\":\"https:\/\/www.press7.tv\/wp-content\/uploads\/2025\/07\/IMG_6017.avif\",\"datePublished\":\"2025-07-05T12:19:16+00:00\",\"breadcrumb\":{\"@id\":\"https:\/\/www.press7.tv\/?p=20684#breadcrumb\"},\"inLanguage\":\"en-US\",\"potentialAction\":[{\"@type\":\"ReadAction\",\"target\":[\"https:\/\/www.press7.tv\/?p=20684\"]}]},{\"@type\":\"ImageObject\",\"inLanguage\":\"en-US\",\"@id\":\"https:\/\/www.press7.tv\/?p=20684#primaryimage\",\"url\":\"https:\/\/www.press7.tv\/wp-content\/uploads\/2025\/07\/IMG_6017.avif\",\"contentUrl\":\"https:\/\/www.press7.tv\/wp-content\/uploads\/2025\/07\/IMG_6017.avif\",\"width\":1360,\"height\":870},{\"@type\":\"BreadcrumbList\",\"@id\":\"https:\/\/www.press7.tv\/?p=20684#breadcrumb\",\"itemListElement\":[{\"@type\":\"ListItem\",\"position\":1,\"name\":\"Home\",\"item\":\"https:\/\/www.press7.tv\/\"},{\"@type\":\"ListItem\",\"position\":2,\"name\":\"Loshi: Dikush n\u00eb anglisht tha se bomba \u00ebsht\u00eb vendosur n\u00eb Kuvend e se do shp\u00ebrthej\u00eb p\u00ebr 10 minuta\"}]},{\"@type\":\"WebSite\",\"@id\":\"https:\/\/www.news33.tv\/#website\",\"url\":\"https:\/\/www.news33.tv\/\",\"name\":\"News33.tv Media\",\"description\":\"Media\",\"publisher\":{\"@id\":\"https:\/\/www.news33.tv\/#organization\"},\"potentialAction\":[{\"@type\":\"SearchAction\",\"target\":{\"@type\":\"EntryPoint\",\"urlTemplate\":\"https:\/\/www.news33.tv\/?s={search_term_string}\"},\"query-input\":{\"@type\":\"PropertyValueSpecification\",\"valueRequired\":true,\"valueName\":\"search_term_string\"}}],\"inLanguage\":\"en-US\"},{\"@type\":\"Organization\",\"@id\":\"https:\/\/www.news33.tv\/#organization\",\"name\":\"News33.tv Media\",\"url\":\"https:\/\/www.news33.tv\/\",\"logo\":{\"@type\":\"ImageObject\",\"inLanguage\":\"en-US\",\"@id\":\"https:\/\/www.news33.tv\/#\/schema\/logo\/image\/\",\"url\":\"https:\/\/www.press7.tv\/wp-content\/uploads\/2024\/02\/logo-news33-black.png\",\"contentUrl\":\"https:\/\/www.press7.tv\/wp-content\/uploads\/2024\/02\/logo-news33-black.png\",\"width\":180,\"height\":37,\"caption\":\"News33.tv Media\"},\"image\":{\"@id\":\"https:\/\/www.news33.tv\/#\/schema\/logo\/image\/\"},\"sameAs\":[\"https:\/\/www.facebook.com\/press7.tv\"]},{\"@type\":\"Person\",\"@id\":\"https:\/\/www.news33.tv\/#\/schema\/person\/5a04a38a23ccdba82f9bd665cd8f9efa\",\"name\":\"gazetar2\",\"image\":{\"@type\":\"ImageObject\",\"inLanguage\":\"en-US\",\"@id\":\"https:\/\/www.news33.tv\/#\/schema\/person\/image\/\",\"url\":\"https:\/\/www.press7.tv\/wp-content\/litespeed\/avatar\/41975e402c3049d9ddb03adca8f7a883.jpg?ver=1777169572\",\"contentUrl\":\"https:\/\/www.press7.tv\/wp-content\/litespeed\/avatar\/41975e402c3049d9ddb03adca8f7a883.jpg?ver=1777169572\",\"caption\":\"gazetar2\"},\"url\":\"https:\/\/www.press7.tv\/?author=8\"}]}<\/script>\n<!-- \/ Yoast SEO plugin. -->","yoast_head_json":{"title":"Loshi: Dikush n\u00eb anglisht tha se bomba \u00ebsht\u00eb vendosur n\u00eb Kuvend e se do shp\u00ebrthej\u00eb p\u00ebr 10 minuta - press7.tv","robots":{"index":"index","follow":"follow","max-snippet":"max-snippet:-1","max-image-preview":"max-image-preview:large","max-video-preview":"max-video-preview:-1"},"canonical":"https:\/\/www.press7.tv\/?p=20684","og_locale":"en_US","og_type":"article","og_title":"Loshi: Dikush n\u00eb anglisht tha se bomba \u00ebsht\u00eb vendosur n\u00eb Kuvend e se do shp\u00ebrthej\u00eb p\u00ebr 10 minuta - press7.tv","og_description":"Kushdo q\u00eb ka qen\u00eb n\u00eb nd\u00ebrtes\u00ebn e Kuvendit t\u00eb shtun\u00ebn \u00ebsht\u00eb evakuuar pas alarmit p\u00ebr bomb\u00eb, pak para nisjes s\u00eb seanc\u00ebs konstituive. Z\u00ebvend\u00ebsuesi i Sekretarit t\u00eb P\u00ebrgjithsh\u00ebm t\u00eb Kuvendit, Arben Loshi, ka th\u00ebn\u00eb se alarmi \u00ebsht\u00eb b\u00ebr\u00eb nga nj\u00eb person q\u00eb ka k\u00ebrc\u00ebnuar n\u00eb gjuh\u00ebn angleze. \u201cSipas njoftimit, \u00ebsht\u00eb k\u00ebrkuar evakuimi sepse n\u00eb gjuh\u00ebn angleze [&hellip;]","og_url":"https:\/\/www.press7.tv\/?p=20684","og_site_name":"press7.tv","article_publisher":"https:\/\/www.facebook.com\/press7.tv","article_published_time":"2025-07-05T12:19:16+00:00","og_image":[{"width":1360,"height":870,"url":"https:\/\/www.press7.tv\/wp-content\/uploads\/2025\/07\/IMG_6017.avif","type":"image\/webp"}],"author":"gazetar2","twitter_card":"summary_large_image","twitter_misc":{"Written by":"gazetar2","Est. reading time":"1 minute"},"schema":{"@context":"https:\/\/schema.org","@graph":[{"@type":"Article","@id":"https:\/\/www.press7.tv\/?p=20684#article","isPartOf":{"@id":"https:\/\/www.press7.tv\/?p=20684"},"author":{"name":"gazetar2","@id":"https:\/\/www.news33.tv\/#\/schema\/person\/5a04a38a23ccdba82f9bd665cd8f9efa"},"headline":"Loshi: Dikush n\u00eb anglisht tha se bomba \u00ebsht\u00eb vendosur n\u00eb Kuvend e se do shp\u00ebrthej\u00eb p\u00ebr 10 minuta","datePublished":"2025-07-05T12:19:16+00:00","mainEntityOfPage":{"@id":"https:\/\/www.press7.tv\/?p=20684"},"wordCount":130,"publisher":{"@id":"https:\/\/www.news33.tv\/#organization"},"image":{"@id":"https:\/\/www.press7.tv\/?p=20684#primaryimage"},"thumbnailUrl":"https:\/\/www.press7.tv\/wp-content\/uploads\/2025\/07\/IMG_6017.avif","articleSection":["Lajme","Maqedoni"],"inLanguage":"en-US"},{"@type":"WebPage","@id":"https:\/\/www.press7.tv\/?p=20684","url":"https:\/\/www.press7.tv\/?p=20684","name":"Loshi: Dikush n\u00eb anglisht tha se bomba \u00ebsht\u00eb vendosur n\u00eb Kuvend e se do shp\u00ebrthej\u00eb p\u00ebr 10 minuta - press7.tv","isPartOf":{"@id":"https:\/\/www.news33.tv\/#website"},"primaryImageOfPage":{"@id":"https:\/\/www.press7.tv\/?p=20684#primaryimage"},"image":{"@id":"https:\/\/www.press7.tv\/?p=20684#primaryimage"},"thumbnailUrl":"https:\/\/www.press7.tv\/wp-content\/uploads\/2025\/07\/IMG_6017.avif","datePublished":"2025-07-05T12:19:16+00:00","breadcrumb":{"@id":"https:\/\/www.press7.tv\/?p=20684#breadcrumb"},"inLanguage":"en-US","potentialAction":[{"@type":"ReadAction","target":["https:\/\/www.press7.tv\/?p=20684"]}]},{"@type":"ImageObject","inLanguage":"en-US","@id":"https:\/\/www.press7.tv\/?p=20684#primaryimage","url":"https:\/\/www.press7.tv\/wp-content\/uploads\/2025\/07\/IMG_6017.avif","contentUrl":"https:\/\/www.press7.tv\/wp-content\/uploads\/2025\/07\/IMG_6017.avif","width":1360,"height":870},{"@type":"BreadcrumbList","@id":"https:\/\/www.press7.tv\/?p=20684#breadcrumb","itemListElement":[{"@type":"ListItem","position":1,"name":"Home","item":"https:\/\/www.press7.tv\/"},{"@type":"ListItem","position":2,"name":"Loshi: Dikush n\u00eb anglisht tha se bomba \u00ebsht\u00eb vendosur n\u00eb Kuvend e se do shp\u00ebrthej\u00eb p\u00ebr 10 minuta"}]},{"@type":"WebSite","@id":"https:\/\/www.news33.tv\/#website","url":"https:\/\/www.news33.tv\/","name":"News33.tv Media","description":"Media","publisher":{"@id":"https:\/\/www.news33.tv\/#organization"},"potentialAction":[{"@type":"SearchAction","target":{"@type":"EntryPoint","urlTemplate":"https:\/\/www.news33.tv\/?s={search_term_string}"},"query-input":{"@type":"PropertyValueSpecification","valueRequired":true,"valueName":"search_term_string"}}],"inLanguage":"en-US"},{"@type":"Organization","@id":"https:\/\/www.news33.tv\/#organization","name":"News33.tv Media","url":"https:\/\/www.news33.tv\/","logo":{"@type":"ImageObject","inLanguage":"en-US","@id":"https:\/\/www.news33.tv\/#\/schema\/logo\/image\/","url":"https:\/\/www.press7.tv\/wp-content\/uploads\/2024\/02\/logo-news33-black.png","contentUrl":"https:\/\/www.press7.tv\/wp-content\/uploads\/2024\/02\/logo-news33-black.png","width":180,"height":37,"caption":"News33.tv Media"},"image":{"@id":"https:\/\/www.news33.tv\/#\/schema\/logo\/image\/"},"sameAs":["https:\/\/www.facebook.com\/press7.tv"]},{"@type":"Person","@id":"https:\/\/www.news33.tv\/#\/schema\/person\/5a04a38a23ccdba82f9bd665cd8f9efa","name":"gazetar2","image":{"@type":"ImageObject","inLanguage":"en-US","@id":"https:\/\/www.news33.tv\/#\/schema\/person\/image\/","url":"https:\/\/www.press7.tv\/wp-content\/litespeed\/avatar\/41975e402c3049d9ddb03adca8f7a883.jpg?ver=1777169572","contentUrl":"https:\/\/www.press7.tv\/wp-content\/litespeed\/avatar\/41975e402c3049d9ddb03adca8f7a883.jpg?ver=1777169572","caption":"gazetar2"},"url":"https:\/\/www.press7.tv\/?author=8"}]}},"amp_enabled":true,"_links":{"self":[{"href":"https:\/\/www.press7.tv\/index.php?rest_route=\/wp\/v2\/posts\/20684","targetHints":{"allow":["GET"]}}],"collection":[{"href":"https:\/\/www.press7.tv\/index.php?rest_route=\/wp\/v2\/posts"}],"about":[{"href":"https:\/\/www.press7.tv\/index.php?rest_route=\/wp\/v2\/types\/post"}],"author":[{"embeddable":true,"href":"https:\/\/www.press7.tv\/index.php?rest_route=\/wp\/v2\/users\/8"}],"replies":[{"embeddable":true,"href":"https:\/\/www.press7.tv\/index.php?rest_route=%2Fwp%2Fv2%2Fcomments&post=20684"}],"version-history":[{"count":1,"href":"https:\/\/www.press7.tv\/index.php?rest_route=\/wp\/v2\/posts\/20684\/revisions"}],"predecessor-version":[{"id":20686,"href":"https:\/\/www.press7.tv\/index.php?rest_route=\/wp\/v2\/posts\/20684\/revisions\/20686"}],"wp:featuredmedia":[{"embeddable":true,"href":"https:\/\/www.press7.tv\/index.php?rest_route=\/wp\/v2\/media\/20685"}],"wp:attachment":[{"href":"https:\/\/www.press7.tv\/index.php?rest_route=%2Fwp%2Fv2%2Fmedia&parent=20684"}],"wp:term":[{"taxonomy":"category","embeddable":true,"href":"https:\/\/www.press7.tv\/index.php?rest_route=%2Fwp%2Fv2%2Fcategories&post=20684"},{"taxonomy":"post_tag","embeddable":true,"href":"https:\/\/www.press7.tv\/index.php?rest_route=%2Fwp%2Fv2%2Ftags&post=20684"}],"curies":[{"name":"wp","href":"https:\/\/api.w.org\/{rel}","templated":true}]}}