{"id":20680,"date":"2025-07-04T22:11:43","date_gmt":"2025-07-04T22:11:43","guid":{"rendered":"https:\/\/www.press7.tv\/?p=20680"},"modified":"2025-07-04T22:11:43","modified_gmt":"2025-07-04T22:11:43","slug":"po-festonte-para-aksidentit-flet-fizioterapisti-i-diogo-jotes-ja-e-verteta","status":"publish","type":"post","link":"https:\/\/www.press7.tv\/?p=20680","title":{"rendered":"Po festonte para aksidentit? Flet Fizioterapisti i Diogo Jot\u00ebs: Ja e v\u00ebrteta"},"content":{"rendered":"\n    <div class=\"xs_social_share_widget xs_share_url before_content \t\tmain_content  wslu-style-2 wslu-share-box-shaped wslu-fill-colored wslu-share-m-5 wslu-none wslu-share-vertical wslu-theme-font-no wslu-main_content\">\n\n\t\t\n        <ul>\n\t\t\t        <\/ul>\n    <\/div> \n<p>Pas tragjedis\u00eb q\u00eb tronditi bot\u00ebn e futbollit me vdekjen e sulmuesit t\u00eb Liverpool-it, Diogo Jota, dhe v\u00ebllait t\u00eb tij Andr\u00e9 Silva n\u00eb nj\u00eb aksident rrugor n\u00eb Spanj\u00eb, fisioterapisti personal i futbollistit, Gon\u00e7alves, ka thyer heshtjen p\u00ebr mediat duke ofruar detaje mbi rrethanat e udh\u00ebtimit dhe duke p\u00ebrg\u00ebnjeshtruar z\u00ebrat e pav\u00ebrtet\u00eb.<\/p>\n<p>N\u00eb nj\u00eb intervist\u00eb ekskluzive p\u00ebr gazet\u00ebn portugeze Record, Gon\u00e7alves ka reaguar ndaj spekulimeve t\u00eb shumta q\u00eb kan\u00eb qarkulluar n\u00eb rrjetet sociale dhe media, t\u00eb cilat sugjeronin se v\u00ebllez\u00ebrit Jota po festonin apo po jetonin nj\u00eb jet\u00eb t\u00eb shfrenuar p\u00ebrpara aksidentit.<\/p>\n<p>Lexova gj\u00ebra t\u00eb pak\u00ebndshme n\u00eb internet dhe media. Diogo dhe Andr\u00e9 nuk po festonin, nuk po b\u00ebnin nj\u00eb jet\u00eb t\u00eb eg\u00ebr,\u201d \u2013 ka theksuar me forc\u00eb Gon\u00e7alves, duke hedhur posht\u00eb k\u00ebto pretendime.<\/p>\n<p>Ai ka shpjeguar se dy v\u00ebllez\u00ebrit kishin nisur nj\u00eb udh\u00ebtim automobilistik drejt Anglis\u00eb, me nj\u00eb ndales\u00eb t\u00eb planifikuar pran\u00eb qytetit t\u00eb Burgos n\u00eb Spanj\u00eb, ku do t\u00eb pushonin p\u00ebrpara se t\u00eb vazhdonin rrug\u00ebn drejt Liverpool-it. Sipas fizioterapistit, Diogo Jota kishte planifikuar t\u00eb kryente nj\u00eb kontroll mjek\u00ebsor sapo t\u00eb mb\u00ebrrinte n\u00eb Angli, nd\u00ebrsa pjesa tjet\u00ebr e familjes do t\u2019u bashkohej atyre m\u00eb von\u00eb me avion.<\/p>\n<p>Gon\u00e7alves ka konfirmuar gjithashtu se kishte punuar intensivisht me Jot\u00ebn \u00e7do dit\u00eb, nga e shtuna deri t\u00eb m\u00ebrkur\u00ebn, si pjes\u00eb e programit t\u00eb tij t\u00eb rikuperimit pas nj\u00eb pneumotoraksi (shpimi i mushk\u00ebris\u00eb). Ai ka theksuar progresin e shk\u00eblqyer t\u00eb futbollistit. \u201cAi u sh\u00ebrua jasht\u00ebzakonisht mir\u00eb \u2013 ishte pa dyshim nj\u00eb profesionist i pakrahasuesh\u00ebm. Ndiqte \u00e7do udh\u00ebzim me p\u00ebrpik\u00ebri. Kur u ndam\u00eb, ai ishte pa dhimbje dhe entuziast p\u00ebr sezonin e ri,\u201d \u2013 ka treguar Gon\u00e7alves, duke n\u00ebnvizuar dedikimin e Jot\u00ebs.<\/p>\n<p>M\u00eb tej, fisioterapisti ka shtuar se Jota kishte marr\u00eb vendimin t\u00eb mos merrte pjes\u00eb n\u00eb turneun para-sezonal t\u00eb Liverpool-it n\u00eb Japoni, me q\u00ebllim q\u00eb t\u00eb fokusohej maksimalisht n\u00eb rikuperimin e tij, duke besuar se do t\u00eb rikthehej n\u00eb fush\u00eb n\u00eb form\u00ebn m\u00eb t\u00eb mir\u00eb t\u00eb mundshme.<\/p>\n<p>\u201cP\u00ebr mua, Diogo ishte m\u00eb shum\u00eb sesa nj\u00eb sportist \u2013 ishte nj\u00eb njeri i jasht\u00ebzakonsh\u00ebm,\u201d \u2013 ka p\u00ebrfunduar Gon\u00e7alves intervist\u00ebn e tij me emocione t\u00eb forta, duke treguar vler\u00ebsimin e madh q\u00eb kishte p\u00ebr futbollistin e ndjer\u00eb.<\/p>\n","protected":false},"excerpt":{"rendered":"<p>Pas tragjedis\u00eb q\u00eb tronditi bot\u00ebn e futbollit me vdekjen e sulmuesit t\u00eb Liverpool-it, Diogo Jota, dhe v\u00ebllait t\u00eb tij Andr\u00e9 Silva n\u00eb nj\u00eb aksident rrugor n\u00eb Spanj\u00eb, fisioterapisti personal i futbollistit, Gon\u00e7alves, ka thyer heshtjen p\u00ebr mediat duke ofruar detaje mbi rrethanat e udh\u00ebtimit dhe duke p\u00ebrg\u00ebnjeshtruar z\u00ebrat e pav\u00ebrtet\u00eb. N\u00eb nj\u00eb intervist\u00eb ekskluzive p\u00ebr [&hellip;]<\/p>\n","protected":false},"author":8,"featured_media":20681,"comment_status":"closed","ping_status":"closed","sticky":false,"template":"","format":"standard","meta":{"footnotes":""},"categories":[226],"tags":[],"class_list":["post-20680","post","type-post","status-publish","format-standard","has-post-thumbnail","hentry","category-sport"],"yoast_head":"<!-- This site is optimized with the Yoast SEO plugin v25.1 - https:\/\/yoast.com\/wordpress\/plugins\/seo\/ -->\n<title>Po festonte para aksidentit? Flet Fizioterapisti i Diogo Jot\u00ebs: Ja e v\u00ebrteta - press7.tv<\/title>\n<meta name=\"robots\" content=\"index, follow, max-snippet:-1, max-image-preview:large, max-video-preview:-1\" \/>\n<link rel=\"canonical\" href=\"https:\/\/www.press7.tv\/?p=20680\" \/>\n<meta property=\"og:locale\" content=\"en_US\" \/>\n<meta property=\"og:type\" content=\"article\" \/>\n<meta property=\"og:title\" content=\"Po festonte para aksidentit? Flet Fizioterapisti i Diogo Jot\u00ebs: Ja e v\u00ebrteta - press7.tv\" \/>\n<meta property=\"og:description\" content=\"Pas tragjedis\u00eb q\u00eb tronditi bot\u00ebn e futbollit me vdekjen e sulmuesit t\u00eb Liverpool-it, Diogo Jota, dhe v\u00ebllait t\u00eb tij Andr\u00e9 Silva n\u00eb nj\u00eb aksident rrugor n\u00eb Spanj\u00eb, fisioterapisti personal i futbollistit, Gon\u00e7alves, ka thyer heshtjen p\u00ebr mediat duke ofruar detaje mbi rrethanat e udh\u00ebtimit dhe duke p\u00ebrg\u00ebnjeshtruar z\u00ebrat e pav\u00ebrtet\u00eb. N\u00eb nj\u00eb intervist\u00eb ekskluzive p\u00ebr [&hellip;]\" \/>\n<meta property=\"og:url\" content=\"https:\/\/www.press7.tv\/?p=20680\" \/>\n<meta property=\"og:site_name\" content=\"press7.tv\" \/>\n<meta property=\"article:publisher\" content=\"https:\/\/www.facebook.com\/press7.tv\" \/>\n<meta property=\"article:published_time\" content=\"2025-07-04T22:11:43+00:00\" \/>\n<meta property=\"og:image\" content=\"https:\/\/www.press7.tv\/wp-content\/uploads\/2025\/07\/IMG_6014.avif\" \/>\n\t<meta property=\"og:image:width\" content=\"750\" \/>\n\t<meta property=\"og:image:height\" content=\"422\" \/>\n\t<meta property=\"og:image:type\" content=\"image\/jpeg\" \/>\n<meta name=\"author\" content=\"gazetar2\" \/>\n<meta name=\"twitter:card\" content=\"summary_large_image\" \/>\n<meta name=\"twitter:label1\" content=\"Written by\" \/>\n\t<meta name=\"twitter:data1\" content=\"gazetar2\" \/>\n\t<meta name=\"twitter:label2\" content=\"Est. reading time\" \/>\n\t<meta name=\"twitter:data2\" content=\"1 minute\" \/>\n<script type=\"application\/ld+json\" class=\"yoast-schema-graph\">{\"@context\":\"https:\/\/schema.org\",\"@graph\":[{\"@type\":\"Article\",\"@id\":\"https:\/\/www.press7.tv\/?p=20680#article\",\"isPartOf\":{\"@id\":\"https:\/\/www.press7.tv\/?p=20680\"},\"author\":{\"name\":\"gazetar2\",\"@id\":\"https:\/\/www.news33.tv\/#\/schema\/person\/5a04a38a23ccdba82f9bd665cd8f9efa\"},\"headline\":\"Po festonte para aksidentit? Flet Fizioterapisti i Diogo Jot\u00ebs: Ja e v\u00ebrteta\",\"datePublished\":\"2025-07-04T22:11:43+00:00\",\"mainEntityOfPage\":{\"@id\":\"https:\/\/www.press7.tv\/?p=20680\"},\"wordCount\":415,\"publisher\":{\"@id\":\"https:\/\/www.news33.tv\/#organization\"},\"image\":{\"@id\":\"https:\/\/www.press7.tv\/?p=20680#primaryimage\"},\"thumbnailUrl\":\"https:\/\/www.press7.tv\/wp-content\/uploads\/2025\/07\/IMG_6014.avif\",\"articleSection\":[\"Sport\"],\"inLanguage\":\"en-US\"},{\"@type\":\"WebPage\",\"@id\":\"https:\/\/www.press7.tv\/?p=20680\",\"url\":\"https:\/\/www.press7.tv\/?p=20680\",\"name\":\"Po festonte para aksidentit? Flet Fizioterapisti i Diogo Jot\u00ebs: Ja e v\u00ebrteta - press7.tv\",\"isPartOf\":{\"@id\":\"https:\/\/www.news33.tv\/#website\"},\"primaryImageOfPage\":{\"@id\":\"https:\/\/www.press7.tv\/?p=20680#primaryimage\"},\"image\":{\"@id\":\"https:\/\/www.press7.tv\/?p=20680#primaryimage\"},\"thumbnailUrl\":\"https:\/\/www.press7.tv\/wp-content\/uploads\/2025\/07\/IMG_6014.avif\",\"datePublished\":\"2025-07-04T22:11:43+00:00\",\"breadcrumb\":{\"@id\":\"https:\/\/www.press7.tv\/?p=20680#breadcrumb\"},\"inLanguage\":\"en-US\",\"potentialAction\":[{\"@type\":\"ReadAction\",\"target\":[\"https:\/\/www.press7.tv\/?p=20680\"]}]},{\"@type\":\"ImageObject\",\"inLanguage\":\"en-US\",\"@id\":\"https:\/\/www.press7.tv\/?p=20680#primaryimage\",\"url\":\"https:\/\/www.press7.tv\/wp-content\/uploads\/2025\/07\/IMG_6014.avif\",\"contentUrl\":\"https:\/\/www.press7.tv\/wp-content\/uploads\/2025\/07\/IMG_6014.avif\",\"width\":750,\"height\":422},{\"@type\":\"BreadcrumbList\",\"@id\":\"https:\/\/www.press7.tv\/?p=20680#breadcrumb\",\"itemListElement\":[{\"@type\":\"ListItem\",\"position\":1,\"name\":\"Home\",\"item\":\"https:\/\/www.press7.tv\/\"},{\"@type\":\"ListItem\",\"position\":2,\"name\":\"Po festonte para aksidentit? Flet Fizioterapisti i Diogo Jot\u00ebs: Ja e v\u00ebrteta\"}]},{\"@type\":\"WebSite\",\"@id\":\"https:\/\/www.news33.tv\/#website\",\"url\":\"https:\/\/www.news33.tv\/\",\"name\":\"News33.tv Media\",\"description\":\"Media\",\"publisher\":{\"@id\":\"https:\/\/www.news33.tv\/#organization\"},\"potentialAction\":[{\"@type\":\"SearchAction\",\"target\":{\"@type\":\"EntryPoint\",\"urlTemplate\":\"https:\/\/www.news33.tv\/?s={search_term_string}\"},\"query-input\":{\"@type\":\"PropertyValueSpecification\",\"valueRequired\":true,\"valueName\":\"search_term_string\"}}],\"inLanguage\":\"en-US\"},{\"@type\":\"Organization\",\"@id\":\"https:\/\/www.news33.tv\/#organization\",\"name\":\"News33.tv Media\",\"url\":\"https:\/\/www.news33.tv\/\",\"logo\":{\"@type\":\"ImageObject\",\"inLanguage\":\"en-US\",\"@id\":\"https:\/\/www.news33.tv\/#\/schema\/logo\/image\/\",\"url\":\"https:\/\/www.press7.tv\/wp-content\/uploads\/2024\/02\/logo-news33-black.png\",\"contentUrl\":\"https:\/\/www.press7.tv\/wp-content\/uploads\/2024\/02\/logo-news33-black.png\",\"width\":180,\"height\":37,\"caption\":\"News33.tv Media\"},\"image\":{\"@id\":\"https:\/\/www.news33.tv\/#\/schema\/logo\/image\/\"},\"sameAs\":[\"https:\/\/www.facebook.com\/press7.tv\"]},{\"@type\":\"Person\",\"@id\":\"https:\/\/www.news33.tv\/#\/schema\/person\/5a04a38a23ccdba82f9bd665cd8f9efa\",\"name\":\"gazetar2\",\"image\":{\"@type\":\"ImageObject\",\"inLanguage\":\"en-US\",\"@id\":\"https:\/\/www.news33.tv\/#\/schema\/person\/image\/\",\"url\":\"https:\/\/www.press7.tv\/wp-content\/litespeed\/avatar\/41975e402c3049d9ddb03adca8f7a883.jpg?ver=1777169572\",\"contentUrl\":\"https:\/\/www.press7.tv\/wp-content\/litespeed\/avatar\/41975e402c3049d9ddb03adca8f7a883.jpg?ver=1777169572\",\"caption\":\"gazetar2\"},\"url\":\"https:\/\/www.press7.tv\/?author=8\"}]}<\/script>\n<!-- \/ Yoast SEO plugin. -->","yoast_head_json":{"title":"Po festonte para aksidentit? Flet Fizioterapisti i Diogo Jot\u00ebs: Ja e v\u00ebrteta - press7.tv","robots":{"index":"index","follow":"follow","max-snippet":"max-snippet:-1","max-image-preview":"max-image-preview:large","max-video-preview":"max-video-preview:-1"},"canonical":"https:\/\/www.press7.tv\/?p=20680","og_locale":"en_US","og_type":"article","og_title":"Po festonte para aksidentit? Flet Fizioterapisti i Diogo Jot\u00ebs: Ja e v\u00ebrteta - press7.tv","og_description":"Pas tragjedis\u00eb q\u00eb tronditi bot\u00ebn e futbollit me vdekjen e sulmuesit t\u00eb Liverpool-it, Diogo Jota, dhe v\u00ebllait t\u00eb tij Andr\u00e9 Silva n\u00eb nj\u00eb aksident rrugor n\u00eb Spanj\u00eb, fisioterapisti personal i futbollistit, Gon\u00e7alves, ka thyer heshtjen p\u00ebr mediat duke ofruar detaje mbi rrethanat e udh\u00ebtimit dhe duke p\u00ebrg\u00ebnjeshtruar z\u00ebrat e pav\u00ebrtet\u00eb. N\u00eb nj\u00eb intervist\u00eb ekskluzive p\u00ebr [&hellip;]","og_url":"https:\/\/www.press7.tv\/?p=20680","og_site_name":"press7.tv","article_publisher":"https:\/\/www.facebook.com\/press7.tv","article_published_time":"2025-07-04T22:11:43+00:00","og_image":[{"width":750,"height":422,"url":"https:\/\/www.press7.tv\/wp-content\/uploads\/2025\/07\/IMG_6014.avif","type":"image\/jpeg"}],"author":"gazetar2","twitter_card":"summary_large_image","twitter_misc":{"Written by":"gazetar2","Est. reading time":"1 minute"},"schema":{"@context":"https:\/\/schema.org","@graph":[{"@type":"Article","@id":"https:\/\/www.press7.tv\/?p=20680#article","isPartOf":{"@id":"https:\/\/www.press7.tv\/?p=20680"},"author":{"name":"gazetar2","@id":"https:\/\/www.news33.tv\/#\/schema\/person\/5a04a38a23ccdba82f9bd665cd8f9efa"},"headline":"Po festonte para aksidentit? Flet Fizioterapisti i Diogo Jot\u00ebs: Ja e v\u00ebrteta","datePublished":"2025-07-04T22:11:43+00:00","mainEntityOfPage":{"@id":"https:\/\/www.press7.tv\/?p=20680"},"wordCount":415,"publisher":{"@id":"https:\/\/www.news33.tv\/#organization"},"image":{"@id":"https:\/\/www.press7.tv\/?p=20680#primaryimage"},"thumbnailUrl":"https:\/\/www.press7.tv\/wp-content\/uploads\/2025\/07\/IMG_6014.avif","articleSection":["Sport"],"inLanguage":"en-US"},{"@type":"WebPage","@id":"https:\/\/www.press7.tv\/?p=20680","url":"https:\/\/www.press7.tv\/?p=20680","name":"Po festonte para aksidentit? Flet Fizioterapisti i Diogo Jot\u00ebs: Ja e v\u00ebrteta - press7.tv","isPartOf":{"@id":"https:\/\/www.news33.tv\/#website"},"primaryImageOfPage":{"@id":"https:\/\/www.press7.tv\/?p=20680#primaryimage"},"image":{"@id":"https:\/\/www.press7.tv\/?p=20680#primaryimage"},"thumbnailUrl":"https:\/\/www.press7.tv\/wp-content\/uploads\/2025\/07\/IMG_6014.avif","datePublished":"2025-07-04T22:11:43+00:00","breadcrumb":{"@id":"https:\/\/www.press7.tv\/?p=20680#breadcrumb"},"inLanguage":"en-US","potentialAction":[{"@type":"ReadAction","target":["https:\/\/www.press7.tv\/?p=20680"]}]},{"@type":"ImageObject","inLanguage":"en-US","@id":"https:\/\/www.press7.tv\/?p=20680#primaryimage","url":"https:\/\/www.press7.tv\/wp-content\/uploads\/2025\/07\/IMG_6014.avif","contentUrl":"https:\/\/www.press7.tv\/wp-content\/uploads\/2025\/07\/IMG_6014.avif","width":750,"height":422},{"@type":"BreadcrumbList","@id":"https:\/\/www.press7.tv\/?p=20680#breadcrumb","itemListElement":[{"@type":"ListItem","position":1,"name":"Home","item":"https:\/\/www.press7.tv\/"},{"@type":"ListItem","position":2,"name":"Po festonte para aksidentit? Flet Fizioterapisti i Diogo Jot\u00ebs: Ja e v\u00ebrteta"}]},{"@type":"WebSite","@id":"https:\/\/www.news33.tv\/#website","url":"https:\/\/www.news33.tv\/","name":"News33.tv Media","description":"Media","publisher":{"@id":"https:\/\/www.news33.tv\/#organization"},"potentialAction":[{"@type":"SearchAction","target":{"@type":"EntryPoint","urlTemplate":"https:\/\/www.news33.tv\/?s={search_term_string}"},"query-input":{"@type":"PropertyValueSpecification","valueRequired":true,"valueName":"search_term_string"}}],"inLanguage":"en-US"},{"@type":"Organization","@id":"https:\/\/www.news33.tv\/#organization","name":"News33.tv Media","url":"https:\/\/www.news33.tv\/","logo":{"@type":"ImageObject","inLanguage":"en-US","@id":"https:\/\/www.news33.tv\/#\/schema\/logo\/image\/","url":"https:\/\/www.press7.tv\/wp-content\/uploads\/2024\/02\/logo-news33-black.png","contentUrl":"https:\/\/www.press7.tv\/wp-content\/uploads\/2024\/02\/logo-news33-black.png","width":180,"height":37,"caption":"News33.tv Media"},"image":{"@id":"https:\/\/www.news33.tv\/#\/schema\/logo\/image\/"},"sameAs":["https:\/\/www.facebook.com\/press7.tv"]},{"@type":"Person","@id":"https:\/\/www.news33.tv\/#\/schema\/person\/5a04a38a23ccdba82f9bd665cd8f9efa","name":"gazetar2","image":{"@type":"ImageObject","inLanguage":"en-US","@id":"https:\/\/www.news33.tv\/#\/schema\/person\/image\/","url":"https:\/\/www.press7.tv\/wp-content\/litespeed\/avatar\/41975e402c3049d9ddb03adca8f7a883.jpg?ver=1777169572","contentUrl":"https:\/\/www.press7.tv\/wp-content\/litespeed\/avatar\/41975e402c3049d9ddb03adca8f7a883.jpg?ver=1777169572","caption":"gazetar2"},"url":"https:\/\/www.press7.tv\/?author=8"}]}},"amp_enabled":true,"_links":{"self":[{"href":"https:\/\/www.press7.tv\/index.php?rest_route=\/wp\/v2\/posts\/20680","targetHints":{"allow":["GET"]}}],"collection":[{"href":"https:\/\/www.press7.tv\/index.php?rest_route=\/wp\/v2\/posts"}],"about":[{"href":"https:\/\/www.press7.tv\/index.php?rest_route=\/wp\/v2\/types\/post"}],"author":[{"embeddable":true,"href":"https:\/\/www.press7.tv\/index.php?rest_route=\/wp\/v2\/users\/8"}],"replies":[{"embeddable":true,"href":"https:\/\/www.press7.tv\/index.php?rest_route=%2Fwp%2Fv2%2Fcomments&post=20680"}],"version-history":[{"count":1,"href":"https:\/\/www.press7.tv\/index.php?rest_route=\/wp\/v2\/posts\/20680\/revisions"}],"predecessor-version":[{"id":20682,"href":"https:\/\/www.press7.tv\/index.php?rest_route=\/wp\/v2\/posts\/20680\/revisions\/20682"}],"wp:featuredmedia":[{"embeddable":true,"href":"https:\/\/www.press7.tv\/index.php?rest_route=\/wp\/v2\/media\/20681"}],"wp:attachment":[{"href":"https:\/\/www.press7.tv\/index.php?rest_route=%2Fwp%2Fv2%2Fmedia&parent=20680"}],"wp:term":[{"taxonomy":"category","embeddable":true,"href":"https:\/\/www.press7.tv\/index.php?rest_route=%2Fwp%2Fv2%2Fcategories&post=20680"},{"taxonomy":"post_tag","embeddable":true,"href":"https:\/\/www.press7.tv\/index.php?rest_route=%2Fwp%2Fv2%2Ftags&post=20680"}],"curies":[{"name":"wp","href":"https:\/\/api.w.org\/{rel}","templated":true}]}}