{"id":20671,"date":"2025-07-04T12:53:21","date_gmt":"2025-07-04T12:53:21","guid":{"rendered":"https:\/\/www.press7.tv\/?p=20671"},"modified":"2025-07-04T12:53:21","modified_gmt":"2025-07-04T12:53:21","slug":"themelimi-i-levizjes-arberia-me-5-korrik-ne-shkup-i-bashkohet-edhe-nje-deputet-nga-fronti","status":"publish","type":"post","link":"https:\/\/www.press7.tv\/?p=20671","title":{"rendered":"Themelimi i L\u00ebvizjes ARB\u00cbRIA m\u00eb 5 korrik n\u00eb Shkup \u2013 i bashkohet edhe nj\u00eb deputet nga Fronti?"},"content":{"rendered":"\n    <div class=\"xs_social_share_widget xs_share_url before_content \t\tmain_content  wslu-style-2 wslu-share-box-shaped wslu-fill-colored wslu-share-m-5 wslu-none wslu-share-vertical wslu-theme-font-no wslu-main_content\">\n\n\t\t\n        <ul>\n\t\t\t        <\/ul>\n    <\/div> \n<p>T\u00eb shtun\u00ebn, m\u00eb 5 korrik, n\u00eb Teatrin Shqiptar n\u00eb Shkup pritet t\u00eb zyrtarizohet nj\u00eb l\u00ebvizje e re politike dhe qytetare me emrin \u201cARB\u00cbRIA\u201d. Kjo nism\u00eb, e paraqitur si nj\u00eb alternativ\u00eb ndaj strukturave tradicionale partiake, synon t\u00eb krijoj\u00eb nj\u00eb hap\u00ebsir\u00eb t\u00eb re p\u00ebr angazhim politik, duke u mb\u00ebshtetur n\u00eb parime t\u00eb transparenc\u00ebs, p\u00ebrfaq\u00ebsimit t\u00eb drejt\u00eb dhe veprimit t\u00eb ndersh\u00ebm.<\/p>\n<p>Burime t\u00eb af\u00ebrta me organizator\u00ebt b\u00ebjn\u00eb t\u00eb ditur se k\u00ebsaj l\u00ebvizjeje i \u00ebsht\u00eb bashkuar edhe nj\u00eb deputet aktual nga Fronti opozitar, gj\u00eb q\u00eb rrit pesh\u00ebn dhe v\u00ebmendjen ndaj k\u00ebsaj iniciative q\u00eb n\u00eb faz\u00ebn fillestare t\u00eb saj. Emri i deputetit nuk \u00ebsht\u00eb konfirmuar zyrtarisht, por p\u00ebrfshirja e tij shihet si sinjal i nj\u00eb pak\u00ebnaq\u00ebsie t\u00eb brendshme edhe n\u00eb radh\u00ebt e opozit\u00ebs aktuale.<\/p>\n<p>Nd\u00ebr figurat publike q\u00eb do t\u00eb marrin pjes\u00eb n\u00eb themelimin e \u201cARB\u00cbRIS\u00cb\u201d jan\u00eb edhe dy ish-deputet\u00ebt e Partis\u00eb Demokratike Shqiptare, Bekim Fazliu dhe Orhan Ibrahimi, t\u00eb cil\u00ebt pritet t\u00eb ken\u00eb rol aktiv n\u00eb strukturimin dhe drejtimin e l\u00ebvizjes.<\/p>\n<p>Organizator\u00ebt e paraqesin \u201cARB\u00cbRIN\u00cb\u201d si nj\u00eb organizim t\u00eb lir\u00eb dhe gjith\u00ebp\u00ebrfshir\u00ebs, q\u00eb nuk synon t\u00eb funksionoj\u00eb si parti politike n\u00eb kuptimin klasik, por si nj\u00eb hap\u00ebsir\u00eb alternative q\u00eb do t\u00eb lind\u00eb nga qytetar\u00ebt dhe do t\u00eb punoj\u00eb p\u00ebr qytetar\u00ebt.<\/p>\n<p>Sipas deklarimeve paraprake, kjo l\u00ebvizje \u00ebsht\u00eb konceptuar si nj\u00eb revolt\u00eb ndaj zhg\u00ebnjimit politik dhe manipulimit t\u00eb vazhduesh\u00ebm me idealet qytetare, duke synuar q\u00eb n\u00ebp\u00ebrmjet nj\u00eb platforme t\u00eb hapur t\u00eb ringjall\u00eb shpres\u00ebn dhe t\u00eb angazhoj\u00eb breza t\u00eb rinj n\u00eb procesin e vendimmarrjes.<\/p>\n<p>Konventa themeluese, q\u00eb do t\u00eb mbahet n\u00eb or\u00ebn 13:00, pritet t\u00eb sjell\u00eb m\u00eb shum\u00eb detaje mbi struktur\u00ebn dhe drejtimet programore t\u00eb \u201cARB\u00cbRIS\u00cb\u201d.press7.tv<\/p>\n","protected":false},"excerpt":{"rendered":"<p>T\u00eb shtun\u00ebn, m\u00eb 5 korrik, n\u00eb Teatrin Shqiptar n\u00eb Shkup pritet t\u00eb zyrtarizohet nj\u00eb l\u00ebvizje e re politike dhe qytetare me emrin \u201cARB\u00cbRIA\u201d. Kjo nism\u00eb, e paraqitur si nj\u00eb alternativ\u00eb ndaj strukturave tradicionale partiake, synon t\u00eb krijoj\u00eb nj\u00eb hap\u00ebsir\u00eb t\u00eb re p\u00ebr angazhim politik, duke u mb\u00ebshtetur n\u00eb parime t\u00eb transparenc\u00ebs, p\u00ebrfaq\u00ebsimit t\u00eb drejt\u00eb dhe [&hellip;]<\/p>\n","protected":false},"author":8,"featured_media":20672,"comment_status":"closed","ping_status":"closed","sticky":false,"template":"","format":"standard","meta":{"footnotes":""},"categories":[213,214],"tags":[],"class_list":["post-20671","post","type-post","status-publish","format-standard","has-post-thumbnail","hentry","category-lajme","category-maqedoni"],"yoast_head":"<!-- This site is optimized with the Yoast SEO plugin v25.1 - https:\/\/yoast.com\/wordpress\/plugins\/seo\/ -->\n<title>Themelimi i L\u00ebvizjes ARB\u00cbRIA m\u00eb 5 korrik n\u00eb Shkup \u2013 i bashkohet edhe nj\u00eb deputet nga Fronti? - press7.tv<\/title>\n<meta name=\"robots\" content=\"index, follow, max-snippet:-1, max-image-preview:large, max-video-preview:-1\" \/>\n<link rel=\"canonical\" href=\"https:\/\/www.press7.tv\/?p=20671\" \/>\n<meta property=\"og:locale\" content=\"en_US\" \/>\n<meta property=\"og:type\" content=\"article\" \/>\n<meta property=\"og:title\" content=\"Themelimi i L\u00ebvizjes ARB\u00cbRIA m\u00eb 5 korrik n\u00eb Shkup \u2013 i bashkohet edhe nj\u00eb deputet nga Fronti? - press7.tv\" \/>\n<meta property=\"og:description\" content=\"T\u00eb shtun\u00ebn, m\u00eb 5 korrik, n\u00eb Teatrin Shqiptar n\u00eb Shkup pritet t\u00eb zyrtarizohet nj\u00eb l\u00ebvizje e re politike dhe qytetare me emrin \u201cARB\u00cbRIA\u201d. Kjo nism\u00eb, e paraqitur si nj\u00eb alternativ\u00eb ndaj strukturave tradicionale partiake, synon t\u00eb krijoj\u00eb nj\u00eb hap\u00ebsir\u00eb t\u00eb re p\u00ebr angazhim politik, duke u mb\u00ebshtetur n\u00eb parime t\u00eb transparenc\u00ebs, p\u00ebrfaq\u00ebsimit t\u00eb drejt\u00eb dhe [&hellip;]\" \/>\n<meta property=\"og:url\" content=\"https:\/\/www.press7.tv\/?p=20671\" \/>\n<meta property=\"og:site_name\" content=\"press7.tv\" \/>\n<meta property=\"article:publisher\" content=\"https:\/\/www.facebook.com\/press7.tv\" \/>\n<meta property=\"article:published_time\" content=\"2025-07-04T12:53:21+00:00\" \/>\n<meta property=\"og:image\" content=\"https:\/\/www.press7.tv\/wp-content\/uploads\/2025\/07\/1ac6788a-f27b-481a-a888-f2b9d83e741c.avif\" \/>\n\t<meta property=\"og:image:width\" content=\"2048\" \/>\n\t<meta property=\"og:image:height\" content=\"1396\" \/>\n\t<meta property=\"og:image:type\" content=\"image\/jpeg\" \/>\n<meta name=\"author\" content=\"gazetar2\" \/>\n<meta name=\"twitter:card\" content=\"summary_large_image\" \/>\n<meta name=\"twitter:label1\" content=\"Written by\" \/>\n\t<meta name=\"twitter:data1\" content=\"gazetar2\" \/>\n\t<meta name=\"twitter:label2\" content=\"Est. reading time\" \/>\n\t<meta name=\"twitter:data2\" content=\"1 minute\" \/>\n<script type=\"application\/ld+json\" class=\"yoast-schema-graph\">{\"@context\":\"https:\/\/schema.org\",\"@graph\":[{\"@type\":\"Article\",\"@id\":\"https:\/\/www.press7.tv\/?p=20671#article\",\"isPartOf\":{\"@id\":\"https:\/\/www.press7.tv\/?p=20671\"},\"author\":{\"name\":\"gazetar2\",\"@id\":\"https:\/\/www.news33.tv\/#\/schema\/person\/5a04a38a23ccdba82f9bd665cd8f9efa\"},\"headline\":\"Themelimi i L\u00ebvizjes ARB\u00cbRIA m\u00eb 5 korrik n\u00eb Shkup \u2013 i bashkohet edhe nj\u00eb deputet nga Fronti?\",\"datePublished\":\"2025-07-04T12:53:21+00:00\",\"mainEntityOfPage\":{\"@id\":\"https:\/\/www.press7.tv\/?p=20671\"},\"wordCount\":323,\"publisher\":{\"@id\":\"https:\/\/www.news33.tv\/#organization\"},\"image\":{\"@id\":\"https:\/\/www.press7.tv\/?p=20671#primaryimage\"},\"thumbnailUrl\":\"https:\/\/www.press7.tv\/wp-content\/uploads\/2025\/07\/1ac6788a-f27b-481a-a888-f2b9d83e741c.avif\",\"articleSection\":[\"Lajme\",\"Maqedoni\"],\"inLanguage\":\"en-US\"},{\"@type\":\"WebPage\",\"@id\":\"https:\/\/www.press7.tv\/?p=20671\",\"url\":\"https:\/\/www.press7.tv\/?p=20671\",\"name\":\"Themelimi i L\u00ebvizjes ARB\u00cbRIA m\u00eb 5 korrik n\u00eb Shkup \u2013 i bashkohet edhe nj\u00eb deputet nga Fronti? - press7.tv\",\"isPartOf\":{\"@id\":\"https:\/\/www.news33.tv\/#website\"},\"primaryImageOfPage\":{\"@id\":\"https:\/\/www.press7.tv\/?p=20671#primaryimage\"},\"image\":{\"@id\":\"https:\/\/www.press7.tv\/?p=20671#primaryimage\"},\"thumbnailUrl\":\"https:\/\/www.press7.tv\/wp-content\/uploads\/2025\/07\/1ac6788a-f27b-481a-a888-f2b9d83e741c.avif\",\"datePublished\":\"2025-07-04T12:53:21+00:00\",\"breadcrumb\":{\"@id\":\"https:\/\/www.press7.tv\/?p=20671#breadcrumb\"},\"inLanguage\":\"en-US\",\"potentialAction\":[{\"@type\":\"ReadAction\",\"target\":[\"https:\/\/www.press7.tv\/?p=20671\"]}]},{\"@type\":\"ImageObject\",\"inLanguage\":\"en-US\",\"@id\":\"https:\/\/www.press7.tv\/?p=20671#primaryimage\",\"url\":\"https:\/\/www.press7.tv\/wp-content\/uploads\/2025\/07\/1ac6788a-f27b-481a-a888-f2b9d83e741c.avif\",\"contentUrl\":\"https:\/\/www.press7.tv\/wp-content\/uploads\/2025\/07\/1ac6788a-f27b-481a-a888-f2b9d83e741c.avif\",\"width\":2048,\"height\":1396},{\"@type\":\"BreadcrumbList\",\"@id\":\"https:\/\/www.press7.tv\/?p=20671#breadcrumb\",\"itemListElement\":[{\"@type\":\"ListItem\",\"position\":1,\"name\":\"Home\",\"item\":\"https:\/\/www.press7.tv\/\"},{\"@type\":\"ListItem\",\"position\":2,\"name\":\"Themelimi i L\u00ebvizjes ARB\u00cbRIA m\u00eb 5 korrik n\u00eb Shkup \u2013 i bashkohet edhe nj\u00eb deputet nga Fronti?\"}]},{\"@type\":\"WebSite\",\"@id\":\"https:\/\/www.news33.tv\/#website\",\"url\":\"https:\/\/www.news33.tv\/\",\"name\":\"News33.tv Media\",\"description\":\"Media\",\"publisher\":{\"@id\":\"https:\/\/www.news33.tv\/#organization\"},\"potentialAction\":[{\"@type\":\"SearchAction\",\"target\":{\"@type\":\"EntryPoint\",\"urlTemplate\":\"https:\/\/www.news33.tv\/?s={search_term_string}\"},\"query-input\":{\"@type\":\"PropertyValueSpecification\",\"valueRequired\":true,\"valueName\":\"search_term_string\"}}],\"inLanguage\":\"en-US\"},{\"@type\":\"Organization\",\"@id\":\"https:\/\/www.news33.tv\/#organization\",\"name\":\"News33.tv Media\",\"url\":\"https:\/\/www.news33.tv\/\",\"logo\":{\"@type\":\"ImageObject\",\"inLanguage\":\"en-US\",\"@id\":\"https:\/\/www.news33.tv\/#\/schema\/logo\/image\/\",\"url\":\"https:\/\/www.press7.tv\/wp-content\/uploads\/2024\/02\/logo-news33-black.png\",\"contentUrl\":\"https:\/\/www.press7.tv\/wp-content\/uploads\/2024\/02\/logo-news33-black.png\",\"width\":180,\"height\":37,\"caption\":\"News33.tv Media\"},\"image\":{\"@id\":\"https:\/\/www.news33.tv\/#\/schema\/logo\/image\/\"},\"sameAs\":[\"https:\/\/www.facebook.com\/press7.tv\"]},{\"@type\":\"Person\",\"@id\":\"https:\/\/www.news33.tv\/#\/schema\/person\/5a04a38a23ccdba82f9bd665cd8f9efa\",\"name\":\"gazetar2\",\"image\":{\"@type\":\"ImageObject\",\"inLanguage\":\"en-US\",\"@id\":\"https:\/\/www.news33.tv\/#\/schema\/person\/image\/\",\"url\":\"https:\/\/www.press7.tv\/wp-content\/litespeed\/avatar\/41975e402c3049d9ddb03adca8f7a883.jpg?ver=1777169572\",\"contentUrl\":\"https:\/\/www.press7.tv\/wp-content\/litespeed\/avatar\/41975e402c3049d9ddb03adca8f7a883.jpg?ver=1777169572\",\"caption\":\"gazetar2\"},\"url\":\"https:\/\/www.press7.tv\/?author=8\"}]}<\/script>\n<!-- \/ Yoast SEO plugin. -->","yoast_head_json":{"title":"Themelimi i L\u00ebvizjes ARB\u00cbRIA m\u00eb 5 korrik n\u00eb Shkup \u2013 i bashkohet edhe nj\u00eb deputet nga Fronti? - press7.tv","robots":{"index":"index","follow":"follow","max-snippet":"max-snippet:-1","max-image-preview":"max-image-preview:large","max-video-preview":"max-video-preview:-1"},"canonical":"https:\/\/www.press7.tv\/?p=20671","og_locale":"en_US","og_type":"article","og_title":"Themelimi i L\u00ebvizjes ARB\u00cbRIA m\u00eb 5 korrik n\u00eb Shkup \u2013 i bashkohet edhe nj\u00eb deputet nga Fronti? - press7.tv","og_description":"T\u00eb shtun\u00ebn, m\u00eb 5 korrik, n\u00eb Teatrin Shqiptar n\u00eb Shkup pritet t\u00eb zyrtarizohet nj\u00eb l\u00ebvizje e re politike dhe qytetare me emrin \u201cARB\u00cbRIA\u201d. Kjo nism\u00eb, e paraqitur si nj\u00eb alternativ\u00eb ndaj strukturave tradicionale partiake, synon t\u00eb krijoj\u00eb nj\u00eb hap\u00ebsir\u00eb t\u00eb re p\u00ebr angazhim politik, duke u mb\u00ebshtetur n\u00eb parime t\u00eb transparenc\u00ebs, p\u00ebrfaq\u00ebsimit t\u00eb drejt\u00eb dhe [&hellip;]","og_url":"https:\/\/www.press7.tv\/?p=20671","og_site_name":"press7.tv","article_publisher":"https:\/\/www.facebook.com\/press7.tv","article_published_time":"2025-07-04T12:53:21+00:00","og_image":[{"width":2048,"height":1396,"url":"https:\/\/www.press7.tv\/wp-content\/uploads\/2025\/07\/1ac6788a-f27b-481a-a888-f2b9d83e741c.avif","type":"image\/jpeg"}],"author":"gazetar2","twitter_card":"summary_large_image","twitter_misc":{"Written by":"gazetar2","Est. reading time":"1 minute"},"schema":{"@context":"https:\/\/schema.org","@graph":[{"@type":"Article","@id":"https:\/\/www.press7.tv\/?p=20671#article","isPartOf":{"@id":"https:\/\/www.press7.tv\/?p=20671"},"author":{"name":"gazetar2","@id":"https:\/\/www.news33.tv\/#\/schema\/person\/5a04a38a23ccdba82f9bd665cd8f9efa"},"headline":"Themelimi i L\u00ebvizjes ARB\u00cbRIA m\u00eb 5 korrik n\u00eb Shkup \u2013 i bashkohet edhe nj\u00eb deputet nga Fronti?","datePublished":"2025-07-04T12:53:21+00:00","mainEntityOfPage":{"@id":"https:\/\/www.press7.tv\/?p=20671"},"wordCount":323,"publisher":{"@id":"https:\/\/www.news33.tv\/#organization"},"image":{"@id":"https:\/\/www.press7.tv\/?p=20671#primaryimage"},"thumbnailUrl":"https:\/\/www.press7.tv\/wp-content\/uploads\/2025\/07\/1ac6788a-f27b-481a-a888-f2b9d83e741c.avif","articleSection":["Lajme","Maqedoni"],"inLanguage":"en-US"},{"@type":"WebPage","@id":"https:\/\/www.press7.tv\/?p=20671","url":"https:\/\/www.press7.tv\/?p=20671","name":"Themelimi i L\u00ebvizjes ARB\u00cbRIA m\u00eb 5 korrik n\u00eb Shkup \u2013 i bashkohet edhe nj\u00eb deputet nga Fronti? - press7.tv","isPartOf":{"@id":"https:\/\/www.news33.tv\/#website"},"primaryImageOfPage":{"@id":"https:\/\/www.press7.tv\/?p=20671#primaryimage"},"image":{"@id":"https:\/\/www.press7.tv\/?p=20671#primaryimage"},"thumbnailUrl":"https:\/\/www.press7.tv\/wp-content\/uploads\/2025\/07\/1ac6788a-f27b-481a-a888-f2b9d83e741c.avif","datePublished":"2025-07-04T12:53:21+00:00","breadcrumb":{"@id":"https:\/\/www.press7.tv\/?p=20671#breadcrumb"},"inLanguage":"en-US","potentialAction":[{"@type":"ReadAction","target":["https:\/\/www.press7.tv\/?p=20671"]}]},{"@type":"ImageObject","inLanguage":"en-US","@id":"https:\/\/www.press7.tv\/?p=20671#primaryimage","url":"https:\/\/www.press7.tv\/wp-content\/uploads\/2025\/07\/1ac6788a-f27b-481a-a888-f2b9d83e741c.avif","contentUrl":"https:\/\/www.press7.tv\/wp-content\/uploads\/2025\/07\/1ac6788a-f27b-481a-a888-f2b9d83e741c.avif","width":2048,"height":1396},{"@type":"BreadcrumbList","@id":"https:\/\/www.press7.tv\/?p=20671#breadcrumb","itemListElement":[{"@type":"ListItem","position":1,"name":"Home","item":"https:\/\/www.press7.tv\/"},{"@type":"ListItem","position":2,"name":"Themelimi i L\u00ebvizjes ARB\u00cbRIA m\u00eb 5 korrik n\u00eb Shkup \u2013 i bashkohet edhe nj\u00eb deputet nga Fronti?"}]},{"@type":"WebSite","@id":"https:\/\/www.news33.tv\/#website","url":"https:\/\/www.news33.tv\/","name":"News33.tv Media","description":"Media","publisher":{"@id":"https:\/\/www.news33.tv\/#organization"},"potentialAction":[{"@type":"SearchAction","target":{"@type":"EntryPoint","urlTemplate":"https:\/\/www.news33.tv\/?s={search_term_string}"},"query-input":{"@type":"PropertyValueSpecification","valueRequired":true,"valueName":"search_term_string"}}],"inLanguage":"en-US"},{"@type":"Organization","@id":"https:\/\/www.news33.tv\/#organization","name":"News33.tv Media","url":"https:\/\/www.news33.tv\/","logo":{"@type":"ImageObject","inLanguage":"en-US","@id":"https:\/\/www.news33.tv\/#\/schema\/logo\/image\/","url":"https:\/\/www.press7.tv\/wp-content\/uploads\/2024\/02\/logo-news33-black.png","contentUrl":"https:\/\/www.press7.tv\/wp-content\/uploads\/2024\/02\/logo-news33-black.png","width":180,"height":37,"caption":"News33.tv Media"},"image":{"@id":"https:\/\/www.news33.tv\/#\/schema\/logo\/image\/"},"sameAs":["https:\/\/www.facebook.com\/press7.tv"]},{"@type":"Person","@id":"https:\/\/www.news33.tv\/#\/schema\/person\/5a04a38a23ccdba82f9bd665cd8f9efa","name":"gazetar2","image":{"@type":"ImageObject","inLanguage":"en-US","@id":"https:\/\/www.news33.tv\/#\/schema\/person\/image\/","url":"https:\/\/www.press7.tv\/wp-content\/litespeed\/avatar\/41975e402c3049d9ddb03adca8f7a883.jpg?ver=1777169572","contentUrl":"https:\/\/www.press7.tv\/wp-content\/litespeed\/avatar\/41975e402c3049d9ddb03adca8f7a883.jpg?ver=1777169572","caption":"gazetar2"},"url":"https:\/\/www.press7.tv\/?author=8"}]}},"amp_enabled":true,"_links":{"self":[{"href":"https:\/\/www.press7.tv\/index.php?rest_route=\/wp\/v2\/posts\/20671","targetHints":{"allow":["GET"]}}],"collection":[{"href":"https:\/\/www.press7.tv\/index.php?rest_route=\/wp\/v2\/posts"}],"about":[{"href":"https:\/\/www.press7.tv\/index.php?rest_route=\/wp\/v2\/types\/post"}],"author":[{"embeddable":true,"href":"https:\/\/www.press7.tv\/index.php?rest_route=\/wp\/v2\/users\/8"}],"replies":[{"embeddable":true,"href":"https:\/\/www.press7.tv\/index.php?rest_route=%2Fwp%2Fv2%2Fcomments&post=20671"}],"version-history":[{"count":1,"href":"https:\/\/www.press7.tv\/index.php?rest_route=\/wp\/v2\/posts\/20671\/revisions"}],"predecessor-version":[{"id":20673,"href":"https:\/\/www.press7.tv\/index.php?rest_route=\/wp\/v2\/posts\/20671\/revisions\/20673"}],"wp:featuredmedia":[{"embeddable":true,"href":"https:\/\/www.press7.tv\/index.php?rest_route=\/wp\/v2\/media\/20672"}],"wp:attachment":[{"href":"https:\/\/www.press7.tv\/index.php?rest_route=%2Fwp%2Fv2%2Fmedia&parent=20671"}],"wp:term":[{"taxonomy":"category","embeddable":true,"href":"https:\/\/www.press7.tv\/index.php?rest_route=%2Fwp%2Fv2%2Fcategories&post=20671"},{"taxonomy":"post_tag","embeddable":true,"href":"https:\/\/www.press7.tv\/index.php?rest_route=%2Fwp%2Fv2%2Ftags&post=20671"}],"curies":[{"name":"wp","href":"https:\/\/api.w.org\/{rel}","templated":true}]}}