{"id":20665,"date":"2025-07-04T09:39:07","date_gmt":"2025-07-04T09:39:07","guid":{"rendered":"https:\/\/www.press7.tv\/?p=20665"},"modified":"2025-07-04T09:39:07","modified_gmt":"2025-07-04T09:39:07","slug":"aksident-prane-kufirit-serbi-hungari-humbi-jeten-shtetasi-i-maqedonise-se-veriut","status":"publish","type":"post","link":"https:\/\/www.press7.tv\/?p=20665","title":{"rendered":"Aksident pran\u00eb kufirit Serbi\u2013Hungari, humbi jet\u00ebn shtetasi i Maqedonis\u00eb s\u00eb Veriut"},"content":{"rendered":"\n    <div class=\"xs_social_share_widget xs_share_url before_content \t\tmain_content  wslu-style-2 wslu-share-box-shaped wslu-fill-colored wslu-share-m-5 wslu-none wslu-share-vertical wslu-theme-font-no wslu-main_content\">\n\n\t\t\n        <ul>\n\t\t\t        <\/ul>\n    <\/div> \n<p>Nj\u00eb aksident tragjik ka ndodhur sot n\u00eb m\u00ebngjes rreth or\u00ebs 05:15 n\u00eb autostrad\u00ebn af\u00ebr Horgoshit, pran\u00eb kufirit Serbi\u2013Hungari, ku nj\u00eb shtetas i Maqedonis\u00eb s\u00eb Veriut ka humbur jet\u00ebn dhe nj\u00eb tjet\u00ebr ka mbetur r\u00ebnd\u00eb i l\u00ebnduar, raportojn\u00eb mediat serbe. Sipas informatave t\u00eb para, aksidenti ka ndodhur kur automjeti \u201cKIA\u201d me targa t\u00eb Maqedonis\u00eb, q\u00eb po l\u00ebvizte n\u00eb autostrad\u00eb n\u00eb drejtim t\u00eb Horgoshit, ka dal\u00eb nga rruga n\u00eb af\u00ebrsi t\u00eb vendbanimit Vishnjevac, mes nyj\u00ebs rrugore n\u00eb Zhednik dhe pik\u00ebs s\u00eb pages\u00ebs n\u00eb Subotic\u00eb, dhe m\u00eb pas \u00ebsht\u00eb p\u00ebrmbysur, p\u00ebrcjell TV21.<\/p>\n<p>\u201cN\u00eb aksident ka humbur jet\u00ebn pasagjeri N. A. (39), nd\u00ebrsa shoferi A. A. (60) ka p\u00ebsuar l\u00ebndime t\u00eb r\u00ebnda dhe \u00ebsht\u00eb d\u00ebrguar n\u00eb spitalin e Subotic\u00ebs, ku po i jepet ndihma e nevojshme mjek\u00ebsore\u201d, raportojn\u00eb mediat serbe.<\/p>\n<p>Sipas mediave serbe, nga Drejtoria e Policis\u00eb n\u00eb Subotic\u00eb njoftojn\u00eb se ndaj shoferit do t\u00eb ngrihet kall\u00ebzim penal p\u00ebr vep\u00ebr t\u00eb r\u00ebnd\u00eb kund\u00ebr siguris\u00eb s\u00eb trafikut rrugor.<\/p>\n<p>Pasagjeri q\u00eb ndodhej n\u00eb vetur\u00eb ka nd\u00ebrruar jet\u00eb n\u00eb vendin e ngjarjes nga plag\u00ebt e marra, nd\u00ebrsa shoferi \u00ebsht\u00eb transportuar me l\u00ebndime t\u00eb r\u00ebnda trupore n\u00eb Spitalin e P\u00ebrgjithsh\u00ebm n\u00eb Subotic\u00eb.<\/p>\n<p>Hetimet jan\u00eb n\u00eb vazhdim dhe pritet t\u00eb zbardhin rrethanat e plota q\u00eb \u00e7uan n\u00eb k\u00ebt\u00eb aksident fatal.\/tv21.tv<\/p>\n","protected":false},"excerpt":{"rendered":"<p>Nj\u00eb aksident tragjik ka ndodhur sot n\u00eb m\u00ebngjes rreth or\u00ebs 05:15 n\u00eb autostrad\u00ebn af\u00ebr Horgoshit, pran\u00eb kufirit Serbi\u2013Hungari, ku nj\u00eb shtetas i Maqedonis\u00eb s\u00eb Veriut ka humbur jet\u00ebn dhe nj\u00eb tjet\u00ebr ka mbetur r\u00ebnd\u00eb i l\u00ebnduar, raportojn\u00eb mediat serbe. Sipas informatave t\u00eb para, aksidenti ka ndodhur kur automjeti \u201cKIA\u201d me targa t\u00eb Maqedonis\u00eb, q\u00eb po [&hellip;]<\/p>\n","protected":false},"author":8,"featured_media":20666,"comment_status":"closed","ping_status":"closed","sticky":false,"template":"","format":"standard","meta":{"footnotes":""},"categories":[213,214],"tags":[],"class_list":["post-20665","post","type-post","status-publish","format-standard","has-post-thumbnail","hentry","category-lajme","category-maqedoni"],"yoast_head":"<!-- This site is optimized with the Yoast SEO plugin v25.1 - https:\/\/yoast.com\/wordpress\/plugins\/seo\/ -->\n<title>Aksident pran\u00eb kufirit Serbi\u2013Hungari, humbi jet\u00ebn shtetasi i Maqedonis\u00eb s\u00eb Veriut - press7.tv<\/title>\n<meta name=\"robots\" content=\"index, follow, max-snippet:-1, max-image-preview:large, max-video-preview:-1\" \/>\n<link rel=\"canonical\" href=\"https:\/\/www.press7.tv\/?p=20665\" \/>\n<meta property=\"og:locale\" content=\"en_US\" \/>\n<meta property=\"og:type\" content=\"article\" \/>\n<meta property=\"og:title\" content=\"Aksident pran\u00eb kufirit Serbi\u2013Hungari, humbi jet\u00ebn shtetasi i Maqedonis\u00eb s\u00eb Veriut - press7.tv\" \/>\n<meta property=\"og:description\" content=\"Nj\u00eb aksident tragjik ka ndodhur sot n\u00eb m\u00ebngjes rreth or\u00ebs 05:15 n\u00eb autostrad\u00ebn af\u00ebr Horgoshit, pran\u00eb kufirit Serbi\u2013Hungari, ku nj\u00eb shtetas i Maqedonis\u00eb s\u00eb Veriut ka humbur jet\u00ebn dhe nj\u00eb tjet\u00ebr ka mbetur r\u00ebnd\u00eb i l\u00ebnduar, raportojn\u00eb mediat serbe. Sipas informatave t\u00eb para, aksidenti ka ndodhur kur automjeti \u201cKIA\u201d me targa t\u00eb Maqedonis\u00eb, q\u00eb po [&hellip;]\" \/>\n<meta property=\"og:url\" content=\"https:\/\/www.press7.tv\/?p=20665\" \/>\n<meta property=\"og:site_name\" content=\"press7.tv\" \/>\n<meta property=\"article:publisher\" content=\"https:\/\/www.facebook.com\/press7.tv\" \/>\n<meta property=\"article:published_time\" content=\"2025-07-04T09:39:07+00:00\" \/>\n<meta property=\"og:image\" content=\"https:\/\/www.press7.tv\/wp-content\/uploads\/2025\/07\/IMG_6003.avif\" \/>\n\t<meta property=\"og:image:width\" content=\"1242\" \/>\n\t<meta property=\"og:image:height\" content=\"738\" \/>\n\t<meta property=\"og:image:type\" content=\"image\/jpeg\" \/>\n<meta name=\"author\" content=\"gazetar2\" \/>\n<meta name=\"twitter:card\" content=\"summary_large_image\" \/>\n<meta name=\"twitter:label1\" content=\"Written by\" \/>\n\t<meta name=\"twitter:data1\" content=\"gazetar2\" \/>\n\t<meta name=\"twitter:label2\" content=\"Est. reading time\" \/>\n\t<meta name=\"twitter:data2\" content=\"1 minute\" \/>\n<script type=\"application\/ld+json\" class=\"yoast-schema-graph\">{\"@context\":\"https:\/\/schema.org\",\"@graph\":[{\"@type\":\"Article\",\"@id\":\"https:\/\/www.press7.tv\/?p=20665#article\",\"isPartOf\":{\"@id\":\"https:\/\/www.press7.tv\/?p=20665\"},\"author\":{\"name\":\"gazetar2\",\"@id\":\"https:\/\/www.news33.tv\/#\/schema\/person\/5a04a38a23ccdba82f9bd665cd8f9efa\"},\"headline\":\"Aksident pran\u00eb kufirit Serbi\u2013Hungari, humbi jet\u00ebn shtetasi i Maqedonis\u00eb s\u00eb Veriut\",\"datePublished\":\"2025-07-04T09:39:07+00:00\",\"mainEntityOfPage\":{\"@id\":\"https:\/\/www.press7.tv\/?p=20665\"},\"wordCount\":250,\"publisher\":{\"@id\":\"https:\/\/www.news33.tv\/#organization\"},\"image\":{\"@id\":\"https:\/\/www.press7.tv\/?p=20665#primaryimage\"},\"thumbnailUrl\":\"https:\/\/www.press7.tv\/wp-content\/uploads\/2025\/07\/IMG_6003.avif\",\"articleSection\":[\"Lajme\",\"Maqedoni\"],\"inLanguage\":\"en-US\"},{\"@type\":\"WebPage\",\"@id\":\"https:\/\/www.press7.tv\/?p=20665\",\"url\":\"https:\/\/www.press7.tv\/?p=20665\",\"name\":\"Aksident pran\u00eb kufirit Serbi\u2013Hungari, humbi jet\u00ebn shtetasi i Maqedonis\u00eb s\u00eb Veriut - press7.tv\",\"isPartOf\":{\"@id\":\"https:\/\/www.news33.tv\/#website\"},\"primaryImageOfPage\":{\"@id\":\"https:\/\/www.press7.tv\/?p=20665#primaryimage\"},\"image\":{\"@id\":\"https:\/\/www.press7.tv\/?p=20665#primaryimage\"},\"thumbnailUrl\":\"https:\/\/www.press7.tv\/wp-content\/uploads\/2025\/07\/IMG_6003.avif\",\"datePublished\":\"2025-07-04T09:39:07+00:00\",\"breadcrumb\":{\"@id\":\"https:\/\/www.press7.tv\/?p=20665#breadcrumb\"},\"inLanguage\":\"en-US\",\"potentialAction\":[{\"@type\":\"ReadAction\",\"target\":[\"https:\/\/www.press7.tv\/?p=20665\"]}]},{\"@type\":\"ImageObject\",\"inLanguage\":\"en-US\",\"@id\":\"https:\/\/www.press7.tv\/?p=20665#primaryimage\",\"url\":\"https:\/\/www.press7.tv\/wp-content\/uploads\/2025\/07\/IMG_6003.avif\",\"contentUrl\":\"https:\/\/www.press7.tv\/wp-content\/uploads\/2025\/07\/IMG_6003.avif\",\"width\":1242,\"height\":738,\"caption\":\"Screenshot\"},{\"@type\":\"BreadcrumbList\",\"@id\":\"https:\/\/www.press7.tv\/?p=20665#breadcrumb\",\"itemListElement\":[{\"@type\":\"ListItem\",\"position\":1,\"name\":\"Home\",\"item\":\"https:\/\/www.press7.tv\/\"},{\"@type\":\"ListItem\",\"position\":2,\"name\":\"Aksident pran\u00eb kufirit Serbi\u2013Hungari, humbi jet\u00ebn shtetasi i Maqedonis\u00eb s\u00eb Veriut\"}]},{\"@type\":\"WebSite\",\"@id\":\"https:\/\/www.news33.tv\/#website\",\"url\":\"https:\/\/www.news33.tv\/\",\"name\":\"News33.tv Media\",\"description\":\"Media\",\"publisher\":{\"@id\":\"https:\/\/www.news33.tv\/#organization\"},\"potentialAction\":[{\"@type\":\"SearchAction\",\"target\":{\"@type\":\"EntryPoint\",\"urlTemplate\":\"https:\/\/www.news33.tv\/?s={search_term_string}\"},\"query-input\":{\"@type\":\"PropertyValueSpecification\",\"valueRequired\":true,\"valueName\":\"search_term_string\"}}],\"inLanguage\":\"en-US\"},{\"@type\":\"Organization\",\"@id\":\"https:\/\/www.news33.tv\/#organization\",\"name\":\"News33.tv Media\",\"url\":\"https:\/\/www.news33.tv\/\",\"logo\":{\"@type\":\"ImageObject\",\"inLanguage\":\"en-US\",\"@id\":\"https:\/\/www.news33.tv\/#\/schema\/logo\/image\/\",\"url\":\"https:\/\/www.press7.tv\/wp-content\/uploads\/2024\/02\/logo-news33-black.png\",\"contentUrl\":\"https:\/\/www.press7.tv\/wp-content\/uploads\/2024\/02\/logo-news33-black.png\",\"width\":180,\"height\":37,\"caption\":\"News33.tv Media\"},\"image\":{\"@id\":\"https:\/\/www.news33.tv\/#\/schema\/logo\/image\/\"},\"sameAs\":[\"https:\/\/www.facebook.com\/press7.tv\"]},{\"@type\":\"Person\",\"@id\":\"https:\/\/www.news33.tv\/#\/schema\/person\/5a04a38a23ccdba82f9bd665cd8f9efa\",\"name\":\"gazetar2\",\"image\":{\"@type\":\"ImageObject\",\"inLanguage\":\"en-US\",\"@id\":\"https:\/\/www.news33.tv\/#\/schema\/person\/image\/\",\"url\":\"https:\/\/www.press7.tv\/wp-content\/litespeed\/avatar\/41975e402c3049d9ddb03adca8f7a883.jpg?ver=1777169572\",\"contentUrl\":\"https:\/\/www.press7.tv\/wp-content\/litespeed\/avatar\/41975e402c3049d9ddb03adca8f7a883.jpg?ver=1777169572\",\"caption\":\"gazetar2\"},\"url\":\"https:\/\/www.press7.tv\/?author=8\"}]}<\/script>\n<!-- \/ Yoast SEO plugin. -->","yoast_head_json":{"title":"Aksident pran\u00eb kufirit Serbi\u2013Hungari, humbi jet\u00ebn shtetasi i Maqedonis\u00eb s\u00eb Veriut - press7.tv","robots":{"index":"index","follow":"follow","max-snippet":"max-snippet:-1","max-image-preview":"max-image-preview:large","max-video-preview":"max-video-preview:-1"},"canonical":"https:\/\/www.press7.tv\/?p=20665","og_locale":"en_US","og_type":"article","og_title":"Aksident pran\u00eb kufirit Serbi\u2013Hungari, humbi jet\u00ebn shtetasi i Maqedonis\u00eb s\u00eb Veriut - press7.tv","og_description":"Nj\u00eb aksident tragjik ka ndodhur sot n\u00eb m\u00ebngjes rreth or\u00ebs 05:15 n\u00eb autostrad\u00ebn af\u00ebr Horgoshit, pran\u00eb kufirit Serbi\u2013Hungari, ku nj\u00eb shtetas i Maqedonis\u00eb s\u00eb Veriut ka humbur jet\u00ebn dhe nj\u00eb tjet\u00ebr ka mbetur r\u00ebnd\u00eb i l\u00ebnduar, raportojn\u00eb mediat serbe. Sipas informatave t\u00eb para, aksidenti ka ndodhur kur automjeti \u201cKIA\u201d me targa t\u00eb Maqedonis\u00eb, q\u00eb po [&hellip;]","og_url":"https:\/\/www.press7.tv\/?p=20665","og_site_name":"press7.tv","article_publisher":"https:\/\/www.facebook.com\/press7.tv","article_published_time":"2025-07-04T09:39:07+00:00","og_image":[{"width":1242,"height":738,"url":"https:\/\/www.press7.tv\/wp-content\/uploads\/2025\/07\/IMG_6003.avif","type":"image\/jpeg"}],"author":"gazetar2","twitter_card":"summary_large_image","twitter_misc":{"Written by":"gazetar2","Est. reading time":"1 minute"},"schema":{"@context":"https:\/\/schema.org","@graph":[{"@type":"Article","@id":"https:\/\/www.press7.tv\/?p=20665#article","isPartOf":{"@id":"https:\/\/www.press7.tv\/?p=20665"},"author":{"name":"gazetar2","@id":"https:\/\/www.news33.tv\/#\/schema\/person\/5a04a38a23ccdba82f9bd665cd8f9efa"},"headline":"Aksident pran\u00eb kufirit Serbi\u2013Hungari, humbi jet\u00ebn shtetasi i Maqedonis\u00eb s\u00eb Veriut","datePublished":"2025-07-04T09:39:07+00:00","mainEntityOfPage":{"@id":"https:\/\/www.press7.tv\/?p=20665"},"wordCount":250,"publisher":{"@id":"https:\/\/www.news33.tv\/#organization"},"image":{"@id":"https:\/\/www.press7.tv\/?p=20665#primaryimage"},"thumbnailUrl":"https:\/\/www.press7.tv\/wp-content\/uploads\/2025\/07\/IMG_6003.avif","articleSection":["Lajme","Maqedoni"],"inLanguage":"en-US"},{"@type":"WebPage","@id":"https:\/\/www.press7.tv\/?p=20665","url":"https:\/\/www.press7.tv\/?p=20665","name":"Aksident pran\u00eb kufirit Serbi\u2013Hungari, humbi jet\u00ebn shtetasi i Maqedonis\u00eb s\u00eb Veriut - press7.tv","isPartOf":{"@id":"https:\/\/www.news33.tv\/#website"},"primaryImageOfPage":{"@id":"https:\/\/www.press7.tv\/?p=20665#primaryimage"},"image":{"@id":"https:\/\/www.press7.tv\/?p=20665#primaryimage"},"thumbnailUrl":"https:\/\/www.press7.tv\/wp-content\/uploads\/2025\/07\/IMG_6003.avif","datePublished":"2025-07-04T09:39:07+00:00","breadcrumb":{"@id":"https:\/\/www.press7.tv\/?p=20665#breadcrumb"},"inLanguage":"en-US","potentialAction":[{"@type":"ReadAction","target":["https:\/\/www.press7.tv\/?p=20665"]}]},{"@type":"ImageObject","inLanguage":"en-US","@id":"https:\/\/www.press7.tv\/?p=20665#primaryimage","url":"https:\/\/www.press7.tv\/wp-content\/uploads\/2025\/07\/IMG_6003.avif","contentUrl":"https:\/\/www.press7.tv\/wp-content\/uploads\/2025\/07\/IMG_6003.avif","width":1242,"height":738,"caption":"Screenshot"},{"@type":"BreadcrumbList","@id":"https:\/\/www.press7.tv\/?p=20665#breadcrumb","itemListElement":[{"@type":"ListItem","position":1,"name":"Home","item":"https:\/\/www.press7.tv\/"},{"@type":"ListItem","position":2,"name":"Aksident pran\u00eb kufirit Serbi\u2013Hungari, humbi jet\u00ebn shtetasi i Maqedonis\u00eb s\u00eb Veriut"}]},{"@type":"WebSite","@id":"https:\/\/www.news33.tv\/#website","url":"https:\/\/www.news33.tv\/","name":"News33.tv Media","description":"Media","publisher":{"@id":"https:\/\/www.news33.tv\/#organization"},"potentialAction":[{"@type":"SearchAction","target":{"@type":"EntryPoint","urlTemplate":"https:\/\/www.news33.tv\/?s={search_term_string}"},"query-input":{"@type":"PropertyValueSpecification","valueRequired":true,"valueName":"search_term_string"}}],"inLanguage":"en-US"},{"@type":"Organization","@id":"https:\/\/www.news33.tv\/#organization","name":"News33.tv Media","url":"https:\/\/www.news33.tv\/","logo":{"@type":"ImageObject","inLanguage":"en-US","@id":"https:\/\/www.news33.tv\/#\/schema\/logo\/image\/","url":"https:\/\/www.press7.tv\/wp-content\/uploads\/2024\/02\/logo-news33-black.png","contentUrl":"https:\/\/www.press7.tv\/wp-content\/uploads\/2024\/02\/logo-news33-black.png","width":180,"height":37,"caption":"News33.tv Media"},"image":{"@id":"https:\/\/www.news33.tv\/#\/schema\/logo\/image\/"},"sameAs":["https:\/\/www.facebook.com\/press7.tv"]},{"@type":"Person","@id":"https:\/\/www.news33.tv\/#\/schema\/person\/5a04a38a23ccdba82f9bd665cd8f9efa","name":"gazetar2","image":{"@type":"ImageObject","inLanguage":"en-US","@id":"https:\/\/www.news33.tv\/#\/schema\/person\/image\/","url":"https:\/\/www.press7.tv\/wp-content\/litespeed\/avatar\/41975e402c3049d9ddb03adca8f7a883.jpg?ver=1777169572","contentUrl":"https:\/\/www.press7.tv\/wp-content\/litespeed\/avatar\/41975e402c3049d9ddb03adca8f7a883.jpg?ver=1777169572","caption":"gazetar2"},"url":"https:\/\/www.press7.tv\/?author=8"}]}},"amp_enabled":true,"_links":{"self":[{"href":"https:\/\/www.press7.tv\/index.php?rest_route=\/wp\/v2\/posts\/20665","targetHints":{"allow":["GET"]}}],"collection":[{"href":"https:\/\/www.press7.tv\/index.php?rest_route=\/wp\/v2\/posts"}],"about":[{"href":"https:\/\/www.press7.tv\/index.php?rest_route=\/wp\/v2\/types\/post"}],"author":[{"embeddable":true,"href":"https:\/\/www.press7.tv\/index.php?rest_route=\/wp\/v2\/users\/8"}],"replies":[{"embeddable":true,"href":"https:\/\/www.press7.tv\/index.php?rest_route=%2Fwp%2Fv2%2Fcomments&post=20665"}],"version-history":[{"count":1,"href":"https:\/\/www.press7.tv\/index.php?rest_route=\/wp\/v2\/posts\/20665\/revisions"}],"predecessor-version":[{"id":20667,"href":"https:\/\/www.press7.tv\/index.php?rest_route=\/wp\/v2\/posts\/20665\/revisions\/20667"}],"wp:featuredmedia":[{"embeddable":true,"href":"https:\/\/www.press7.tv\/index.php?rest_route=\/wp\/v2\/media\/20666"}],"wp:attachment":[{"href":"https:\/\/www.press7.tv\/index.php?rest_route=%2Fwp%2Fv2%2Fmedia&parent=20665"}],"wp:term":[{"taxonomy":"category","embeddable":true,"href":"https:\/\/www.press7.tv\/index.php?rest_route=%2Fwp%2Fv2%2Fcategories&post=20665"},{"taxonomy":"post_tag","embeddable":true,"href":"https:\/\/www.press7.tv\/index.php?rest_route=%2Fwp%2Fv2%2Ftags&post=20665"}],"curies":[{"name":"wp","href":"https:\/\/api.w.org\/{rel}","templated":true}]}}