{"id":20657,"date":"2025-07-03T14:32:07","date_gmt":"2025-07-03T14:32:07","guid":{"rendered":"https:\/\/www.press7.tv\/?p=20657"},"modified":"2025-07-03T14:32:07","modified_gmt":"2025-07-03T14:32:07","slug":"vazhdojne-te-perhapen-zjarret-ne-turqi-nje-i-vdekur","status":"publish","type":"post","link":"https:\/\/www.press7.tv\/?p=20657","title":{"rendered":"Vazhdojn\u00eb t\u00eb p\u00ebrhapen zjarret n\u00eb Turqi, nj\u00eb i vdekur"},"content":{"rendered":"\n    <div class=\"xs_social_share_widget xs_share_url before_content \t\tmain_content  wslu-style-2 wslu-share-box-shaped wslu-fill-colored wslu-share-m-5 wslu-none wslu-share-vertical wslu-theme-font-no wslu-main_content\">\n\n\t\t\n        <ul>\n\t\t\t        <\/ul>\n    <\/div> \n<p>Nj\u00eb zjarr i madh ka l\u00ebn\u00eb t\u00eb vdekur nj\u00eb burr\u00eb i cili ishte vet\u00ebm n\u00eb sht\u00ebpi n\u00eb provinc\u00ebn per\u00ebndimore t\u00eb Izmirit n\u00eb Turqi, pasi u p\u00ebrhap n\u00eb nj\u00eb zon\u00eb banimi, ka b\u00ebr\u00eb t\u00eb ditur t\u00eb enjten agjencia shtet\u00ebrore e lajmeve Anadolu.<\/p>\n<p>Rasti sh\u00ebnon viktim\u00ebn e par\u00eb pas gati nj\u00eb jave zjarresh t\u00eb shp\u00ebrndara. <\/p>\n<p>Burri, 81 vje\u00e7, ka vdekur n\u00eb lagjen Odemis ku zjarrfik\u00ebsit luftuan me zjarret p\u00ebr t\u00eb dyt\u00ebn dit\u00eb, teksa disa helikopter\u00eb dhe avion\u00eb hidhnin uj\u00eb n\u00eb terrenin malor.<\/p>\n<p>Autoritetet kan\u00eb mbyllur disa rrug\u00eb p\u00ebr n\u00eb qytetin turistik t\u00eb \u00c7e\u015fmes\u00eb n\u00eb Egje p\u00ebr shkak t\u00eb zjarrit, ka njoftuar Anadolu. <\/p>\n<p>Transmetuesit kan\u00eb shfaqur pamje t\u00eb flak\u00ebve n\u00ebp\u00ebr pjes\u00eb t\u00eb autostrad\u00ebs kryesore nd\u00ebrsa mb\u00ebrrinin cisternat e ujit.<\/p>\n<p>Zjarret n\u00eb t\u00eb gjith\u00eb per\u00ebndimin e Turqis\u00eb kan\u00eb d\u00ebmtuar rreth 200 sht\u00ebpi teksa viktimave u \u00ebsht\u00eb ofruar akomodim alternativ, ka th\u00ebn\u00eb ministri i Brendsh\u00ebm, Ali Yerlikaya.<\/p>\n<p>Rreth 50,000 njer\u00ebz u evakuuan p\u00ebrkoh\u00ebsisht m\u00eb par\u00eb gjat\u00eb jav\u00ebs p\u00ebr shkak t\u00eb zjarreve, t\u00eb cilat u nxit\u00ebn nga temperaturat e larta, lag\u00ebshtia e ul\u00ebt dhe er\u00ebrat e forta. Disa jan\u00eb v\u00ebn\u00eb n\u00ebn kontroll.<\/p>\n<p>Zjarre t\u00eb tjera shp\u00ebrthyen gjithashtu t\u00eb enjten n\u00eb provinc\u00ebn jugore turistike t\u00eb Antalias dhe pak jasht\u00eb Stambollit, qytetit m\u00eb t\u00eb madh t\u00eb Turqis\u00eb, sipas Anadolu.<\/p>\n","protected":false},"excerpt":{"rendered":"<p>Nj\u00eb zjarr i madh ka l\u00ebn\u00eb t\u00eb vdekur nj\u00eb burr\u00eb i cili ishte vet\u00ebm n\u00eb sht\u00ebpi n\u00eb provinc\u00ebn per\u00ebndimore t\u00eb Izmirit n\u00eb Turqi, pasi u p\u00ebrhap n\u00eb nj\u00eb zon\u00eb banimi, ka b\u00ebr\u00eb t\u00eb ditur t\u00eb enjten agjencia shtet\u00ebrore e lajmeve Anadolu. Rasti sh\u00ebnon viktim\u00ebn e par\u00eb pas gati nj\u00eb jave zjarresh t\u00eb shp\u00ebrndara. Burri, 81 [&hellip;]<\/p>\n","protected":false},"author":8,"featured_media":20658,"comment_status":"closed","ping_status":"closed","sticky":false,"template":"","format":"standard","meta":{"footnotes":""},"categories":[217,213],"tags":[],"class_list":["post-20657","post","type-post","status-publish","format-standard","has-post-thumbnail","hentry","category-bote","category-lajme"],"yoast_head":"<!-- This site is optimized with the Yoast SEO plugin v25.1 - https:\/\/yoast.com\/wordpress\/plugins\/seo\/ -->\n<title>Vazhdojn\u00eb t\u00eb p\u00ebrhapen zjarret n\u00eb Turqi, nj\u00eb i vdekur - press7.tv<\/title>\n<meta name=\"robots\" content=\"index, follow, max-snippet:-1, max-image-preview:large, max-video-preview:-1\" \/>\n<link rel=\"canonical\" href=\"https:\/\/www.press7.tv\/?p=20657\" \/>\n<meta property=\"og:locale\" content=\"en_US\" \/>\n<meta property=\"og:type\" content=\"article\" \/>\n<meta property=\"og:title\" content=\"Vazhdojn\u00eb t\u00eb p\u00ebrhapen zjarret n\u00eb Turqi, nj\u00eb i vdekur - press7.tv\" \/>\n<meta property=\"og:description\" content=\"Nj\u00eb zjarr i madh ka l\u00ebn\u00eb t\u00eb vdekur nj\u00eb burr\u00eb i cili ishte vet\u00ebm n\u00eb sht\u00ebpi n\u00eb provinc\u00ebn per\u00ebndimore t\u00eb Izmirit n\u00eb Turqi, pasi u p\u00ebrhap n\u00eb nj\u00eb zon\u00eb banimi, ka b\u00ebr\u00eb t\u00eb ditur t\u00eb enjten agjencia shtet\u00ebrore e lajmeve Anadolu. Rasti sh\u00ebnon viktim\u00ebn e par\u00eb pas gati nj\u00eb jave zjarresh t\u00eb shp\u00ebrndara. Burri, 81 [&hellip;]\" \/>\n<meta property=\"og:url\" content=\"https:\/\/www.press7.tv\/?p=20657\" \/>\n<meta property=\"og:site_name\" content=\"press7.tv\" \/>\n<meta property=\"article:publisher\" content=\"https:\/\/www.facebook.com\/press7.tv\" \/>\n<meta property=\"article:published_time\" content=\"2025-07-03T14:32:07+00:00\" \/>\n<meta property=\"og:image\" content=\"https:\/\/www.press7.tv\/wp-content\/uploads\/2025\/07\/IMG_5987.avif\" \/>\n\t<meta property=\"og:image:width\" content=\"1360\" \/>\n\t<meta property=\"og:image:height\" content=\"870\" \/>\n\t<meta property=\"og:image:type\" content=\"image\/webp\" \/>\n<meta name=\"author\" content=\"gazetar2\" \/>\n<meta name=\"twitter:card\" content=\"summary_large_image\" \/>\n<meta name=\"twitter:label1\" content=\"Written by\" \/>\n\t<meta name=\"twitter:data1\" content=\"gazetar2\" \/>\n\t<meta name=\"twitter:label2\" content=\"Est. reading time\" \/>\n\t<meta name=\"twitter:data2\" content=\"1 minute\" \/>\n<script type=\"application\/ld+json\" class=\"yoast-schema-graph\">{\"@context\":\"https:\/\/schema.org\",\"@graph\":[{\"@type\":\"Article\",\"@id\":\"https:\/\/www.press7.tv\/?p=20657#article\",\"isPartOf\":{\"@id\":\"https:\/\/www.press7.tv\/?p=20657\"},\"author\":{\"name\":\"gazetar2\",\"@id\":\"https:\/\/www.news33.tv\/#\/schema\/person\/5a04a38a23ccdba82f9bd665cd8f9efa\"},\"headline\":\"Vazhdojn\u00eb t\u00eb p\u00ebrhapen zjarret n\u00eb Turqi, nj\u00eb i vdekur\",\"datePublished\":\"2025-07-03T14:32:07+00:00\",\"mainEntityOfPage\":{\"@id\":\"https:\/\/www.press7.tv\/?p=20657\"},\"wordCount\":249,\"publisher\":{\"@id\":\"https:\/\/www.news33.tv\/#organization\"},\"image\":{\"@id\":\"https:\/\/www.press7.tv\/?p=20657#primaryimage\"},\"thumbnailUrl\":\"https:\/\/www.press7.tv\/wp-content\/uploads\/2025\/07\/IMG_5987.avif\",\"articleSection\":[\"Bot\u00eb\",\"Lajme\"],\"inLanguage\":\"en-US\"},{\"@type\":\"WebPage\",\"@id\":\"https:\/\/www.press7.tv\/?p=20657\",\"url\":\"https:\/\/www.press7.tv\/?p=20657\",\"name\":\"Vazhdojn\u00eb t\u00eb p\u00ebrhapen zjarret n\u00eb Turqi, nj\u00eb i vdekur - press7.tv\",\"isPartOf\":{\"@id\":\"https:\/\/www.news33.tv\/#website\"},\"primaryImageOfPage\":{\"@id\":\"https:\/\/www.press7.tv\/?p=20657#primaryimage\"},\"image\":{\"@id\":\"https:\/\/www.press7.tv\/?p=20657#primaryimage\"},\"thumbnailUrl\":\"https:\/\/www.press7.tv\/wp-content\/uploads\/2025\/07\/IMG_5987.avif\",\"datePublished\":\"2025-07-03T14:32:07+00:00\",\"breadcrumb\":{\"@id\":\"https:\/\/www.press7.tv\/?p=20657#breadcrumb\"},\"inLanguage\":\"en-US\",\"potentialAction\":[{\"@type\":\"ReadAction\",\"target\":[\"https:\/\/www.press7.tv\/?p=20657\"]}]},{\"@type\":\"ImageObject\",\"inLanguage\":\"en-US\",\"@id\":\"https:\/\/www.press7.tv\/?p=20657#primaryimage\",\"url\":\"https:\/\/www.press7.tv\/wp-content\/uploads\/2025\/07\/IMG_5987.avif\",\"contentUrl\":\"https:\/\/www.press7.tv\/wp-content\/uploads\/2025\/07\/IMG_5987.avif\",\"width\":1360,\"height\":870},{\"@type\":\"BreadcrumbList\",\"@id\":\"https:\/\/www.press7.tv\/?p=20657#breadcrumb\",\"itemListElement\":[{\"@type\":\"ListItem\",\"position\":1,\"name\":\"Home\",\"item\":\"https:\/\/www.press7.tv\/\"},{\"@type\":\"ListItem\",\"position\":2,\"name\":\"Vazhdojn\u00eb t\u00eb p\u00ebrhapen zjarret n\u00eb Turqi, nj\u00eb i vdekur\"}]},{\"@type\":\"WebSite\",\"@id\":\"https:\/\/www.news33.tv\/#website\",\"url\":\"https:\/\/www.news33.tv\/\",\"name\":\"News33.tv Media\",\"description\":\"Media\",\"publisher\":{\"@id\":\"https:\/\/www.news33.tv\/#organization\"},\"potentialAction\":[{\"@type\":\"SearchAction\",\"target\":{\"@type\":\"EntryPoint\",\"urlTemplate\":\"https:\/\/www.news33.tv\/?s={search_term_string}\"},\"query-input\":{\"@type\":\"PropertyValueSpecification\",\"valueRequired\":true,\"valueName\":\"search_term_string\"}}],\"inLanguage\":\"en-US\"},{\"@type\":\"Organization\",\"@id\":\"https:\/\/www.news33.tv\/#organization\",\"name\":\"News33.tv Media\",\"url\":\"https:\/\/www.news33.tv\/\",\"logo\":{\"@type\":\"ImageObject\",\"inLanguage\":\"en-US\",\"@id\":\"https:\/\/www.news33.tv\/#\/schema\/logo\/image\/\",\"url\":\"https:\/\/www.press7.tv\/wp-content\/uploads\/2024\/02\/logo-news33-black.png\",\"contentUrl\":\"https:\/\/www.press7.tv\/wp-content\/uploads\/2024\/02\/logo-news33-black.png\",\"width\":180,\"height\":37,\"caption\":\"News33.tv Media\"},\"image\":{\"@id\":\"https:\/\/www.news33.tv\/#\/schema\/logo\/image\/\"},\"sameAs\":[\"https:\/\/www.facebook.com\/press7.tv\"]},{\"@type\":\"Person\",\"@id\":\"https:\/\/www.news33.tv\/#\/schema\/person\/5a04a38a23ccdba82f9bd665cd8f9efa\",\"name\":\"gazetar2\",\"image\":{\"@type\":\"ImageObject\",\"inLanguage\":\"en-US\",\"@id\":\"https:\/\/www.news33.tv\/#\/schema\/person\/image\/\",\"url\":\"https:\/\/www.press7.tv\/wp-content\/litespeed\/avatar\/41975e402c3049d9ddb03adca8f7a883.jpg?ver=1777169572\",\"contentUrl\":\"https:\/\/www.press7.tv\/wp-content\/litespeed\/avatar\/41975e402c3049d9ddb03adca8f7a883.jpg?ver=1777169572\",\"caption\":\"gazetar2\"},\"url\":\"https:\/\/www.press7.tv\/?author=8\"}]}<\/script>\n<!-- \/ Yoast SEO plugin. -->","yoast_head_json":{"title":"Vazhdojn\u00eb t\u00eb p\u00ebrhapen zjarret n\u00eb Turqi, nj\u00eb i vdekur - press7.tv","robots":{"index":"index","follow":"follow","max-snippet":"max-snippet:-1","max-image-preview":"max-image-preview:large","max-video-preview":"max-video-preview:-1"},"canonical":"https:\/\/www.press7.tv\/?p=20657","og_locale":"en_US","og_type":"article","og_title":"Vazhdojn\u00eb t\u00eb p\u00ebrhapen zjarret n\u00eb Turqi, nj\u00eb i vdekur - press7.tv","og_description":"Nj\u00eb zjarr i madh ka l\u00ebn\u00eb t\u00eb vdekur nj\u00eb burr\u00eb i cili ishte vet\u00ebm n\u00eb sht\u00ebpi n\u00eb provinc\u00ebn per\u00ebndimore t\u00eb Izmirit n\u00eb Turqi, pasi u p\u00ebrhap n\u00eb nj\u00eb zon\u00eb banimi, ka b\u00ebr\u00eb t\u00eb ditur t\u00eb enjten agjencia shtet\u00ebrore e lajmeve Anadolu. Rasti sh\u00ebnon viktim\u00ebn e par\u00eb pas gati nj\u00eb jave zjarresh t\u00eb shp\u00ebrndara. Burri, 81 [&hellip;]","og_url":"https:\/\/www.press7.tv\/?p=20657","og_site_name":"press7.tv","article_publisher":"https:\/\/www.facebook.com\/press7.tv","article_published_time":"2025-07-03T14:32:07+00:00","og_image":[{"width":1360,"height":870,"url":"https:\/\/www.press7.tv\/wp-content\/uploads\/2025\/07\/IMG_5987.avif","type":"image\/webp"}],"author":"gazetar2","twitter_card":"summary_large_image","twitter_misc":{"Written by":"gazetar2","Est. reading time":"1 minute"},"schema":{"@context":"https:\/\/schema.org","@graph":[{"@type":"Article","@id":"https:\/\/www.press7.tv\/?p=20657#article","isPartOf":{"@id":"https:\/\/www.press7.tv\/?p=20657"},"author":{"name":"gazetar2","@id":"https:\/\/www.news33.tv\/#\/schema\/person\/5a04a38a23ccdba82f9bd665cd8f9efa"},"headline":"Vazhdojn\u00eb t\u00eb p\u00ebrhapen zjarret n\u00eb Turqi, nj\u00eb i vdekur","datePublished":"2025-07-03T14:32:07+00:00","mainEntityOfPage":{"@id":"https:\/\/www.press7.tv\/?p=20657"},"wordCount":249,"publisher":{"@id":"https:\/\/www.news33.tv\/#organization"},"image":{"@id":"https:\/\/www.press7.tv\/?p=20657#primaryimage"},"thumbnailUrl":"https:\/\/www.press7.tv\/wp-content\/uploads\/2025\/07\/IMG_5987.avif","articleSection":["Bot\u00eb","Lajme"],"inLanguage":"en-US"},{"@type":"WebPage","@id":"https:\/\/www.press7.tv\/?p=20657","url":"https:\/\/www.press7.tv\/?p=20657","name":"Vazhdojn\u00eb t\u00eb p\u00ebrhapen zjarret n\u00eb Turqi, nj\u00eb i vdekur - press7.tv","isPartOf":{"@id":"https:\/\/www.news33.tv\/#website"},"primaryImageOfPage":{"@id":"https:\/\/www.press7.tv\/?p=20657#primaryimage"},"image":{"@id":"https:\/\/www.press7.tv\/?p=20657#primaryimage"},"thumbnailUrl":"https:\/\/www.press7.tv\/wp-content\/uploads\/2025\/07\/IMG_5987.avif","datePublished":"2025-07-03T14:32:07+00:00","breadcrumb":{"@id":"https:\/\/www.press7.tv\/?p=20657#breadcrumb"},"inLanguage":"en-US","potentialAction":[{"@type":"ReadAction","target":["https:\/\/www.press7.tv\/?p=20657"]}]},{"@type":"ImageObject","inLanguage":"en-US","@id":"https:\/\/www.press7.tv\/?p=20657#primaryimage","url":"https:\/\/www.press7.tv\/wp-content\/uploads\/2025\/07\/IMG_5987.avif","contentUrl":"https:\/\/www.press7.tv\/wp-content\/uploads\/2025\/07\/IMG_5987.avif","width":1360,"height":870},{"@type":"BreadcrumbList","@id":"https:\/\/www.press7.tv\/?p=20657#breadcrumb","itemListElement":[{"@type":"ListItem","position":1,"name":"Home","item":"https:\/\/www.press7.tv\/"},{"@type":"ListItem","position":2,"name":"Vazhdojn\u00eb t\u00eb p\u00ebrhapen zjarret n\u00eb Turqi, nj\u00eb i vdekur"}]},{"@type":"WebSite","@id":"https:\/\/www.news33.tv\/#website","url":"https:\/\/www.news33.tv\/","name":"News33.tv Media","description":"Media","publisher":{"@id":"https:\/\/www.news33.tv\/#organization"},"potentialAction":[{"@type":"SearchAction","target":{"@type":"EntryPoint","urlTemplate":"https:\/\/www.news33.tv\/?s={search_term_string}"},"query-input":{"@type":"PropertyValueSpecification","valueRequired":true,"valueName":"search_term_string"}}],"inLanguage":"en-US"},{"@type":"Organization","@id":"https:\/\/www.news33.tv\/#organization","name":"News33.tv Media","url":"https:\/\/www.news33.tv\/","logo":{"@type":"ImageObject","inLanguage":"en-US","@id":"https:\/\/www.news33.tv\/#\/schema\/logo\/image\/","url":"https:\/\/www.press7.tv\/wp-content\/uploads\/2024\/02\/logo-news33-black.png","contentUrl":"https:\/\/www.press7.tv\/wp-content\/uploads\/2024\/02\/logo-news33-black.png","width":180,"height":37,"caption":"News33.tv Media"},"image":{"@id":"https:\/\/www.news33.tv\/#\/schema\/logo\/image\/"},"sameAs":["https:\/\/www.facebook.com\/press7.tv"]},{"@type":"Person","@id":"https:\/\/www.news33.tv\/#\/schema\/person\/5a04a38a23ccdba82f9bd665cd8f9efa","name":"gazetar2","image":{"@type":"ImageObject","inLanguage":"en-US","@id":"https:\/\/www.news33.tv\/#\/schema\/person\/image\/","url":"https:\/\/www.press7.tv\/wp-content\/litespeed\/avatar\/41975e402c3049d9ddb03adca8f7a883.jpg?ver=1777169572","contentUrl":"https:\/\/www.press7.tv\/wp-content\/litespeed\/avatar\/41975e402c3049d9ddb03adca8f7a883.jpg?ver=1777169572","caption":"gazetar2"},"url":"https:\/\/www.press7.tv\/?author=8"}]}},"amp_enabled":true,"_links":{"self":[{"href":"https:\/\/www.press7.tv\/index.php?rest_route=\/wp\/v2\/posts\/20657","targetHints":{"allow":["GET"]}}],"collection":[{"href":"https:\/\/www.press7.tv\/index.php?rest_route=\/wp\/v2\/posts"}],"about":[{"href":"https:\/\/www.press7.tv\/index.php?rest_route=\/wp\/v2\/types\/post"}],"author":[{"embeddable":true,"href":"https:\/\/www.press7.tv\/index.php?rest_route=\/wp\/v2\/users\/8"}],"replies":[{"embeddable":true,"href":"https:\/\/www.press7.tv\/index.php?rest_route=%2Fwp%2Fv2%2Fcomments&post=20657"}],"version-history":[{"count":1,"href":"https:\/\/www.press7.tv\/index.php?rest_route=\/wp\/v2\/posts\/20657\/revisions"}],"predecessor-version":[{"id":20659,"href":"https:\/\/www.press7.tv\/index.php?rest_route=\/wp\/v2\/posts\/20657\/revisions\/20659"}],"wp:featuredmedia":[{"embeddable":true,"href":"https:\/\/www.press7.tv\/index.php?rest_route=\/wp\/v2\/media\/20658"}],"wp:attachment":[{"href":"https:\/\/www.press7.tv\/index.php?rest_route=%2Fwp%2Fv2%2Fmedia&parent=20657"}],"wp:term":[{"taxonomy":"category","embeddable":true,"href":"https:\/\/www.press7.tv\/index.php?rest_route=%2Fwp%2Fv2%2Fcategories&post=20657"},{"taxonomy":"post_tag","embeddable":true,"href":"https:\/\/www.press7.tv\/index.php?rest_route=%2Fwp%2Fv2%2Ftags&post=20657"}],"curies":[{"name":"wp","href":"https:\/\/api.w.org\/{rel}","templated":true}]}}