{"id":20635,"date":"2025-07-02T15:30:19","date_gmt":"2025-07-02T15:30:19","guid":{"rendered":"https:\/\/www.press7.tv\/?p=20635"},"modified":"2025-07-02T15:30:19","modified_gmt":"2025-07-02T15:30:19","slug":"ambasada-gjermane-serbise-rregullo-shtepine-para-se-ta-qortosh-kosoven","status":"publish","type":"post","link":"https:\/\/www.press7.tv\/?p=20635","title":{"rendered":"Ambasada gjermane, Serbis\u00eb: Rregullo sht\u00ebpin\u00eb para se ta qortosh Kosov\u00ebn"},"content":{"rendered":"\n    <div class=\"xs_social_share_widget xs_share_url before_content \t\tmain_content  wslu-style-2 wslu-share-box-shaped wslu-fill-colored wslu-share-m-5 wslu-none wslu-share-vertical wslu-theme-font-no wslu-main_content\">\n\n\t\t\n        <ul>\n\t\t\t        <\/ul>\n    <\/div> \n<p>Ambasada Gjermane ka th\u00ebn\u00eb se ka marr\u00eb n\u00eb konsiderat\u00eb letr\u00ebn e fundit t\u00eb Petar Petkoviq, ku ai k\u00ebrkon ndalimin e nd\u00ebrtimit t\u00eb dy urave shtes\u00eb mbi lumin Ib\u00ebr n\u00eb Mitrovic\u00eb.<\/p>\n<p>P\u00ebrmes k\u00ebtij njoftimi, kjo ambasad\u00eb i ka b\u00ebr\u00eb thirrje Qeveris\u00eb s\u00eb Kosov\u00ebs n\u00eb detyr\u00eb q\u00eb t\u00eb p\u00ebrmbahet nga l\u00ebvizjet p\u00ebrshkall\u00ebzuese.<\/p>\n<p>\u201cAmbasada Gjermane ka marr\u00eb n\u00eb konsiderat\u00eb letr\u00ebn e fundit t\u00eb Petar Petkoviq n\u00eb t\u00eb cil\u00ebn ai k\u00ebrkon nga Bashkimi Evropian, shteteve t\u00eb saj an\u00ebtare dhe pal\u00ebve t\u00eb tjera t\u00eb interesuara q\u00eb t\u00eb ndalojn\u00eb at\u00eb q\u00eb ai e p\u00ebrshkruan si \u201cveprime p\u00ebrshkall\u00ebzuese t\u00eb situat\u00ebs nga Prishtina\u201d, p\u00ebrkat\u00ebsisht nd\u00ebrtimin e planifikuar t\u00eb dy urave shtes\u00eb mbi lumin Ib\u00ebr n\u00eb Mitrovic\u00eb. Si\u00e7 e kemi deklaruar vazhdimisht n\u00eb p\u00ebrgjigjet tona ndaj pyetjeve t\u00eb m\u00ebparshme t\u00eb shtypit, i b\u00ebjm\u00eb thirrje Qeveris\u00eb s\u00eb Kosov\u00ebs t\u00eb p\u00ebrmbahet nga l\u00ebvizjet p\u00ebrshkall\u00ebzuese\u201d, thuhet n\u00eb njoftim.<\/p>\n<p>Gjithsesi, ambasada tha se thirrjet p\u00ebr ulje t\u00eb tensionit duhet t\u00eb vlejn\u00eb n\u00eb m\u00ebnyr\u00eb t\u00eb barabart\u00eb p\u00ebr t\u00eb gjitha pal\u00ebt dhe si\u00e7 thuhet aty, nuk \u00ebsht\u00eb Qeveria e Kosov\u00ebs ajo q\u00eb po d\u00ebshton t\u00eb zbatoj\u00eb masa ligjore kund\u00ebr atyre q\u00eb jan\u00eb p\u00ebrgjegj\u00ebs p\u00ebr sulmin e tmerrsh\u00ebm n\u00eb Banjsk\u00eb.<\/p>\n<p>Megjithat\u00eb, thirrjet p\u00ebr ulje t\u00eb tensionit duhet t\u00eb vlejn\u00eb n\u00eb m\u00ebnyr\u00eb t\u00eb barabart\u00eb p\u00ebr t\u00eb gjitha pal\u00ebt. Sigurisht q\u00eb nuk \u00ebsht\u00eb Qeveria e Kosov\u00ebs ajo q\u00eb po d\u00ebshton t\u00eb zbatoj\u00eb masa ligjore kund\u00ebr atyre q\u00eb jan\u00eb p\u00ebrgjegj\u00ebs p\u00ebr sulmin e tmerrsh\u00ebm n\u00eb Banjska. Fakti q\u00eb udh\u00ebheq\u00ebsi i vet\u00ebshpallur i atij sulmi, serbi i Kosov\u00ebs dhe ish-n\u00ebnkryetari i List\u00ebs Serbe, Radoi\u00e7iq, pranoi publikisht p\u00ebrgjegj\u00ebsin\u00eb dhe megjithat\u00eb vazhdon t\u00eb l\u00ebviz\u00eb lirsh\u00ebm n\u00eb territorin serb, minon thell\u00ebsisht p\u00ebrpjekjet p\u00ebr t\u00eb nxitur besimin dhe llogaridh\u00ebnien n\u00eb rajon\u201d, thuhet tutje aty.<\/p>\n<p>N\u00eb lidhje me k\u00ebt\u00eb, ambasada p\u00ebrdori nj\u00eb proverb, duke th\u00ebn\u00eb se s\u00eb pari duhet t\u00eb vendosen rregullat n\u00eb sht\u00ebpin\u00eb e vet.<\/p>\n<p>\u201cN\u00eb gjermanisht themi, \u2018Erstmal vor der eigenen Haust\u00fcr kehren\u2019 \u2013 s\u00eb pari pastro para der\u00ebs t\u00ebnde. I zhvendosur n\u00eb situat\u00ebn aktuale, kjo proverb na kujton se duhet t\u00eb rregullosh sht\u00ebpin\u00eb t\u00ebnde p\u00ebrpara se ta qortosh vazhdimisht Kosov\u00ebn p\u00ebr vendimet e saj. Mosveprimi n\u00eb ndjekjen penale t\u00eb shkel\u00ebsve t\u00eb dhunsh\u00ebm \u00ebsht\u00eb po aq i keqardhur dhe kund\u00ebrproduktiv sa \u00e7do mas\u00eb e pakoordinuar nga Prishtina\u201d, thuhet n\u00eb njoftimin e ambasad\u00ebs. \/RTK\/<\/p>\n","protected":false},"excerpt":{"rendered":"<p>Ambasada Gjermane ka th\u00ebn\u00eb se ka marr\u00eb n\u00eb konsiderat\u00eb letr\u00ebn e fundit t\u00eb Petar Petkoviq, ku ai k\u00ebrkon ndalimin e nd\u00ebrtimit t\u00eb dy urave shtes\u00eb mbi lumin Ib\u00ebr n\u00eb Mitrovic\u00eb. P\u00ebrmes k\u00ebtij njoftimi, kjo ambasad\u00eb i ka b\u00ebr\u00eb thirrje Qeveris\u00eb s\u00eb Kosov\u00ebs n\u00eb detyr\u00eb q\u00eb t\u00eb p\u00ebrmbahet nga l\u00ebvizjet p\u00ebrshkall\u00ebzuese. \u201cAmbasada Gjermane ka marr\u00eb n\u00eb [&hellip;]<\/p>\n","protected":false},"author":8,"featured_media":20636,"comment_status":"closed","ping_status":"closed","sticky":false,"template":"","format":"standard","meta":{"footnotes":""},"categories":[215,213],"tags":[],"class_list":["post-20635","post","type-post","status-publish","format-standard","has-post-thumbnail","hentry","category-kosove","category-lajme"],"yoast_head":"<!-- This site is optimized with the Yoast SEO plugin v25.1 - https:\/\/yoast.com\/wordpress\/plugins\/seo\/ -->\n<title>Ambasada gjermane, Serbis\u00eb: Rregullo sht\u00ebpin\u00eb para se ta qortosh Kosov\u00ebn - press7.tv<\/title>\n<meta name=\"robots\" content=\"index, follow, max-snippet:-1, max-image-preview:large, max-video-preview:-1\" \/>\n<link rel=\"canonical\" href=\"https:\/\/www.press7.tv\/?p=20635\" \/>\n<meta property=\"og:locale\" content=\"en_US\" \/>\n<meta property=\"og:type\" content=\"article\" \/>\n<meta property=\"og:title\" content=\"Ambasada gjermane, Serbis\u00eb: Rregullo sht\u00ebpin\u00eb para se ta qortosh Kosov\u00ebn - press7.tv\" \/>\n<meta property=\"og:description\" content=\"Ambasada Gjermane ka th\u00ebn\u00eb se ka marr\u00eb n\u00eb konsiderat\u00eb letr\u00ebn e fundit t\u00eb Petar Petkoviq, ku ai k\u00ebrkon ndalimin e nd\u00ebrtimit t\u00eb dy urave shtes\u00eb mbi lumin Ib\u00ebr n\u00eb Mitrovic\u00eb. P\u00ebrmes k\u00ebtij njoftimi, kjo ambasad\u00eb i ka b\u00ebr\u00eb thirrje Qeveris\u00eb s\u00eb Kosov\u00ebs n\u00eb detyr\u00eb q\u00eb t\u00eb p\u00ebrmbahet nga l\u00ebvizjet p\u00ebrshkall\u00ebzuese. \u201cAmbasada Gjermane ka marr\u00eb n\u00eb [&hellip;]\" \/>\n<meta property=\"og:url\" content=\"https:\/\/www.press7.tv\/?p=20635\" \/>\n<meta property=\"og:site_name\" content=\"press7.tv\" \/>\n<meta property=\"article:publisher\" content=\"https:\/\/www.facebook.com\/press7.tv\" \/>\n<meta property=\"article:published_time\" content=\"2025-07-02T15:30:19+00:00\" \/>\n<meta property=\"og:image\" content=\"https:\/\/www.press7.tv\/wp-content\/uploads\/2025\/07\/IMG_5951.avif\" \/>\n\t<meta property=\"og:image:width\" content=\"899\" \/>\n\t<meta property=\"og:image:height\" content=\"500\" \/>\n\t<meta property=\"og:image:type\" content=\"image\/jpeg\" \/>\n<meta name=\"author\" content=\"gazetar2\" \/>\n<meta name=\"twitter:card\" content=\"summary_large_image\" \/>\n<meta name=\"twitter:label1\" content=\"Written by\" \/>\n\t<meta name=\"twitter:data1\" content=\"gazetar2\" \/>\n\t<meta name=\"twitter:label2\" content=\"Est. reading time\" \/>\n\t<meta name=\"twitter:data2\" content=\"1 minute\" \/>\n<script type=\"application\/ld+json\" class=\"yoast-schema-graph\">{\"@context\":\"https:\/\/schema.org\",\"@graph\":[{\"@type\":\"Article\",\"@id\":\"https:\/\/www.press7.tv\/?p=20635#article\",\"isPartOf\":{\"@id\":\"https:\/\/www.press7.tv\/?p=20635\"},\"author\":{\"name\":\"gazetar2\",\"@id\":\"https:\/\/www.news33.tv\/#\/schema\/person\/5a04a38a23ccdba82f9bd665cd8f9efa\"},\"headline\":\"Ambasada gjermane, Serbis\u00eb: Rregullo sht\u00ebpin\u00eb para se ta qortosh Kosov\u00ebn\",\"datePublished\":\"2025-07-02T15:30:19+00:00\",\"mainEntityOfPage\":{\"@id\":\"https:\/\/www.press7.tv\/?p=20635\"},\"wordCount\":459,\"publisher\":{\"@id\":\"https:\/\/www.news33.tv\/#organization\"},\"image\":{\"@id\":\"https:\/\/www.press7.tv\/?p=20635#primaryimage\"},\"thumbnailUrl\":\"https:\/\/www.press7.tv\/wp-content\/uploads\/2025\/07\/IMG_5951.avif\",\"articleSection\":[\"Kosov\u00eb\",\"Lajme\"],\"inLanguage\":\"en-US\"},{\"@type\":\"WebPage\",\"@id\":\"https:\/\/www.press7.tv\/?p=20635\",\"url\":\"https:\/\/www.press7.tv\/?p=20635\",\"name\":\"Ambasada gjermane, Serbis\u00eb: Rregullo sht\u00ebpin\u00eb para se ta qortosh Kosov\u00ebn - press7.tv\",\"isPartOf\":{\"@id\":\"https:\/\/www.news33.tv\/#website\"},\"primaryImageOfPage\":{\"@id\":\"https:\/\/www.press7.tv\/?p=20635#primaryimage\"},\"image\":{\"@id\":\"https:\/\/www.press7.tv\/?p=20635#primaryimage\"},\"thumbnailUrl\":\"https:\/\/www.press7.tv\/wp-content\/uploads\/2025\/07\/IMG_5951.avif\",\"datePublished\":\"2025-07-02T15:30:19+00:00\",\"breadcrumb\":{\"@id\":\"https:\/\/www.press7.tv\/?p=20635#breadcrumb\"},\"inLanguage\":\"en-US\",\"potentialAction\":[{\"@type\":\"ReadAction\",\"target\":[\"https:\/\/www.press7.tv\/?p=20635\"]}]},{\"@type\":\"ImageObject\",\"inLanguage\":\"en-US\",\"@id\":\"https:\/\/www.press7.tv\/?p=20635#primaryimage\",\"url\":\"https:\/\/www.press7.tv\/wp-content\/uploads\/2025\/07\/IMG_5951.avif\",\"contentUrl\":\"https:\/\/www.press7.tv\/wp-content\/uploads\/2025\/07\/IMG_5951.avif\",\"width\":899,\"height\":500},{\"@type\":\"BreadcrumbList\",\"@id\":\"https:\/\/www.press7.tv\/?p=20635#breadcrumb\",\"itemListElement\":[{\"@type\":\"ListItem\",\"position\":1,\"name\":\"Home\",\"item\":\"https:\/\/www.press7.tv\/\"},{\"@type\":\"ListItem\",\"position\":2,\"name\":\"Ambasada gjermane, Serbis\u00eb: Rregullo sht\u00ebpin\u00eb para se ta qortosh Kosov\u00ebn\"}]},{\"@type\":\"WebSite\",\"@id\":\"https:\/\/www.news33.tv\/#website\",\"url\":\"https:\/\/www.news33.tv\/\",\"name\":\"News33.tv Media\",\"description\":\"Media\",\"publisher\":{\"@id\":\"https:\/\/www.news33.tv\/#organization\"},\"potentialAction\":[{\"@type\":\"SearchAction\",\"target\":{\"@type\":\"EntryPoint\",\"urlTemplate\":\"https:\/\/www.news33.tv\/?s={search_term_string}\"},\"query-input\":{\"@type\":\"PropertyValueSpecification\",\"valueRequired\":true,\"valueName\":\"search_term_string\"}}],\"inLanguage\":\"en-US\"},{\"@type\":\"Organization\",\"@id\":\"https:\/\/www.news33.tv\/#organization\",\"name\":\"News33.tv Media\",\"url\":\"https:\/\/www.news33.tv\/\",\"logo\":{\"@type\":\"ImageObject\",\"inLanguage\":\"en-US\",\"@id\":\"https:\/\/www.news33.tv\/#\/schema\/logo\/image\/\",\"url\":\"https:\/\/www.press7.tv\/wp-content\/uploads\/2024\/02\/logo-news33-black.png\",\"contentUrl\":\"https:\/\/www.press7.tv\/wp-content\/uploads\/2024\/02\/logo-news33-black.png\",\"width\":180,\"height\":37,\"caption\":\"News33.tv Media\"},\"image\":{\"@id\":\"https:\/\/www.news33.tv\/#\/schema\/logo\/image\/\"},\"sameAs\":[\"https:\/\/www.facebook.com\/press7.tv\"]},{\"@type\":\"Person\",\"@id\":\"https:\/\/www.news33.tv\/#\/schema\/person\/5a04a38a23ccdba82f9bd665cd8f9efa\",\"name\":\"gazetar2\",\"image\":{\"@type\":\"ImageObject\",\"inLanguage\":\"en-US\",\"@id\":\"https:\/\/www.news33.tv\/#\/schema\/person\/image\/\",\"url\":\"https:\/\/www.press7.tv\/wp-content\/litespeed\/avatar\/41975e402c3049d9ddb03adca8f7a883.jpg?ver=1777169572\",\"contentUrl\":\"https:\/\/www.press7.tv\/wp-content\/litespeed\/avatar\/41975e402c3049d9ddb03adca8f7a883.jpg?ver=1777169572\",\"caption\":\"gazetar2\"},\"url\":\"https:\/\/www.press7.tv\/?author=8\"}]}<\/script>\n<!-- \/ Yoast SEO plugin. -->","yoast_head_json":{"title":"Ambasada gjermane, Serbis\u00eb: Rregullo sht\u00ebpin\u00eb para se ta qortosh Kosov\u00ebn - press7.tv","robots":{"index":"index","follow":"follow","max-snippet":"max-snippet:-1","max-image-preview":"max-image-preview:large","max-video-preview":"max-video-preview:-1"},"canonical":"https:\/\/www.press7.tv\/?p=20635","og_locale":"en_US","og_type":"article","og_title":"Ambasada gjermane, Serbis\u00eb: Rregullo sht\u00ebpin\u00eb para se ta qortosh Kosov\u00ebn - press7.tv","og_description":"Ambasada Gjermane ka th\u00ebn\u00eb se ka marr\u00eb n\u00eb konsiderat\u00eb letr\u00ebn e fundit t\u00eb Petar Petkoviq, ku ai k\u00ebrkon ndalimin e nd\u00ebrtimit t\u00eb dy urave shtes\u00eb mbi lumin Ib\u00ebr n\u00eb Mitrovic\u00eb. P\u00ebrmes k\u00ebtij njoftimi, kjo ambasad\u00eb i ka b\u00ebr\u00eb thirrje Qeveris\u00eb s\u00eb Kosov\u00ebs n\u00eb detyr\u00eb q\u00eb t\u00eb p\u00ebrmbahet nga l\u00ebvizjet p\u00ebrshkall\u00ebzuese. \u201cAmbasada Gjermane ka marr\u00eb n\u00eb [&hellip;]","og_url":"https:\/\/www.press7.tv\/?p=20635","og_site_name":"press7.tv","article_publisher":"https:\/\/www.facebook.com\/press7.tv","article_published_time":"2025-07-02T15:30:19+00:00","og_image":[{"width":899,"height":500,"url":"https:\/\/www.press7.tv\/wp-content\/uploads\/2025\/07\/IMG_5951.avif","type":"image\/jpeg"}],"author":"gazetar2","twitter_card":"summary_large_image","twitter_misc":{"Written by":"gazetar2","Est. reading time":"1 minute"},"schema":{"@context":"https:\/\/schema.org","@graph":[{"@type":"Article","@id":"https:\/\/www.press7.tv\/?p=20635#article","isPartOf":{"@id":"https:\/\/www.press7.tv\/?p=20635"},"author":{"name":"gazetar2","@id":"https:\/\/www.news33.tv\/#\/schema\/person\/5a04a38a23ccdba82f9bd665cd8f9efa"},"headline":"Ambasada gjermane, Serbis\u00eb: Rregullo sht\u00ebpin\u00eb para se ta qortosh Kosov\u00ebn","datePublished":"2025-07-02T15:30:19+00:00","mainEntityOfPage":{"@id":"https:\/\/www.press7.tv\/?p=20635"},"wordCount":459,"publisher":{"@id":"https:\/\/www.news33.tv\/#organization"},"image":{"@id":"https:\/\/www.press7.tv\/?p=20635#primaryimage"},"thumbnailUrl":"https:\/\/www.press7.tv\/wp-content\/uploads\/2025\/07\/IMG_5951.avif","articleSection":["Kosov\u00eb","Lajme"],"inLanguage":"en-US"},{"@type":"WebPage","@id":"https:\/\/www.press7.tv\/?p=20635","url":"https:\/\/www.press7.tv\/?p=20635","name":"Ambasada gjermane, Serbis\u00eb: Rregullo sht\u00ebpin\u00eb para se ta qortosh Kosov\u00ebn - press7.tv","isPartOf":{"@id":"https:\/\/www.news33.tv\/#website"},"primaryImageOfPage":{"@id":"https:\/\/www.press7.tv\/?p=20635#primaryimage"},"image":{"@id":"https:\/\/www.press7.tv\/?p=20635#primaryimage"},"thumbnailUrl":"https:\/\/www.press7.tv\/wp-content\/uploads\/2025\/07\/IMG_5951.avif","datePublished":"2025-07-02T15:30:19+00:00","breadcrumb":{"@id":"https:\/\/www.press7.tv\/?p=20635#breadcrumb"},"inLanguage":"en-US","potentialAction":[{"@type":"ReadAction","target":["https:\/\/www.press7.tv\/?p=20635"]}]},{"@type":"ImageObject","inLanguage":"en-US","@id":"https:\/\/www.press7.tv\/?p=20635#primaryimage","url":"https:\/\/www.press7.tv\/wp-content\/uploads\/2025\/07\/IMG_5951.avif","contentUrl":"https:\/\/www.press7.tv\/wp-content\/uploads\/2025\/07\/IMG_5951.avif","width":899,"height":500},{"@type":"BreadcrumbList","@id":"https:\/\/www.press7.tv\/?p=20635#breadcrumb","itemListElement":[{"@type":"ListItem","position":1,"name":"Home","item":"https:\/\/www.press7.tv\/"},{"@type":"ListItem","position":2,"name":"Ambasada gjermane, Serbis\u00eb: Rregullo sht\u00ebpin\u00eb para se ta qortosh Kosov\u00ebn"}]},{"@type":"WebSite","@id":"https:\/\/www.news33.tv\/#website","url":"https:\/\/www.news33.tv\/","name":"News33.tv Media","description":"Media","publisher":{"@id":"https:\/\/www.news33.tv\/#organization"},"potentialAction":[{"@type":"SearchAction","target":{"@type":"EntryPoint","urlTemplate":"https:\/\/www.news33.tv\/?s={search_term_string}"},"query-input":{"@type":"PropertyValueSpecification","valueRequired":true,"valueName":"search_term_string"}}],"inLanguage":"en-US"},{"@type":"Organization","@id":"https:\/\/www.news33.tv\/#organization","name":"News33.tv Media","url":"https:\/\/www.news33.tv\/","logo":{"@type":"ImageObject","inLanguage":"en-US","@id":"https:\/\/www.news33.tv\/#\/schema\/logo\/image\/","url":"https:\/\/www.press7.tv\/wp-content\/uploads\/2024\/02\/logo-news33-black.png","contentUrl":"https:\/\/www.press7.tv\/wp-content\/uploads\/2024\/02\/logo-news33-black.png","width":180,"height":37,"caption":"News33.tv Media"},"image":{"@id":"https:\/\/www.news33.tv\/#\/schema\/logo\/image\/"},"sameAs":["https:\/\/www.facebook.com\/press7.tv"]},{"@type":"Person","@id":"https:\/\/www.news33.tv\/#\/schema\/person\/5a04a38a23ccdba82f9bd665cd8f9efa","name":"gazetar2","image":{"@type":"ImageObject","inLanguage":"en-US","@id":"https:\/\/www.news33.tv\/#\/schema\/person\/image\/","url":"https:\/\/www.press7.tv\/wp-content\/litespeed\/avatar\/41975e402c3049d9ddb03adca8f7a883.jpg?ver=1777169572","contentUrl":"https:\/\/www.press7.tv\/wp-content\/litespeed\/avatar\/41975e402c3049d9ddb03adca8f7a883.jpg?ver=1777169572","caption":"gazetar2"},"url":"https:\/\/www.press7.tv\/?author=8"}]}},"amp_enabled":true,"_links":{"self":[{"href":"https:\/\/www.press7.tv\/index.php?rest_route=\/wp\/v2\/posts\/20635","targetHints":{"allow":["GET"]}}],"collection":[{"href":"https:\/\/www.press7.tv\/index.php?rest_route=\/wp\/v2\/posts"}],"about":[{"href":"https:\/\/www.press7.tv\/index.php?rest_route=\/wp\/v2\/types\/post"}],"author":[{"embeddable":true,"href":"https:\/\/www.press7.tv\/index.php?rest_route=\/wp\/v2\/users\/8"}],"replies":[{"embeddable":true,"href":"https:\/\/www.press7.tv\/index.php?rest_route=%2Fwp%2Fv2%2Fcomments&post=20635"}],"version-history":[{"count":1,"href":"https:\/\/www.press7.tv\/index.php?rest_route=\/wp\/v2\/posts\/20635\/revisions"}],"predecessor-version":[{"id":20637,"href":"https:\/\/www.press7.tv\/index.php?rest_route=\/wp\/v2\/posts\/20635\/revisions\/20637"}],"wp:featuredmedia":[{"embeddable":true,"href":"https:\/\/www.press7.tv\/index.php?rest_route=\/wp\/v2\/media\/20636"}],"wp:attachment":[{"href":"https:\/\/www.press7.tv\/index.php?rest_route=%2Fwp%2Fv2%2Fmedia&parent=20635"}],"wp:term":[{"taxonomy":"category","embeddable":true,"href":"https:\/\/www.press7.tv\/index.php?rest_route=%2Fwp%2Fv2%2Fcategories&post=20635"},{"taxonomy":"post_tag","embeddable":true,"href":"https:\/\/www.press7.tv\/index.php?rest_route=%2Fwp%2Fv2%2Ftags&post=20635"}],"curies":[{"name":"wp","href":"https:\/\/api.w.org\/{rel}","templated":true}]}}