{"id":20590,"date":"2025-06-30T14:31:17","date_gmt":"2025-06-30T14:31:17","guid":{"rendered":"https:\/\/www.press7.tv\/?p=20590"},"modified":"2025-06-30T14:31:17","modified_gmt":"2025-06-30T14:31:17","slug":"tragjedi-ne-itali-humb-jeten-nje-vajze-9-vjecare-me-prejardhje-nga-maqedonia","status":"publish","type":"post","link":"https:\/\/www.press7.tv\/?p=20590","title":{"rendered":"Tra\u2019gjedi n\u00eb Itali, humb jet\u00ebn nj\u00eb vajz\u00eb 9-vje\u00e7are me prejardhje nga Maqedonia"},"content":{"rendered":"\n    <div class=\"xs_social_share_widget xs_share_url before_content \t\tmain_content  wslu-style-2 wslu-share-box-shaped wslu-fill-colored wslu-share-m-5 wslu-none wslu-share-vertical wslu-theme-font-no wslu-main_content\">\n\n\t\t\n        <ul>\n\t\t\t        <\/ul>\n    <\/div> \n<p>Nj\u00eb tragjedi e r\u00ebnd\u00eb ka tronditur komun\u00ebn italiane San Giacomo di Pederobba, pran\u00eb Trevisos, ku dit\u00ebn e djeshme rreth or\u00ebs 16:00 ka humbur jet\u00ebn nj\u00eb vajz\u00eb 9-vje\u00e7are me prejardhje nga Maqedonia, raportoi \u201cLa Tribuna di Treviso\u201d.<\/p>\n<p>Vajza, Adna Islam, banuese n\u00eb Cavasso del Tomba, ishte n\u00eb nj\u00eb ekskursion p\u00ebrgjat\u00eb lumit Piave s\u00eb bashku me prind\u00ebrit e saj, Ihmet dhe Nail\u00ebn, si dhe me v\u00ebllain dhe motr\u00ebn e saj m\u00eb t\u00eb vegj\u00ebl. Sipas informacioneve, Adna po luante mbi gur\u00ebt bashk\u00eb me disa f\u00ebmij\u00eb t\u00eb tjer\u00eb, kur papritur rr\u00ebshqiti dhe ra n\u00eb lum\u00eb. Rryma e fort\u00eb e ujit e t\u00ebrhoqi dhe vajza u zhduk para syve t\u00eb familjes dhe d\u00ebshmitar\u00ebve.<\/p>\n<p>N\u00eb vendin e ngjarjes mb\u00ebrrit\u00ebn menj\u00ebher\u00eb ekipet e zjarrfik\u00ebsve, karabinier\u00ebt dhe zhyt\u00ebsit. Pas nj\u00eb k\u00ebrkimi t\u00eb gjat\u00eb dhe t\u00eb lodhsh\u00ebm, rreth or\u00ebs 18:30, zhyt\u00ebsit e nj\u00ebsis\u00eb s\u00eb zjarrfik\u00ebsve e gjet\u00ebn trupin e vajz\u00ebs t\u00eb bllokuar mes gur\u00ebve n\u00eb lum\u00eb.<\/p>\n<p>Kryetari i komun\u00ebs dhe z\u00ebvend\u00ebsja e tij, thell\u00ebsisht t\u00eb prekur nga tragjedia, shpreh\u00ebn ngush\u00ebllime t\u00eb sinqerta p\u00ebr familjen dhe theksuan se autoritetet lokale jan\u00eb t\u00eb gatshme t\u00eb ofrojn\u00eb \u00e7do ndihm\u00eb t\u00eb mundshme p\u00ebr familjen n\u00eb k\u00ebto momente t\u00eb v\u00ebshtira.<\/p>\n","protected":false},"excerpt":{"rendered":"<p>Nj\u00eb tragjedi e r\u00ebnd\u00eb ka tronditur komun\u00ebn italiane San Giacomo di Pederobba, pran\u00eb Trevisos, ku dit\u00ebn e djeshme rreth or\u00ebs 16:00 ka humbur jet\u00ebn nj\u00eb vajz\u00eb 9-vje\u00e7are me prejardhje nga Maqedonia, raportoi \u201cLa Tribuna di Treviso\u201d. Vajza, Adna Islam, banuese n\u00eb Cavasso del Tomba, ishte n\u00eb nj\u00eb ekskursion p\u00ebrgjat\u00eb lumit Piave s\u00eb bashku me prind\u00ebrit [&hellip;]<\/p>\n","protected":false},"author":8,"featured_media":20591,"comment_status":"closed","ping_status":"closed","sticky":false,"template":"","format":"standard","meta":{"footnotes":""},"categories":[213,214],"tags":[],"class_list":["post-20590","post","type-post","status-publish","format-standard","has-post-thumbnail","hentry","category-lajme","category-maqedoni"],"yoast_head":"<!-- This site is optimized with the Yoast SEO plugin v25.1 - https:\/\/yoast.com\/wordpress\/plugins\/seo\/ -->\n<title>Tra\u2019gjedi n\u00eb Itali, humb jet\u00ebn nj\u00eb vajz\u00eb 9-vje\u00e7are me prejardhje nga Maqedonia - press7.tv<\/title>\n<meta name=\"robots\" content=\"index, follow, max-snippet:-1, max-image-preview:large, max-video-preview:-1\" \/>\n<link rel=\"canonical\" href=\"https:\/\/www.press7.tv\/?p=20590\" \/>\n<meta property=\"og:locale\" content=\"en_US\" \/>\n<meta property=\"og:type\" content=\"article\" \/>\n<meta property=\"og:title\" content=\"Tra\u2019gjedi n\u00eb Itali, humb jet\u00ebn nj\u00eb vajz\u00eb 9-vje\u00e7are me prejardhje nga Maqedonia - press7.tv\" \/>\n<meta property=\"og:description\" content=\"Nj\u00eb tragjedi e r\u00ebnd\u00eb ka tronditur komun\u00ebn italiane San Giacomo di Pederobba, pran\u00eb Trevisos, ku dit\u00ebn e djeshme rreth or\u00ebs 16:00 ka humbur jet\u00ebn nj\u00eb vajz\u00eb 9-vje\u00e7are me prejardhje nga Maqedonia, raportoi \u201cLa Tribuna di Treviso\u201d. Vajza, Adna Islam, banuese n\u00eb Cavasso del Tomba, ishte n\u00eb nj\u00eb ekskursion p\u00ebrgjat\u00eb lumit Piave s\u00eb bashku me prind\u00ebrit [&hellip;]\" \/>\n<meta property=\"og:url\" content=\"https:\/\/www.press7.tv\/?p=20590\" \/>\n<meta property=\"og:site_name\" content=\"press7.tv\" \/>\n<meta property=\"article:publisher\" content=\"https:\/\/www.facebook.com\/press7.tv\" \/>\n<meta property=\"article:published_time\" content=\"2025-06-30T14:31:17+00:00\" \/>\n<meta property=\"og:image\" content=\"https:\/\/www.press7.tv\/wp-content\/uploads\/2025\/06\/IMG_5913.avif\" \/>\n\t<meta property=\"og:image:width\" content=\"1242\" \/>\n\t<meta property=\"og:image:height\" content=\"740\" \/>\n\t<meta property=\"og:image:type\" content=\"image\/jpeg\" \/>\n<meta name=\"author\" content=\"gazetar2\" \/>\n<meta name=\"twitter:card\" content=\"summary_large_image\" \/>\n<meta name=\"twitter:label1\" content=\"Written by\" \/>\n\t<meta name=\"twitter:data1\" content=\"gazetar2\" \/>\n\t<meta name=\"twitter:label2\" content=\"Est. reading time\" \/>\n\t<meta name=\"twitter:data2\" content=\"1 minute\" \/>\n<script type=\"application\/ld+json\" class=\"yoast-schema-graph\">{\"@context\":\"https:\/\/schema.org\",\"@graph\":[{\"@type\":\"Article\",\"@id\":\"https:\/\/www.press7.tv\/?p=20590#article\",\"isPartOf\":{\"@id\":\"https:\/\/www.press7.tv\/?p=20590\"},\"author\":{\"name\":\"gazetar2\",\"@id\":\"https:\/\/www.news33.tv\/#\/schema\/person\/5a04a38a23ccdba82f9bd665cd8f9efa\"},\"headline\":\"Tra\u2019gjedi n\u00eb Itali, humb jet\u00ebn nj\u00eb vajz\u00eb 9-vje\u00e7are me prejardhje nga Maqedonia\",\"datePublished\":\"2025-06-30T14:31:17+00:00\",\"mainEntityOfPage\":{\"@id\":\"https:\/\/www.press7.tv\/?p=20590\"},\"wordCount\":242,\"publisher\":{\"@id\":\"https:\/\/www.news33.tv\/#organization\"},\"image\":{\"@id\":\"https:\/\/www.press7.tv\/?p=20590#primaryimage\"},\"thumbnailUrl\":\"https:\/\/www.press7.tv\/wp-content\/uploads\/2025\/06\/IMG_5913.avif\",\"articleSection\":[\"Lajme\",\"Maqedoni\"],\"inLanguage\":\"en-US\"},{\"@type\":\"WebPage\",\"@id\":\"https:\/\/www.press7.tv\/?p=20590\",\"url\":\"https:\/\/www.press7.tv\/?p=20590\",\"name\":\"Tra\u2019gjedi n\u00eb Itali, humb jet\u00ebn nj\u00eb vajz\u00eb 9-vje\u00e7are me prejardhje nga Maqedonia - press7.tv\",\"isPartOf\":{\"@id\":\"https:\/\/www.news33.tv\/#website\"},\"primaryImageOfPage\":{\"@id\":\"https:\/\/www.press7.tv\/?p=20590#primaryimage\"},\"image\":{\"@id\":\"https:\/\/www.press7.tv\/?p=20590#primaryimage\"},\"thumbnailUrl\":\"https:\/\/www.press7.tv\/wp-content\/uploads\/2025\/06\/IMG_5913.avif\",\"datePublished\":\"2025-06-30T14:31:17+00:00\",\"breadcrumb\":{\"@id\":\"https:\/\/www.press7.tv\/?p=20590#breadcrumb\"},\"inLanguage\":\"en-US\",\"potentialAction\":[{\"@type\":\"ReadAction\",\"target\":[\"https:\/\/www.press7.tv\/?p=20590\"]}]},{\"@type\":\"ImageObject\",\"inLanguage\":\"en-US\",\"@id\":\"https:\/\/www.press7.tv\/?p=20590#primaryimage\",\"url\":\"https:\/\/www.press7.tv\/wp-content\/uploads\/2025\/06\/IMG_5913.avif\",\"contentUrl\":\"https:\/\/www.press7.tv\/wp-content\/uploads\/2025\/06\/IMG_5913.avif\",\"width\":1242,\"height\":740,\"caption\":\"Screenshot\"},{\"@type\":\"BreadcrumbList\",\"@id\":\"https:\/\/www.press7.tv\/?p=20590#breadcrumb\",\"itemListElement\":[{\"@type\":\"ListItem\",\"position\":1,\"name\":\"Home\",\"item\":\"https:\/\/www.press7.tv\/\"},{\"@type\":\"ListItem\",\"position\":2,\"name\":\"Tra\u2019gjedi n\u00eb Itali, humb jet\u00ebn nj\u00eb vajz\u00eb 9-vje\u00e7are me prejardhje nga Maqedonia\"}]},{\"@type\":\"WebSite\",\"@id\":\"https:\/\/www.news33.tv\/#website\",\"url\":\"https:\/\/www.news33.tv\/\",\"name\":\"News33.tv Media\",\"description\":\"Media\",\"publisher\":{\"@id\":\"https:\/\/www.news33.tv\/#organization\"},\"potentialAction\":[{\"@type\":\"SearchAction\",\"target\":{\"@type\":\"EntryPoint\",\"urlTemplate\":\"https:\/\/www.news33.tv\/?s={search_term_string}\"},\"query-input\":{\"@type\":\"PropertyValueSpecification\",\"valueRequired\":true,\"valueName\":\"search_term_string\"}}],\"inLanguage\":\"en-US\"},{\"@type\":\"Organization\",\"@id\":\"https:\/\/www.news33.tv\/#organization\",\"name\":\"News33.tv Media\",\"url\":\"https:\/\/www.news33.tv\/\",\"logo\":{\"@type\":\"ImageObject\",\"inLanguage\":\"en-US\",\"@id\":\"https:\/\/www.news33.tv\/#\/schema\/logo\/image\/\",\"url\":\"https:\/\/www.press7.tv\/wp-content\/uploads\/2024\/02\/logo-news33-black.png\",\"contentUrl\":\"https:\/\/www.press7.tv\/wp-content\/uploads\/2024\/02\/logo-news33-black.png\",\"width\":180,\"height\":37,\"caption\":\"News33.tv Media\"},\"image\":{\"@id\":\"https:\/\/www.news33.tv\/#\/schema\/logo\/image\/\"},\"sameAs\":[\"https:\/\/www.facebook.com\/press7.tv\"]},{\"@type\":\"Person\",\"@id\":\"https:\/\/www.news33.tv\/#\/schema\/person\/5a04a38a23ccdba82f9bd665cd8f9efa\",\"name\":\"gazetar2\",\"image\":{\"@type\":\"ImageObject\",\"inLanguage\":\"en-US\",\"@id\":\"https:\/\/www.news33.tv\/#\/schema\/person\/image\/\",\"url\":\"https:\/\/www.press7.tv\/wp-content\/litespeed\/avatar\/41975e402c3049d9ddb03adca8f7a883.jpg?ver=1777774395\",\"contentUrl\":\"https:\/\/www.press7.tv\/wp-content\/litespeed\/avatar\/41975e402c3049d9ddb03adca8f7a883.jpg?ver=1777774395\",\"caption\":\"gazetar2\"},\"url\":\"https:\/\/www.press7.tv\/?author=8\"}]}<\/script>\n<!-- \/ Yoast SEO plugin. -->","yoast_head_json":{"title":"Tra\u2019gjedi n\u00eb Itali, humb jet\u00ebn nj\u00eb vajz\u00eb 9-vje\u00e7are me prejardhje nga Maqedonia - press7.tv","robots":{"index":"index","follow":"follow","max-snippet":"max-snippet:-1","max-image-preview":"max-image-preview:large","max-video-preview":"max-video-preview:-1"},"canonical":"https:\/\/www.press7.tv\/?p=20590","og_locale":"en_US","og_type":"article","og_title":"Tra\u2019gjedi n\u00eb Itali, humb jet\u00ebn nj\u00eb vajz\u00eb 9-vje\u00e7are me prejardhje nga Maqedonia - press7.tv","og_description":"Nj\u00eb tragjedi e r\u00ebnd\u00eb ka tronditur komun\u00ebn italiane San Giacomo di Pederobba, pran\u00eb Trevisos, ku dit\u00ebn e djeshme rreth or\u00ebs 16:00 ka humbur jet\u00ebn nj\u00eb vajz\u00eb 9-vje\u00e7are me prejardhje nga Maqedonia, raportoi \u201cLa Tribuna di Treviso\u201d. Vajza, Adna Islam, banuese n\u00eb Cavasso del Tomba, ishte n\u00eb nj\u00eb ekskursion p\u00ebrgjat\u00eb lumit Piave s\u00eb bashku me prind\u00ebrit [&hellip;]","og_url":"https:\/\/www.press7.tv\/?p=20590","og_site_name":"press7.tv","article_publisher":"https:\/\/www.facebook.com\/press7.tv","article_published_time":"2025-06-30T14:31:17+00:00","og_image":[{"width":1242,"height":740,"url":"https:\/\/www.press7.tv\/wp-content\/uploads\/2025\/06\/IMG_5913.avif","type":"image\/jpeg"}],"author":"gazetar2","twitter_card":"summary_large_image","twitter_misc":{"Written by":"gazetar2","Est. reading time":"1 minute"},"schema":{"@context":"https:\/\/schema.org","@graph":[{"@type":"Article","@id":"https:\/\/www.press7.tv\/?p=20590#article","isPartOf":{"@id":"https:\/\/www.press7.tv\/?p=20590"},"author":{"name":"gazetar2","@id":"https:\/\/www.news33.tv\/#\/schema\/person\/5a04a38a23ccdba82f9bd665cd8f9efa"},"headline":"Tra\u2019gjedi n\u00eb Itali, humb jet\u00ebn nj\u00eb vajz\u00eb 9-vje\u00e7are me prejardhje nga Maqedonia","datePublished":"2025-06-30T14:31:17+00:00","mainEntityOfPage":{"@id":"https:\/\/www.press7.tv\/?p=20590"},"wordCount":242,"publisher":{"@id":"https:\/\/www.news33.tv\/#organization"},"image":{"@id":"https:\/\/www.press7.tv\/?p=20590#primaryimage"},"thumbnailUrl":"https:\/\/www.press7.tv\/wp-content\/uploads\/2025\/06\/IMG_5913.avif","articleSection":["Lajme","Maqedoni"],"inLanguage":"en-US"},{"@type":"WebPage","@id":"https:\/\/www.press7.tv\/?p=20590","url":"https:\/\/www.press7.tv\/?p=20590","name":"Tra\u2019gjedi n\u00eb Itali, humb jet\u00ebn nj\u00eb vajz\u00eb 9-vje\u00e7are me prejardhje nga Maqedonia - press7.tv","isPartOf":{"@id":"https:\/\/www.news33.tv\/#website"},"primaryImageOfPage":{"@id":"https:\/\/www.press7.tv\/?p=20590#primaryimage"},"image":{"@id":"https:\/\/www.press7.tv\/?p=20590#primaryimage"},"thumbnailUrl":"https:\/\/www.press7.tv\/wp-content\/uploads\/2025\/06\/IMG_5913.avif","datePublished":"2025-06-30T14:31:17+00:00","breadcrumb":{"@id":"https:\/\/www.press7.tv\/?p=20590#breadcrumb"},"inLanguage":"en-US","potentialAction":[{"@type":"ReadAction","target":["https:\/\/www.press7.tv\/?p=20590"]}]},{"@type":"ImageObject","inLanguage":"en-US","@id":"https:\/\/www.press7.tv\/?p=20590#primaryimage","url":"https:\/\/www.press7.tv\/wp-content\/uploads\/2025\/06\/IMG_5913.avif","contentUrl":"https:\/\/www.press7.tv\/wp-content\/uploads\/2025\/06\/IMG_5913.avif","width":1242,"height":740,"caption":"Screenshot"},{"@type":"BreadcrumbList","@id":"https:\/\/www.press7.tv\/?p=20590#breadcrumb","itemListElement":[{"@type":"ListItem","position":1,"name":"Home","item":"https:\/\/www.press7.tv\/"},{"@type":"ListItem","position":2,"name":"Tra\u2019gjedi n\u00eb Itali, humb jet\u00ebn nj\u00eb vajz\u00eb 9-vje\u00e7are me prejardhje nga Maqedonia"}]},{"@type":"WebSite","@id":"https:\/\/www.news33.tv\/#website","url":"https:\/\/www.news33.tv\/","name":"News33.tv Media","description":"Media","publisher":{"@id":"https:\/\/www.news33.tv\/#organization"},"potentialAction":[{"@type":"SearchAction","target":{"@type":"EntryPoint","urlTemplate":"https:\/\/www.news33.tv\/?s={search_term_string}"},"query-input":{"@type":"PropertyValueSpecification","valueRequired":true,"valueName":"search_term_string"}}],"inLanguage":"en-US"},{"@type":"Organization","@id":"https:\/\/www.news33.tv\/#organization","name":"News33.tv Media","url":"https:\/\/www.news33.tv\/","logo":{"@type":"ImageObject","inLanguage":"en-US","@id":"https:\/\/www.news33.tv\/#\/schema\/logo\/image\/","url":"https:\/\/www.press7.tv\/wp-content\/uploads\/2024\/02\/logo-news33-black.png","contentUrl":"https:\/\/www.press7.tv\/wp-content\/uploads\/2024\/02\/logo-news33-black.png","width":180,"height":37,"caption":"News33.tv Media"},"image":{"@id":"https:\/\/www.news33.tv\/#\/schema\/logo\/image\/"},"sameAs":["https:\/\/www.facebook.com\/press7.tv"]},{"@type":"Person","@id":"https:\/\/www.news33.tv\/#\/schema\/person\/5a04a38a23ccdba82f9bd665cd8f9efa","name":"gazetar2","image":{"@type":"ImageObject","inLanguage":"en-US","@id":"https:\/\/www.news33.tv\/#\/schema\/person\/image\/","url":"https:\/\/www.press7.tv\/wp-content\/litespeed\/avatar\/41975e402c3049d9ddb03adca8f7a883.jpg?ver=1777774395","contentUrl":"https:\/\/www.press7.tv\/wp-content\/litespeed\/avatar\/41975e402c3049d9ddb03adca8f7a883.jpg?ver=1777774395","caption":"gazetar2"},"url":"https:\/\/www.press7.tv\/?author=8"}]}},"amp_enabled":true,"_links":{"self":[{"href":"https:\/\/www.press7.tv\/index.php?rest_route=\/wp\/v2\/posts\/20590","targetHints":{"allow":["GET"]}}],"collection":[{"href":"https:\/\/www.press7.tv\/index.php?rest_route=\/wp\/v2\/posts"}],"about":[{"href":"https:\/\/www.press7.tv\/index.php?rest_route=\/wp\/v2\/types\/post"}],"author":[{"embeddable":true,"href":"https:\/\/www.press7.tv\/index.php?rest_route=\/wp\/v2\/users\/8"}],"replies":[{"embeddable":true,"href":"https:\/\/www.press7.tv\/index.php?rest_route=%2Fwp%2Fv2%2Fcomments&post=20590"}],"version-history":[{"count":1,"href":"https:\/\/www.press7.tv\/index.php?rest_route=\/wp\/v2\/posts\/20590\/revisions"}],"predecessor-version":[{"id":20592,"href":"https:\/\/www.press7.tv\/index.php?rest_route=\/wp\/v2\/posts\/20590\/revisions\/20592"}],"wp:featuredmedia":[{"embeddable":true,"href":"https:\/\/www.press7.tv\/index.php?rest_route=\/wp\/v2\/media\/20591"}],"wp:attachment":[{"href":"https:\/\/www.press7.tv\/index.php?rest_route=%2Fwp%2Fv2%2Fmedia&parent=20590"}],"wp:term":[{"taxonomy":"category","embeddable":true,"href":"https:\/\/www.press7.tv\/index.php?rest_route=%2Fwp%2Fv2%2Fcategories&post=20590"},{"taxonomy":"post_tag","embeddable":true,"href":"https:\/\/www.press7.tv\/index.php?rest_route=%2Fwp%2Fv2%2Ftags&post=20590"}],"curies":[{"name":"wp","href":"https:\/\/api.w.org\/{rel}","templated":true}]}}