{"id":20587,"date":"2025-06-30T14:09:34","date_gmt":"2025-06-30T14:09:34","guid":{"rendered":"https:\/\/www.press7.tv\/?p=20587"},"modified":"2025-06-30T14:09:34","modified_gmt":"2025-06-30T14:09:34","slug":"osmani-do-te-ftoje-ne-takim-kreret-politike-per-ceshtjen-e-kuvendit","status":"publish","type":"post","link":"https:\/\/www.press7.tv\/?p=20587","title":{"rendered":"Osmani do t\u00eb ftoj\u00eb n\u00eb takim krer\u00ebt politik\u00eb p\u00ebr \u00e7\u00ebshtjen e Kuvendit"},"content":{"rendered":"\n    <div class=\"xs_social_share_widget xs_share_url before_content \t\tmain_content  wslu-style-2 wslu-share-box-shaped wslu-fill-colored wslu-share-m-5 wslu-none wslu-share-vertical wslu-theme-font-no wslu-main_content\">\n\n\t\t\n        <ul>\n\t\t\t        <\/ul>\n    <\/div> \n<p>Presidentja e Kosov\u00ebs, Vjosa Osmani, do t\u2019i ftoj\u00eb udh\u00ebheq\u00ebsit e partive politike n\u00eb takime n\u00eb dit\u00ebt n\u00eb vijim, p\u00ebr t\u00eb diskutuar p\u00ebr konstituimin e Kuvendit t\u00eb Kosov\u00ebs.<\/p>\n<p>\u201cPresidentja pret q\u00eb partit\u00eb e p\u00ebrfaq\u00ebsuara n\u00eb Kuvend ta zbatojn\u00eb aktgjykimin e Gjykat\u00ebs Kushtetuese dhe ta p\u00ebrfundojn\u00eb seanc\u00ebn konstituive brenda 30 dit\u00ebsh, si\u00e7 ka k\u00ebrkuar Gjykata\u201d, tha Bekim Kupina, k\u00ebshilltar p\u00ebr media i Osmanit.<\/p>\n<p>Kushtetuesja, n\u00eb aktgjykimin e publikuar m\u00eb 26 qershor, obligoi deputet\u00ebt e dal\u00eb nga zgjedhjet e shkurtit, q\u00eb brenda 30 dit\u00ebsh t\u00eb konstituojn\u00eb organin ligjv\u00ebn\u00ebs. Megjithat\u00eb, L\u00ebvizja Vet\u00ebvendosje ka th\u00ebn\u00eb se aktgjykimi lejon votimin e fsheht\u00eb p\u00ebr kryeparlamentarin, nd\u00ebrkaq Partia Demokratike e Kosov\u00ebs, Lidhja Demokratike e Kosov\u00ebs dhe Aleanca p\u00ebr Ardhm\u00ebrin\u00eb e Kosov\u00ebs kan\u00eb argumentuar t\u00eb kund\u00ebrt\u00ebn.<\/p>\n<p>N\u00ebse paraqitet nevoja, presidentja mbetet e gatshme t\u2019i drejtohet Gjykat\u00ebs Kushtetuese p\u00ebr sqarime shtes\u00eb\u201d, tha Kupina.<\/p>\n<p>Presidentja Osmani ishte shprehur e gatshme t\u2019i drejtohej Gjykat\u00ebs Kushtetuese edhe pas nj\u00eb takimi konsultativ q\u00eb kishte pasur me krer\u00ebt politik\u00eb m\u00eb 15 maj.<\/p>\n<p>P\u00ebr t\u00eb 39-t\u00ebn her\u00eb me radh\u00eb, t\u00eb shtun\u00ebn, deputet\u00ebt nuk arrit\u00ebn ta konstituonin Kuvendin. Q\u00eb nga 1 maji \u2013 kur kryesuesi i seanc\u00ebs, Avni Dehari nga LVV propozoi q\u00eb p\u00ebr kryetarin e Kuvendit t\u00eb votohet n\u00eb m\u00ebnyr\u00eb t\u00eb fsheht\u00eb \u2013 PDK-ja, LDK-ja, AAK-Nisma dhe Lista Serbe nuk propozuar p\u00ebrfaq\u00ebsues p\u00ebr komisionin q\u00eb do t\u00eb mbik\u00ebqyrte votimin e fsheht\u00eb.<\/p>\n<p>K\u00ebto parti kan\u00eb argumentuar se ndryshimi i m\u00ebnyr\u00ebs s\u00eb votimit \u00ebsht\u00eb jokushtetues, dhe ishte AAK-ja, me mb\u00ebshtetjen e deputet\u00ebve t\u00eb PDK-s\u00eb dhe LDK-s\u00eb q\u00eb e d\u00ebrgoi \u00e7\u00ebshtjen e votimit t\u00eb fsheht\u00eb n\u00eb Gjykat\u00ebn Kushtetuese.<\/p>\n<p>M\u00eb 28 qershor, kreu i LVV-s\u00eb, Albin Kurti, ftoi udh\u00ebheq\u00ebsit e partive politike p\u00ebr konsultime, por edhe pas dy or\u00ebsh takim, pal\u00ebt nuk arrit\u00ebn asnj\u00eb marr\u00ebveshje p\u00ebr t\u00eb dal\u00eb nga ng\u00ebr\u00e7i politik.<\/p>\n<p>Pas takimit, Kurti ka faj\u00ebsuar partit\u00eb q\u00eb mandatin e kaluar ishin n\u00eb opozit\u00eb se po e keqinterpretojn\u00eb aktgjykimin, duke th\u00ebn\u00eb se n\u00eb takim ka ofruar edhe kompromise.<\/p>\n<p>Por, nga PDK-ja, LDK-ja dhe AAK-ja kan\u00eb th\u00ebn\u00eb se kan\u00eb k\u00ebrkuar q\u00eb t\u00eb mos vazhdohen seancat me skenarin e nj\u00ebjt\u00eb, pra me votimin e fsheht\u00eb. Kandidatja e LVV-s\u00eb p\u00ebr kryeparlamentare, Albulena Haxhiu, pas vendimit t\u00eb Kushtetueses ka deklaruar se do t\u00eb t\u00ebrhiqet nga kandidimi n\u00ebse n\u00eb votimin e fsheht\u00eb nuk i siguron 61 votat e nevojshme.<\/p>\n<p>Q\u00eb Kuvendi t\u00eb konsiderohet i konstituuar, duhet q\u00eb deputet\u00ebt t\u00eb votojn\u00eb p\u00ebr kryetarin dhe pes\u00eb n\u00ebnkryetar\u00ebt \u2013 p\u00ebr t\u00eb cil\u00ebt k\u00ebrkohen 61 vota.<\/p>\n<p>Vet\u00ebm pasi t\u00eb p\u00ebrmbyllet ky proces, LVV-ja si fituese e zgjedhjeve mund t\u00eb provoj\u00eb t\u00eb formoj\u00eb Qeverin\u00eb e re t\u00eb Kosov\u00ebs.\/REL<\/p>\n","protected":false},"excerpt":{"rendered":"<p>Presidentja e Kosov\u00ebs, Vjosa Osmani, do t\u2019i ftoj\u00eb udh\u00ebheq\u00ebsit e partive politike n\u00eb takime n\u00eb dit\u00ebt n\u00eb vijim, p\u00ebr t\u00eb diskutuar p\u00ebr konstituimin e Kuvendit t\u00eb Kosov\u00ebs. \u201cPresidentja pret q\u00eb partit\u00eb e p\u00ebrfaq\u00ebsuara n\u00eb Kuvend ta zbatojn\u00eb aktgjykimin e Gjykat\u00ebs Kushtetuese dhe ta p\u00ebrfundojn\u00eb seanc\u00ebn konstituive brenda 30 dit\u00ebsh, si\u00e7 ka k\u00ebrkuar Gjykata\u201d, tha Bekim [&hellip;]<\/p>\n","protected":false},"author":8,"featured_media":20588,"comment_status":"closed","ping_status":"closed","sticky":false,"template":"","format":"standard","meta":{"footnotes":""},"categories":[215,213],"tags":[],"class_list":["post-20587","post","type-post","status-publish","format-standard","has-post-thumbnail","hentry","category-kosove","category-lajme"],"yoast_head":"<!-- This site is optimized with the Yoast SEO plugin v25.1 - https:\/\/yoast.com\/wordpress\/plugins\/seo\/ -->\n<title>Osmani do t\u00eb ftoj\u00eb n\u00eb takim krer\u00ebt politik\u00eb p\u00ebr \u00e7\u00ebshtjen e Kuvendit - press7.tv<\/title>\n<meta name=\"robots\" content=\"index, follow, max-snippet:-1, max-image-preview:large, max-video-preview:-1\" \/>\n<link rel=\"canonical\" href=\"https:\/\/www.press7.tv\/?p=20587\" \/>\n<meta property=\"og:locale\" content=\"en_US\" \/>\n<meta property=\"og:type\" content=\"article\" \/>\n<meta property=\"og:title\" content=\"Osmani do t\u00eb ftoj\u00eb n\u00eb takim krer\u00ebt politik\u00eb p\u00ebr \u00e7\u00ebshtjen e Kuvendit - press7.tv\" \/>\n<meta property=\"og:description\" content=\"Presidentja e Kosov\u00ebs, Vjosa Osmani, do t\u2019i ftoj\u00eb udh\u00ebheq\u00ebsit e partive politike n\u00eb takime n\u00eb dit\u00ebt n\u00eb vijim, p\u00ebr t\u00eb diskutuar p\u00ebr konstituimin e Kuvendit t\u00eb Kosov\u00ebs. \u201cPresidentja pret q\u00eb partit\u00eb e p\u00ebrfaq\u00ebsuara n\u00eb Kuvend ta zbatojn\u00eb aktgjykimin e Gjykat\u00ebs Kushtetuese dhe ta p\u00ebrfundojn\u00eb seanc\u00ebn konstituive brenda 30 dit\u00ebsh, si\u00e7 ka k\u00ebrkuar Gjykata\u201d, tha Bekim [&hellip;]\" \/>\n<meta property=\"og:url\" content=\"https:\/\/www.press7.tv\/?p=20587\" \/>\n<meta property=\"og:site_name\" content=\"press7.tv\" \/>\n<meta property=\"article:publisher\" content=\"https:\/\/www.facebook.com\/press7.tv\" \/>\n<meta property=\"article:published_time\" content=\"2025-06-30T14:09:34+00:00\" \/>\n<meta property=\"og:image\" content=\"https:\/\/www.press7.tv\/wp-content\/uploads\/2025\/06\/IMG_5911.avif\" \/>\n\t<meta property=\"og:image:width\" content=\"1024\" \/>\n\t<meta property=\"og:image:height\" content=\"576\" \/>\n\t<meta property=\"og:image:type\" content=\"image\/png\" \/>\n<meta name=\"author\" content=\"gazetar2\" \/>\n<meta name=\"twitter:card\" content=\"summary_large_image\" \/>\n<meta name=\"twitter:label1\" content=\"Written by\" \/>\n\t<meta name=\"twitter:data1\" content=\"gazetar2\" \/>\n\t<meta name=\"twitter:label2\" content=\"Est. reading time\" \/>\n\t<meta name=\"twitter:data2\" content=\"1 minute\" \/>\n<script type=\"application\/ld+json\" class=\"yoast-schema-graph\">{\"@context\":\"https:\/\/schema.org\",\"@graph\":[{\"@type\":\"Article\",\"@id\":\"https:\/\/www.press7.tv\/?p=20587#article\",\"isPartOf\":{\"@id\":\"https:\/\/www.press7.tv\/?p=20587\"},\"author\":{\"name\":\"gazetar2\",\"@id\":\"https:\/\/www.news33.tv\/#\/schema\/person\/5a04a38a23ccdba82f9bd665cd8f9efa\"},\"headline\":\"Osmani do t\u00eb ftoj\u00eb n\u00eb takim krer\u00ebt politik\u00eb p\u00ebr \u00e7\u00ebshtjen e Kuvendit\",\"datePublished\":\"2025-06-30T14:09:34+00:00\",\"mainEntityOfPage\":{\"@id\":\"https:\/\/www.press7.tv\/?p=20587\"},\"wordCount\":499,\"publisher\":{\"@id\":\"https:\/\/www.news33.tv\/#organization\"},\"image\":{\"@id\":\"https:\/\/www.press7.tv\/?p=20587#primaryimage\"},\"thumbnailUrl\":\"https:\/\/www.press7.tv\/wp-content\/uploads\/2025\/06\/IMG_5911.avif\",\"articleSection\":[\"Kosov\u00eb\",\"Lajme\"],\"inLanguage\":\"en-US\"},{\"@type\":\"WebPage\",\"@id\":\"https:\/\/www.press7.tv\/?p=20587\",\"url\":\"https:\/\/www.press7.tv\/?p=20587\",\"name\":\"Osmani do t\u00eb ftoj\u00eb n\u00eb takim krer\u00ebt politik\u00eb p\u00ebr \u00e7\u00ebshtjen e Kuvendit - press7.tv\",\"isPartOf\":{\"@id\":\"https:\/\/www.news33.tv\/#website\"},\"primaryImageOfPage\":{\"@id\":\"https:\/\/www.press7.tv\/?p=20587#primaryimage\"},\"image\":{\"@id\":\"https:\/\/www.press7.tv\/?p=20587#primaryimage\"},\"thumbnailUrl\":\"https:\/\/www.press7.tv\/wp-content\/uploads\/2025\/06\/IMG_5911.avif\",\"datePublished\":\"2025-06-30T14:09:34+00:00\",\"breadcrumb\":{\"@id\":\"https:\/\/www.press7.tv\/?p=20587#breadcrumb\"},\"inLanguage\":\"en-US\",\"potentialAction\":[{\"@type\":\"ReadAction\",\"target\":[\"https:\/\/www.press7.tv\/?p=20587\"]}]},{\"@type\":\"ImageObject\",\"inLanguage\":\"en-US\",\"@id\":\"https:\/\/www.press7.tv\/?p=20587#primaryimage\",\"url\":\"https:\/\/www.press7.tv\/wp-content\/uploads\/2025\/06\/IMG_5911.avif\",\"contentUrl\":\"https:\/\/www.press7.tv\/wp-content\/uploads\/2025\/06\/IMG_5911.avif\",\"width\":1024,\"height\":576},{\"@type\":\"BreadcrumbList\",\"@id\":\"https:\/\/www.press7.tv\/?p=20587#breadcrumb\",\"itemListElement\":[{\"@type\":\"ListItem\",\"position\":1,\"name\":\"Home\",\"item\":\"https:\/\/www.press7.tv\/\"},{\"@type\":\"ListItem\",\"position\":2,\"name\":\"Osmani do t\u00eb ftoj\u00eb n\u00eb takim krer\u00ebt politik\u00eb p\u00ebr \u00e7\u00ebshtjen e Kuvendit\"}]},{\"@type\":\"WebSite\",\"@id\":\"https:\/\/www.news33.tv\/#website\",\"url\":\"https:\/\/www.news33.tv\/\",\"name\":\"News33.tv Media\",\"description\":\"Media\",\"publisher\":{\"@id\":\"https:\/\/www.news33.tv\/#organization\"},\"potentialAction\":[{\"@type\":\"SearchAction\",\"target\":{\"@type\":\"EntryPoint\",\"urlTemplate\":\"https:\/\/www.news33.tv\/?s={search_term_string}\"},\"query-input\":{\"@type\":\"PropertyValueSpecification\",\"valueRequired\":true,\"valueName\":\"search_term_string\"}}],\"inLanguage\":\"en-US\"},{\"@type\":\"Organization\",\"@id\":\"https:\/\/www.news33.tv\/#organization\",\"name\":\"News33.tv Media\",\"url\":\"https:\/\/www.news33.tv\/\",\"logo\":{\"@type\":\"ImageObject\",\"inLanguage\":\"en-US\",\"@id\":\"https:\/\/www.news33.tv\/#\/schema\/logo\/image\/\",\"url\":\"https:\/\/www.press7.tv\/wp-content\/uploads\/2024\/02\/logo-news33-black.png\",\"contentUrl\":\"https:\/\/www.press7.tv\/wp-content\/uploads\/2024\/02\/logo-news33-black.png\",\"width\":180,\"height\":37,\"caption\":\"News33.tv Media\"},\"image\":{\"@id\":\"https:\/\/www.news33.tv\/#\/schema\/logo\/image\/\"},\"sameAs\":[\"https:\/\/www.facebook.com\/press7.tv\"]},{\"@type\":\"Person\",\"@id\":\"https:\/\/www.news33.tv\/#\/schema\/person\/5a04a38a23ccdba82f9bd665cd8f9efa\",\"name\":\"gazetar2\",\"image\":{\"@type\":\"ImageObject\",\"inLanguage\":\"en-US\",\"@id\":\"https:\/\/www.news33.tv\/#\/schema\/person\/image\/\",\"url\":\"https:\/\/www.press7.tv\/wp-content\/litespeed\/avatar\/41975e402c3049d9ddb03adca8f7a883.jpg?ver=1777774395\",\"contentUrl\":\"https:\/\/www.press7.tv\/wp-content\/litespeed\/avatar\/41975e402c3049d9ddb03adca8f7a883.jpg?ver=1777774395\",\"caption\":\"gazetar2\"},\"url\":\"https:\/\/www.press7.tv\/?author=8\"}]}<\/script>\n<!-- \/ Yoast SEO plugin. -->","yoast_head_json":{"title":"Osmani do t\u00eb ftoj\u00eb n\u00eb takim krer\u00ebt politik\u00eb p\u00ebr \u00e7\u00ebshtjen e Kuvendit - press7.tv","robots":{"index":"index","follow":"follow","max-snippet":"max-snippet:-1","max-image-preview":"max-image-preview:large","max-video-preview":"max-video-preview:-1"},"canonical":"https:\/\/www.press7.tv\/?p=20587","og_locale":"en_US","og_type":"article","og_title":"Osmani do t\u00eb ftoj\u00eb n\u00eb takim krer\u00ebt politik\u00eb p\u00ebr \u00e7\u00ebshtjen e Kuvendit - press7.tv","og_description":"Presidentja e Kosov\u00ebs, Vjosa Osmani, do t\u2019i ftoj\u00eb udh\u00ebheq\u00ebsit e partive politike n\u00eb takime n\u00eb dit\u00ebt n\u00eb vijim, p\u00ebr t\u00eb diskutuar p\u00ebr konstituimin e Kuvendit t\u00eb Kosov\u00ebs. \u201cPresidentja pret q\u00eb partit\u00eb e p\u00ebrfaq\u00ebsuara n\u00eb Kuvend ta zbatojn\u00eb aktgjykimin e Gjykat\u00ebs Kushtetuese dhe ta p\u00ebrfundojn\u00eb seanc\u00ebn konstituive brenda 30 dit\u00ebsh, si\u00e7 ka k\u00ebrkuar Gjykata\u201d, tha Bekim [&hellip;]","og_url":"https:\/\/www.press7.tv\/?p=20587","og_site_name":"press7.tv","article_publisher":"https:\/\/www.facebook.com\/press7.tv","article_published_time":"2025-06-30T14:09:34+00:00","og_image":[{"width":1024,"height":576,"url":"https:\/\/www.press7.tv\/wp-content\/uploads\/2025\/06\/IMG_5911.avif","type":"image\/png"}],"author":"gazetar2","twitter_card":"summary_large_image","twitter_misc":{"Written by":"gazetar2","Est. reading time":"1 minute"},"schema":{"@context":"https:\/\/schema.org","@graph":[{"@type":"Article","@id":"https:\/\/www.press7.tv\/?p=20587#article","isPartOf":{"@id":"https:\/\/www.press7.tv\/?p=20587"},"author":{"name":"gazetar2","@id":"https:\/\/www.news33.tv\/#\/schema\/person\/5a04a38a23ccdba82f9bd665cd8f9efa"},"headline":"Osmani do t\u00eb ftoj\u00eb n\u00eb takim krer\u00ebt politik\u00eb p\u00ebr \u00e7\u00ebshtjen e Kuvendit","datePublished":"2025-06-30T14:09:34+00:00","mainEntityOfPage":{"@id":"https:\/\/www.press7.tv\/?p=20587"},"wordCount":499,"publisher":{"@id":"https:\/\/www.news33.tv\/#organization"},"image":{"@id":"https:\/\/www.press7.tv\/?p=20587#primaryimage"},"thumbnailUrl":"https:\/\/www.press7.tv\/wp-content\/uploads\/2025\/06\/IMG_5911.avif","articleSection":["Kosov\u00eb","Lajme"],"inLanguage":"en-US"},{"@type":"WebPage","@id":"https:\/\/www.press7.tv\/?p=20587","url":"https:\/\/www.press7.tv\/?p=20587","name":"Osmani do t\u00eb ftoj\u00eb n\u00eb takim krer\u00ebt politik\u00eb p\u00ebr \u00e7\u00ebshtjen e Kuvendit - press7.tv","isPartOf":{"@id":"https:\/\/www.news33.tv\/#website"},"primaryImageOfPage":{"@id":"https:\/\/www.press7.tv\/?p=20587#primaryimage"},"image":{"@id":"https:\/\/www.press7.tv\/?p=20587#primaryimage"},"thumbnailUrl":"https:\/\/www.press7.tv\/wp-content\/uploads\/2025\/06\/IMG_5911.avif","datePublished":"2025-06-30T14:09:34+00:00","breadcrumb":{"@id":"https:\/\/www.press7.tv\/?p=20587#breadcrumb"},"inLanguage":"en-US","potentialAction":[{"@type":"ReadAction","target":["https:\/\/www.press7.tv\/?p=20587"]}]},{"@type":"ImageObject","inLanguage":"en-US","@id":"https:\/\/www.press7.tv\/?p=20587#primaryimage","url":"https:\/\/www.press7.tv\/wp-content\/uploads\/2025\/06\/IMG_5911.avif","contentUrl":"https:\/\/www.press7.tv\/wp-content\/uploads\/2025\/06\/IMG_5911.avif","width":1024,"height":576},{"@type":"BreadcrumbList","@id":"https:\/\/www.press7.tv\/?p=20587#breadcrumb","itemListElement":[{"@type":"ListItem","position":1,"name":"Home","item":"https:\/\/www.press7.tv\/"},{"@type":"ListItem","position":2,"name":"Osmani do t\u00eb ftoj\u00eb n\u00eb takim krer\u00ebt politik\u00eb p\u00ebr \u00e7\u00ebshtjen e Kuvendit"}]},{"@type":"WebSite","@id":"https:\/\/www.news33.tv\/#website","url":"https:\/\/www.news33.tv\/","name":"News33.tv Media","description":"Media","publisher":{"@id":"https:\/\/www.news33.tv\/#organization"},"potentialAction":[{"@type":"SearchAction","target":{"@type":"EntryPoint","urlTemplate":"https:\/\/www.news33.tv\/?s={search_term_string}"},"query-input":{"@type":"PropertyValueSpecification","valueRequired":true,"valueName":"search_term_string"}}],"inLanguage":"en-US"},{"@type":"Organization","@id":"https:\/\/www.news33.tv\/#organization","name":"News33.tv Media","url":"https:\/\/www.news33.tv\/","logo":{"@type":"ImageObject","inLanguage":"en-US","@id":"https:\/\/www.news33.tv\/#\/schema\/logo\/image\/","url":"https:\/\/www.press7.tv\/wp-content\/uploads\/2024\/02\/logo-news33-black.png","contentUrl":"https:\/\/www.press7.tv\/wp-content\/uploads\/2024\/02\/logo-news33-black.png","width":180,"height":37,"caption":"News33.tv Media"},"image":{"@id":"https:\/\/www.news33.tv\/#\/schema\/logo\/image\/"},"sameAs":["https:\/\/www.facebook.com\/press7.tv"]},{"@type":"Person","@id":"https:\/\/www.news33.tv\/#\/schema\/person\/5a04a38a23ccdba82f9bd665cd8f9efa","name":"gazetar2","image":{"@type":"ImageObject","inLanguage":"en-US","@id":"https:\/\/www.news33.tv\/#\/schema\/person\/image\/","url":"https:\/\/www.press7.tv\/wp-content\/litespeed\/avatar\/41975e402c3049d9ddb03adca8f7a883.jpg?ver=1777774395","contentUrl":"https:\/\/www.press7.tv\/wp-content\/litespeed\/avatar\/41975e402c3049d9ddb03adca8f7a883.jpg?ver=1777774395","caption":"gazetar2"},"url":"https:\/\/www.press7.tv\/?author=8"}]}},"amp_enabled":true,"_links":{"self":[{"href":"https:\/\/www.press7.tv\/index.php?rest_route=\/wp\/v2\/posts\/20587","targetHints":{"allow":["GET"]}}],"collection":[{"href":"https:\/\/www.press7.tv\/index.php?rest_route=\/wp\/v2\/posts"}],"about":[{"href":"https:\/\/www.press7.tv\/index.php?rest_route=\/wp\/v2\/types\/post"}],"author":[{"embeddable":true,"href":"https:\/\/www.press7.tv\/index.php?rest_route=\/wp\/v2\/users\/8"}],"replies":[{"embeddable":true,"href":"https:\/\/www.press7.tv\/index.php?rest_route=%2Fwp%2Fv2%2Fcomments&post=20587"}],"version-history":[{"count":1,"href":"https:\/\/www.press7.tv\/index.php?rest_route=\/wp\/v2\/posts\/20587\/revisions"}],"predecessor-version":[{"id":20589,"href":"https:\/\/www.press7.tv\/index.php?rest_route=\/wp\/v2\/posts\/20587\/revisions\/20589"}],"wp:featuredmedia":[{"embeddable":true,"href":"https:\/\/www.press7.tv\/index.php?rest_route=\/wp\/v2\/media\/20588"}],"wp:attachment":[{"href":"https:\/\/www.press7.tv\/index.php?rest_route=%2Fwp%2Fv2%2Fmedia&parent=20587"}],"wp:term":[{"taxonomy":"category","embeddable":true,"href":"https:\/\/www.press7.tv\/index.php?rest_route=%2Fwp%2Fv2%2Fcategories&post=20587"},{"taxonomy":"post_tag","embeddable":true,"href":"https:\/\/www.press7.tv\/index.php?rest_route=%2Fwp%2Fv2%2Ftags&post=20587"}],"curies":[{"name":"wp","href":"https:\/\/api.w.org\/{rel}","templated":true}]}}