{"id":20568,"date":"2025-06-29T12:09:50","date_gmt":"2025-06-29T12:09:50","guid":{"rendered":"https:\/\/www.press7.tv\/?p=20568"},"modified":"2025-06-29T12:09:50","modified_gmt":"2025-06-29T12:09:50","slug":"percarje-ne-pdk-ideja-per-koalicion-me-lvv-ne-ndez-debatet-e-brendshme-analisti-zberthen-prapaskenat","status":"publish","type":"post","link":"https:\/\/www.press7.tv\/?p=20568","title":{"rendered":"P\u00ebr\u00e7arje n\u00eb PDK: Ideja p\u00ebr koalicion me LVV-n\u00eb ndez debatet e brendshme \u2013 analisti zb\u00ebrthen prapaskenat"},"content":{"rendered":"\n    <div class=\"xs_social_share_widget xs_share_url before_content \t\tmain_content  wslu-style-2 wslu-share-box-shaped wslu-fill-colored wslu-share-m-5 wslu-none wslu-share-vertical wslu-theme-font-no wslu-main_content\">\n\n\t\t\n        <ul>\n\t\t\t        <\/ul>\n    <\/div> \n<p>Brenda Partis\u00eb Demokratike t\u00eb Kosov\u00ebs, duket se kan\u00eb filluar ndas\u00ebit n\u00eb kua\u00ebr t\u00eb kryesis\u00eb s\u00eb saj.<\/p>\n<p>Kjo u v\u00eb n\u00eb pah, s\u00eb fundi, p\u00ebrmes dy deklaratave shum\u00eb t\u00eb ndryshme t\u00eb Memli Krasniqit dhe Enver Hoxhajt, n\u00eb lidhje me nj\u00eb koalicion t\u00eb mundsh\u00ebm, me LVV-n\u00eb.<\/p>\n<p>Hoxhaj mb\u00ebshteti nj\u00eb t\u00eb till\u00eb, por jo edhe Krasniqi.<\/p>\n<p>closevolume_off<br \/>\nE n\u00eb lidhje me k\u00ebt\u00eb tem\u00eb n\u00eb nj\u00eb prononcim p\u00ebr \u201cBota sot\u201d foli analisti politik, Gani Qarri.<\/p>\n<p>Si fillim, ai i vler\u00ebsoi mjaft interesante deklaratat e Hoxhajt dhe Krasniqit, t\u00eb cilat n\u00eb p\u00ebrmbajtje dhan\u00eb mesazhe shume t\u00eb ndryshme.<\/p>\n<p>Sipas tij, k\u00ebto kan\u00eb paraqitur befasi te an\u00ebtar\u00ebsia dhe k\u00ebshtu po shfaqen qesharak te qytetar\u00ebt.<\/p>\n<p>\u201cN\u00eb fakt deklaratat e dy udh\u00ebheq\u00ebsve t\u00eb lart t\u00eb PDK-s\u00eb, p\u00ebrve\u00e7se ishin t\u00eb ndryshme dhe diametralisht t\u00eb kund\u00ebrta, \u00ebsht\u00eb mjaft interesant se q\u00eb t\u00eb dy ishin t\u00eb ftuar n\u00eb dy studio t\u00eb ndryshme dhe n\u00eb t\u00eb njejt\u00ebn koh\u00eb, jepnin mesazhe krejt tjet\u00ebrfare t\u00eb cilat nuk p\u00ebrputheshin n\u00eb porosi as p\u00ebrmbajtje, sikur Enver Hoxhaj pretendent p\u00ebr kryetar t\u00eb ardhsh\u00ebm dhe Memli Krasniqi kryetar actual i PDK-s\u00eb tu takonin dy partive kund\u00ebrshtare, q\u00eb as nuk e njohin strategjin\u00eb partiake t\u00eb nj\u00ebra tjetr\u00ebs.<\/p>\n<p>Dhe derisa Enver Hoxhaj n\u00eb nj\u00eb studio, deklaronte se n\u00eb zgjedhjet e ardhshme planifikon t\u00eb kandidoj\u00eb p\u00ebr kryetar t\u00eb parties dhe se do t\u00eb votonte p\u00ebr koalicionin PDK-LVV, n\u00eb nj\u00eb studio tjet\u00ebr, por n\u00eb koh\u00eb t\u00eb nj\u00ebjt\u00eb, Memli Krasniqi kryetari I posazgjedhur i PDK-s\u00eb deklaronte t\u00ebr\u00ebsisht t\u00eb kund\u00ebrten,e asaj q\u00eb thoshte Enver Hoxhaj, duke futur huti t\u00eb thell\u00eb te antar\u00ebsia e PDK-s\u00eb, por edhe duke u paraqitur qesharak para qytetar\u00ebve t\u00eb Kosov\u00ebs\u201d, n\u00ebnvizoi ai.<\/p>\n<p>Po ashtu, Qarri p\u00ebrmendi p\u00ebr\u00e7arje brenda PDK-s\u00eb, derisa krahasoo intervistat e Krasniqit e Hoxhajt, ku kjo e k\u00ebtij t\u00eb fundit ishte m\u00eb e cenzuruar dhe nuk kishte promovim publik.<\/p>\n","protected":false},"excerpt":{"rendered":"<p>Brenda Partis\u00eb Demokratike t\u00eb Kosov\u00ebs, duket se kan\u00eb filluar ndas\u00ebit n\u00eb kua\u00ebr t\u00eb kryesis\u00eb s\u00eb saj. Kjo u v\u00eb n\u00eb pah, s\u00eb fundi, p\u00ebrmes dy deklaratave shum\u00eb t\u00eb ndryshme t\u00eb Memli Krasniqit dhe Enver Hoxhajt, n\u00eb lidhje me nj\u00eb koalicion t\u00eb mundsh\u00ebm, me LVV-n\u00eb. Hoxhaj mb\u00ebshteti nj\u00eb t\u00eb till\u00eb, por jo edhe Krasniqi. closevolume_off E [&hellip;]<\/p>\n","protected":false},"author":8,"featured_media":20569,"comment_status":"closed","ping_status":"closed","sticky":false,"template":"","format":"standard","meta":{"footnotes":""},"categories":[215,213],"tags":[],"class_list":["post-20568","post","type-post","status-publish","format-standard","has-post-thumbnail","hentry","category-kosove","category-lajme"],"yoast_head":"<!-- This site is optimized with the Yoast SEO plugin v25.1 - https:\/\/yoast.com\/wordpress\/plugins\/seo\/ -->\n<title>P\u00ebr\u00e7arje n\u00eb PDK: Ideja p\u00ebr koalicion me LVV-n\u00eb ndez debatet e brendshme \u2013 analisti zb\u00ebrthen prapaskenat - press7.tv<\/title>\n<meta name=\"robots\" content=\"index, follow, max-snippet:-1, max-image-preview:large, max-video-preview:-1\" \/>\n<link rel=\"canonical\" href=\"https:\/\/www.press7.tv\/?p=20568\" \/>\n<meta property=\"og:locale\" content=\"en_US\" \/>\n<meta property=\"og:type\" content=\"article\" \/>\n<meta property=\"og:title\" content=\"P\u00ebr\u00e7arje n\u00eb PDK: Ideja p\u00ebr koalicion me LVV-n\u00eb ndez debatet e brendshme \u2013 analisti zb\u00ebrthen prapaskenat - press7.tv\" \/>\n<meta property=\"og:description\" content=\"Brenda Partis\u00eb Demokratike t\u00eb Kosov\u00ebs, duket se kan\u00eb filluar ndas\u00ebit n\u00eb kua\u00ebr t\u00eb kryesis\u00eb s\u00eb saj. Kjo u v\u00eb n\u00eb pah, s\u00eb fundi, p\u00ebrmes dy deklaratave shum\u00eb t\u00eb ndryshme t\u00eb Memli Krasniqit dhe Enver Hoxhajt, n\u00eb lidhje me nj\u00eb koalicion t\u00eb mundsh\u00ebm, me LVV-n\u00eb. Hoxhaj mb\u00ebshteti nj\u00eb t\u00eb till\u00eb, por jo edhe Krasniqi. closevolume_off E [&hellip;]\" \/>\n<meta property=\"og:url\" content=\"https:\/\/www.press7.tv\/?p=20568\" \/>\n<meta property=\"og:site_name\" content=\"press7.tv\" \/>\n<meta property=\"article:publisher\" content=\"https:\/\/www.facebook.com\/press7.tv\" \/>\n<meta property=\"article:published_time\" content=\"2025-06-29T12:09:50+00:00\" \/>\n<meta property=\"og:image\" content=\"https:\/\/www.press7.tv\/wp-content\/uploads\/2025\/06\/IMG_5893.avif\" \/>\n\t<meta property=\"og:image:width\" content=\"800\" \/>\n\t<meta property=\"og:image:height\" content=\"445\" \/>\n\t<meta property=\"og:image:type\" content=\"image\/jpeg\" \/>\n<meta name=\"author\" content=\"gazetar2\" \/>\n<meta name=\"twitter:card\" content=\"summary_large_image\" \/>\n<meta name=\"twitter:label1\" content=\"Written by\" \/>\n\t<meta name=\"twitter:data1\" content=\"gazetar2\" \/>\n\t<meta name=\"twitter:label2\" content=\"Est. reading time\" \/>\n\t<meta name=\"twitter:data2\" content=\"1 minute\" \/>\n<script type=\"application\/ld+json\" class=\"yoast-schema-graph\">{\"@context\":\"https:\/\/schema.org\",\"@graph\":[{\"@type\":\"Article\",\"@id\":\"https:\/\/www.press7.tv\/?p=20568#article\",\"isPartOf\":{\"@id\":\"https:\/\/www.press7.tv\/?p=20568\"},\"author\":{\"name\":\"gazetar2\",\"@id\":\"https:\/\/www.news33.tv\/#\/schema\/person\/5a04a38a23ccdba82f9bd665cd8f9efa\"},\"headline\":\"P\u00ebr\u00e7arje n\u00eb PDK: Ideja p\u00ebr koalicion me LVV-n\u00eb ndez debatet e brendshme \u2013 analisti zb\u00ebrthen prapaskenat\",\"datePublished\":\"2025-06-29T12:09:50+00:00\",\"mainEntityOfPage\":{\"@id\":\"https:\/\/www.press7.tv\/?p=20568\"},\"wordCount\":355,\"publisher\":{\"@id\":\"https:\/\/www.news33.tv\/#organization\"},\"image\":{\"@id\":\"https:\/\/www.press7.tv\/?p=20568#primaryimage\"},\"thumbnailUrl\":\"https:\/\/www.press7.tv\/wp-content\/uploads\/2025\/06\/IMG_5893.avif\",\"articleSection\":[\"Kosov\u00eb\",\"Lajme\"],\"inLanguage\":\"en-US\"},{\"@type\":\"WebPage\",\"@id\":\"https:\/\/www.press7.tv\/?p=20568\",\"url\":\"https:\/\/www.press7.tv\/?p=20568\",\"name\":\"P\u00ebr\u00e7arje n\u00eb PDK: Ideja p\u00ebr koalicion me LVV-n\u00eb ndez debatet e brendshme \u2013 analisti zb\u00ebrthen prapaskenat - press7.tv\",\"isPartOf\":{\"@id\":\"https:\/\/www.news33.tv\/#website\"},\"primaryImageOfPage\":{\"@id\":\"https:\/\/www.press7.tv\/?p=20568#primaryimage\"},\"image\":{\"@id\":\"https:\/\/www.press7.tv\/?p=20568#primaryimage\"},\"thumbnailUrl\":\"https:\/\/www.press7.tv\/wp-content\/uploads\/2025\/06\/IMG_5893.avif\",\"datePublished\":\"2025-06-29T12:09:50+00:00\",\"breadcrumb\":{\"@id\":\"https:\/\/www.press7.tv\/?p=20568#breadcrumb\"},\"inLanguage\":\"en-US\",\"potentialAction\":[{\"@type\":\"ReadAction\",\"target\":[\"https:\/\/www.press7.tv\/?p=20568\"]}]},{\"@type\":\"ImageObject\",\"inLanguage\":\"en-US\",\"@id\":\"https:\/\/www.press7.tv\/?p=20568#primaryimage\",\"url\":\"https:\/\/www.press7.tv\/wp-content\/uploads\/2025\/06\/IMG_5893.avif\",\"contentUrl\":\"https:\/\/www.press7.tv\/wp-content\/uploads\/2025\/06\/IMG_5893.avif\",\"width\":800,\"height\":445},{\"@type\":\"BreadcrumbList\",\"@id\":\"https:\/\/www.press7.tv\/?p=20568#breadcrumb\",\"itemListElement\":[{\"@type\":\"ListItem\",\"position\":1,\"name\":\"Home\",\"item\":\"https:\/\/www.press7.tv\/\"},{\"@type\":\"ListItem\",\"position\":2,\"name\":\"P\u00ebr\u00e7arje n\u00eb PDK: Ideja p\u00ebr koalicion me LVV-n\u00eb ndez debatet e brendshme \u2013 analisti zb\u00ebrthen prapaskenat\"}]},{\"@type\":\"WebSite\",\"@id\":\"https:\/\/www.news33.tv\/#website\",\"url\":\"https:\/\/www.news33.tv\/\",\"name\":\"News33.tv Media\",\"description\":\"Media\",\"publisher\":{\"@id\":\"https:\/\/www.news33.tv\/#organization\"},\"potentialAction\":[{\"@type\":\"SearchAction\",\"target\":{\"@type\":\"EntryPoint\",\"urlTemplate\":\"https:\/\/www.news33.tv\/?s={search_term_string}\"},\"query-input\":{\"@type\":\"PropertyValueSpecification\",\"valueRequired\":true,\"valueName\":\"search_term_string\"}}],\"inLanguage\":\"en-US\"},{\"@type\":\"Organization\",\"@id\":\"https:\/\/www.news33.tv\/#organization\",\"name\":\"News33.tv Media\",\"url\":\"https:\/\/www.news33.tv\/\",\"logo\":{\"@type\":\"ImageObject\",\"inLanguage\":\"en-US\",\"@id\":\"https:\/\/www.news33.tv\/#\/schema\/logo\/image\/\",\"url\":\"https:\/\/www.press7.tv\/wp-content\/uploads\/2024\/02\/logo-news33-black.png\",\"contentUrl\":\"https:\/\/www.press7.tv\/wp-content\/uploads\/2024\/02\/logo-news33-black.png\",\"width\":180,\"height\":37,\"caption\":\"News33.tv Media\"},\"image\":{\"@id\":\"https:\/\/www.news33.tv\/#\/schema\/logo\/image\/\"},\"sameAs\":[\"https:\/\/www.facebook.com\/press7.tv\"]},{\"@type\":\"Person\",\"@id\":\"https:\/\/www.news33.tv\/#\/schema\/person\/5a04a38a23ccdba82f9bd665cd8f9efa\",\"name\":\"gazetar2\",\"image\":{\"@type\":\"ImageObject\",\"inLanguage\":\"en-US\",\"@id\":\"https:\/\/www.news33.tv\/#\/schema\/person\/image\/\",\"url\":\"https:\/\/www.press7.tv\/wp-content\/litespeed\/avatar\/41975e402c3049d9ddb03adca8f7a883.jpg?ver=1777169572\",\"contentUrl\":\"https:\/\/www.press7.tv\/wp-content\/litespeed\/avatar\/41975e402c3049d9ddb03adca8f7a883.jpg?ver=1777169572\",\"caption\":\"gazetar2\"},\"url\":\"https:\/\/www.press7.tv\/?author=8\"}]}<\/script>\n<!-- \/ Yoast SEO plugin. -->","yoast_head_json":{"title":"P\u00ebr\u00e7arje n\u00eb PDK: Ideja p\u00ebr koalicion me LVV-n\u00eb ndez debatet e brendshme \u2013 analisti zb\u00ebrthen prapaskenat - press7.tv","robots":{"index":"index","follow":"follow","max-snippet":"max-snippet:-1","max-image-preview":"max-image-preview:large","max-video-preview":"max-video-preview:-1"},"canonical":"https:\/\/www.press7.tv\/?p=20568","og_locale":"en_US","og_type":"article","og_title":"P\u00ebr\u00e7arje n\u00eb PDK: Ideja p\u00ebr koalicion me LVV-n\u00eb ndez debatet e brendshme \u2013 analisti zb\u00ebrthen prapaskenat - press7.tv","og_description":"Brenda Partis\u00eb Demokratike t\u00eb Kosov\u00ebs, duket se kan\u00eb filluar ndas\u00ebit n\u00eb kua\u00ebr t\u00eb kryesis\u00eb s\u00eb saj. Kjo u v\u00eb n\u00eb pah, s\u00eb fundi, p\u00ebrmes dy deklaratave shum\u00eb t\u00eb ndryshme t\u00eb Memli Krasniqit dhe Enver Hoxhajt, n\u00eb lidhje me nj\u00eb koalicion t\u00eb mundsh\u00ebm, me LVV-n\u00eb. Hoxhaj mb\u00ebshteti nj\u00eb t\u00eb till\u00eb, por jo edhe Krasniqi. closevolume_off E [&hellip;]","og_url":"https:\/\/www.press7.tv\/?p=20568","og_site_name":"press7.tv","article_publisher":"https:\/\/www.facebook.com\/press7.tv","article_published_time":"2025-06-29T12:09:50+00:00","og_image":[{"width":800,"height":445,"url":"https:\/\/www.press7.tv\/wp-content\/uploads\/2025\/06\/IMG_5893.avif","type":"image\/jpeg"}],"author":"gazetar2","twitter_card":"summary_large_image","twitter_misc":{"Written by":"gazetar2","Est. reading time":"1 minute"},"schema":{"@context":"https:\/\/schema.org","@graph":[{"@type":"Article","@id":"https:\/\/www.press7.tv\/?p=20568#article","isPartOf":{"@id":"https:\/\/www.press7.tv\/?p=20568"},"author":{"name":"gazetar2","@id":"https:\/\/www.news33.tv\/#\/schema\/person\/5a04a38a23ccdba82f9bd665cd8f9efa"},"headline":"P\u00ebr\u00e7arje n\u00eb PDK: Ideja p\u00ebr koalicion me LVV-n\u00eb ndez debatet e brendshme \u2013 analisti zb\u00ebrthen prapaskenat","datePublished":"2025-06-29T12:09:50+00:00","mainEntityOfPage":{"@id":"https:\/\/www.press7.tv\/?p=20568"},"wordCount":355,"publisher":{"@id":"https:\/\/www.news33.tv\/#organization"},"image":{"@id":"https:\/\/www.press7.tv\/?p=20568#primaryimage"},"thumbnailUrl":"https:\/\/www.press7.tv\/wp-content\/uploads\/2025\/06\/IMG_5893.avif","articleSection":["Kosov\u00eb","Lajme"],"inLanguage":"en-US"},{"@type":"WebPage","@id":"https:\/\/www.press7.tv\/?p=20568","url":"https:\/\/www.press7.tv\/?p=20568","name":"P\u00ebr\u00e7arje n\u00eb PDK: Ideja p\u00ebr koalicion me LVV-n\u00eb ndez debatet e brendshme \u2013 analisti zb\u00ebrthen prapaskenat - press7.tv","isPartOf":{"@id":"https:\/\/www.news33.tv\/#website"},"primaryImageOfPage":{"@id":"https:\/\/www.press7.tv\/?p=20568#primaryimage"},"image":{"@id":"https:\/\/www.press7.tv\/?p=20568#primaryimage"},"thumbnailUrl":"https:\/\/www.press7.tv\/wp-content\/uploads\/2025\/06\/IMG_5893.avif","datePublished":"2025-06-29T12:09:50+00:00","breadcrumb":{"@id":"https:\/\/www.press7.tv\/?p=20568#breadcrumb"},"inLanguage":"en-US","potentialAction":[{"@type":"ReadAction","target":["https:\/\/www.press7.tv\/?p=20568"]}]},{"@type":"ImageObject","inLanguage":"en-US","@id":"https:\/\/www.press7.tv\/?p=20568#primaryimage","url":"https:\/\/www.press7.tv\/wp-content\/uploads\/2025\/06\/IMG_5893.avif","contentUrl":"https:\/\/www.press7.tv\/wp-content\/uploads\/2025\/06\/IMG_5893.avif","width":800,"height":445},{"@type":"BreadcrumbList","@id":"https:\/\/www.press7.tv\/?p=20568#breadcrumb","itemListElement":[{"@type":"ListItem","position":1,"name":"Home","item":"https:\/\/www.press7.tv\/"},{"@type":"ListItem","position":2,"name":"P\u00ebr\u00e7arje n\u00eb PDK: Ideja p\u00ebr koalicion me LVV-n\u00eb ndez debatet e brendshme \u2013 analisti zb\u00ebrthen prapaskenat"}]},{"@type":"WebSite","@id":"https:\/\/www.news33.tv\/#website","url":"https:\/\/www.news33.tv\/","name":"News33.tv Media","description":"Media","publisher":{"@id":"https:\/\/www.news33.tv\/#organization"},"potentialAction":[{"@type":"SearchAction","target":{"@type":"EntryPoint","urlTemplate":"https:\/\/www.news33.tv\/?s={search_term_string}"},"query-input":{"@type":"PropertyValueSpecification","valueRequired":true,"valueName":"search_term_string"}}],"inLanguage":"en-US"},{"@type":"Organization","@id":"https:\/\/www.news33.tv\/#organization","name":"News33.tv Media","url":"https:\/\/www.news33.tv\/","logo":{"@type":"ImageObject","inLanguage":"en-US","@id":"https:\/\/www.news33.tv\/#\/schema\/logo\/image\/","url":"https:\/\/www.press7.tv\/wp-content\/uploads\/2024\/02\/logo-news33-black.png","contentUrl":"https:\/\/www.press7.tv\/wp-content\/uploads\/2024\/02\/logo-news33-black.png","width":180,"height":37,"caption":"News33.tv Media"},"image":{"@id":"https:\/\/www.news33.tv\/#\/schema\/logo\/image\/"},"sameAs":["https:\/\/www.facebook.com\/press7.tv"]},{"@type":"Person","@id":"https:\/\/www.news33.tv\/#\/schema\/person\/5a04a38a23ccdba82f9bd665cd8f9efa","name":"gazetar2","image":{"@type":"ImageObject","inLanguage":"en-US","@id":"https:\/\/www.news33.tv\/#\/schema\/person\/image\/","url":"https:\/\/www.press7.tv\/wp-content\/litespeed\/avatar\/41975e402c3049d9ddb03adca8f7a883.jpg?ver=1777169572","contentUrl":"https:\/\/www.press7.tv\/wp-content\/litespeed\/avatar\/41975e402c3049d9ddb03adca8f7a883.jpg?ver=1777169572","caption":"gazetar2"},"url":"https:\/\/www.press7.tv\/?author=8"}]}},"amp_enabled":true,"_links":{"self":[{"href":"https:\/\/www.press7.tv\/index.php?rest_route=\/wp\/v2\/posts\/20568","targetHints":{"allow":["GET"]}}],"collection":[{"href":"https:\/\/www.press7.tv\/index.php?rest_route=\/wp\/v2\/posts"}],"about":[{"href":"https:\/\/www.press7.tv\/index.php?rest_route=\/wp\/v2\/types\/post"}],"author":[{"embeddable":true,"href":"https:\/\/www.press7.tv\/index.php?rest_route=\/wp\/v2\/users\/8"}],"replies":[{"embeddable":true,"href":"https:\/\/www.press7.tv\/index.php?rest_route=%2Fwp%2Fv2%2Fcomments&post=20568"}],"version-history":[{"count":1,"href":"https:\/\/www.press7.tv\/index.php?rest_route=\/wp\/v2\/posts\/20568\/revisions"}],"predecessor-version":[{"id":20570,"href":"https:\/\/www.press7.tv\/index.php?rest_route=\/wp\/v2\/posts\/20568\/revisions\/20570"}],"wp:featuredmedia":[{"embeddable":true,"href":"https:\/\/www.press7.tv\/index.php?rest_route=\/wp\/v2\/media\/20569"}],"wp:attachment":[{"href":"https:\/\/www.press7.tv\/index.php?rest_route=%2Fwp%2Fv2%2Fmedia&parent=20568"}],"wp:term":[{"taxonomy":"category","embeddable":true,"href":"https:\/\/www.press7.tv\/index.php?rest_route=%2Fwp%2Fv2%2Fcategories&post=20568"},{"taxonomy":"post_tag","embeddable":true,"href":"https:\/\/www.press7.tv\/index.php?rest_route=%2Fwp%2Fv2%2Ftags&post=20568"}],"curies":[{"name":"wp","href":"https:\/\/api.w.org\/{rel}","templated":true}]}}